{"id":625,"date":"2024-07-02T11:57:53","date_gmt":"2024-07-02T09:57:53","guid":{"rendered":"http:\/\/ludzieikrajobrazy.muzeumleszno.pl\/?p=625"},"modified":"2024-09-26T08:35:53","modified_gmt":"2024-09-26T06:35:53","slug":"pawlowice-palac-mielzynskich-okolo-1965-roku-fot-jozef-skoracki","status":"publish","type":"post","link":"http:\/\/ludzieikrajobrazy.muzeumleszno.pl\/?p=625","title":{"rendered":"Paw\u0142owice. Pa\u0142ac Miel\u017cy\u0144skich, oko\u0142o 1965 roku, fot. J\u00f3zef Skoracki"},"content":{"rendered":"\n<p>Zwi\u0105zki rodziny Miel\u017cy\u0144skich herbu Nowina z Paw\u0142owicami datuj\u0105 si\u0119 od 1693 roku. Rozleg\u0142e dobra stale powi\u0119kszano scalaj\u0105c wie\u015b i dokupuj\u0105c s\u0105siednie maj\u0105tki, m.in. K\u0105kolewo, R\u0105bi\u0144, \u0141aszczyn, Robczysko, \u017bytowiecko i \u0141\u0119k\u0119 Wielk\u0105. Kolejne pokolenia w\u0142a\u015bcicieli dba\u0142y o unowocze\u015bnianie produkcji, wprowadzaj\u0105c nowe technologie i podejmuj\u0105c trud industrializacji wsi. W 1928 roku maj\u0105tki paw\u0142owickie by\u0142y najbardziej uprzemys\u0142owionym gospodarstwem w Wielkopolsce. Dzia\u0142a\u0142a tam krochmalnia, mleczarnia, cegielnia, m\u0142yn, tartak i silosy do magazynowania zbo\u017ca.&nbsp;<\/p>\n\n\n\n<p>Barokowa siedziba Miel\u017cy\u0144skich, jej rozmach i forma architektoniczna, w pe\u0142ni oddaje pozycj\u0119 i ambicje rodu. Obecny, murowany pa\u0142ac z dwoma alkierzami zosta\u0142 zbudowany oko\u0142o 1760 roku. Na polecenie Maksymiliana Miel\u017cy\u0144skiego (1738\u20131799), pisarza wielkiego koronnego, rozbudowano go w latach 1779-1783. Autorem projektu zosta\u0142 jeden z najwybitniejszych niemieckich budowniczych Karl Gotthard Langhans (1732\u20131808). Zesp\u00f3\u0142 rezydencjonalny otrzyma\u0142 parterowe galerie i dwie pi\u0119trowe oficyny tworz\u0105ce dziedziniec paradny.&nbsp;<\/p>\n\n\n\n<figure data-wp-context=\"{&quot;imageId&quot;:&quot;69f1cde14e575&quot;}\" data-wp-interactive=\"core\/image\" data-wp-key=\"69f1cde14e575\" class=\"wp-block-image size-full wp-lightbox-container\"><img fetchpriority=\"high\" decoding=\"async\" width=\"2560\" height=\"1520\" data-wp-class--hide=\"state.isContentHidden\" data-wp-class--show=\"state.isContentVisible\" data-wp-init=\"callbacks.setButtonStyles\" data-wp-on--click=\"actions.showLightbox\" data-wp-on--load=\"callbacks.setButtonStyles\" data-wp-on-window--resize=\"callbacks.setButtonStyles\" src=\"http:\/\/ludzieikrajobrazy.muzeumleszno.pl\/wp-content\/uploads\/2024\/07\/122_MLFa-242-scaled.jpg\" alt=\"Paw\u0142owice. Pa\u0142ac Miel\u017cy\u0144skich, oko\u0142o 1965 roku, fot. J\u00f3zef Skoracki\" class=\"wp-image-626\" srcset=\"http:\/\/ludzieikrajobrazy.muzeumleszno.pl\/wp-content\/uploads\/2024\/07\/122_MLFa-242-scaled.jpg 2560w, http:\/\/ludzieikrajobrazy.muzeumleszno.pl\/wp-content\/uploads\/2024\/07\/122_MLFa-242-1536x912.jpg 1536w, http:\/\/ludzieikrajobrazy.muzeumleszno.pl\/wp-content\/uploads\/2024\/07\/122_MLFa-242-2048x1216.jpg 2048w, http:\/\/ludzieikrajobrazy.muzeumleszno.pl\/wp-content\/uploads\/2024\/07\/122_MLFa-242-200x119.jpg 200w, http:\/\/ludzieikrajobrazy.muzeumleszno.pl\/wp-content\/uploads\/2024\/07\/122_MLFa-242-973x578.jpg 973w, http:\/\/ludzieikrajobrazy.muzeumleszno.pl\/wp-content\/uploads\/2024\/07\/122_MLFa-242-508x302.jpg 508w\" sizes=\"(max-width: 2560px) 100vw, 2560px\" \/><button\n\t\t\tclass=\"lightbox-trigger\"\n\t\t\ttype=\"button\"\n\t\t\taria-haspopup=\"dialog\"\n\t\t\taria-label=\"Powi\u0119ksz\"\n\t\t\tdata-wp-init=\"callbacks.initTriggerButton\"\n\t\t\tdata-wp-on--click=\"actions.showLightbox\"\n\t\t\tdata-wp-style--right=\"state.imageButtonRight\"\n\t\t\tdata-wp-style--top=\"state.imageButtonTop\"\n\t\t>\n\t\t\t<svg xmlns=\"http:\/\/www.w3.org\/2000\/svg\" width=\"12\" height=\"12\" fill=\"none\" viewBox=\"0 0 12 12\">\n\t\t\t\t<path fill=\"#fff\" d=\"M2 0a2 2 0 0 0-2 2v2h1.5V2a.5.5 0 0 1 .5-.5h2V0H2Zm2 10.5H2a.5.5 0 0 1-.5-.5V8H0v2a2 2 0 0 0 2 2h2v-1.5ZM8 12v-1.5h2a.5.5 0 0 0 .5-.5V8H12v2a2 2 0 0 1-2 2H8Zm2-12a2 2 0 0 1 2 2v2h-1.5V2a.5.5 0 0 0-.5-.5H8V0h2Z\" \/>\n\t\t\t<\/svg>\n\t\t<\/button><figcaption class=\"wp-element-caption\">Paw\u0142owice. Pa\u0142ac Miel\u017cy\u0144skich, oko\u0142o 1965 roku, fot. J\u00f3zef Skoracki, wys. 12,5 cm x szer. 17,5 cm; odbitka srebrowo-\u017celatynowa, papier fotograficzny, 1950 rok, Muzeum Okr\u0119gowe w Lesznie; MLFa242<\/figcaption><\/figure>\n\n\n\n<p class=\"has-small-font-size\">nr inw. MLFa 242<br>W zbiorach Muzeum Okr\u0119gowego w Lesznie od 2 po\u0142. lat 60. XX wieku, dar<\/p>\n\n\n\n<p>D.Cz.<\/p>\n\n\n\n<figure class=\"wp-block-embed is-type-video is-provider-youtube wp-block-embed-youtube wp-embed-aspect-16-9 wp-has-aspect-ratio\"><div class=\"wp-block-embed__wrapper\">\n<iframe title=\"Paw\u0142owice  Pa\u0142ac Mielz\u0307yn\u0301skich, oko\u0142o 1965 roku, fot  Jo\u0301zef Skoracki\" width=\"620\" height=\"349\" src=\"https:\/\/www.youtube.com\/embed\/0M0qgGO40f4?feature=oembed\" frameborder=\"0\" allow=\"accelerometer; autoplay; clipboard-write; encrypted-media; gyroscope; picture-in-picture; web-share\" referrerpolicy=\"strict-origin-when-cross-origin\" allowfullscreen><\/iframe>\n<\/div><\/figure>\n","protected":false},"excerpt":{"rendered":"<p>Zwi\u0105zki rodziny Miel\u017cy\u0144skich herbu Nowina z Paw\u0142owicami datuj\u0105 si\u0119 od 1693 roku. Rozleg\u0142e dobra stale powi\u0119kszano scalaj\u0105c wie\u015b i dokupuj\u0105c s\u0105siednie maj\u0105tki, m.in. K\u0105kolewo, R\u0105bi\u0144, \u0141aszczyn, Robczysko, \u017bytowiecko&#8230;<\/p>\n","protected":false},"author":1,"featured_media":626,"comment_status":"closed","ping_status":"closed","sticky":false,"template":"","format":"standard","meta":{"cybocfi_hide_featured_image":"yes","footnotes":""},"categories":[240],"tags":[410,378,414,417,413,412,411,415,394,373,380,364,416],"class_list":["post-625","post","type-post","status-publish","format-standard","has-post-thumbnail","hentry","category-pawlowice","tag-410","tag-architektura","tag-barok","tag-fotografia","tag-gospodarstwo","tag-industrializacja","tag-jozef-skoracki","tag-karl-gotthard-langhans","tag-maksymilian-mielzynski","tag-mielzynscy","tag-palac","tag-pawlowice","tag-zespol-rezydencjonalny"],"yoast_head":"<!-- This site is optimized with the Yoast SEO plugin v27.5 - https:\/\/yoast.com\/product\/yoast-seo-wordpress\/ -->\n<title>Paw\u0142owice. Pa\u0142ac Miel\u017cy\u0144skich, oko\u0142o 1965 roku, fot. J\u00f3zef Skoracki - Ludzie i krajobrazy. Powiat Leszczy\u0144ski w ikonografii<\/title>\n<meta name=\"robots\" content=\"index, follow, max-snippet:-1, max-image-preview:large, max-video-preview:-1\" \/>\n<link rel=\"canonical\" href=\"http:\/\/ludzieikrajobrazy.muzeumleszno.pl\/?p=625\" \/>\n<meta property=\"og:locale\" content=\"pl_PL\" \/>\n<meta property=\"og:type\" content=\"article\" \/>\n<meta property=\"og:title\" content=\"Paw\u0142owice. Pa\u0142ac Miel\u017cy\u0144skich, oko\u0142o 1965 roku, fot. J\u00f3zef Skoracki - Ludzie i krajobrazy. Powiat Leszczy\u0144ski w ikonografii\" \/>\n<meta property=\"og:description\" content=\"Zwi\u0105zki rodziny Miel\u017cy\u0144skich herbu Nowina z Paw\u0142owicami datuj\u0105 si\u0119 od 1693 roku. Rozleg\u0142e dobra stale powi\u0119kszano scalaj\u0105c wie\u015b i dokupuj\u0105c s\u0105siednie maj\u0105tki, m.in. K\u0105kolewo, R\u0105bi\u0144, \u0141aszczyn, Robczysko, \u017bytowiecko...\" \/>\n<meta property=\"og:url\" content=\"http:\/\/ludzieikrajobrazy.muzeumleszno.pl\/?p=625\" \/>\n<meta property=\"og:site_name\" content=\"Ludzie i krajobrazy. Powiat Leszczy\u0144ski w ikonografii\" \/>\n<meta property=\"article:published_time\" content=\"2024-07-02T09:57:53+00:00\" \/>\n<meta property=\"article:modified_time\" content=\"2024-09-26T06:35:53+00:00\" \/>\n<meta property=\"og:image\" content=\"http:\/\/ludzieikrajobrazy.muzeumleszno.pl\/wp-content\/uploads\/2024\/07\/122_MLFa-242-scaled.jpg\" \/>\n\t<meta property=\"og:image:width\" content=\"2560\" \/>\n\t<meta property=\"og:image:height\" content=\"1520\" \/>\n\t<meta property=\"og:image:type\" content=\"image\/jpeg\" \/>\n<meta name=\"author\" content=\"Pan_Admin\" \/>\n<meta name=\"twitter:card\" content=\"summary_large_image\" \/>\n<meta name=\"twitter:label1\" content=\"Napisane przez\" \/>\n\t<meta name=\"twitter:data1\" content=\"Pan_Admin\" \/>\n\t<meta name=\"twitter:label2\" content=\"Szacowany czas czytania\" \/>\n\t<meta name=\"twitter:data2\" content=\"2 minuty\" \/>\n<script type=\"application\/ld+json\" class=\"yoast-schema-graph\">{\"@context\":\"https:\\\/\\\/schema.org\",\"@graph\":[{\"@type\":\"Article\",\"@id\":\"http:\\\/\\\/ludzieikrajobrazy.muzeumleszno.pl\\\/?p=625#article\",\"isPartOf\":{\"@id\":\"http:\\\/\\\/ludzieikrajobrazy.muzeumleszno.pl\\\/?p=625\"},\"author\":{\"name\":\"Pan_Admin\",\"@id\":\"https:\\\/\\\/ludzieikrajobrazy.muzeumleszno.pl\\\/#\\\/schema\\\/person\\\/fc2bc20e2b51efc3202ac1f0cdcd06c0\"},\"headline\":\"Paw\u0142owice. Pa\u0142ac Miel\u017cy\u0144skich, oko\u0142o 1965 roku, fot. J\u00f3zef Skoracki\",\"datePublished\":\"2024-07-02T09:57:53+00:00\",\"dateModified\":\"2024-09-26T06:35:53+00:00\",\"mainEntityOfPage\":{\"@id\":\"http:\\\/\\\/ludzieikrajobrazy.muzeumleszno.pl\\\/?p=625\"},\"wordCount\":234,\"image\":{\"@id\":\"http:\\\/\\\/ludzieikrajobrazy.muzeumleszno.pl\\\/?p=625#primaryimage\"},\"thumbnailUrl\":\"http:\\\/\\\/ludzieikrajobrazy.muzeumleszno.pl\\\/wp-content\\\/uploads\\\/2024\\\/07\\\/122_MLFa-242-scaled.jpg\",\"keywords\":[\"1965\",\"architektura\",\"barok\",\"fotografia\",\"gospodarstwo\",\"industrializacja\",\"J\u00f3zef Skoracki\",\"Karl Gotthard Langhans\",\"Maksymilian Miel\u017cy\u0144ski\",\"Miel\u017cy\u0144scy\",\"pa\u0142ac\",\"Paw\u0142owice\",\"zesp\u00f3\u0142 rezydencjonalny\"],\"articleSection\":[\"Paw\u0142owice\"],\"inLanguage\":\"pl-PL\"},{\"@type\":\"WebPage\",\"@id\":\"http:\\\/\\\/ludzieikrajobrazy.muzeumleszno.pl\\\/?p=625\",\"url\":\"http:\\\/\\\/ludzieikrajobrazy.muzeumleszno.pl\\\/?p=625\",\"name\":\"Paw\u0142owice. Pa\u0142ac Miel\u017cy\u0144skich, oko\u0142o 1965 roku, fot. J\u00f3zef Skoracki - Ludzie i krajobrazy. Powiat Leszczy\u0144ski w ikonografii\",\"isPartOf\":{\"@id\":\"https:\\\/\\\/ludzieikrajobrazy.muzeumleszno.pl\\\/#website\"},\"primaryImageOfPage\":{\"@id\":\"http:\\\/\\\/ludzieikrajobrazy.muzeumleszno.pl\\\/?p=625#primaryimage\"},\"image\":{\"@id\":\"http:\\\/\\\/ludzieikrajobrazy.muzeumleszno.pl\\\/?p=625#primaryimage\"},\"thumbnailUrl\":\"http:\\\/\\\/ludzieikrajobrazy.muzeumleszno.pl\\\/wp-content\\\/uploads\\\/2024\\\/07\\\/122_MLFa-242-scaled.jpg\",\"datePublished\":\"2024-07-02T09:57:53+00:00\",\"dateModified\":\"2024-09-26T06:35:53+00:00\",\"author\":{\"@id\":\"https:\\\/\\\/ludzieikrajobrazy.muzeumleszno.pl\\\/#\\\/schema\\\/person\\\/fc2bc20e2b51efc3202ac1f0cdcd06c0\"},\"breadcrumb\":{\"@id\":\"http:\\\/\\\/ludzieikrajobrazy.muzeumleszno.pl\\\/?p=625#breadcrumb\"},\"inLanguage\":\"pl-PL\",\"potentialAction\":[{\"@type\":\"ReadAction\",\"target\":[\"http:\\\/\\\/ludzieikrajobrazy.muzeumleszno.pl\\\/?p=625\"]}]},{\"@type\":\"BreadcrumbList\",\"@id\":\"http:\\\/\\\/ludzieikrajobrazy.muzeumleszno.pl\\\/?p=625#breadcrumb\",\"itemListElement\":[{\"@type\":\"ListItem\",\"position\":1,\"name\":\"Home\",\"item\":\"https:\\\/\\\/ludzieikrajobrazy.muzeumleszno.pl\\\/\"},{\"@type\":\"ListItem\",\"position\":2,\"name\":\"Paw\u0142owice. Pa\u0142ac Miel\u017cy\u0144skich, oko\u0142o 1965 roku, fot. J\u00f3zef Skoracki\"}]},{\"@type\":\"WebSite\",\"@id\":\"https:\\\/\\\/ludzieikrajobrazy.muzeumleszno.pl\\\/#website\",\"url\":\"https:\\\/\\\/ludzieikrajobrazy.muzeumleszno.pl\\\/\",\"name\":\"Ludzie i krajobrazy. Powiat Leszczy\u0144ski w ikonografii\",\"description\":\"Powiat Leszczy\u0144ski w ikonografii\",\"potentialAction\":[{\"@type\":\"SearchAction\",\"target\":{\"@type\":\"EntryPoint\",\"urlTemplate\":\"https:\\\/\\\/ludzieikrajobrazy.muzeumleszno.pl\\\/?s={search_term_string}\"},\"query-input\":{\"@type\":\"PropertyValueSpecification\",\"valueRequired\":true,\"valueName\":\"search_term_string\"}}],\"inLanguage\":\"pl-PL\"},{\"@type\":\"Person\",\"@id\":\"https:\\\/\\\/ludzieikrajobrazy.muzeumleszno.pl\\\/#\\\/schema\\\/person\\\/fc2bc20e2b51efc3202ac1f0cdcd06c0\",\"name\":\"Pan_Admin\",\"image\":{\"@type\":\"ImageObject\",\"inLanguage\":\"pl-PL\",\"@id\":\"https:\\\/\\\/secure.gravatar.com\\\/avatar\\\/d109d485abe889ecc32dbdb971b715ad9d4596bd0e2353626451db3e04099822?s=96&d=mm&r=g\",\"url\":\"https:\\\/\\\/secure.gravatar.com\\\/avatar\\\/d109d485abe889ecc32dbdb971b715ad9d4596bd0e2353626451db3e04099822?s=96&d=mm&r=g\",\"contentUrl\":\"https:\\\/\\\/secure.gravatar.com\\\/avatar\\\/d109d485abe889ecc32dbdb971b715ad9d4596bd0e2353626451db3e04099822?s=96&d=mm&r=g\",\"caption\":\"Pan_Admin\"},\"sameAs\":[\"http:\\\/\\\/ludzieikrajobrazy.muzeumleszno.pl\"],\"url\":\"http:\\\/\\\/ludzieikrajobrazy.muzeumleszno.pl\\\/?author=1\"}]}<\/script>\n<!-- \/ Yoast SEO plugin. -->","yoast_head_json":{"title":"Paw\u0142owice. Pa\u0142ac Miel\u017cy\u0144skich, oko\u0142o 1965 roku, fot. J\u00f3zef Skoracki - Ludzie i krajobrazy. Powiat Leszczy\u0144ski w ikonografii","robots":{"index":"index","follow":"follow","max-snippet":"max-snippet:-1","max-image-preview":"max-image-preview:large","max-video-preview":"max-video-preview:-1"},"canonical":"http:\/\/ludzieikrajobrazy.muzeumleszno.pl\/?p=625","og_locale":"pl_PL","og_type":"article","og_title":"Paw\u0142owice. Pa\u0142ac Miel\u017cy\u0144skich, oko\u0142o 1965 roku, fot. J\u00f3zef Skoracki - Ludzie i krajobrazy. Powiat Leszczy\u0144ski w ikonografii","og_description":"Zwi\u0105zki rodziny Miel\u017cy\u0144skich herbu Nowina z Paw\u0142owicami datuj\u0105 si\u0119 od 1693 roku. Rozleg\u0142e dobra stale powi\u0119kszano scalaj\u0105c wie\u015b i dokupuj\u0105c s\u0105siednie maj\u0105tki, m.in. K\u0105kolewo, R\u0105bi\u0144, \u0141aszczyn, Robczysko, \u017bytowiecko...","og_url":"http:\/\/ludzieikrajobrazy.muzeumleszno.pl\/?p=625","og_site_name":"Ludzie i krajobrazy. Powiat Leszczy\u0144ski w ikonografii","article_published_time":"2024-07-02T09:57:53+00:00","article_modified_time":"2024-09-26T06:35:53+00:00","og_image":[{"width":2560,"height":1520,"url":"http:\/\/ludzieikrajobrazy.muzeumleszno.pl\/wp-content\/uploads\/2024\/07\/122_MLFa-242-scaled.jpg","type":"image\/jpeg"}],"author":"Pan_Admin","twitter_card":"summary_large_image","twitter_misc":{"Napisane przez":"Pan_Admin","Szacowany czas czytania":"2 minuty"},"schema":{"@context":"https:\/\/schema.org","@graph":[{"@type":"Article","@id":"http:\/\/ludzieikrajobrazy.muzeumleszno.pl\/?p=625#article","isPartOf":{"@id":"http:\/\/ludzieikrajobrazy.muzeumleszno.pl\/?p=625"},"author":{"name":"Pan_Admin","@id":"https:\/\/ludzieikrajobrazy.muzeumleszno.pl\/#\/schema\/person\/fc2bc20e2b51efc3202ac1f0cdcd06c0"},"headline":"Paw\u0142owice. Pa\u0142ac Miel\u017cy\u0144skich, oko\u0142o 1965 roku, fot. J\u00f3zef Skoracki","datePublished":"2024-07-02T09:57:53+00:00","dateModified":"2024-09-26T06:35:53+00:00","mainEntityOfPage":{"@id":"http:\/\/ludzieikrajobrazy.muzeumleszno.pl\/?p=625"},"wordCount":234,"image":{"@id":"http:\/\/ludzieikrajobrazy.muzeumleszno.pl\/?p=625#primaryimage"},"thumbnailUrl":"http:\/\/ludzieikrajobrazy.muzeumleszno.pl\/wp-content\/uploads\/2024\/07\/122_MLFa-242-scaled.jpg","keywords":["1965","architektura","barok","fotografia","gospodarstwo","industrializacja","J\u00f3zef Skoracki","Karl Gotthard Langhans","Maksymilian Miel\u017cy\u0144ski","Miel\u017cy\u0144scy","pa\u0142ac","Paw\u0142owice","zesp\u00f3\u0142 rezydencjonalny"],"articleSection":["Paw\u0142owice"],"inLanguage":"pl-PL"},{"@type":"WebPage","@id":"http:\/\/ludzieikrajobrazy.muzeumleszno.pl\/?p=625","url":"http:\/\/ludzieikrajobrazy.muzeumleszno.pl\/?p=625","name":"Paw\u0142owice. Pa\u0142ac Miel\u017cy\u0144skich, oko\u0142o 1965 roku, fot. J\u00f3zef Skoracki - Ludzie i krajobrazy. Powiat Leszczy\u0144ski w ikonografii","isPartOf":{"@id":"https:\/\/ludzieikrajobrazy.muzeumleszno.pl\/#website"},"primaryImageOfPage":{"@id":"http:\/\/ludzieikrajobrazy.muzeumleszno.pl\/?p=625#primaryimage"},"image":{"@id":"http:\/\/ludzieikrajobrazy.muzeumleszno.pl\/?p=625#primaryimage"},"thumbnailUrl":"http:\/\/ludzieikrajobrazy.muzeumleszno.pl\/wp-content\/uploads\/2024\/07\/122_MLFa-242-scaled.jpg","datePublished":"2024-07-02T09:57:53+00:00","dateModified":"2024-09-26T06:35:53+00:00","author":{"@id":"https:\/\/ludzieikrajobrazy.muzeumleszno.pl\/#\/schema\/person\/fc2bc20e2b51efc3202ac1f0cdcd06c0"},"breadcrumb":{"@id":"http:\/\/ludzieikrajobrazy.muzeumleszno.pl\/?p=625#breadcrumb"},"inLanguage":"pl-PL","potentialAction":[{"@type":"ReadAction","target":["http:\/\/ludzieikrajobrazy.muzeumleszno.pl\/?p=625"]}]},{"@type":"BreadcrumbList","@id":"http:\/\/ludzieikrajobrazy.muzeumleszno.pl\/?p=625#breadcrumb","itemListElement":[{"@type":"ListItem","position":1,"name":"Home","item":"https:\/\/ludzieikrajobrazy.muzeumleszno.pl\/"},{"@type":"ListItem","position":2,"name":"Paw\u0142owice. Pa\u0142ac Miel\u017cy\u0144skich, oko\u0142o 1965 roku, fot. J\u00f3zef Skoracki"}]},{"@type":"WebSite","@id":"https:\/\/ludzieikrajobrazy.muzeumleszno.pl\/#website","url":"https:\/\/ludzieikrajobrazy.muzeumleszno.pl\/","name":"Ludzie i krajobrazy. Powiat Leszczy\u0144ski w ikonografii","description":"Powiat Leszczy\u0144ski w ikonografii","potentialAction":[{"@type":"SearchAction","target":{"@type":"EntryPoint","urlTemplate":"https:\/\/ludzieikrajobrazy.muzeumleszno.pl\/?s={search_term_string}"},"query-input":{"@type":"PropertyValueSpecification","valueRequired":true,"valueName":"search_term_string"}}],"inLanguage":"pl-PL"},{"@type":"Person","@id":"https:\/\/ludzieikrajobrazy.muzeumleszno.pl\/#\/schema\/person\/fc2bc20e2b51efc3202ac1f0cdcd06c0","name":"Pan_Admin","image":{"@type":"ImageObject","inLanguage":"pl-PL","@id":"https:\/\/secure.gravatar.com\/avatar\/d109d485abe889ecc32dbdb971b715ad9d4596bd0e2353626451db3e04099822?s=96&d=mm&r=g","url":"https:\/\/secure.gravatar.com\/avatar\/d109d485abe889ecc32dbdb971b715ad9d4596bd0e2353626451db3e04099822?s=96&d=mm&r=g","contentUrl":"https:\/\/secure.gravatar.com\/avatar\/d109d485abe889ecc32dbdb971b715ad9d4596bd0e2353626451db3e04099822?s=96&d=mm&r=g","caption":"Pan_Admin"},"sameAs":["http:\/\/ludzieikrajobrazy.muzeumleszno.pl"],"url":"http:\/\/ludzieikrajobrazy.muzeumleszno.pl\/?author=1"}]}},"_links":{"self":[{"href":"http:\/\/ludzieikrajobrazy.muzeumleszno.pl\/index.php?rest_route=\/wp\/v2\/posts\/625","targetHints":{"allow":["GET"]}}],"collection":[{"href":"http:\/\/ludzieikrajobrazy.muzeumleszno.pl\/index.php?rest_route=\/wp\/v2\/posts"}],"about":[{"href":"http:\/\/ludzieikrajobrazy.muzeumleszno.pl\/index.php?rest_route=\/wp\/v2\/types\/post"}],"author":[{"embeddable":true,"href":"http:\/\/ludzieikrajobrazy.muzeumleszno.pl\/index.php?rest_route=\/wp\/v2\/users\/1"}],"replies":[{"embeddable":true,"href":"http:\/\/ludzieikrajobrazy.muzeumleszno.pl\/index.php?rest_route=%2Fwp%2Fv2%2Fcomments&post=625"}],"version-history":[{"count":2,"href":"http:\/\/ludzieikrajobrazy.muzeumleszno.pl\/index.php?rest_route=\/wp\/v2\/posts\/625\/revisions"}],"predecessor-version":[{"id":1250,"href":"http:\/\/ludzieikrajobrazy.muzeumleszno.pl\/index.php?rest_route=\/wp\/v2\/posts\/625\/revisions\/1250"}],"wp:featuredmedia":[{"embeddable":true,"href":"http:\/\/ludzieikrajobrazy.muzeumleszno.pl\/index.php?rest_route=\/wp\/v2\/media\/626"}],"wp:attachment":[{"href":"http:\/\/ludzieikrajobrazy.muzeumleszno.pl\/index.php?rest_route=%2Fwp%2Fv2%2Fmedia&parent=625"}],"wp:term":[{"taxonomy":"category","embeddable":true,"href":"http:\/\/ludzieikrajobrazy.muzeumleszno.pl\/index.php?rest_route=%2Fwp%2Fv2%2Fcategories&post=625"},{"taxonomy":"post_tag","embeddable":true,"href":"http:\/\/ludzieikrajobrazy.muzeumleszno.pl\/index.php?rest_route=%2Fwp%2Fv2%2Ftags&post=625"}],"curies":[{"name":"wp","href":"https:\/\/api.w.org\/{rel}","templated":true}]}}