{"id":630,"date":"2024-07-02T11:56:46","date_gmt":"2024-07-02T09:56:46","guid":{"rendered":"http:\/\/ludzieikrajobrazy.muzeumleszno.pl\/?p=630"},"modified":"2024-09-26T12:44:34","modified_gmt":"2024-09-26T10:44:34","slug":"pawlowice-salonik-jedwabny-przed-1939-rokiem","status":"publish","type":"post","link":"http:\/\/ludzieikrajobrazy.muzeumleszno.pl\/?p=630","title":{"rendered":"Paw\u0142owice. Salonik jedwabny, przed 1939 rokiem"},"content":{"rendered":"\n<p>Salonik jedwabny znajduje si\u0119 w ci\u0105gu reprezentacyjnych pomieszcze\u0144 na pierwszym pi\u0119trze pa\u0142acu. Jego rokokowe wyposa\u017cenie sprowadzono z W\u0142och, Berlina i Pary\u017ca. Stosunkowo niewielkie pomieszczenie budz\u0105ce zachwyt konserwator\u00f3w i koneser\u00f3w sztuki, w ca\u0142o\u015bci ozdobiono jedwabnymi tkaninami z misternym haftem. Wykonano je we Francji na indywidualne zam\u00f3wienie Miel\u017cy\u0144skich. Wcze\u015bniej \u015bciany pokryte by\u0142y tapet\u0105. Obicia zdobi\u0105 motywy ro\u015blinne, geometryczne i groteski (wazy, ptaki, medaliony z puttami). Koszt wyposa\u017cenia tego jednego pokoju r\u00f3wna\u0142 si\u0119 podobno p\u00f3\u0142rocznym dochodom ca\u0142ego paw\u0142owickiego maj\u0105tku.&nbsp;<\/p>\n\n\n\n<p>Salonik jedwabny zachowa\u0142 si\u0119 \u2013 poza meblami i dzie\u0142ami sztuki \u2013 w ca\u0142o\u015bci do czas\u00f3w obecnych. W 1984 roku na zlecenie Wawrzy\u0144ca Kopczy\u0144skiego (1935\u20131995), wojew\u00f3dzkiego konserwatora zabytk\u00f3w w Lesznie, rozpocz\u0119to konserwacj\u0119 jedwabnych obi\u0107. Trwaj\u0105ce przez kilka lat prace wykonano w Pracowni Konserwacji Tkanin Centralnego Muzeum W\u0142\u00f3kienniczego w \u0141odzi.&nbsp;<\/p>\n\n\n\n<figure data-wp-context=\"{&quot;imageId&quot;:&quot;69f1d6c2df59e&quot;}\" data-wp-interactive=\"core\/image\" data-wp-key=\"69f1d6c2df59e\" class=\"wp-block-image size-full wp-lightbox-container\"><img fetchpriority=\"high\" decoding=\"async\" width=\"2560\" height=\"1639\" data-wp-class--hide=\"state.isContentHidden\" data-wp-class--show=\"state.isContentVisible\" data-wp-init=\"callbacks.setButtonStyles\" data-wp-on--click=\"actions.showLightbox\" data-wp-on--load=\"callbacks.setButtonStyles\" data-wp-on-window--resize=\"callbacks.setButtonStyles\" src=\"http:\/\/ludzieikrajobrazy.muzeumleszno.pl\/wp-content\/uploads\/2024\/07\/123_MLH-2723-scaled.jpg\" alt=\"Paw\u0142owice. Salonik jedwabny, przed 1939 rokiem\" class=\"wp-image-631\" srcset=\"http:\/\/ludzieikrajobrazy.muzeumleszno.pl\/wp-content\/uploads\/2024\/07\/123_MLH-2723-scaled.jpg 2560w, http:\/\/ludzieikrajobrazy.muzeumleszno.pl\/wp-content\/uploads\/2024\/07\/123_MLH-2723-1536x984.jpg 1536w, http:\/\/ludzieikrajobrazy.muzeumleszno.pl\/wp-content\/uploads\/2024\/07\/123_MLH-2723-2048x1311.jpg 2048w, http:\/\/ludzieikrajobrazy.muzeumleszno.pl\/wp-content\/uploads\/2024\/07\/123_MLH-2723-200x128.jpg 200w, http:\/\/ludzieikrajobrazy.muzeumleszno.pl\/wp-content\/uploads\/2024\/07\/123_MLH-2723-973x623.jpg 973w, http:\/\/ludzieikrajobrazy.muzeumleszno.pl\/wp-content\/uploads\/2024\/07\/123_MLH-2723-508x325.jpg 508w\" sizes=\"(max-width: 2560px) 100vw, 2560px\" \/><button\n\t\t\tclass=\"lightbox-trigger\"\n\t\t\ttype=\"button\"\n\t\t\taria-haspopup=\"dialog\"\n\t\t\taria-label=\"Powi\u0119ksz\"\n\t\t\tdata-wp-init=\"callbacks.initTriggerButton\"\n\t\t\tdata-wp-on--click=\"actions.showLightbox\"\n\t\t\tdata-wp-style--right=\"state.imageButtonRight\"\n\t\t\tdata-wp-style--top=\"state.imageButtonTop\"\n\t\t>\n\t\t\t<svg xmlns=\"http:\/\/www.w3.org\/2000\/svg\" width=\"12\" height=\"12\" fill=\"none\" viewBox=\"0 0 12 12\">\n\t\t\t\t<path fill=\"#fff\" d=\"M2 0a2 2 0 0 0-2 2v2h1.5V2a.5.5 0 0 1 .5-.5h2V0H2Zm2 10.5H2a.5.5 0 0 1-.5-.5V8H0v2a2 2 0 0 0 2 2h2v-1.5ZM8 12v-1.5h2a.5.5 0 0 0 .5-.5V8H12v2a2 2 0 0 1-2 2H8Zm2-12a2 2 0 0 1 2 2v2h-1.5V2a.5.5 0 0 0-.5-.5H8V0h2Z\" \/>\n\t\t\t<\/svg>\n\t\t<\/button><figcaption class=\"wp-element-caption\">Paw\u0142owice. Salonik jedwabny, przed 1939 rokiem<\/figcaption><\/figure>\n\n\n\n<p class=\"has-small-font-size\">nr inw. MLH 2723<br>W zbiorach Muzeum Okr\u0119gowego w Lesznie od 1982 roku, dar<\/p>\n\n\n\n<p>D.Cz.<\/p>\n\n\n\n<figure class=\"wp-block-embed is-type-video is-provider-youtube wp-block-embed-youtube wp-embed-aspect-16-9 wp-has-aspect-ratio\"><div class=\"wp-block-embed__wrapper\">\n<iframe title=\"Paw\u0142owice  Salonik jedwabny, przed 1939 rokiem\" width=\"620\" height=\"349\" src=\"https:\/\/www.youtube.com\/embed\/v2HxlIVnMZQ?feature=oembed\" frameborder=\"0\" allow=\"accelerometer; autoplay; clipboard-write; encrypted-media; gyroscope; picture-in-picture; web-share\" referrerpolicy=\"strict-origin-when-cross-origin\" allowfullscreen><\/iframe>\n<\/div><\/figure>\n","protected":false},"excerpt":{"rendered":"<p>Salonik jedwabny znajduje si\u0119 w ci\u0105gu reprezentacyjnych pomieszcze\u0144 na pierwszym pi\u0119trze pa\u0142acu. Jego rokokowe wyposa\u017cenie sprowadzono z W\u0142och, Berlina i Pary\u017ca. Stosunkowo niewielkie pomieszczenie budz\u0105ce zachwyt konserwator\u00f3w i&#8230;<\/p>\n","protected":false},"author":1,"featured_media":631,"comment_status":"closed","ping_status":"closed","sticky":false,"template":"","format":"standard","meta":{"cybocfi_hide_featured_image":"yes","footnotes":""},"categories":[240],"tags":[419,424,427,426,430,357,373,425,364,431,422,418,429,423],"class_list":["post-630","post","type-post","status-publish","format-standard","has-post-thumbnail","hentry","category-pawlowice","tag-419","tag-berlin","tag-haft","tag-jedwab","tag-konserwator-zabytkow","tag-leszno","tag-mielzynscy","tag-paryz","tag-pawlowice","tag-pracownia-konserwacji-tkanin-centralnego-muzeum-wlokienniczego-w-lodzi","tag-rokoko","tag-salonik-jedwabny","tag-wawrzyniec-kopczynski","tag-wlochy"],"yoast_head":"<!-- This site is optimized with the Yoast SEO plugin v27.5 - https:\/\/yoast.com\/product\/yoast-seo-wordpress\/ -->\n<title>Paw\u0142owice. Salonik jedwabny, przed 1939 rokiem - Ludzie i krajobrazy. Powiat Leszczy\u0144ski w ikonografii<\/title>\n<meta name=\"robots\" content=\"index, follow, max-snippet:-1, max-image-preview:large, max-video-preview:-1\" \/>\n<link rel=\"canonical\" href=\"http:\/\/ludzieikrajobrazy.muzeumleszno.pl\/?p=630\" \/>\n<meta property=\"og:locale\" content=\"pl_PL\" \/>\n<meta property=\"og:type\" content=\"article\" \/>\n<meta property=\"og:title\" content=\"Paw\u0142owice. Salonik jedwabny, przed 1939 rokiem - Ludzie i krajobrazy. Powiat Leszczy\u0144ski w ikonografii\" \/>\n<meta property=\"og:description\" content=\"Salonik jedwabny znajduje si\u0119 w ci\u0105gu reprezentacyjnych pomieszcze\u0144 na pierwszym pi\u0119trze pa\u0142acu. Jego rokokowe wyposa\u017cenie sprowadzono z W\u0142och, Berlina i Pary\u017ca. Stosunkowo niewielkie pomieszczenie budz\u0105ce zachwyt konserwator\u00f3w i...\" \/>\n<meta property=\"og:url\" content=\"http:\/\/ludzieikrajobrazy.muzeumleszno.pl\/?p=630\" \/>\n<meta property=\"og:site_name\" content=\"Ludzie i krajobrazy. Powiat Leszczy\u0144ski w ikonografii\" \/>\n<meta property=\"article:published_time\" content=\"2024-07-02T09:56:46+00:00\" \/>\n<meta property=\"article:modified_time\" content=\"2024-09-26T10:44:34+00:00\" \/>\n<meta property=\"og:image\" content=\"http:\/\/ludzieikrajobrazy.muzeumleszno.pl\/wp-content\/uploads\/2024\/07\/123_MLH-2723-scaled.jpg\" \/>\n\t<meta property=\"og:image:width\" content=\"2560\" \/>\n\t<meta property=\"og:image:height\" content=\"1639\" \/>\n\t<meta property=\"og:image:type\" content=\"image\/jpeg\" \/>\n<meta name=\"author\" content=\"Pan_Admin\" \/>\n<meta name=\"twitter:card\" content=\"summary_large_image\" \/>\n<meta name=\"twitter:label1\" content=\"Napisane przez\" \/>\n\t<meta name=\"twitter:data1\" content=\"Pan_Admin\" \/>\n\t<meta name=\"twitter:label2\" content=\"Szacowany czas czytania\" \/>\n\t<meta name=\"twitter:data2\" content=\"2 minuty\" \/>\n<script type=\"application\/ld+json\" class=\"yoast-schema-graph\">{\"@context\":\"https:\\\/\\\/schema.org\",\"@graph\":[{\"@type\":\"Article\",\"@id\":\"http:\\\/\\\/ludzieikrajobrazy.muzeumleszno.pl\\\/?p=630#article\",\"isPartOf\":{\"@id\":\"http:\\\/\\\/ludzieikrajobrazy.muzeumleszno.pl\\\/?p=630\"},\"author\":{\"name\":\"Pan_Admin\",\"@id\":\"https:\\\/\\\/ludzieikrajobrazy.muzeumleszno.pl\\\/#\\\/schema\\\/person\\\/fc2bc20e2b51efc3202ac1f0cdcd06c0\"},\"headline\":\"Paw\u0142owice. Salonik jedwabny, przed 1939 rokiem\",\"datePublished\":\"2024-07-02T09:56:46+00:00\",\"dateModified\":\"2024-09-26T10:44:34+00:00\",\"mainEntityOfPage\":{\"@id\":\"http:\\\/\\\/ludzieikrajobrazy.muzeumleszno.pl\\\/?p=630\"},\"wordCount\":188,\"image\":{\"@id\":\"http:\\\/\\\/ludzieikrajobrazy.muzeumleszno.pl\\\/?p=630#primaryimage\"},\"thumbnailUrl\":\"http:\\\/\\\/ludzieikrajobrazy.muzeumleszno.pl\\\/wp-content\\\/uploads\\\/2024\\\/07\\\/123_MLH-2723-scaled.jpg\",\"keywords\":[\"1939\",\"Berlin\",\"haft\",\"jedwab\",\"konserwator zabytk\u00f3w\",\"Leszno\",\"Miel\u017cy\u0144scy\",\"Pary\u017c\",\"Paw\u0142owice\",\"Pracownia Konserwacji Tkanin Centralnego Muzeum W\u0142\u00f3kienniczego w \u0141odzi\",\"rokoko\",\"salonik jedwabny\",\"Wawrzyniec Kopczy\u0144ski\",\"W\u0142ochy\"],\"articleSection\":[\"Paw\u0142owice\"],\"inLanguage\":\"pl-PL\"},{\"@type\":\"WebPage\",\"@id\":\"http:\\\/\\\/ludzieikrajobrazy.muzeumleszno.pl\\\/?p=630\",\"url\":\"http:\\\/\\\/ludzieikrajobrazy.muzeumleszno.pl\\\/?p=630\",\"name\":\"Paw\u0142owice. Salonik jedwabny, przed 1939 rokiem - Ludzie i krajobrazy. Powiat Leszczy\u0144ski w ikonografii\",\"isPartOf\":{\"@id\":\"https:\\\/\\\/ludzieikrajobrazy.muzeumleszno.pl\\\/#website\"},\"primaryImageOfPage\":{\"@id\":\"http:\\\/\\\/ludzieikrajobrazy.muzeumleszno.pl\\\/?p=630#primaryimage\"},\"image\":{\"@id\":\"http:\\\/\\\/ludzieikrajobrazy.muzeumleszno.pl\\\/?p=630#primaryimage\"},\"thumbnailUrl\":\"http:\\\/\\\/ludzieikrajobrazy.muzeumleszno.pl\\\/wp-content\\\/uploads\\\/2024\\\/07\\\/123_MLH-2723-scaled.jpg\",\"datePublished\":\"2024-07-02T09:56:46+00:00\",\"dateModified\":\"2024-09-26T10:44:34+00:00\",\"author\":{\"@id\":\"https:\\\/\\\/ludzieikrajobrazy.muzeumleszno.pl\\\/#\\\/schema\\\/person\\\/fc2bc20e2b51efc3202ac1f0cdcd06c0\"},\"breadcrumb\":{\"@id\":\"http:\\\/\\\/ludzieikrajobrazy.muzeumleszno.pl\\\/?p=630#breadcrumb\"},\"inLanguage\":\"pl-PL\",\"potentialAction\":[{\"@type\":\"ReadAction\",\"target\":[\"http:\\\/\\\/ludzieikrajobrazy.muzeumleszno.pl\\\/?p=630\"]}]},{\"@type\":\"BreadcrumbList\",\"@id\":\"http:\\\/\\\/ludzieikrajobrazy.muzeumleszno.pl\\\/?p=630#breadcrumb\",\"itemListElement\":[{\"@type\":\"ListItem\",\"position\":1,\"name\":\"Home\",\"item\":\"https:\\\/\\\/ludzieikrajobrazy.muzeumleszno.pl\\\/\"},{\"@type\":\"ListItem\",\"position\":2,\"name\":\"Paw\u0142owice. Salonik jedwabny, przed 1939 rokiem\"}]},{\"@type\":\"WebSite\",\"@id\":\"https:\\\/\\\/ludzieikrajobrazy.muzeumleszno.pl\\\/#website\",\"url\":\"https:\\\/\\\/ludzieikrajobrazy.muzeumleszno.pl\\\/\",\"name\":\"Ludzie i krajobrazy. Powiat Leszczy\u0144ski w ikonografii\",\"description\":\"Powiat Leszczy\u0144ski w ikonografii\",\"potentialAction\":[{\"@type\":\"SearchAction\",\"target\":{\"@type\":\"EntryPoint\",\"urlTemplate\":\"https:\\\/\\\/ludzieikrajobrazy.muzeumleszno.pl\\\/?s={search_term_string}\"},\"query-input\":{\"@type\":\"PropertyValueSpecification\",\"valueRequired\":true,\"valueName\":\"search_term_string\"}}],\"inLanguage\":\"pl-PL\"},{\"@type\":\"Person\",\"@id\":\"https:\\\/\\\/ludzieikrajobrazy.muzeumleszno.pl\\\/#\\\/schema\\\/person\\\/fc2bc20e2b51efc3202ac1f0cdcd06c0\",\"name\":\"Pan_Admin\",\"image\":{\"@type\":\"ImageObject\",\"inLanguage\":\"pl-PL\",\"@id\":\"https:\\\/\\\/secure.gravatar.com\\\/avatar\\\/d109d485abe889ecc32dbdb971b715ad9d4596bd0e2353626451db3e04099822?s=96&d=mm&r=g\",\"url\":\"https:\\\/\\\/secure.gravatar.com\\\/avatar\\\/d109d485abe889ecc32dbdb971b715ad9d4596bd0e2353626451db3e04099822?s=96&d=mm&r=g\",\"contentUrl\":\"https:\\\/\\\/secure.gravatar.com\\\/avatar\\\/d109d485abe889ecc32dbdb971b715ad9d4596bd0e2353626451db3e04099822?s=96&d=mm&r=g\",\"caption\":\"Pan_Admin\"},\"sameAs\":[\"http:\\\/\\\/ludzieikrajobrazy.muzeumleszno.pl\"],\"url\":\"http:\\\/\\\/ludzieikrajobrazy.muzeumleszno.pl\\\/?author=1\"}]}<\/script>\n<!-- \/ Yoast SEO plugin. -->","yoast_head_json":{"title":"Paw\u0142owice. Salonik jedwabny, przed 1939 rokiem - Ludzie i krajobrazy. Powiat Leszczy\u0144ski w ikonografii","robots":{"index":"index","follow":"follow","max-snippet":"max-snippet:-1","max-image-preview":"max-image-preview:large","max-video-preview":"max-video-preview:-1"},"canonical":"http:\/\/ludzieikrajobrazy.muzeumleszno.pl\/?p=630","og_locale":"pl_PL","og_type":"article","og_title":"Paw\u0142owice. Salonik jedwabny, przed 1939 rokiem - Ludzie i krajobrazy. Powiat Leszczy\u0144ski w ikonografii","og_description":"Salonik jedwabny znajduje si\u0119 w ci\u0105gu reprezentacyjnych pomieszcze\u0144 na pierwszym pi\u0119trze pa\u0142acu. Jego rokokowe wyposa\u017cenie sprowadzono z W\u0142och, Berlina i Pary\u017ca. Stosunkowo niewielkie pomieszczenie budz\u0105ce zachwyt konserwator\u00f3w i...","og_url":"http:\/\/ludzieikrajobrazy.muzeumleszno.pl\/?p=630","og_site_name":"Ludzie i krajobrazy. Powiat Leszczy\u0144ski w ikonografii","article_published_time":"2024-07-02T09:56:46+00:00","article_modified_time":"2024-09-26T10:44:34+00:00","og_image":[{"width":2560,"height":1639,"url":"http:\/\/ludzieikrajobrazy.muzeumleszno.pl\/wp-content\/uploads\/2024\/07\/123_MLH-2723-scaled.jpg","type":"image\/jpeg"}],"author":"Pan_Admin","twitter_card":"summary_large_image","twitter_misc":{"Napisane przez":"Pan_Admin","Szacowany czas czytania":"2 minuty"},"schema":{"@context":"https:\/\/schema.org","@graph":[{"@type":"Article","@id":"http:\/\/ludzieikrajobrazy.muzeumleszno.pl\/?p=630#article","isPartOf":{"@id":"http:\/\/ludzieikrajobrazy.muzeumleszno.pl\/?p=630"},"author":{"name":"Pan_Admin","@id":"https:\/\/ludzieikrajobrazy.muzeumleszno.pl\/#\/schema\/person\/fc2bc20e2b51efc3202ac1f0cdcd06c0"},"headline":"Paw\u0142owice. Salonik jedwabny, przed 1939 rokiem","datePublished":"2024-07-02T09:56:46+00:00","dateModified":"2024-09-26T10:44:34+00:00","mainEntityOfPage":{"@id":"http:\/\/ludzieikrajobrazy.muzeumleszno.pl\/?p=630"},"wordCount":188,"image":{"@id":"http:\/\/ludzieikrajobrazy.muzeumleszno.pl\/?p=630#primaryimage"},"thumbnailUrl":"http:\/\/ludzieikrajobrazy.muzeumleszno.pl\/wp-content\/uploads\/2024\/07\/123_MLH-2723-scaled.jpg","keywords":["1939","Berlin","haft","jedwab","konserwator zabytk\u00f3w","Leszno","Miel\u017cy\u0144scy","Pary\u017c","Paw\u0142owice","Pracownia Konserwacji Tkanin Centralnego Muzeum W\u0142\u00f3kienniczego w \u0141odzi","rokoko","salonik jedwabny","Wawrzyniec Kopczy\u0144ski","W\u0142ochy"],"articleSection":["Paw\u0142owice"],"inLanguage":"pl-PL"},{"@type":"WebPage","@id":"http:\/\/ludzieikrajobrazy.muzeumleszno.pl\/?p=630","url":"http:\/\/ludzieikrajobrazy.muzeumleszno.pl\/?p=630","name":"Paw\u0142owice. Salonik jedwabny, przed 1939 rokiem - Ludzie i krajobrazy. Powiat Leszczy\u0144ski w ikonografii","isPartOf":{"@id":"https:\/\/ludzieikrajobrazy.muzeumleszno.pl\/#website"},"primaryImageOfPage":{"@id":"http:\/\/ludzieikrajobrazy.muzeumleszno.pl\/?p=630#primaryimage"},"image":{"@id":"http:\/\/ludzieikrajobrazy.muzeumleszno.pl\/?p=630#primaryimage"},"thumbnailUrl":"http:\/\/ludzieikrajobrazy.muzeumleszno.pl\/wp-content\/uploads\/2024\/07\/123_MLH-2723-scaled.jpg","datePublished":"2024-07-02T09:56:46+00:00","dateModified":"2024-09-26T10:44:34+00:00","author":{"@id":"https:\/\/ludzieikrajobrazy.muzeumleszno.pl\/#\/schema\/person\/fc2bc20e2b51efc3202ac1f0cdcd06c0"},"breadcrumb":{"@id":"http:\/\/ludzieikrajobrazy.muzeumleszno.pl\/?p=630#breadcrumb"},"inLanguage":"pl-PL","potentialAction":[{"@type":"ReadAction","target":["http:\/\/ludzieikrajobrazy.muzeumleszno.pl\/?p=630"]}]},{"@type":"BreadcrumbList","@id":"http:\/\/ludzieikrajobrazy.muzeumleszno.pl\/?p=630#breadcrumb","itemListElement":[{"@type":"ListItem","position":1,"name":"Home","item":"https:\/\/ludzieikrajobrazy.muzeumleszno.pl\/"},{"@type":"ListItem","position":2,"name":"Paw\u0142owice. Salonik jedwabny, przed 1939 rokiem"}]},{"@type":"WebSite","@id":"https:\/\/ludzieikrajobrazy.muzeumleszno.pl\/#website","url":"https:\/\/ludzieikrajobrazy.muzeumleszno.pl\/","name":"Ludzie i krajobrazy. Powiat Leszczy\u0144ski w ikonografii","description":"Powiat Leszczy\u0144ski w ikonografii","potentialAction":[{"@type":"SearchAction","target":{"@type":"EntryPoint","urlTemplate":"https:\/\/ludzieikrajobrazy.muzeumleszno.pl\/?s={search_term_string}"},"query-input":{"@type":"PropertyValueSpecification","valueRequired":true,"valueName":"search_term_string"}}],"inLanguage":"pl-PL"},{"@type":"Person","@id":"https:\/\/ludzieikrajobrazy.muzeumleszno.pl\/#\/schema\/person\/fc2bc20e2b51efc3202ac1f0cdcd06c0","name":"Pan_Admin","image":{"@type":"ImageObject","inLanguage":"pl-PL","@id":"https:\/\/secure.gravatar.com\/avatar\/d109d485abe889ecc32dbdb971b715ad9d4596bd0e2353626451db3e04099822?s=96&d=mm&r=g","url":"https:\/\/secure.gravatar.com\/avatar\/d109d485abe889ecc32dbdb971b715ad9d4596bd0e2353626451db3e04099822?s=96&d=mm&r=g","contentUrl":"https:\/\/secure.gravatar.com\/avatar\/d109d485abe889ecc32dbdb971b715ad9d4596bd0e2353626451db3e04099822?s=96&d=mm&r=g","caption":"Pan_Admin"},"sameAs":["http:\/\/ludzieikrajobrazy.muzeumleszno.pl"],"url":"http:\/\/ludzieikrajobrazy.muzeumleszno.pl\/?author=1"}]}},"_links":{"self":[{"href":"http:\/\/ludzieikrajobrazy.muzeumleszno.pl\/index.php?rest_route=\/wp\/v2\/posts\/630","targetHints":{"allow":["GET"]}}],"collection":[{"href":"http:\/\/ludzieikrajobrazy.muzeumleszno.pl\/index.php?rest_route=\/wp\/v2\/posts"}],"about":[{"href":"http:\/\/ludzieikrajobrazy.muzeumleszno.pl\/index.php?rest_route=\/wp\/v2\/types\/post"}],"author":[{"embeddable":true,"href":"http:\/\/ludzieikrajobrazy.muzeumleszno.pl\/index.php?rest_route=\/wp\/v2\/users\/1"}],"replies":[{"embeddable":true,"href":"http:\/\/ludzieikrajobrazy.muzeumleszno.pl\/index.php?rest_route=%2Fwp%2Fv2%2Fcomments&post=630"}],"version-history":[{"count":2,"href":"http:\/\/ludzieikrajobrazy.muzeumleszno.pl\/index.php?rest_route=\/wp\/v2\/posts\/630\/revisions"}],"predecessor-version":[{"id":1286,"href":"http:\/\/ludzieikrajobrazy.muzeumleszno.pl\/index.php?rest_route=\/wp\/v2\/posts\/630\/revisions\/1286"}],"wp:featuredmedia":[{"embeddable":true,"href":"http:\/\/ludzieikrajobrazy.muzeumleszno.pl\/index.php?rest_route=\/wp\/v2\/media\/631"}],"wp:attachment":[{"href":"http:\/\/ludzieikrajobrazy.muzeumleszno.pl\/index.php?rest_route=%2Fwp%2Fv2%2Fmedia&parent=630"}],"wp:term":[{"taxonomy":"category","embeddable":true,"href":"http:\/\/ludzieikrajobrazy.muzeumleszno.pl\/index.php?rest_route=%2Fwp%2Fv2%2Fcategories&post=630"},{"taxonomy":"post_tag","embeddable":true,"href":"http:\/\/ludzieikrajobrazy.muzeumleszno.pl\/index.php?rest_route=%2Fwp%2Fv2%2Ftags&post=630"}],"curies":[{"name":"wp","href":"https:\/\/api.w.org\/{rel}","templated":true}]}}