{"id":633,"date":"2024-07-02T11:55:40","date_gmt":"2024-07-02T09:55:40","guid":{"rendered":"http:\/\/ludzieikrajobrazy.muzeumleszno.pl\/?p=633"},"modified":"2024-09-26T12:48:08","modified_gmt":"2024-09-26T10:48:08","slug":"pawlowice-towarzystwo-gimnastyczne-sokol-1930-rok","status":"publish","type":"post","link":"http:\/\/ludzieikrajobrazy.muzeumleszno.pl\/?p=633","title":{"rendered":"Paw\u0142owice. Towarzystwo Gimnastyczne \u201eSok\u00f3\u0142\u201d, 1930 rok"},"content":{"rendered":"\n<p>Gniazdo Towarzystwa Gimnastycznego \u201eSok\u00f3\u0142\u201d w Paw\u0142owicach powsta\u0142o w okresie 20-lecia mi\u0119dzywojennego. Podobnie jak w s\u0105siednich miejscowo\u015bciach druhowie organizowali pokazy sportowe i anga\u017cowali si\u0119 w dzia\u0142alno\u015b\u0107 kulturaln\u0105. Uczestniczyli w obchodach rocznic pa\u0144stwowych i w \u015bwi\u0119tach ko\u015bcielnych, organizowali spotkania i zabawy taneczne. Wielokrotnie wyst\u0119powali w zawodach na szczeblu powiatu,&nbsp; regionu i wojew\u00f3dztwa. Od 1934 roku cz\u0142onkowie \u201eSoko\u0142a\u201d aktywnie w\u0142\u0105czyli si\u0119 w szkolenia grup ratowniczych Polskiego Czerwonego Krzy\u017ca i w zaj\u0119cia z przysposobienia wojskowego. Towarzystwo istnia\u0142o do 1939 roku.&nbsp;<\/p>\n\n\n\n<p>Na fotografii grup\u0119 m\u0142odych m\u0119\u017cczyzn w charakterystycznych czapkach z sokolimi pi\u00f3rami. Wi\u0119kszo\u015b\u0107 ma wpi\u0119te w marynarki odznaki Towarzystwa Gimnastycznego \u2013 wizerunek soko\u0142a z rozpostartymi skrzyd\u0142ami, trzymaj\u0105cego w szponach ci\u0119\u017carek gimnastyczny.&nbsp;<\/p>\n\n\n\n<figure data-wp-context=\"{&quot;imageId&quot;:&quot;69f1ccd1a44f5&quot;}\" data-wp-interactive=\"core\/image\" data-wp-key=\"69f1ccd1a44f5\" class=\"wp-block-image size-full wp-lightbox-container\"><img fetchpriority=\"high\" decoding=\"async\" width=\"2560\" height=\"1588\" data-wp-class--hide=\"state.isContentHidden\" data-wp-class--show=\"state.isContentVisible\" data-wp-init=\"callbacks.setButtonStyles\" data-wp-on--click=\"actions.showLightbox\" data-wp-on--load=\"callbacks.setButtonStyles\" data-wp-on-window--resize=\"callbacks.setButtonStyles\" src=\"http:\/\/ludzieikrajobrazy.muzeumleszno.pl\/wp-content\/uploads\/2024\/07\/124_B.6703-scaled.jpg\" alt=\"Paw\u0142owice. Towarzystwo Gimnastyczne \u201eSok\u00f3\u0142\u201d, 1930 rok\" class=\"wp-image-634\" srcset=\"http:\/\/ludzieikrajobrazy.muzeumleszno.pl\/wp-content\/uploads\/2024\/07\/124_B.6703-scaled.jpg 2560w, http:\/\/ludzieikrajobrazy.muzeumleszno.pl\/wp-content\/uploads\/2024\/07\/124_B.6703-1536x953.jpg 1536w, http:\/\/ludzieikrajobrazy.muzeumleszno.pl\/wp-content\/uploads\/2024\/07\/124_B.6703-2048x1270.jpg 2048w, http:\/\/ludzieikrajobrazy.muzeumleszno.pl\/wp-content\/uploads\/2024\/07\/124_B.6703-200x124.jpg 200w, http:\/\/ludzieikrajobrazy.muzeumleszno.pl\/wp-content\/uploads\/2024\/07\/124_B.6703-973x604.jpg 973w, http:\/\/ludzieikrajobrazy.muzeumleszno.pl\/wp-content\/uploads\/2024\/07\/124_B.6703-508x315.jpg 508w\" sizes=\"(max-width: 2560px) 100vw, 2560px\" \/><button\n\t\t\tclass=\"lightbox-trigger\"\n\t\t\ttype=\"button\"\n\t\t\taria-haspopup=\"dialog\"\n\t\t\taria-label=\"Powi\u0119ksz\"\n\t\t\tdata-wp-init=\"callbacks.initTriggerButton\"\n\t\t\tdata-wp-on--click=\"actions.showLightbox\"\n\t\t\tdata-wp-style--right=\"state.imageButtonRight\"\n\t\t\tdata-wp-style--top=\"state.imageButtonTop\"\n\t\t>\n\t\t\t<svg xmlns=\"http:\/\/www.w3.org\/2000\/svg\" width=\"12\" height=\"12\" fill=\"none\" viewBox=\"0 0 12 12\">\n\t\t\t\t<path fill=\"#fff\" d=\"M2 0a2 2 0 0 0-2 2v2h1.5V2a.5.5 0 0 1 .5-.5h2V0H2Zm2 10.5H2a.5.5 0 0 1-.5-.5V8H0v2a2 2 0 0 0 2 2h2v-1.5ZM8 12v-1.5h2a.5.5 0 0 0 .5-.5V8H12v2a2 2 0 0 1-2 2H8Zm2-12a2 2 0 0 1 2 2v2h-1.5V2a.5.5 0 0 0-.5-.5H8V0h2Z\" \/>\n\t\t\t<\/svg>\n\t\t<\/button><figcaption class=\"wp-element-caption\">Paw\u0142owice. Towarzystwo Gimnastyczne \u201eSok\u00f3\u0142\u201d, 1930 rok<\/figcaption><\/figure>\n\n\n\n<p class=\"has-small-font-size\">nr inw. B.6703<br>W zbiorach Muzeum Okr\u0119gowego w Lesznie od 1994 roku, dar<\/p>\n\n\n\n<p>D.Cz.<\/p>\n\n\n\n<figure class=\"wp-block-embed is-type-video is-provider-youtube wp-block-embed-youtube wp-embed-aspect-16-9 wp-has-aspect-ratio\"><div class=\"wp-block-embed__wrapper\">\n<iframe title=\"Paw\u0142owice  Towarzystwo Gimnastyczne \u201eSok\u00f3\u0142\u201d, 1930 rok\" width=\"620\" height=\"349\" src=\"https:\/\/www.youtube.com\/embed\/0ASMF88MMlw?feature=oembed\" frameborder=\"0\" allow=\"accelerometer; autoplay; clipboard-write; encrypted-media; gyroscope; picture-in-picture; web-share\" referrerpolicy=\"strict-origin-when-cross-origin\" allowfullscreen><\/iframe>\n<\/div><\/figure>\n","protected":false},"excerpt":{"rendered":"<p>Gniazdo Towarzystwa Gimnastycznego \u201eSok\u00f3\u0142\u201d w Paw\u0142owicach powsta\u0142o w okresie 20-lecia mi\u0119dzywojennego. Podobnie jak w s\u0105siednich miejscowo\u015bciach druhowie organizowali pokazy sportowe i anga\u017cowali si\u0119 w dzia\u0142alno\u015b\u0107 kulturaln\u0105. Uczestniczyli w&#8230;<\/p>\n","protected":false},"author":1,"featured_media":634,"comment_status":"closed","ping_status":"closed","sticky":false,"template":"","format":"standard","meta":{"cybocfi_hide_featured_image":"yes","footnotes":""},"categories":[240],"tags":[94,439,435,201,436,215,437,364,409,432,433,438,291],"class_list":["post-633","post","type-post","status-publish","format-standard","has-post-thumbnail","hentry","category-pawlowice","tag-94","tag-ciezarek-gimnastyczny","tag-czapka","tag-fotografia-grupowa","tag-marynarka","tag-miedzywojnie","tag-odznaczenie","tag-pawlowice","tag-piorko","tag-pokazy-sportowe","tag-polski-czerwony-krzyz","tag-sokol","tag-towarzystwo-gimnastyczne-sokol"],"yoast_head":"<!-- This site is optimized with the Yoast SEO plugin v27.5 - https:\/\/yoast.com\/product\/yoast-seo-wordpress\/ -->\n<title>Paw\u0142owice. Towarzystwo Gimnastyczne \u201eSok\u00f3\u0142\u201d, 1930 rok - Ludzie i krajobrazy. Powiat Leszczy\u0144ski w ikonografii<\/title>\n<meta name=\"robots\" content=\"index, follow, max-snippet:-1, max-image-preview:large, max-video-preview:-1\" \/>\n<link rel=\"canonical\" href=\"http:\/\/ludzieikrajobrazy.muzeumleszno.pl\/?p=633\" \/>\n<meta property=\"og:locale\" content=\"pl_PL\" \/>\n<meta property=\"og:type\" content=\"article\" \/>\n<meta property=\"og:title\" content=\"Paw\u0142owice. Towarzystwo Gimnastyczne \u201eSok\u00f3\u0142\u201d, 1930 rok - Ludzie i krajobrazy. Powiat Leszczy\u0144ski w ikonografii\" \/>\n<meta property=\"og:description\" content=\"Gniazdo Towarzystwa Gimnastycznego \u201eSok\u00f3\u0142\u201d w Paw\u0142owicach powsta\u0142o w okresie 20-lecia mi\u0119dzywojennego. Podobnie jak w s\u0105siednich miejscowo\u015bciach druhowie organizowali pokazy sportowe i anga\u017cowali si\u0119 w dzia\u0142alno\u015b\u0107 kulturaln\u0105. Uczestniczyli w...\" \/>\n<meta property=\"og:url\" content=\"http:\/\/ludzieikrajobrazy.muzeumleszno.pl\/?p=633\" \/>\n<meta property=\"og:site_name\" content=\"Ludzie i krajobrazy. Powiat Leszczy\u0144ski w ikonografii\" \/>\n<meta property=\"article:published_time\" content=\"2024-07-02T09:55:40+00:00\" \/>\n<meta property=\"article:modified_time\" content=\"2024-09-26T10:48:08+00:00\" \/>\n<meta property=\"og:image\" content=\"http:\/\/ludzieikrajobrazy.muzeumleszno.pl\/wp-content\/uploads\/2024\/07\/124_B.6703-scaled.jpg\" \/>\n\t<meta property=\"og:image:width\" content=\"2560\" \/>\n\t<meta property=\"og:image:height\" content=\"1588\" \/>\n\t<meta property=\"og:image:type\" content=\"image\/jpeg\" \/>\n<meta name=\"author\" content=\"Pan_Admin\" \/>\n<meta name=\"twitter:card\" content=\"summary_large_image\" \/>\n<meta name=\"twitter:label1\" content=\"Napisane przez\" \/>\n\t<meta name=\"twitter:data1\" content=\"Pan_Admin\" \/>\n\t<meta name=\"twitter:label2\" content=\"Szacowany czas czytania\" \/>\n\t<meta name=\"twitter:data2\" content=\"2 minuty\" \/>\n<script type=\"application\/ld+json\" class=\"yoast-schema-graph\">{\"@context\":\"https:\\\/\\\/schema.org\",\"@graph\":[{\"@type\":\"Article\",\"@id\":\"http:\\\/\\\/ludzieikrajobrazy.muzeumleszno.pl\\\/?p=633#article\",\"isPartOf\":{\"@id\":\"http:\\\/\\\/ludzieikrajobrazy.muzeumleszno.pl\\\/?p=633\"},\"author\":{\"name\":\"Pan_Admin\",\"@id\":\"https:\\\/\\\/ludzieikrajobrazy.muzeumleszno.pl\\\/#\\\/schema\\\/person\\\/fc2bc20e2b51efc3202ac1f0cdcd06c0\"},\"headline\":\"Paw\u0142owice. Towarzystwo Gimnastyczne \u201eSok\u00f3\u0142\u201d, 1930 rok\",\"datePublished\":\"2024-07-02T09:55:40+00:00\",\"dateModified\":\"2024-09-26T10:48:08+00:00\",\"mainEntityOfPage\":{\"@id\":\"http:\\\/\\\/ludzieikrajobrazy.muzeumleszno.pl\\\/?p=633\"},\"wordCount\":165,\"image\":{\"@id\":\"http:\\\/\\\/ludzieikrajobrazy.muzeumleszno.pl\\\/?p=633#primaryimage\"},\"thumbnailUrl\":\"http:\\\/\\\/ludzieikrajobrazy.muzeumleszno.pl\\\/wp-content\\\/uploads\\\/2024\\\/07\\\/124_B.6703-scaled.jpg\",\"keywords\":[\"1930\",\"ci\u0119\u017carek gimnastyczny\",\"czapka\",\"fotografia grupowa\",\"marynarka\",\"mi\u0119dzywojnie\",\"odznaczenie\",\"Paw\u0142owice\",\"pi\u00f3rko\",\"pokazy sportowe\",\"Polski Czerwony Krzy\u017c\",\"sok\u00f3\u0142\",\"Towarzystwo Gimnastyczne \u201eSok\u00f3\u0142\u201d\"],\"articleSection\":[\"Paw\u0142owice\"],\"inLanguage\":\"pl-PL\"},{\"@type\":\"WebPage\",\"@id\":\"http:\\\/\\\/ludzieikrajobrazy.muzeumleszno.pl\\\/?p=633\",\"url\":\"http:\\\/\\\/ludzieikrajobrazy.muzeumleszno.pl\\\/?p=633\",\"name\":\"Paw\u0142owice. Towarzystwo Gimnastyczne \u201eSok\u00f3\u0142\u201d, 1930 rok - Ludzie i krajobrazy. Powiat Leszczy\u0144ski w ikonografii\",\"isPartOf\":{\"@id\":\"https:\\\/\\\/ludzieikrajobrazy.muzeumleszno.pl\\\/#website\"},\"primaryImageOfPage\":{\"@id\":\"http:\\\/\\\/ludzieikrajobrazy.muzeumleszno.pl\\\/?p=633#primaryimage\"},\"image\":{\"@id\":\"http:\\\/\\\/ludzieikrajobrazy.muzeumleszno.pl\\\/?p=633#primaryimage\"},\"thumbnailUrl\":\"http:\\\/\\\/ludzieikrajobrazy.muzeumleszno.pl\\\/wp-content\\\/uploads\\\/2024\\\/07\\\/124_B.6703-scaled.jpg\",\"datePublished\":\"2024-07-02T09:55:40+00:00\",\"dateModified\":\"2024-09-26T10:48:08+00:00\",\"author\":{\"@id\":\"https:\\\/\\\/ludzieikrajobrazy.muzeumleszno.pl\\\/#\\\/schema\\\/person\\\/fc2bc20e2b51efc3202ac1f0cdcd06c0\"},\"breadcrumb\":{\"@id\":\"http:\\\/\\\/ludzieikrajobrazy.muzeumleszno.pl\\\/?p=633#breadcrumb\"},\"inLanguage\":\"pl-PL\",\"potentialAction\":[{\"@type\":\"ReadAction\",\"target\":[\"http:\\\/\\\/ludzieikrajobrazy.muzeumleszno.pl\\\/?p=633\"]}]},{\"@type\":\"BreadcrumbList\",\"@id\":\"http:\\\/\\\/ludzieikrajobrazy.muzeumleszno.pl\\\/?p=633#breadcrumb\",\"itemListElement\":[{\"@type\":\"ListItem\",\"position\":1,\"name\":\"Home\",\"item\":\"https:\\\/\\\/ludzieikrajobrazy.muzeumleszno.pl\\\/\"},{\"@type\":\"ListItem\",\"position\":2,\"name\":\"Paw\u0142owice. Towarzystwo Gimnastyczne \u201eSok\u00f3\u0142\u201d, 1930 rok\"}]},{\"@type\":\"WebSite\",\"@id\":\"https:\\\/\\\/ludzieikrajobrazy.muzeumleszno.pl\\\/#website\",\"url\":\"https:\\\/\\\/ludzieikrajobrazy.muzeumleszno.pl\\\/\",\"name\":\"Ludzie i krajobrazy. Powiat Leszczy\u0144ski w ikonografii\",\"description\":\"Powiat Leszczy\u0144ski w ikonografii\",\"potentialAction\":[{\"@type\":\"SearchAction\",\"target\":{\"@type\":\"EntryPoint\",\"urlTemplate\":\"https:\\\/\\\/ludzieikrajobrazy.muzeumleszno.pl\\\/?s={search_term_string}\"},\"query-input\":{\"@type\":\"PropertyValueSpecification\",\"valueRequired\":true,\"valueName\":\"search_term_string\"}}],\"inLanguage\":\"pl-PL\"},{\"@type\":\"Person\",\"@id\":\"https:\\\/\\\/ludzieikrajobrazy.muzeumleszno.pl\\\/#\\\/schema\\\/person\\\/fc2bc20e2b51efc3202ac1f0cdcd06c0\",\"name\":\"Pan_Admin\",\"image\":{\"@type\":\"ImageObject\",\"inLanguage\":\"pl-PL\",\"@id\":\"https:\\\/\\\/secure.gravatar.com\\\/avatar\\\/d109d485abe889ecc32dbdb971b715ad9d4596bd0e2353626451db3e04099822?s=96&d=mm&r=g\",\"url\":\"https:\\\/\\\/secure.gravatar.com\\\/avatar\\\/d109d485abe889ecc32dbdb971b715ad9d4596bd0e2353626451db3e04099822?s=96&d=mm&r=g\",\"contentUrl\":\"https:\\\/\\\/secure.gravatar.com\\\/avatar\\\/d109d485abe889ecc32dbdb971b715ad9d4596bd0e2353626451db3e04099822?s=96&d=mm&r=g\",\"caption\":\"Pan_Admin\"},\"sameAs\":[\"http:\\\/\\\/ludzieikrajobrazy.muzeumleszno.pl\"],\"url\":\"http:\\\/\\\/ludzieikrajobrazy.muzeumleszno.pl\\\/?author=1\"}]}<\/script>\n<!-- \/ Yoast SEO plugin. -->","yoast_head_json":{"title":"Paw\u0142owice. Towarzystwo Gimnastyczne \u201eSok\u00f3\u0142\u201d, 1930 rok - Ludzie i krajobrazy. Powiat Leszczy\u0144ski w ikonografii","robots":{"index":"index","follow":"follow","max-snippet":"max-snippet:-1","max-image-preview":"max-image-preview:large","max-video-preview":"max-video-preview:-1"},"canonical":"http:\/\/ludzieikrajobrazy.muzeumleszno.pl\/?p=633","og_locale":"pl_PL","og_type":"article","og_title":"Paw\u0142owice. Towarzystwo Gimnastyczne \u201eSok\u00f3\u0142\u201d, 1930 rok - Ludzie i krajobrazy. Powiat Leszczy\u0144ski w ikonografii","og_description":"Gniazdo Towarzystwa Gimnastycznego \u201eSok\u00f3\u0142\u201d w Paw\u0142owicach powsta\u0142o w okresie 20-lecia mi\u0119dzywojennego. Podobnie jak w s\u0105siednich miejscowo\u015bciach druhowie organizowali pokazy sportowe i anga\u017cowali si\u0119 w dzia\u0142alno\u015b\u0107 kulturaln\u0105. Uczestniczyli w...","og_url":"http:\/\/ludzieikrajobrazy.muzeumleszno.pl\/?p=633","og_site_name":"Ludzie i krajobrazy. Powiat Leszczy\u0144ski w ikonografii","article_published_time":"2024-07-02T09:55:40+00:00","article_modified_time":"2024-09-26T10:48:08+00:00","og_image":[{"width":2560,"height":1588,"url":"http:\/\/ludzieikrajobrazy.muzeumleszno.pl\/wp-content\/uploads\/2024\/07\/124_B.6703-scaled.jpg","type":"image\/jpeg"}],"author":"Pan_Admin","twitter_card":"summary_large_image","twitter_misc":{"Napisane przez":"Pan_Admin","Szacowany czas czytania":"2 minuty"},"schema":{"@context":"https:\/\/schema.org","@graph":[{"@type":"Article","@id":"http:\/\/ludzieikrajobrazy.muzeumleszno.pl\/?p=633#article","isPartOf":{"@id":"http:\/\/ludzieikrajobrazy.muzeumleszno.pl\/?p=633"},"author":{"name":"Pan_Admin","@id":"https:\/\/ludzieikrajobrazy.muzeumleszno.pl\/#\/schema\/person\/fc2bc20e2b51efc3202ac1f0cdcd06c0"},"headline":"Paw\u0142owice. Towarzystwo Gimnastyczne \u201eSok\u00f3\u0142\u201d, 1930 rok","datePublished":"2024-07-02T09:55:40+00:00","dateModified":"2024-09-26T10:48:08+00:00","mainEntityOfPage":{"@id":"http:\/\/ludzieikrajobrazy.muzeumleszno.pl\/?p=633"},"wordCount":165,"image":{"@id":"http:\/\/ludzieikrajobrazy.muzeumleszno.pl\/?p=633#primaryimage"},"thumbnailUrl":"http:\/\/ludzieikrajobrazy.muzeumleszno.pl\/wp-content\/uploads\/2024\/07\/124_B.6703-scaled.jpg","keywords":["1930","ci\u0119\u017carek gimnastyczny","czapka","fotografia grupowa","marynarka","mi\u0119dzywojnie","odznaczenie","Paw\u0142owice","pi\u00f3rko","pokazy sportowe","Polski Czerwony Krzy\u017c","sok\u00f3\u0142","Towarzystwo Gimnastyczne \u201eSok\u00f3\u0142\u201d"],"articleSection":["Paw\u0142owice"],"inLanguage":"pl-PL"},{"@type":"WebPage","@id":"http:\/\/ludzieikrajobrazy.muzeumleszno.pl\/?p=633","url":"http:\/\/ludzieikrajobrazy.muzeumleszno.pl\/?p=633","name":"Paw\u0142owice. Towarzystwo Gimnastyczne \u201eSok\u00f3\u0142\u201d, 1930 rok - Ludzie i krajobrazy. Powiat Leszczy\u0144ski w ikonografii","isPartOf":{"@id":"https:\/\/ludzieikrajobrazy.muzeumleszno.pl\/#website"},"primaryImageOfPage":{"@id":"http:\/\/ludzieikrajobrazy.muzeumleszno.pl\/?p=633#primaryimage"},"image":{"@id":"http:\/\/ludzieikrajobrazy.muzeumleszno.pl\/?p=633#primaryimage"},"thumbnailUrl":"http:\/\/ludzieikrajobrazy.muzeumleszno.pl\/wp-content\/uploads\/2024\/07\/124_B.6703-scaled.jpg","datePublished":"2024-07-02T09:55:40+00:00","dateModified":"2024-09-26T10:48:08+00:00","author":{"@id":"https:\/\/ludzieikrajobrazy.muzeumleszno.pl\/#\/schema\/person\/fc2bc20e2b51efc3202ac1f0cdcd06c0"},"breadcrumb":{"@id":"http:\/\/ludzieikrajobrazy.muzeumleszno.pl\/?p=633#breadcrumb"},"inLanguage":"pl-PL","potentialAction":[{"@type":"ReadAction","target":["http:\/\/ludzieikrajobrazy.muzeumleszno.pl\/?p=633"]}]},{"@type":"BreadcrumbList","@id":"http:\/\/ludzieikrajobrazy.muzeumleszno.pl\/?p=633#breadcrumb","itemListElement":[{"@type":"ListItem","position":1,"name":"Home","item":"https:\/\/ludzieikrajobrazy.muzeumleszno.pl\/"},{"@type":"ListItem","position":2,"name":"Paw\u0142owice. Towarzystwo Gimnastyczne \u201eSok\u00f3\u0142\u201d, 1930 rok"}]},{"@type":"WebSite","@id":"https:\/\/ludzieikrajobrazy.muzeumleszno.pl\/#website","url":"https:\/\/ludzieikrajobrazy.muzeumleszno.pl\/","name":"Ludzie i krajobrazy. Powiat Leszczy\u0144ski w ikonografii","description":"Powiat Leszczy\u0144ski w ikonografii","potentialAction":[{"@type":"SearchAction","target":{"@type":"EntryPoint","urlTemplate":"https:\/\/ludzieikrajobrazy.muzeumleszno.pl\/?s={search_term_string}"},"query-input":{"@type":"PropertyValueSpecification","valueRequired":true,"valueName":"search_term_string"}}],"inLanguage":"pl-PL"},{"@type":"Person","@id":"https:\/\/ludzieikrajobrazy.muzeumleszno.pl\/#\/schema\/person\/fc2bc20e2b51efc3202ac1f0cdcd06c0","name":"Pan_Admin","image":{"@type":"ImageObject","inLanguage":"pl-PL","@id":"https:\/\/secure.gravatar.com\/avatar\/d109d485abe889ecc32dbdb971b715ad9d4596bd0e2353626451db3e04099822?s=96&d=mm&r=g","url":"https:\/\/secure.gravatar.com\/avatar\/d109d485abe889ecc32dbdb971b715ad9d4596bd0e2353626451db3e04099822?s=96&d=mm&r=g","contentUrl":"https:\/\/secure.gravatar.com\/avatar\/d109d485abe889ecc32dbdb971b715ad9d4596bd0e2353626451db3e04099822?s=96&d=mm&r=g","caption":"Pan_Admin"},"sameAs":["http:\/\/ludzieikrajobrazy.muzeumleszno.pl"],"url":"http:\/\/ludzieikrajobrazy.muzeumleszno.pl\/?author=1"}]}},"_links":{"self":[{"href":"http:\/\/ludzieikrajobrazy.muzeumleszno.pl\/index.php?rest_route=\/wp\/v2\/posts\/633","targetHints":{"allow":["GET"]}}],"collection":[{"href":"http:\/\/ludzieikrajobrazy.muzeumleszno.pl\/index.php?rest_route=\/wp\/v2\/posts"}],"about":[{"href":"http:\/\/ludzieikrajobrazy.muzeumleszno.pl\/index.php?rest_route=\/wp\/v2\/types\/post"}],"author":[{"embeddable":true,"href":"http:\/\/ludzieikrajobrazy.muzeumleszno.pl\/index.php?rest_route=\/wp\/v2\/users\/1"}],"replies":[{"embeddable":true,"href":"http:\/\/ludzieikrajobrazy.muzeumleszno.pl\/index.php?rest_route=%2Fwp%2Fv2%2Fcomments&post=633"}],"version-history":[{"count":2,"href":"http:\/\/ludzieikrajobrazy.muzeumleszno.pl\/index.php?rest_route=\/wp\/v2\/posts\/633\/revisions"}],"predecessor-version":[{"id":1287,"href":"http:\/\/ludzieikrajobrazy.muzeumleszno.pl\/index.php?rest_route=\/wp\/v2\/posts\/633\/revisions\/1287"}],"wp:featuredmedia":[{"embeddable":true,"href":"http:\/\/ludzieikrajobrazy.muzeumleszno.pl\/index.php?rest_route=\/wp\/v2\/media\/634"}],"wp:attachment":[{"href":"http:\/\/ludzieikrajobrazy.muzeumleszno.pl\/index.php?rest_route=%2Fwp%2Fv2%2Fmedia&parent=633"}],"wp:term":[{"taxonomy":"category","embeddable":true,"href":"http:\/\/ludzieikrajobrazy.muzeumleszno.pl\/index.php?rest_route=%2Fwp%2Fv2%2Fcategories&post=633"},{"taxonomy":"post_tag","embeddable":true,"href":"http:\/\/ludzieikrajobrazy.muzeumleszno.pl\/index.php?rest_route=%2Fwp%2Fv2%2Ftags&post=633"}],"curies":[{"name":"wp","href":"https:\/\/api.w.org\/{rel}","templated":true}]}}