{"id":643,"date":"2024-07-01T12:00:26","date_gmt":"2024-07-01T10:00:26","guid":{"rendered":"http:\/\/ludzieikrajobrazy.muzeumleszno.pl\/?p=643"},"modified":"2024-09-26T12:59:32","modified_gmt":"2024-09-26T10:59:32","slug":"popowo-wonieskie-zbiorka-zolnierzy-po-cwiczeniach-1937-rok","status":"publish","type":"post","link":"http:\/\/ludzieikrajobrazy.muzeumleszno.pl\/?p=643","title":{"rendered":"Popowo Wonieskie. Zbi\u00f3rka \u017co\u0142nierzy po \u0107wiczeniach, 1937 rok"},"content":{"rendered":"\n<p>Najwa\u017cniejszym celem szkolenia wojskowego jest przygotowanie \u017co\u0142nierzy do warunk\u00f3w wojennych. W czasach II Rzeczypospolitej, w obliczu sta\u0142ego zagro\u017cenia ze strony s\u0105siad\u00f3w, pozycja armii by\u0142a bardzo wysoka. Polityka wojskowa tego okresu pos\u0142ugiwa\u0142a si\u0119 r\u00f3\u017cnymi tre\u015bciami motywuj\u0105cymi obywateli, jednym z nich by\u0142o has\u0142o \u201eNar\u00f3d pod broni\u0105\u201d. Planowano nie tylko sta\u0142y rozw\u00f3j poszczeg\u00f3lnych rodzaj\u00f3w wojsk (l\u0105dowych, lotnictwa, marynarki), ale tak\u017ce szkolenie rezerw i anga\u017cowanie mieszka\u0144c\u00f3w do s\u0142u\u017cb pomocniczych. Wszystko dla podniesienia obronno\u015bci kraju i budowania morale narodu. Przysposobienie wojskowe i przygotowanie wojenne ca\u0142ego spo\u0142ecze\u0144stwa sta\u0142o si\u0119 w wielu przypadkach odpowiedzi\u0105 na brak \u015brodk\u00f3w finansowych i zap\u00f3\u017anienie techniczne polskiej armii.&nbsp;<\/p>\n\n\n\n<p>\u017bo\u0142nierze garnizonu leszczy\u0144skiego, podobnie jak innych jednostek wojskowych w Polsce, wyje\u017cd\u017cali na poligony, brali udzia\u0142 w \u0107wiczeniach, kursach oraz zaj\u0119ciach podnosz\u0105cych ich kwalifikacje. Jednym z takich szkole\u0144 by\u0142y manewry zorganizowane we wrze\u015bniu 1937 roku na obszarze Leszno-Ko\u015bcian-\u015arem. Wsp\u00f3\u0142dzia\u0142a\u0142y w nich oba stacjonuj\u0105ce w mie\u015bcie pu\u0142ki: 17 pu\u0142k u\u0142an\u00f3w i 55 pozna\u0144ski pu\u0142k piechoty.&nbsp;<\/p>\n\n\n\n<figure data-wp-context=\"{&quot;imageId&quot;:&quot;69f1cb8531eba&quot;}\" data-wp-interactive=\"core\/image\" data-wp-key=\"69f1cb8531eba\" class=\"wp-block-image size-full wp-lightbox-container\"><img fetchpriority=\"high\" decoding=\"async\" width=\"2560\" height=\"1588\" data-wp-class--hide=\"state.isContentHidden\" data-wp-class--show=\"state.isContentVisible\" data-wp-init=\"callbacks.setButtonStyles\" data-wp-on--click=\"actions.showLightbox\" data-wp-on--load=\"callbacks.setButtonStyles\" data-wp-on-window--resize=\"callbacks.setButtonStyles\" src=\"http:\/\/ludzieikrajobrazy.muzeumleszno.pl\/wp-content\/uploads\/2024\/07\/127_MLFa-2126-scaled.jpg\" alt=\"Popowo Wonieskie. Zbi\u00f3rka \u017co\u0142nierzy po \u0107wiczeniach, 1937 rok\" class=\"wp-image-644\" srcset=\"http:\/\/ludzieikrajobrazy.muzeumleszno.pl\/wp-content\/uploads\/2024\/07\/127_MLFa-2126-scaled.jpg 2560w, http:\/\/ludzieikrajobrazy.muzeumleszno.pl\/wp-content\/uploads\/2024\/07\/127_MLFa-2126-1536x953.jpg 1536w, http:\/\/ludzieikrajobrazy.muzeumleszno.pl\/wp-content\/uploads\/2024\/07\/127_MLFa-2126-2048x1270.jpg 2048w, http:\/\/ludzieikrajobrazy.muzeumleszno.pl\/wp-content\/uploads\/2024\/07\/127_MLFa-2126-200x124.jpg 200w, http:\/\/ludzieikrajobrazy.muzeumleszno.pl\/wp-content\/uploads\/2024\/07\/127_MLFa-2126-973x604.jpg 973w, http:\/\/ludzieikrajobrazy.muzeumleszno.pl\/wp-content\/uploads\/2024\/07\/127_MLFa-2126-508x315.jpg 508w\" sizes=\"(max-width: 2560px) 100vw, 2560px\" \/><button\n\t\t\tclass=\"lightbox-trigger\"\n\t\t\ttype=\"button\"\n\t\t\taria-haspopup=\"dialog\"\n\t\t\taria-label=\"Powi\u0119ksz\"\n\t\t\tdata-wp-init=\"callbacks.initTriggerButton\"\n\t\t\tdata-wp-on--click=\"actions.showLightbox\"\n\t\t\tdata-wp-style--right=\"state.imageButtonRight\"\n\t\t\tdata-wp-style--top=\"state.imageButtonTop\"\n\t\t>\n\t\t\t<svg xmlns=\"http:\/\/www.w3.org\/2000\/svg\" width=\"12\" height=\"12\" fill=\"none\" viewBox=\"0 0 12 12\">\n\t\t\t\t<path fill=\"#fff\" d=\"M2 0a2 2 0 0 0-2 2v2h1.5V2a.5.5 0 0 1 .5-.5h2V0H2Zm2 10.5H2a.5.5 0 0 1-.5-.5V8H0v2a2 2 0 0 0 2 2h2v-1.5ZM8 12v-1.5h2a.5.5 0 0 0 .5-.5V8H12v2a2 2 0 0 1-2 2H8Zm2-12a2 2 0 0 1 2 2v2h-1.5V2a.5.5 0 0 0-.5-.5H8V0h2Z\" \/>\n\t\t\t<\/svg>\n\t\t<\/button><figcaption class=\"wp-element-caption\">Popowo Wonieskie. Zbi\u00f3rka \u017co\u0142nierzy po \u0107wiczeniach, 1937 rok, wys. 9 cm x szer. 13,7 cm; odbitka srebrowo-\u017celatynowa, papier fotograficzny, 1937 rok; Muzeum Okr\u0119gowe w Lesznie; MLFa2126<\/figcaption><\/figure>\n\n\n\n<p class=\"has-small-font-size\">nr inw. MLFa 2126<br>W zbiorach Muzeum Okr\u0119gowego w Lesznie od 2010 roku, dar<\/p>\n\n\n\n<p>D.Cz.<\/p>\n\n\n\n<figure class=\"wp-block-embed is-type-video is-provider-youtube wp-block-embed-youtube wp-embed-aspect-16-9 wp-has-aspect-ratio\"><div class=\"wp-block-embed__wrapper\">\n<iframe title=\"Popowo Wonieskie  Zbi\u00f3rka \u017co\u0142nierzy po \u0107wiczeniach, 1937 rok\" width=\"620\" height=\"349\" src=\"https:\/\/www.youtube.com\/embed\/ruQe3XI6DxI?feature=oembed\" frameborder=\"0\" allow=\"accelerometer; autoplay; clipboard-write; encrypted-media; gyroscope; picture-in-picture; web-share\" referrerpolicy=\"strict-origin-when-cross-origin\" allowfullscreen><\/iframe>\n<\/div><\/figure>\n","protected":false},"excerpt":{"rendered":"<p>Najwa\u017cniejszym celem szkolenia wojskowego jest przygotowanie \u017co\u0142nierzy do warunk\u00f3w wojennych. W czasach II Rzeczypospolitej, w obliczu sta\u0142ego zagro\u017cenia ze strony s\u0105siad\u00f3w, pozycja armii by\u0142a bardzo wysoka. Polityka wojskowa&#8230;<\/p>\n","protected":false},"author":1,"featured_media":644,"comment_status":"closed","ping_status":"closed","sticky":false,"template":"","format":"standard","meta":{"cybocfi_hide_featured_image":"yes","footnotes":""},"categories":[313],"tags":[469,459,461,201,464,232,467,357,466,465,457,463,462,468,453,458],"class_list":["post-643","post","type-post","status-publish","format-standard","has-post-thumbnail","hentry","category-popowo-wonieskie","tag-17-pulk-ulanow","tag-459","tag-cwiczenia","tag-fotografia-grupowa","tag-garnizon-leszczynski","tag-ii-rzeczpospolita","tag-koscian","tag-leszno","tag-manewry","tag-poligon","tag-popowo-wonieskie","tag-przygotowanie-wojenne","tag-przysposobienie-wojskowe","tag-srem","tag-szkolenia","tag-zbiorka-zolnierzy"],"yoast_head":"<!-- This site is optimized with the Yoast SEO plugin v27.5 - https:\/\/yoast.com\/product\/yoast-seo-wordpress\/ -->\n<title>Popowo Wonieskie. Zbi\u00f3rka \u017co\u0142nierzy po \u0107wiczeniach, 1937 rok - Ludzie i krajobrazy. Powiat Leszczy\u0144ski w ikonografii<\/title>\n<meta name=\"robots\" content=\"index, follow, max-snippet:-1, max-image-preview:large, max-video-preview:-1\" \/>\n<link rel=\"canonical\" href=\"http:\/\/ludzieikrajobrazy.muzeumleszno.pl\/?p=643\" \/>\n<meta property=\"og:locale\" content=\"pl_PL\" \/>\n<meta property=\"og:type\" content=\"article\" \/>\n<meta property=\"og:title\" content=\"Popowo Wonieskie. Zbi\u00f3rka \u017co\u0142nierzy po \u0107wiczeniach, 1937 rok - Ludzie i krajobrazy. Powiat Leszczy\u0144ski w ikonografii\" \/>\n<meta property=\"og:description\" content=\"Najwa\u017cniejszym celem szkolenia wojskowego jest przygotowanie \u017co\u0142nierzy do warunk\u00f3w wojennych. W czasach II Rzeczypospolitej, w obliczu sta\u0142ego zagro\u017cenia ze strony s\u0105siad\u00f3w, pozycja armii by\u0142a bardzo wysoka. Polityka wojskowa...\" \/>\n<meta property=\"og:url\" content=\"http:\/\/ludzieikrajobrazy.muzeumleszno.pl\/?p=643\" \/>\n<meta property=\"og:site_name\" content=\"Ludzie i krajobrazy. Powiat Leszczy\u0144ski w ikonografii\" \/>\n<meta property=\"article:published_time\" content=\"2024-07-01T10:00:26+00:00\" \/>\n<meta property=\"article:modified_time\" content=\"2024-09-26T10:59:32+00:00\" \/>\n<meta property=\"og:image\" content=\"http:\/\/ludzieikrajobrazy.muzeumleszno.pl\/wp-content\/uploads\/2024\/07\/127_MLFa-2126-scaled.jpg\" \/>\n\t<meta property=\"og:image:width\" content=\"2560\" \/>\n\t<meta property=\"og:image:height\" content=\"1588\" \/>\n\t<meta property=\"og:image:type\" content=\"image\/jpeg\" \/>\n<meta name=\"author\" content=\"Pan_Admin\" \/>\n<meta name=\"twitter:card\" content=\"summary_large_image\" \/>\n<meta name=\"twitter:label1\" content=\"Napisane przez\" \/>\n\t<meta name=\"twitter:data1\" content=\"Pan_Admin\" \/>\n\t<meta name=\"twitter:label2\" content=\"Szacowany czas czytania\" \/>\n\t<meta name=\"twitter:data2\" content=\"2 minuty\" \/>\n<script type=\"application\/ld+json\" class=\"yoast-schema-graph\">{\"@context\":\"https:\\\/\\\/schema.org\",\"@graph\":[{\"@type\":\"Article\",\"@id\":\"http:\\\/\\\/ludzieikrajobrazy.muzeumleszno.pl\\\/?p=643#article\",\"isPartOf\":{\"@id\":\"http:\\\/\\\/ludzieikrajobrazy.muzeumleszno.pl\\\/?p=643\"},\"author\":{\"name\":\"Pan_Admin\",\"@id\":\"https:\\\/\\\/ludzieikrajobrazy.muzeumleszno.pl\\\/#\\\/schema\\\/person\\\/fc2bc20e2b51efc3202ac1f0cdcd06c0\"},\"headline\":\"Popowo Wonieskie. Zbi\u00f3rka \u017co\u0142nierzy po \u0107wiczeniach, 1937 rok\",\"datePublished\":\"2024-07-01T10:00:26+00:00\",\"dateModified\":\"2024-09-26T10:59:32+00:00\",\"mainEntityOfPage\":{\"@id\":\"http:\\\/\\\/ludzieikrajobrazy.muzeumleszno.pl\\\/?p=643\"},\"wordCount\":259,\"image\":{\"@id\":\"http:\\\/\\\/ludzieikrajobrazy.muzeumleszno.pl\\\/?p=643#primaryimage\"},\"thumbnailUrl\":\"http:\\\/\\\/ludzieikrajobrazy.muzeumleszno.pl\\\/wp-content\\\/uploads\\\/2024\\\/07\\\/127_MLFa-2126-scaled.jpg\",\"keywords\":[\"17 pu\u0142k u\u0142an\u00f3w\",\"1937\",\"\u0107wiczenia\",\"fotografia grupowa\",\"garnizon leszczy\u0144ski\",\"II Rzeczpospolita\",\"Ko\u015bcian\",\"Leszno\",\"manewry\",\"poligon\",\"Popowo Wonieskie\",\"przygotowanie wojenne\",\"przysposobienie wojskowe\",\"\u015arem\",\"szkolenia\",\"zbi\u00f3rka \u017co\u0142nierzy\"],\"articleSection\":[\"Popowo Wonieskie\"],\"inLanguage\":\"pl-PL\"},{\"@type\":\"WebPage\",\"@id\":\"http:\\\/\\\/ludzieikrajobrazy.muzeumleszno.pl\\\/?p=643\",\"url\":\"http:\\\/\\\/ludzieikrajobrazy.muzeumleszno.pl\\\/?p=643\",\"name\":\"Popowo Wonieskie. Zbi\u00f3rka \u017co\u0142nierzy po \u0107wiczeniach, 1937 rok - Ludzie i krajobrazy. Powiat Leszczy\u0144ski w ikonografii\",\"isPartOf\":{\"@id\":\"https:\\\/\\\/ludzieikrajobrazy.muzeumleszno.pl\\\/#website\"},\"primaryImageOfPage\":{\"@id\":\"http:\\\/\\\/ludzieikrajobrazy.muzeumleszno.pl\\\/?p=643#primaryimage\"},\"image\":{\"@id\":\"http:\\\/\\\/ludzieikrajobrazy.muzeumleszno.pl\\\/?p=643#primaryimage\"},\"thumbnailUrl\":\"http:\\\/\\\/ludzieikrajobrazy.muzeumleszno.pl\\\/wp-content\\\/uploads\\\/2024\\\/07\\\/127_MLFa-2126-scaled.jpg\",\"datePublished\":\"2024-07-01T10:00:26+00:00\",\"dateModified\":\"2024-09-26T10:59:32+00:00\",\"author\":{\"@id\":\"https:\\\/\\\/ludzieikrajobrazy.muzeumleszno.pl\\\/#\\\/schema\\\/person\\\/fc2bc20e2b51efc3202ac1f0cdcd06c0\"},\"breadcrumb\":{\"@id\":\"http:\\\/\\\/ludzieikrajobrazy.muzeumleszno.pl\\\/?p=643#breadcrumb\"},\"inLanguage\":\"pl-PL\",\"potentialAction\":[{\"@type\":\"ReadAction\",\"target\":[\"http:\\\/\\\/ludzieikrajobrazy.muzeumleszno.pl\\\/?p=643\"]}]},{\"@type\":\"BreadcrumbList\",\"@id\":\"http:\\\/\\\/ludzieikrajobrazy.muzeumleszno.pl\\\/?p=643#breadcrumb\",\"itemListElement\":[{\"@type\":\"ListItem\",\"position\":1,\"name\":\"Home\",\"item\":\"https:\\\/\\\/ludzieikrajobrazy.muzeumleszno.pl\\\/\"},{\"@type\":\"ListItem\",\"position\":2,\"name\":\"Popowo Wonieskie. Zbi\u00f3rka \u017co\u0142nierzy po \u0107wiczeniach, 1937 rok\"}]},{\"@type\":\"WebSite\",\"@id\":\"https:\\\/\\\/ludzieikrajobrazy.muzeumleszno.pl\\\/#website\",\"url\":\"https:\\\/\\\/ludzieikrajobrazy.muzeumleszno.pl\\\/\",\"name\":\"Ludzie i krajobrazy. Powiat Leszczy\u0144ski w ikonografii\",\"description\":\"Powiat Leszczy\u0144ski w ikonografii\",\"potentialAction\":[{\"@type\":\"SearchAction\",\"target\":{\"@type\":\"EntryPoint\",\"urlTemplate\":\"https:\\\/\\\/ludzieikrajobrazy.muzeumleszno.pl\\\/?s={search_term_string}\"},\"query-input\":{\"@type\":\"PropertyValueSpecification\",\"valueRequired\":true,\"valueName\":\"search_term_string\"}}],\"inLanguage\":\"pl-PL\"},{\"@type\":\"Person\",\"@id\":\"https:\\\/\\\/ludzieikrajobrazy.muzeumleszno.pl\\\/#\\\/schema\\\/person\\\/fc2bc20e2b51efc3202ac1f0cdcd06c0\",\"name\":\"Pan_Admin\",\"image\":{\"@type\":\"ImageObject\",\"inLanguage\":\"pl-PL\",\"@id\":\"https:\\\/\\\/secure.gravatar.com\\\/avatar\\\/d109d485abe889ecc32dbdb971b715ad9d4596bd0e2353626451db3e04099822?s=96&d=mm&r=g\",\"url\":\"https:\\\/\\\/secure.gravatar.com\\\/avatar\\\/d109d485abe889ecc32dbdb971b715ad9d4596bd0e2353626451db3e04099822?s=96&d=mm&r=g\",\"contentUrl\":\"https:\\\/\\\/secure.gravatar.com\\\/avatar\\\/d109d485abe889ecc32dbdb971b715ad9d4596bd0e2353626451db3e04099822?s=96&d=mm&r=g\",\"caption\":\"Pan_Admin\"},\"sameAs\":[\"http:\\\/\\\/ludzieikrajobrazy.muzeumleszno.pl\"],\"url\":\"http:\\\/\\\/ludzieikrajobrazy.muzeumleszno.pl\\\/?author=1\"}]}<\/script>\n<!-- \/ Yoast SEO plugin. -->","yoast_head_json":{"title":"Popowo Wonieskie. Zbi\u00f3rka \u017co\u0142nierzy po \u0107wiczeniach, 1937 rok - Ludzie i krajobrazy. Powiat Leszczy\u0144ski w ikonografii","robots":{"index":"index","follow":"follow","max-snippet":"max-snippet:-1","max-image-preview":"max-image-preview:large","max-video-preview":"max-video-preview:-1"},"canonical":"http:\/\/ludzieikrajobrazy.muzeumleszno.pl\/?p=643","og_locale":"pl_PL","og_type":"article","og_title":"Popowo Wonieskie. Zbi\u00f3rka \u017co\u0142nierzy po \u0107wiczeniach, 1937 rok - Ludzie i krajobrazy. Powiat Leszczy\u0144ski w ikonografii","og_description":"Najwa\u017cniejszym celem szkolenia wojskowego jest przygotowanie \u017co\u0142nierzy do warunk\u00f3w wojennych. W czasach II Rzeczypospolitej, w obliczu sta\u0142ego zagro\u017cenia ze strony s\u0105siad\u00f3w, pozycja armii by\u0142a bardzo wysoka. Polityka wojskowa...","og_url":"http:\/\/ludzieikrajobrazy.muzeumleszno.pl\/?p=643","og_site_name":"Ludzie i krajobrazy. Powiat Leszczy\u0144ski w ikonografii","article_published_time":"2024-07-01T10:00:26+00:00","article_modified_time":"2024-09-26T10:59:32+00:00","og_image":[{"width":2560,"height":1588,"url":"http:\/\/ludzieikrajobrazy.muzeumleszno.pl\/wp-content\/uploads\/2024\/07\/127_MLFa-2126-scaled.jpg","type":"image\/jpeg"}],"author":"Pan_Admin","twitter_card":"summary_large_image","twitter_misc":{"Napisane przez":"Pan_Admin","Szacowany czas czytania":"2 minuty"},"schema":{"@context":"https:\/\/schema.org","@graph":[{"@type":"Article","@id":"http:\/\/ludzieikrajobrazy.muzeumleszno.pl\/?p=643#article","isPartOf":{"@id":"http:\/\/ludzieikrajobrazy.muzeumleszno.pl\/?p=643"},"author":{"name":"Pan_Admin","@id":"https:\/\/ludzieikrajobrazy.muzeumleszno.pl\/#\/schema\/person\/fc2bc20e2b51efc3202ac1f0cdcd06c0"},"headline":"Popowo Wonieskie. Zbi\u00f3rka \u017co\u0142nierzy po \u0107wiczeniach, 1937 rok","datePublished":"2024-07-01T10:00:26+00:00","dateModified":"2024-09-26T10:59:32+00:00","mainEntityOfPage":{"@id":"http:\/\/ludzieikrajobrazy.muzeumleszno.pl\/?p=643"},"wordCount":259,"image":{"@id":"http:\/\/ludzieikrajobrazy.muzeumleszno.pl\/?p=643#primaryimage"},"thumbnailUrl":"http:\/\/ludzieikrajobrazy.muzeumleszno.pl\/wp-content\/uploads\/2024\/07\/127_MLFa-2126-scaled.jpg","keywords":["17 pu\u0142k u\u0142an\u00f3w","1937","\u0107wiczenia","fotografia grupowa","garnizon leszczy\u0144ski","II Rzeczpospolita","Ko\u015bcian","Leszno","manewry","poligon","Popowo Wonieskie","przygotowanie wojenne","przysposobienie wojskowe","\u015arem","szkolenia","zbi\u00f3rka \u017co\u0142nierzy"],"articleSection":["Popowo Wonieskie"],"inLanguage":"pl-PL"},{"@type":"WebPage","@id":"http:\/\/ludzieikrajobrazy.muzeumleszno.pl\/?p=643","url":"http:\/\/ludzieikrajobrazy.muzeumleszno.pl\/?p=643","name":"Popowo Wonieskie. Zbi\u00f3rka \u017co\u0142nierzy po \u0107wiczeniach, 1937 rok - Ludzie i krajobrazy. Powiat Leszczy\u0144ski w ikonografii","isPartOf":{"@id":"https:\/\/ludzieikrajobrazy.muzeumleszno.pl\/#website"},"primaryImageOfPage":{"@id":"http:\/\/ludzieikrajobrazy.muzeumleszno.pl\/?p=643#primaryimage"},"image":{"@id":"http:\/\/ludzieikrajobrazy.muzeumleszno.pl\/?p=643#primaryimage"},"thumbnailUrl":"http:\/\/ludzieikrajobrazy.muzeumleszno.pl\/wp-content\/uploads\/2024\/07\/127_MLFa-2126-scaled.jpg","datePublished":"2024-07-01T10:00:26+00:00","dateModified":"2024-09-26T10:59:32+00:00","author":{"@id":"https:\/\/ludzieikrajobrazy.muzeumleszno.pl\/#\/schema\/person\/fc2bc20e2b51efc3202ac1f0cdcd06c0"},"breadcrumb":{"@id":"http:\/\/ludzieikrajobrazy.muzeumleszno.pl\/?p=643#breadcrumb"},"inLanguage":"pl-PL","potentialAction":[{"@type":"ReadAction","target":["http:\/\/ludzieikrajobrazy.muzeumleszno.pl\/?p=643"]}]},{"@type":"BreadcrumbList","@id":"http:\/\/ludzieikrajobrazy.muzeumleszno.pl\/?p=643#breadcrumb","itemListElement":[{"@type":"ListItem","position":1,"name":"Home","item":"https:\/\/ludzieikrajobrazy.muzeumleszno.pl\/"},{"@type":"ListItem","position":2,"name":"Popowo Wonieskie. Zbi\u00f3rka \u017co\u0142nierzy po \u0107wiczeniach, 1937 rok"}]},{"@type":"WebSite","@id":"https:\/\/ludzieikrajobrazy.muzeumleszno.pl\/#website","url":"https:\/\/ludzieikrajobrazy.muzeumleszno.pl\/","name":"Ludzie i krajobrazy. Powiat Leszczy\u0144ski w ikonografii","description":"Powiat Leszczy\u0144ski w ikonografii","potentialAction":[{"@type":"SearchAction","target":{"@type":"EntryPoint","urlTemplate":"https:\/\/ludzieikrajobrazy.muzeumleszno.pl\/?s={search_term_string}"},"query-input":{"@type":"PropertyValueSpecification","valueRequired":true,"valueName":"search_term_string"}}],"inLanguage":"pl-PL"},{"@type":"Person","@id":"https:\/\/ludzieikrajobrazy.muzeumleszno.pl\/#\/schema\/person\/fc2bc20e2b51efc3202ac1f0cdcd06c0","name":"Pan_Admin","image":{"@type":"ImageObject","inLanguage":"pl-PL","@id":"https:\/\/secure.gravatar.com\/avatar\/d109d485abe889ecc32dbdb971b715ad9d4596bd0e2353626451db3e04099822?s=96&d=mm&r=g","url":"https:\/\/secure.gravatar.com\/avatar\/d109d485abe889ecc32dbdb971b715ad9d4596bd0e2353626451db3e04099822?s=96&d=mm&r=g","contentUrl":"https:\/\/secure.gravatar.com\/avatar\/d109d485abe889ecc32dbdb971b715ad9d4596bd0e2353626451db3e04099822?s=96&d=mm&r=g","caption":"Pan_Admin"},"sameAs":["http:\/\/ludzieikrajobrazy.muzeumleszno.pl"],"url":"http:\/\/ludzieikrajobrazy.muzeumleszno.pl\/?author=1"}]}},"_links":{"self":[{"href":"http:\/\/ludzieikrajobrazy.muzeumleszno.pl\/index.php?rest_route=\/wp\/v2\/posts\/643","targetHints":{"allow":["GET"]}}],"collection":[{"href":"http:\/\/ludzieikrajobrazy.muzeumleszno.pl\/index.php?rest_route=\/wp\/v2\/posts"}],"about":[{"href":"http:\/\/ludzieikrajobrazy.muzeumleszno.pl\/index.php?rest_route=\/wp\/v2\/types\/post"}],"author":[{"embeddable":true,"href":"http:\/\/ludzieikrajobrazy.muzeumleszno.pl\/index.php?rest_route=\/wp\/v2\/users\/1"}],"replies":[{"embeddable":true,"href":"http:\/\/ludzieikrajobrazy.muzeumleszno.pl\/index.php?rest_route=%2Fwp%2Fv2%2Fcomments&post=643"}],"version-history":[{"count":2,"href":"http:\/\/ludzieikrajobrazy.muzeumleszno.pl\/index.php?rest_route=\/wp\/v2\/posts\/643\/revisions"}],"predecessor-version":[{"id":1289,"href":"http:\/\/ludzieikrajobrazy.muzeumleszno.pl\/index.php?rest_route=\/wp\/v2\/posts\/643\/revisions\/1289"}],"wp:featuredmedia":[{"embeddable":true,"href":"http:\/\/ludzieikrajobrazy.muzeumleszno.pl\/index.php?rest_route=\/wp\/v2\/media\/644"}],"wp:attachment":[{"href":"http:\/\/ludzieikrajobrazy.muzeumleszno.pl\/index.php?rest_route=%2Fwp%2Fv2%2Fmedia&parent=643"}],"wp:term":[{"taxonomy":"category","embeddable":true,"href":"http:\/\/ludzieikrajobrazy.muzeumleszno.pl\/index.php?rest_route=%2Fwp%2Fv2%2Fcategories&post=643"},{"taxonomy":"post_tag","embeddable":true,"href":"http:\/\/ludzieikrajobrazy.muzeumleszno.pl\/index.php?rest_route=%2Fwp%2Fv2%2Ftags&post=643"}],"curies":[{"name":"wp","href":"https:\/\/api.w.org\/{rel}","templated":true}]}}