{"id":647,"date":"2024-06-30T12:00:28","date_gmt":"2024-06-30T10:00:28","guid":{"rendered":"http:\/\/ludzieikrajobrazy.muzeumleszno.pl\/?p=647"},"modified":"2024-09-26T13:12:25","modified_gmt":"2024-09-26T11:12:25","slug":"przybyszewo-pocztowka-wielotematyczna-okolo-1905-roku-leszno-photographische-aufnahme-und-verlag-von-samus-breslauer","status":"publish","type":"post","link":"http:\/\/ludzieikrajobrazy.muzeumleszno.pl\/?p=647","title":{"rendered":"Przybyszewo. Poczt\u00f3wka wielotematyczna, oko\u0142o 1905 roku, Leszno, Photographische Aufnahme und Verlag von Samus Breslauer"},"content":{"rendered":"\n<p>Poczt\u00f3wka adresowana do panny Almy Littmann z Rixdorfu k. Berlina. Wys\u0142ana m.in. przez: Met\u0119 Eckert, Mart\u0119 Kirste, Emila Michela, Bert\u0119 Krause i W. Frommmelt.<\/p>\n\n\n\n<p>Szko\u0142a w Przybyszewie by\u0142a jedn\u0105 z mniejszych szk\u00f3\u0142 w powiecie leszczy\u0144skim. W latach 1920-1923 uczy\u0142y si\u0119 w niej dzieci polskie, natomiast w szkole w Lasocicach niemieckie. Z powodu braku nauczyciela lekcje odbywa\u0142y si\u0119 trzy razy w tygodniu. W 1950 roku szko\u0142y zosta\u0142y po\u0142\u0105czone. Do Przybyszewa chodzi\u0142y dzieci z klas: III i IV. &nbsp;<\/p>\n\n\n\n<p>W ober\u017cy Friedricha Jaehnsa poza izb\u0105 szynkow\u0105 mie\u015bci\u0142y si\u0119 pokoje zajezdne oraz mieszkanie w\u0142a\u015bciciela. Na ty\u0142ach stajnia i wozownia. W XIX wieku w otoczeniu wielu karczm pojawi\u0142y si\u0119 parki i elementy ma\u0142ej architektury. W Przybyszewie dla go\u015bci przygotowano altan\u0119 ogrodow\u0105.&nbsp;<\/p>\n\n\n\n<p>Dworek w Przybyszewie przebudowano oko\u0142o 1910 roku dla nowego w\u0142a\u015bciciela Hugona Lehmanna (\u20131927). Pierwotnie miejscowo\u015b\u0107 nale\u017ca\u0142a do Przybyszewskich i Wilkowskich, a od ko\u0144ca XVIII wieku do Mycielskich. W 1859 roku maj\u0105tek przeszed\u0142 w r\u0119ce niemieckie. &nbsp;<\/p>\n\n\n\n<p>Nie wiemy nic o jako\u015bci obs\u0142ugi klient\u00f3w w sklepie Franza Palutte, ani poziomie zadowolenia os\u00f3b kupuj\u0105cych w tym sk\u0142adzie. Na zewn\u0105trz budynek wygl\u0105da jak zwyk\u0142a wiejska chata. Je\u015bli by\u0142 to jedyny sk\u0142ad w Przybyszewie, w\u0142a\u015bciciel na pewno nie przejmowa\u0142 si\u0119 reklam\u0105.&nbsp;<\/p>\n\n\n\n<p>Krajobrazowy park dworski powsta\u0142 w 2. po\u0142owie XIX wieku, w czasach, gdy maj\u0105tek nale\u017ca\u0142 do pruskiego przemys\u0142owca Bethela Henry Strousberga (1829\u20131884) lub do ksi\u0119cia Christiana Krafta von Hohenlohe-Oehringe (1848\u20131926). Do dzisiaj zachowa\u0142 si\u0119 uk\u0142ad \u015bcie\u017cek, ale drzewostan znacznie przetrzebiono.&nbsp;<\/p>\n\n\n\n<p>Budynek mieszkalny dla robotnik\u00f3w folwarcznych tzw. dwana\u015bciorak, wzniesiono na pocz\u0105tku XX wieku. W 1896 roku maj\u0105tek w Przybyszewie u\u017cytkowa\u0142 329 ha ziemi ornej, 130 ha \u0142\u0105k i 226 ha las\u00f3w. Hodowano konie, byd\u0142o i trzod\u0119 chlewn\u0105. Do dworu nale\u017ca\u0142y tak\u017ce trzy sady i wiatrak.&nbsp;<\/p>\n\n\n\n<figure data-wp-context=\"{&quot;imageId&quot;:&quot;69f1d6c491318&quot;}\" data-wp-interactive=\"core\/image\" data-wp-key=\"69f1d6c491318\" class=\"wp-block-image size-full wp-lightbox-container\"><img fetchpriority=\"high\" decoding=\"async\" width=\"2560\" height=\"1608\" data-wp-class--hide=\"state.isContentHidden\" data-wp-class--show=\"state.isContentVisible\" data-wp-init=\"callbacks.setButtonStyles\" data-wp-on--click=\"actions.showLightbox\" data-wp-on--load=\"callbacks.setButtonStyles\" data-wp-on-window--resize=\"callbacks.setButtonStyles\" src=\"http:\/\/ludzieikrajobrazy.muzeumleszno.pl\/wp-content\/uploads\/2024\/07\/128_MLH-4708-scaled.jpg\" alt=\"Pocztowka - Priebisch (Przybyszewo)\" class=\"wp-image-648\" srcset=\"http:\/\/ludzieikrajobrazy.muzeumleszno.pl\/wp-content\/uploads\/2024\/07\/128_MLH-4708-scaled.jpg 2560w, http:\/\/ludzieikrajobrazy.muzeumleszno.pl\/wp-content\/uploads\/2024\/07\/128_MLH-4708-1536x965.jpg 1536w, http:\/\/ludzieikrajobrazy.muzeumleszno.pl\/wp-content\/uploads\/2024\/07\/128_MLH-4708-2048x1286.jpg 2048w, http:\/\/ludzieikrajobrazy.muzeumleszno.pl\/wp-content\/uploads\/2024\/07\/128_MLH-4708-200x126.jpg 200w, http:\/\/ludzieikrajobrazy.muzeumleszno.pl\/wp-content\/uploads\/2024\/07\/128_MLH-4708-973x611.jpg 973w, http:\/\/ludzieikrajobrazy.muzeumleszno.pl\/wp-content\/uploads\/2024\/07\/128_MLH-4708-508x319.jpg 508w\" sizes=\"(max-width: 2560px) 100vw, 2560px\" \/><button\n\t\t\tclass=\"lightbox-trigger\"\n\t\t\ttype=\"button\"\n\t\t\taria-haspopup=\"dialog\"\n\t\t\taria-label=\"Powi\u0119ksz\"\n\t\t\tdata-wp-init=\"callbacks.initTriggerButton\"\n\t\t\tdata-wp-on--click=\"actions.showLightbox\"\n\t\t\tdata-wp-style--right=\"state.imageButtonRight\"\n\t\t\tdata-wp-style--top=\"state.imageButtonTop\"\n\t\t>\n\t\t\t<svg xmlns=\"http:\/\/www.w3.org\/2000\/svg\" width=\"12\" height=\"12\" fill=\"none\" viewBox=\"0 0 12 12\">\n\t\t\t\t<path fill=\"#fff\" d=\"M2 0a2 2 0 0 0-2 2v2h1.5V2a.5.5 0 0 1 .5-.5h2V0H2Zm2 10.5H2a.5.5 0 0 1-.5-.5V8H0v2a2 2 0 0 0 2 2h2v-1.5ZM8 12v-1.5h2a.5.5 0 0 0 .5-.5V8H12v2a2 2 0 0 1-2 2H8Zm2-12a2 2 0 0 1 2 2v2h-1.5V2a.5.5 0 0 0-.5-.5H8V0h2Z\" \/>\n\t\t\t<\/svg>\n\t\t<\/button><figcaption class=\"wp-element-caption\">Pocztowka &#8211; Priebisch (Przybyszewo), Samus Breslauer; przed 1905 r.; papier; druk; wys. 9,  szer. 14,2  cm;  Muzeum Okr\u0119gowe w Lesznie; MLH4708<\/figcaption><\/figure>\n\n\n\n<p class=\"has-small-font-size\">nr inw. MLH 4708<br>W zbiorach Muzeum Okr\u0119gowego w Lesznie od 2007 roku, zakup<\/p>\n\n\n\n<p>D.Cz.<\/p>\n\n\n\n<figure class=\"wp-block-embed is-type-video is-provider-youtube wp-block-embed-youtube wp-embed-aspect-16-9 wp-has-aspect-ratio\"><div class=\"wp-block-embed__wrapper\">\n<iframe title=\"Przybyszewo  Poczt\u00f3wka wielotematyczna, oko\u0142o 1905 roku, Leszno, Photographische Aufnahme und Verlag\" width=\"620\" height=\"349\" src=\"https:\/\/www.youtube.com\/embed\/3mFBncUJnXg?feature=oembed\" frameborder=\"0\" allow=\"accelerometer; autoplay; clipboard-write; encrypted-media; gyroscope; picture-in-picture; web-share\" referrerpolicy=\"strict-origin-when-cross-origin\" allowfullscreen><\/iframe>\n<\/div><\/figure>\n","protected":false},"excerpt":{"rendered":"<p>Poczt\u00f3wka adresowana do panny Almy Littmann z Rixdorfu k. Berlina. Wys\u0142ana m.in. przez: Met\u0119 Eckert, Mart\u0119 Kirste, Emila Michela, Bert\u0119 Krause i W. Frommmelt. Szko\u0142a w Przybyszewie by\u0142a&#8230;<\/p>\n","protected":false},"author":1,"featured_media":648,"comment_status":"closed","ping_status":"closed","sticky":false,"template":"","format":"standard","meta":{"cybocfi_hide_featured_image":"yes","footnotes":""},"categories":[321],"tags":[471,473,378,478,492,494,495,493,484,477,488,481,483,407,357,476,475,487,482,491,472,77,480,197,470,485,474,489,82,498,479,497],"class_list":["post-647","post","type-post","status-publish","format-standard","has-post-thumbnail","hentry","category-przybyszewo","tag-471","tag-alma-littmann","tag-architektura","tag-berta-krause","tag-bethel-henry-strousberg","tag-budynek-folwarczny","tag-budynek-mieszkalny","tag-christian-kraft-von-hohenlohe-oehringe","tag-dworek","tag-emil-michel","tag-franz-palutte","tag-friedrich-jaehns","tag-hugon-lehmann","tag-krajobraz","tag-leszno","tag-marta-kirste","tag-meta-eckert","tag-mycielscy","tag-park","tag-park-dworski","tag-photographische-aufnahme-und-verlag-von-samus-breslauer","tag-pocztowka","tag-powiat-leszczynski","tag-prusy","tag-przybyszewo","tag-przybyszewscy","tag-rixdorfu-k-berlina","tag-sklep","tag-szkola","tag-trzoda-chlewna","tag-w-frommmelt","tag-wiatrak"],"yoast_head":"<!-- This site is optimized with the Yoast SEO plugin v27.5 - https:\/\/yoast.com\/product\/yoast-seo-wordpress\/ -->\n<title>Przybyszewo. Poczt\u00f3wka wielotematyczna, oko\u0142o 1905 roku, Leszno, Photographische Aufnahme und Verlag von Samus Breslauer - Ludzie i krajobrazy. Powiat Leszczy\u0144ski w ikonografii<\/title>\n<meta name=\"robots\" content=\"index, follow, max-snippet:-1, max-image-preview:large, max-video-preview:-1\" \/>\n<link rel=\"canonical\" href=\"http:\/\/ludzieikrajobrazy.muzeumleszno.pl\/?p=647\" \/>\n<meta property=\"og:locale\" content=\"pl_PL\" \/>\n<meta property=\"og:type\" content=\"article\" \/>\n<meta property=\"og:title\" content=\"Przybyszewo. Poczt\u00f3wka wielotematyczna, oko\u0142o 1905 roku, Leszno, Photographische Aufnahme und Verlag von Samus Breslauer - Ludzie i krajobrazy. Powiat Leszczy\u0144ski w ikonografii\" \/>\n<meta property=\"og:description\" content=\"Poczt\u00f3wka adresowana do panny Almy Littmann z Rixdorfu k. Berlina. Wys\u0142ana m.in. przez: Met\u0119 Eckert, Mart\u0119 Kirste, Emila Michela, Bert\u0119 Krause i W. Frommmelt. Szko\u0142a w Przybyszewie by\u0142a...\" \/>\n<meta property=\"og:url\" content=\"http:\/\/ludzieikrajobrazy.muzeumleszno.pl\/?p=647\" \/>\n<meta property=\"og:site_name\" content=\"Ludzie i krajobrazy. Powiat Leszczy\u0144ski w ikonografii\" \/>\n<meta property=\"article:published_time\" content=\"2024-06-30T10:00:28+00:00\" \/>\n<meta property=\"article:modified_time\" content=\"2024-09-26T11:12:25+00:00\" \/>\n<meta property=\"og:image\" content=\"http:\/\/ludzieikrajobrazy.muzeumleszno.pl\/wp-content\/uploads\/2024\/07\/128_MLH-4708-scaled.jpg\" \/>\n\t<meta property=\"og:image:width\" content=\"2560\" \/>\n\t<meta property=\"og:image:height\" content=\"1608\" \/>\n\t<meta property=\"og:image:type\" content=\"image\/jpeg\" \/>\n<meta name=\"author\" content=\"Pan_Admin\" \/>\n<meta name=\"twitter:card\" content=\"summary_large_image\" \/>\n<meta name=\"twitter:label1\" content=\"Napisane przez\" \/>\n\t<meta name=\"twitter:data1\" content=\"Pan_Admin\" \/>\n\t<meta name=\"twitter:label2\" content=\"Szacowany czas czytania\" \/>\n\t<meta name=\"twitter:data2\" content=\"3 minuty\" \/>\n<script type=\"application\/ld+json\" class=\"yoast-schema-graph\">{\"@context\":\"https:\\\/\\\/schema.org\",\"@graph\":[{\"@type\":\"Article\",\"@id\":\"http:\\\/\\\/ludzieikrajobrazy.muzeumleszno.pl\\\/?p=647#article\",\"isPartOf\":{\"@id\":\"http:\\\/\\\/ludzieikrajobrazy.muzeumleszno.pl\\\/?p=647\"},\"author\":{\"name\":\"Pan_Admin\",\"@id\":\"https:\\\/\\\/ludzieikrajobrazy.muzeumleszno.pl\\\/#\\\/schema\\\/person\\\/fc2bc20e2b51efc3202ac1f0cdcd06c0\"},\"headline\":\"Przybyszewo. Poczt\u00f3wka wielotematyczna, oko\u0142o 1905 roku, Leszno, Photographische Aufnahme und Verlag von Samus Breslauer\",\"datePublished\":\"2024-06-30T10:00:28+00:00\",\"dateModified\":\"2024-09-26T11:12:25+00:00\",\"mainEntityOfPage\":{\"@id\":\"http:\\\/\\\/ludzieikrajobrazy.muzeumleszno.pl\\\/?p=647\"},\"wordCount\":382,\"image\":{\"@id\":\"http:\\\/\\\/ludzieikrajobrazy.muzeumleszno.pl\\\/?p=647#primaryimage\"},\"thumbnailUrl\":\"http:\\\/\\\/ludzieikrajobrazy.muzeumleszno.pl\\\/wp-content\\\/uploads\\\/2024\\\/07\\\/128_MLH-4708-scaled.jpg\",\"keywords\":[\"1905\",\"Alma Littmann\",\"architektura\",\"Berta Krause\",\"Bethel Henry Strousberg\",\"budynek folwarczny\",\"budynek mieszkalny\",\"Christian Kraft von Hohenlohe-Oehringe\",\"dworek\",\"Emil Michel\",\"Franz Palutte\",\"Friedrich Jaehns\",\"Hugon Lehmann\",\"krajobraz\",\"Leszno\",\"Marta Kirste\",\"Meta Eckert\",\"Mycielscy\",\"park\",\"park dworski\",\"Photographische Aufnahme und Verlag von Samus Breslauer\",\"poczt\u00f3wka\",\"powiat leszczy\u0144ski\",\"Prusy\",\"Przybyszewo\",\"Przybyszewscy\",\"Rixdorfu k. Berlina\",\"sklep\",\"szko\u0142a\",\"trzoda chlewna\",\"W. Frommmelt\",\"wiatrak\"],\"articleSection\":[\"Przybyszewo\"],\"inLanguage\":\"pl-PL\"},{\"@type\":\"WebPage\",\"@id\":\"http:\\\/\\\/ludzieikrajobrazy.muzeumleszno.pl\\\/?p=647\",\"url\":\"http:\\\/\\\/ludzieikrajobrazy.muzeumleszno.pl\\\/?p=647\",\"name\":\"Przybyszewo. Poczt\u00f3wka wielotematyczna, oko\u0142o 1905 roku, Leszno, Photographische Aufnahme und Verlag von Samus Breslauer - Ludzie i krajobrazy. Powiat Leszczy\u0144ski w ikonografii\",\"isPartOf\":{\"@id\":\"https:\\\/\\\/ludzieikrajobrazy.muzeumleszno.pl\\\/#website\"},\"primaryImageOfPage\":{\"@id\":\"http:\\\/\\\/ludzieikrajobrazy.muzeumleszno.pl\\\/?p=647#primaryimage\"},\"image\":{\"@id\":\"http:\\\/\\\/ludzieikrajobrazy.muzeumleszno.pl\\\/?p=647#primaryimage\"},\"thumbnailUrl\":\"http:\\\/\\\/ludzieikrajobrazy.muzeumleszno.pl\\\/wp-content\\\/uploads\\\/2024\\\/07\\\/128_MLH-4708-scaled.jpg\",\"datePublished\":\"2024-06-30T10:00:28+00:00\",\"dateModified\":\"2024-09-26T11:12:25+00:00\",\"author\":{\"@id\":\"https:\\\/\\\/ludzieikrajobrazy.muzeumleszno.pl\\\/#\\\/schema\\\/person\\\/fc2bc20e2b51efc3202ac1f0cdcd06c0\"},\"breadcrumb\":{\"@id\":\"http:\\\/\\\/ludzieikrajobrazy.muzeumleszno.pl\\\/?p=647#breadcrumb\"},\"inLanguage\":\"pl-PL\",\"potentialAction\":[{\"@type\":\"ReadAction\",\"target\":[\"http:\\\/\\\/ludzieikrajobrazy.muzeumleszno.pl\\\/?p=647\"]}]},{\"@type\":\"BreadcrumbList\",\"@id\":\"http:\\\/\\\/ludzieikrajobrazy.muzeumleszno.pl\\\/?p=647#breadcrumb\",\"itemListElement\":[{\"@type\":\"ListItem\",\"position\":1,\"name\":\"Home\",\"item\":\"https:\\\/\\\/ludzieikrajobrazy.muzeumleszno.pl\\\/\"},{\"@type\":\"ListItem\",\"position\":2,\"name\":\"Przybyszewo. Poczt\u00f3wka wielotematyczna, oko\u0142o 1905 roku, Leszno, Photographische Aufnahme und Verlag von Samus Breslauer\"}]},{\"@type\":\"WebSite\",\"@id\":\"https:\\\/\\\/ludzieikrajobrazy.muzeumleszno.pl\\\/#website\",\"url\":\"https:\\\/\\\/ludzieikrajobrazy.muzeumleszno.pl\\\/\",\"name\":\"Ludzie i krajobrazy. Powiat Leszczy\u0144ski w ikonografii\",\"description\":\"Powiat Leszczy\u0144ski w ikonografii\",\"potentialAction\":[{\"@type\":\"SearchAction\",\"target\":{\"@type\":\"EntryPoint\",\"urlTemplate\":\"https:\\\/\\\/ludzieikrajobrazy.muzeumleszno.pl\\\/?s={search_term_string}\"},\"query-input\":{\"@type\":\"PropertyValueSpecification\",\"valueRequired\":true,\"valueName\":\"search_term_string\"}}],\"inLanguage\":\"pl-PL\"},{\"@type\":\"Person\",\"@id\":\"https:\\\/\\\/ludzieikrajobrazy.muzeumleszno.pl\\\/#\\\/schema\\\/person\\\/fc2bc20e2b51efc3202ac1f0cdcd06c0\",\"name\":\"Pan_Admin\",\"image\":{\"@type\":\"ImageObject\",\"inLanguage\":\"pl-PL\",\"@id\":\"https:\\\/\\\/secure.gravatar.com\\\/avatar\\\/d109d485abe889ecc32dbdb971b715ad9d4596bd0e2353626451db3e04099822?s=96&d=mm&r=g\",\"url\":\"https:\\\/\\\/secure.gravatar.com\\\/avatar\\\/d109d485abe889ecc32dbdb971b715ad9d4596bd0e2353626451db3e04099822?s=96&d=mm&r=g\",\"contentUrl\":\"https:\\\/\\\/secure.gravatar.com\\\/avatar\\\/d109d485abe889ecc32dbdb971b715ad9d4596bd0e2353626451db3e04099822?s=96&d=mm&r=g\",\"caption\":\"Pan_Admin\"},\"sameAs\":[\"http:\\\/\\\/ludzieikrajobrazy.muzeumleszno.pl\"],\"url\":\"http:\\\/\\\/ludzieikrajobrazy.muzeumleszno.pl\\\/?author=1\"}]}<\/script>\n<!-- \/ Yoast SEO plugin. -->","yoast_head_json":{"title":"Przybyszewo. Poczt\u00f3wka wielotematyczna, oko\u0142o 1905 roku, Leszno, Photographische Aufnahme und Verlag von Samus Breslauer - Ludzie i krajobrazy. Powiat Leszczy\u0144ski w ikonografii","robots":{"index":"index","follow":"follow","max-snippet":"max-snippet:-1","max-image-preview":"max-image-preview:large","max-video-preview":"max-video-preview:-1"},"canonical":"http:\/\/ludzieikrajobrazy.muzeumleszno.pl\/?p=647","og_locale":"pl_PL","og_type":"article","og_title":"Przybyszewo. Poczt\u00f3wka wielotematyczna, oko\u0142o 1905 roku, Leszno, Photographische Aufnahme und Verlag von Samus Breslauer - Ludzie i krajobrazy. Powiat Leszczy\u0144ski w ikonografii","og_description":"Poczt\u00f3wka adresowana do panny Almy Littmann z Rixdorfu k. Berlina. Wys\u0142ana m.in. przez: Met\u0119 Eckert, Mart\u0119 Kirste, Emila Michela, Bert\u0119 Krause i W. Frommmelt. Szko\u0142a w Przybyszewie by\u0142a...","og_url":"http:\/\/ludzieikrajobrazy.muzeumleszno.pl\/?p=647","og_site_name":"Ludzie i krajobrazy. Powiat Leszczy\u0144ski w ikonografii","article_published_time":"2024-06-30T10:00:28+00:00","article_modified_time":"2024-09-26T11:12:25+00:00","og_image":[{"width":2560,"height":1608,"url":"http:\/\/ludzieikrajobrazy.muzeumleszno.pl\/wp-content\/uploads\/2024\/07\/128_MLH-4708-scaled.jpg","type":"image\/jpeg"}],"author":"Pan_Admin","twitter_card":"summary_large_image","twitter_misc":{"Napisane przez":"Pan_Admin","Szacowany czas czytania":"3 minuty"},"schema":{"@context":"https:\/\/schema.org","@graph":[{"@type":"Article","@id":"http:\/\/ludzieikrajobrazy.muzeumleszno.pl\/?p=647#article","isPartOf":{"@id":"http:\/\/ludzieikrajobrazy.muzeumleszno.pl\/?p=647"},"author":{"name":"Pan_Admin","@id":"https:\/\/ludzieikrajobrazy.muzeumleszno.pl\/#\/schema\/person\/fc2bc20e2b51efc3202ac1f0cdcd06c0"},"headline":"Przybyszewo. Poczt\u00f3wka wielotematyczna, oko\u0142o 1905 roku, Leszno, Photographische Aufnahme und Verlag von Samus Breslauer","datePublished":"2024-06-30T10:00:28+00:00","dateModified":"2024-09-26T11:12:25+00:00","mainEntityOfPage":{"@id":"http:\/\/ludzieikrajobrazy.muzeumleszno.pl\/?p=647"},"wordCount":382,"image":{"@id":"http:\/\/ludzieikrajobrazy.muzeumleszno.pl\/?p=647#primaryimage"},"thumbnailUrl":"http:\/\/ludzieikrajobrazy.muzeumleszno.pl\/wp-content\/uploads\/2024\/07\/128_MLH-4708-scaled.jpg","keywords":["1905","Alma Littmann","architektura","Berta Krause","Bethel Henry Strousberg","budynek folwarczny","budynek mieszkalny","Christian Kraft von Hohenlohe-Oehringe","dworek","Emil Michel","Franz Palutte","Friedrich Jaehns","Hugon Lehmann","krajobraz","Leszno","Marta Kirste","Meta Eckert","Mycielscy","park","park dworski","Photographische Aufnahme und Verlag von Samus Breslauer","poczt\u00f3wka","powiat leszczy\u0144ski","Prusy","Przybyszewo","Przybyszewscy","Rixdorfu k. Berlina","sklep","szko\u0142a","trzoda chlewna","W. Frommmelt","wiatrak"],"articleSection":["Przybyszewo"],"inLanguage":"pl-PL"},{"@type":"WebPage","@id":"http:\/\/ludzieikrajobrazy.muzeumleszno.pl\/?p=647","url":"http:\/\/ludzieikrajobrazy.muzeumleszno.pl\/?p=647","name":"Przybyszewo. Poczt\u00f3wka wielotematyczna, oko\u0142o 1905 roku, Leszno, Photographische Aufnahme und Verlag von Samus Breslauer - Ludzie i krajobrazy. Powiat Leszczy\u0144ski w ikonografii","isPartOf":{"@id":"https:\/\/ludzieikrajobrazy.muzeumleszno.pl\/#website"},"primaryImageOfPage":{"@id":"http:\/\/ludzieikrajobrazy.muzeumleszno.pl\/?p=647#primaryimage"},"image":{"@id":"http:\/\/ludzieikrajobrazy.muzeumleszno.pl\/?p=647#primaryimage"},"thumbnailUrl":"http:\/\/ludzieikrajobrazy.muzeumleszno.pl\/wp-content\/uploads\/2024\/07\/128_MLH-4708-scaled.jpg","datePublished":"2024-06-30T10:00:28+00:00","dateModified":"2024-09-26T11:12:25+00:00","author":{"@id":"https:\/\/ludzieikrajobrazy.muzeumleszno.pl\/#\/schema\/person\/fc2bc20e2b51efc3202ac1f0cdcd06c0"},"breadcrumb":{"@id":"http:\/\/ludzieikrajobrazy.muzeumleszno.pl\/?p=647#breadcrumb"},"inLanguage":"pl-PL","potentialAction":[{"@type":"ReadAction","target":["http:\/\/ludzieikrajobrazy.muzeumleszno.pl\/?p=647"]}]},{"@type":"BreadcrumbList","@id":"http:\/\/ludzieikrajobrazy.muzeumleszno.pl\/?p=647#breadcrumb","itemListElement":[{"@type":"ListItem","position":1,"name":"Home","item":"https:\/\/ludzieikrajobrazy.muzeumleszno.pl\/"},{"@type":"ListItem","position":2,"name":"Przybyszewo. Poczt\u00f3wka wielotematyczna, oko\u0142o 1905 roku, Leszno, Photographische Aufnahme und Verlag von Samus Breslauer"}]},{"@type":"WebSite","@id":"https:\/\/ludzieikrajobrazy.muzeumleszno.pl\/#website","url":"https:\/\/ludzieikrajobrazy.muzeumleszno.pl\/","name":"Ludzie i krajobrazy. Powiat Leszczy\u0144ski w ikonografii","description":"Powiat Leszczy\u0144ski w ikonografii","potentialAction":[{"@type":"SearchAction","target":{"@type":"EntryPoint","urlTemplate":"https:\/\/ludzieikrajobrazy.muzeumleszno.pl\/?s={search_term_string}"},"query-input":{"@type":"PropertyValueSpecification","valueRequired":true,"valueName":"search_term_string"}}],"inLanguage":"pl-PL"},{"@type":"Person","@id":"https:\/\/ludzieikrajobrazy.muzeumleszno.pl\/#\/schema\/person\/fc2bc20e2b51efc3202ac1f0cdcd06c0","name":"Pan_Admin","image":{"@type":"ImageObject","inLanguage":"pl-PL","@id":"https:\/\/secure.gravatar.com\/avatar\/d109d485abe889ecc32dbdb971b715ad9d4596bd0e2353626451db3e04099822?s=96&d=mm&r=g","url":"https:\/\/secure.gravatar.com\/avatar\/d109d485abe889ecc32dbdb971b715ad9d4596bd0e2353626451db3e04099822?s=96&d=mm&r=g","contentUrl":"https:\/\/secure.gravatar.com\/avatar\/d109d485abe889ecc32dbdb971b715ad9d4596bd0e2353626451db3e04099822?s=96&d=mm&r=g","caption":"Pan_Admin"},"sameAs":["http:\/\/ludzieikrajobrazy.muzeumleszno.pl"],"url":"http:\/\/ludzieikrajobrazy.muzeumleszno.pl\/?author=1"}]}},"_links":{"self":[{"href":"http:\/\/ludzieikrajobrazy.muzeumleszno.pl\/index.php?rest_route=\/wp\/v2\/posts\/647","targetHints":{"allow":["GET"]}}],"collection":[{"href":"http:\/\/ludzieikrajobrazy.muzeumleszno.pl\/index.php?rest_route=\/wp\/v2\/posts"}],"about":[{"href":"http:\/\/ludzieikrajobrazy.muzeumleszno.pl\/index.php?rest_route=\/wp\/v2\/types\/post"}],"author":[{"embeddable":true,"href":"http:\/\/ludzieikrajobrazy.muzeumleszno.pl\/index.php?rest_route=\/wp\/v2\/users\/1"}],"replies":[{"embeddable":true,"href":"http:\/\/ludzieikrajobrazy.muzeumleszno.pl\/index.php?rest_route=%2Fwp%2Fv2%2Fcomments&post=647"}],"version-history":[{"count":2,"href":"http:\/\/ludzieikrajobrazy.muzeumleszno.pl\/index.php?rest_route=\/wp\/v2\/posts\/647\/revisions"}],"predecessor-version":[{"id":1290,"href":"http:\/\/ludzieikrajobrazy.muzeumleszno.pl\/index.php?rest_route=\/wp\/v2\/posts\/647\/revisions\/1290"}],"wp:featuredmedia":[{"embeddable":true,"href":"http:\/\/ludzieikrajobrazy.muzeumleszno.pl\/index.php?rest_route=\/wp\/v2\/media\/648"}],"wp:attachment":[{"href":"http:\/\/ludzieikrajobrazy.muzeumleszno.pl\/index.php?rest_route=%2Fwp%2Fv2%2Fmedia&parent=647"}],"wp:term":[{"taxonomy":"category","embeddable":true,"href":"http:\/\/ludzieikrajobrazy.muzeumleszno.pl\/index.php?rest_route=%2Fwp%2Fv2%2Fcategories&post=647"},{"taxonomy":"post_tag","embeddable":true,"href":"http:\/\/ludzieikrajobrazy.muzeumleszno.pl\/index.php?rest_route=%2Fwp%2Fv2%2Ftags&post=647"}],"curies":[{"name":"wp","href":"https:\/\/api.w.org\/{rel}","templated":true}]}}