{"id":651,"date":"2024-06-29T12:00:27","date_gmt":"2024-06-29T10:00:27","guid":{"rendered":"http:\/\/ludzieikrajobrazy.muzeumleszno.pl\/?p=651"},"modified":"2024-09-26T14:15:34","modified_gmt":"2024-09-26T12:15:34","slug":"rydzyna-pocztowka-wielotematyczna-okolo-1905-roku-rydzyna-verlag-karl-klotz","status":"publish","type":"post","link":"http:\/\/ludzieikrajobrazy.muzeumleszno.pl\/?p=651","title":{"rendered":"Rydzyna. Poczt\u00f3wka wielotematyczna, oko\u0142o 1905 roku, Rydzyna, Verlag Karl Klotz"},"content":{"rendered":"\n<p>Za\u0142o\u017cone na podmok\u0142ych terenach miasto lokowano na prze\u0142omie XIV i XV wieku. Jego historyczny uk\u0142ad zachowa\u0142 si\u0119 do dzisiaj w niemal nienaruszonym kszta\u0142cie. Ustawiony w centrum rynku pomnik Tr\u00f3jcy \u015awi\u0119tej zam\u00f3wi\u0142 Aleksander J\u00f3zef Su\u0142kowski (1695\u20131762). Przedstawia grup\u0119 Boga Ojca, Chrystusa i Marii Or\u0119downiczki oraz Ducha \u015awi\u0119tego (go\u0142\u0119bica). Zlecenie wykona\u0142 w latach 1760-1761 rze\u017abiarz Andreas Schmidt (1726\u20131789) z Reszla. Pomnik stoi w miejscu dawnego ratusza. W 1940 roku niemieckie w\u0142adze podj\u0119\u0142y decyzj\u0119 o wyburzeniu kolumny.&nbsp;<\/p>\n\n\n\n<p>Na \u015brodkowym uj\u0119ciu fragment p\u00f3\u0142nocnej pierzei rynku i ulicy Wolno\u015bci. Naro\u017cny budynek go\u015bci\u0144ca wzniesiono po wielkim po\u017carze miasta w 1707 roku. Kamienica nale\u017cy do najstarszych w mie\u015bcie. Obecnie \u2013 po przebudowie \u2013 mie\u015bci si\u0119 w niej Rydzy\u0144ski O\u015brodek Kultury.&nbsp;<\/p>\n\n\n\n<p>Budynek szko\u0142y katolickiej zbudowanej w 1900 roku przy ulicy Zamkowej. Szko\u0142a parafialna istnia\u0142a ju\u017c w XVI wieku, a&nbsp; w latach 1774-1820 czynna by\u0142a w mie\u015bcie s\u0142ynna szko\u0142a pijar\u00f3w. W XIX i w pierwszych dekadach XX wieku dzieci uczy\u0142y si\u0119 w dw\u00f3ch szko\u0142ach wyznaniowych: katolickiej i ewangelickiej. Budynki do dzisiaj s\u0142u\u017c\u0105 rydzy\u0144skiej o\u015bwiacie.<\/p>\n\n\n\n<p>Imponuj\u0105ce rozmiary rydzy\u0144skiego zamku pozwalaj\u0105 widzie\u0107 w nim jedn\u0105 z najwi\u0119kszych dawnych rezydencji magnackich w Polsce. Wzniesiony w \u015bredniowieczu dla Jana z Czerniny (1360\u20131423), w XVII wieku przeszed\u0142 na w\u0142asno\u015b\u0107 Leszczy\u0144skich, a w XVIII stuleciu Su\u0142kowskich. Barokow\u0105 przebudow\u0119 zamku rozpocz\u0105\u0142 Rafa\u0142 Leszczy\u0144ski (1650\u20131703). Prace trwa\u0142y kilkadziesi\u0105t lat.&nbsp;<\/p>\n\n\n\n<figure data-wp-context=\"{&quot;imageId&quot;:&quot;69f4638031636&quot;}\" data-wp-interactive=\"core\/image\" data-wp-key=\"69f4638031636\" class=\"wp-block-image size-full wp-lightbox-container\"><img fetchpriority=\"high\" decoding=\"async\" width=\"2560\" height=\"1652\" data-wp-class--hide=\"state.isContentHidden\" data-wp-class--show=\"state.isContentVisible\" data-wp-init=\"callbacks.setButtonStyles\" data-wp-on--click=\"actions.showLightbox\" data-wp-on--load=\"callbacks.setButtonStyles\" data-wp-on-window--resize=\"callbacks.setButtonStyles\" src=\"http:\/\/ludzieikrajobrazy.muzeumleszno.pl\/wp-content\/uploads\/2024\/07\/129_MLH-4307-scaled.jpg\" alt=\"Rydzyna. Poczt\u00f3wka wielotematyczna, oko\u0142o 1905 roku, Rydzyna, Verlag Karl Klotz\" class=\"wp-image-652\" srcset=\"http:\/\/ludzieikrajobrazy.muzeumleszno.pl\/wp-content\/uploads\/2024\/07\/129_MLH-4307-scaled.jpg 2560w, http:\/\/ludzieikrajobrazy.muzeumleszno.pl\/wp-content\/uploads\/2024\/07\/129_MLH-4307-1536x991.jpg 1536w, http:\/\/ludzieikrajobrazy.muzeumleszno.pl\/wp-content\/uploads\/2024\/07\/129_MLH-4307-2048x1322.jpg 2048w, http:\/\/ludzieikrajobrazy.muzeumleszno.pl\/wp-content\/uploads\/2024\/07\/129_MLH-4307-200x129.jpg 200w, http:\/\/ludzieikrajobrazy.muzeumleszno.pl\/wp-content\/uploads\/2024\/07\/129_MLH-4307-973x628.jpg 973w, http:\/\/ludzieikrajobrazy.muzeumleszno.pl\/wp-content\/uploads\/2024\/07\/129_MLH-4307-508x328.jpg 508w\" sizes=\"(max-width: 2560px) 100vw, 2560px\" \/><button\n\t\t\tclass=\"lightbox-trigger\"\n\t\t\ttype=\"button\"\n\t\t\taria-haspopup=\"dialog\"\n\t\t\taria-label=\"Powi\u0119ksz\"\n\t\t\tdata-wp-init=\"callbacks.initTriggerButton\"\n\t\t\tdata-wp-on--click=\"actions.showLightbox\"\n\t\t\tdata-wp-style--right=\"state.imageButtonRight\"\n\t\t\tdata-wp-style--top=\"state.imageButtonTop\"\n\t\t>\n\t\t\t<svg xmlns=\"http:\/\/www.w3.org\/2000\/svg\" width=\"12\" height=\"12\" fill=\"none\" viewBox=\"0 0 12 12\">\n\t\t\t\t<path fill=\"#fff\" d=\"M2 0a2 2 0 0 0-2 2v2h1.5V2a.5.5 0 0 1 .5-.5h2V0H2Zm2 10.5H2a.5.5 0 0 1-.5-.5V8H0v2a2 2 0 0 0 2 2h2v-1.5ZM8 12v-1.5h2a.5.5 0 0 0 .5-.5V8H12v2a2 2 0 0 1-2 2H8Zm2-12a2 2 0 0 1 2 2v2h-1.5V2a.5.5 0 0 0-.5-.5H8V0h2Z\" \/>\n\t\t\t<\/svg>\n\t\t<\/button><figcaption class=\"wp-element-caption\">Rydzyna. Poczt\u00f3wka wielotematyczna, oko\u0142o 1905 roku, Rydzyna, Verlag Karl Klotz<\/figcaption><\/figure>\n\n\n\n<p class=\"has-small-font-size\">nr inw. MLH 4307<br>W zbiorach Muzeum Okr\u0119gowego w Lesznie od 2000 roku, zakup<\/p>\n\n\n\n<p>D.Cz.<\/p>\n\n\n\n<figure class=\"wp-block-embed is-type-video is-provider-youtube wp-block-embed-youtube wp-embed-aspect-16-9 wp-has-aspect-ratio\"><div class=\"wp-block-embed__wrapper\">\n<iframe title=\"Rydzyna  Poczt\u00f3wka wielotematyczna, oko\u0142o 1905 roku, Rydzyna, Verlag Karl Klotz\" width=\"620\" height=\"349\" src=\"https:\/\/www.youtube.com\/embed\/65yXbnNzRTM?feature=oembed\" frameborder=\"0\" allow=\"accelerometer; autoplay; clipboard-write; encrypted-media; gyroscope; picture-in-picture; web-share\" referrerpolicy=\"strict-origin-when-cross-origin\" allowfullscreen><\/iframe>\n<\/div><\/figure>\n","protected":false},"excerpt":{"rendered":"<p>Za\u0142o\u017cone na podmok\u0142ych terenach miasto lokowano na prze\u0142omie XIV i XV wieku. Jego historyczny uk\u0142ad zachowa\u0142 si\u0119 do dzisiaj w niemal nienaruszonym kszta\u0142cie. Ustawiony w centrum rynku pomnik&#8230;<\/p>\n","protected":false},"author":1,"featured_media":652,"comment_status":"closed","ping_status":"closed","sticky":false,"template":"","format":"standard","meta":{"cybocfi_hide_featured_image":"yes","footnotes":""},"categories":[328],"tags":[471,414,417,544,667,77,680,506,129,545,122,499,549,543,546,548,539],"class_list":["post-651","post","type-post","status-publish","format-standard","has-post-thumbnail","hentry","category-rydzyna","tag-471","tag-barok","tag-fotografia","tag-kamienica","tag-pierzeja","tag-pocztowka","tag-polnocna-pierzeja","tag-rafal-leszczynski","tag-rydzyna","tag-rydzynski-osrodek-kultury","tag-rynek","tag-sulkowscy","tag-szkola-ewangelicka","tag-szkola-katolicka","tag-szkola-parafialna","tag-szkola-wyznaniowa","tag-verlag-karl-klotz"],"yoast_head":"<!-- This site is optimized with the Yoast SEO plugin v27.5 - https:\/\/yoast.com\/product\/yoast-seo-wordpress\/ -->\n<title>Rydzyna. Poczt\u00f3wka wielotematyczna, oko\u0142o 1905 roku, Rydzyna, Verlag Karl Klotz - Ludzie i krajobrazy. Powiat Leszczy\u0144ski w ikonografii<\/title>\n<meta name=\"robots\" content=\"index, follow, max-snippet:-1, max-image-preview:large, max-video-preview:-1\" \/>\n<link rel=\"canonical\" href=\"http:\/\/ludzieikrajobrazy.muzeumleszno.pl\/?p=651\" \/>\n<meta property=\"og:locale\" content=\"pl_PL\" \/>\n<meta property=\"og:type\" content=\"article\" \/>\n<meta property=\"og:title\" content=\"Rydzyna. Poczt\u00f3wka wielotematyczna, oko\u0142o 1905 roku, Rydzyna, Verlag Karl Klotz - Ludzie i krajobrazy. Powiat Leszczy\u0144ski w ikonografii\" \/>\n<meta property=\"og:description\" content=\"Za\u0142o\u017cone na podmok\u0142ych terenach miasto lokowano na prze\u0142omie XIV i XV wieku. Jego historyczny uk\u0142ad zachowa\u0142 si\u0119 do dzisiaj w niemal nienaruszonym kszta\u0142cie. Ustawiony w centrum rynku pomnik...\" \/>\n<meta property=\"og:url\" content=\"http:\/\/ludzieikrajobrazy.muzeumleszno.pl\/?p=651\" \/>\n<meta property=\"og:site_name\" content=\"Ludzie i krajobrazy. Powiat Leszczy\u0144ski w ikonografii\" \/>\n<meta property=\"article:published_time\" content=\"2024-06-29T10:00:27+00:00\" \/>\n<meta property=\"article:modified_time\" content=\"2024-09-26T12:15:34+00:00\" \/>\n<meta property=\"og:image\" content=\"http:\/\/ludzieikrajobrazy.muzeumleszno.pl\/wp-content\/uploads\/2024\/07\/129_MLH-4307-scaled.jpg\" \/>\n\t<meta property=\"og:image:width\" content=\"2560\" \/>\n\t<meta property=\"og:image:height\" content=\"1652\" \/>\n\t<meta property=\"og:image:type\" content=\"image\/jpeg\" \/>\n<meta name=\"author\" content=\"Pan_Admin\" \/>\n<meta name=\"twitter:card\" content=\"summary_large_image\" \/>\n<meta name=\"twitter:label1\" content=\"Napisane przez\" \/>\n\t<meta name=\"twitter:data1\" content=\"Pan_Admin\" \/>\n\t<meta name=\"twitter:label2\" content=\"Szacowany czas czytania\" \/>\n\t<meta name=\"twitter:data2\" content=\"2 minuty\" \/>\n<script type=\"application\/ld+json\" class=\"yoast-schema-graph\">{\"@context\":\"https:\\\/\\\/schema.org\",\"@graph\":[{\"@type\":\"Article\",\"@id\":\"http:\\\/\\\/ludzieikrajobrazy.muzeumleszno.pl\\\/?p=651#article\",\"isPartOf\":{\"@id\":\"http:\\\/\\\/ludzieikrajobrazy.muzeumleszno.pl\\\/?p=651\"},\"author\":{\"name\":\"Pan_Admin\",\"@id\":\"http:\\\/\\\/ludzieikrajobrazy.muzeumleszno.pl\\\/#\\\/schema\\\/person\\\/fc2bc20e2b51efc3202ac1f0cdcd06c0\"},\"headline\":\"Rydzyna. Poczt\u00f3wka wielotematyczna, oko\u0142o 1905 roku, Rydzyna, Verlag Karl Klotz\",\"datePublished\":\"2024-06-29T10:00:27+00:00\",\"dateModified\":\"2024-09-26T12:15:34+00:00\",\"mainEntityOfPage\":{\"@id\":\"http:\\\/\\\/ludzieikrajobrazy.muzeumleszno.pl\\\/?p=651\"},\"wordCount\":300,\"image\":{\"@id\":\"http:\\\/\\\/ludzieikrajobrazy.muzeumleszno.pl\\\/?p=651#primaryimage\"},\"thumbnailUrl\":\"http:\\\/\\\/ludzieikrajobrazy.muzeumleszno.pl\\\/wp-content\\\/uploads\\\/2024\\\/07\\\/129_MLH-4307-scaled.jpg\",\"keywords\":[\"1905\",\"barok\",\"fotografia\",\"kamienica\",\"pierzeja\",\"poczt\u00f3wka\",\"p\u00f3\u0142nocna pierzeja\",\"Rafa\u0142 Leszczy\u0144ski\",\"Rydzyna\",\"Rydzy\u0144ski O\u015brodek Kultury\",\"Rynek\",\"Su\u0142kowscy\",\"szko\u0142a ewangelicka\",\"szko\u0142a katolicka\",\"szko\u0142a parafialna\",\"szko\u0142a wyznaniowa\",\"Verlag Karl Klotz\"],\"articleSection\":[\"Rydzyna\"],\"inLanguage\":\"pl-PL\"},{\"@type\":\"WebPage\",\"@id\":\"http:\\\/\\\/ludzieikrajobrazy.muzeumleszno.pl\\\/?p=651\",\"url\":\"http:\\\/\\\/ludzieikrajobrazy.muzeumleszno.pl\\\/?p=651\",\"name\":\"Rydzyna. Poczt\u00f3wka wielotematyczna, oko\u0142o 1905 roku, Rydzyna, Verlag Karl Klotz - Ludzie i krajobrazy. Powiat Leszczy\u0144ski w ikonografii\",\"isPartOf\":{\"@id\":\"http:\\\/\\\/ludzieikrajobrazy.muzeumleszno.pl\\\/#website\"},\"primaryImageOfPage\":{\"@id\":\"http:\\\/\\\/ludzieikrajobrazy.muzeumleszno.pl\\\/?p=651#primaryimage\"},\"image\":{\"@id\":\"http:\\\/\\\/ludzieikrajobrazy.muzeumleszno.pl\\\/?p=651#primaryimage\"},\"thumbnailUrl\":\"http:\\\/\\\/ludzieikrajobrazy.muzeumleszno.pl\\\/wp-content\\\/uploads\\\/2024\\\/07\\\/129_MLH-4307-scaled.jpg\",\"datePublished\":\"2024-06-29T10:00:27+00:00\",\"dateModified\":\"2024-09-26T12:15:34+00:00\",\"author\":{\"@id\":\"http:\\\/\\\/ludzieikrajobrazy.muzeumleszno.pl\\\/#\\\/schema\\\/person\\\/fc2bc20e2b51efc3202ac1f0cdcd06c0\"},\"breadcrumb\":{\"@id\":\"http:\\\/\\\/ludzieikrajobrazy.muzeumleszno.pl\\\/?p=651#breadcrumb\"},\"inLanguage\":\"pl-PL\",\"potentialAction\":[{\"@type\":\"ReadAction\",\"target\":[\"http:\\\/\\\/ludzieikrajobrazy.muzeumleszno.pl\\\/?p=651\"]}]},{\"@type\":\"BreadcrumbList\",\"@id\":\"http:\\\/\\\/ludzieikrajobrazy.muzeumleszno.pl\\\/?p=651#breadcrumb\",\"itemListElement\":[{\"@type\":\"ListItem\",\"position\":1,\"name\":\"Home\",\"item\":\"http:\\\/\\\/ludzieikrajobrazy.muzeumleszno.pl\\\/\"},{\"@type\":\"ListItem\",\"position\":2,\"name\":\"Rydzyna. Poczt\u00f3wka wielotematyczna, oko\u0142o 1905 roku, Rydzyna, Verlag Karl Klotz\"}]},{\"@type\":\"WebSite\",\"@id\":\"http:\\\/\\\/ludzieikrajobrazy.muzeumleszno.pl\\\/#website\",\"url\":\"http:\\\/\\\/ludzieikrajobrazy.muzeumleszno.pl\\\/\",\"name\":\"Ludzie i krajobrazy. Powiat Leszczy\u0144ski w ikonografii\",\"description\":\"Powiat Leszczy\u0144ski w ikonografii\",\"potentialAction\":[{\"@type\":\"SearchAction\",\"target\":{\"@type\":\"EntryPoint\",\"urlTemplate\":\"http:\\\/\\\/ludzieikrajobrazy.muzeumleszno.pl\\\/?s={search_term_string}\"},\"query-input\":{\"@type\":\"PropertyValueSpecification\",\"valueRequired\":true,\"valueName\":\"search_term_string\"}}],\"inLanguage\":\"pl-PL\"},{\"@type\":\"Person\",\"@id\":\"http:\\\/\\\/ludzieikrajobrazy.muzeumleszno.pl\\\/#\\\/schema\\\/person\\\/fc2bc20e2b51efc3202ac1f0cdcd06c0\",\"name\":\"Pan_Admin\",\"image\":{\"@type\":\"ImageObject\",\"inLanguage\":\"pl-PL\",\"@id\":\"https:\\\/\\\/secure.gravatar.com\\\/avatar\\\/d109d485abe889ecc32dbdb971b715ad9d4596bd0e2353626451db3e04099822?s=96&d=mm&r=g\",\"url\":\"https:\\\/\\\/secure.gravatar.com\\\/avatar\\\/d109d485abe889ecc32dbdb971b715ad9d4596bd0e2353626451db3e04099822?s=96&d=mm&r=g\",\"contentUrl\":\"https:\\\/\\\/secure.gravatar.com\\\/avatar\\\/d109d485abe889ecc32dbdb971b715ad9d4596bd0e2353626451db3e04099822?s=96&d=mm&r=g\",\"caption\":\"Pan_Admin\"},\"sameAs\":[\"http:\\\/\\\/ludzieikrajobrazy.muzeumleszno.pl\"],\"url\":\"http:\\\/\\\/ludzieikrajobrazy.muzeumleszno.pl\\\/?author=1\"}]}<\/script>\n<!-- \/ Yoast SEO plugin. -->","yoast_head_json":{"title":"Rydzyna. Poczt\u00f3wka wielotematyczna, oko\u0142o 1905 roku, Rydzyna, Verlag Karl Klotz - Ludzie i krajobrazy. Powiat Leszczy\u0144ski w ikonografii","robots":{"index":"index","follow":"follow","max-snippet":"max-snippet:-1","max-image-preview":"max-image-preview:large","max-video-preview":"max-video-preview:-1"},"canonical":"http:\/\/ludzieikrajobrazy.muzeumleszno.pl\/?p=651","og_locale":"pl_PL","og_type":"article","og_title":"Rydzyna. Poczt\u00f3wka wielotematyczna, oko\u0142o 1905 roku, Rydzyna, Verlag Karl Klotz - Ludzie i krajobrazy. Powiat Leszczy\u0144ski w ikonografii","og_description":"Za\u0142o\u017cone na podmok\u0142ych terenach miasto lokowano na prze\u0142omie XIV i XV wieku. Jego historyczny uk\u0142ad zachowa\u0142 si\u0119 do dzisiaj w niemal nienaruszonym kszta\u0142cie. Ustawiony w centrum rynku pomnik...","og_url":"http:\/\/ludzieikrajobrazy.muzeumleszno.pl\/?p=651","og_site_name":"Ludzie i krajobrazy. Powiat Leszczy\u0144ski w ikonografii","article_published_time":"2024-06-29T10:00:27+00:00","article_modified_time":"2024-09-26T12:15:34+00:00","og_image":[{"width":2560,"height":1652,"url":"http:\/\/ludzieikrajobrazy.muzeumleszno.pl\/wp-content\/uploads\/2024\/07\/129_MLH-4307-scaled.jpg","type":"image\/jpeg"}],"author":"Pan_Admin","twitter_card":"summary_large_image","twitter_misc":{"Napisane przez":"Pan_Admin","Szacowany czas czytania":"2 minuty"},"schema":{"@context":"https:\/\/schema.org","@graph":[{"@type":"Article","@id":"http:\/\/ludzieikrajobrazy.muzeumleszno.pl\/?p=651#article","isPartOf":{"@id":"http:\/\/ludzieikrajobrazy.muzeumleszno.pl\/?p=651"},"author":{"name":"Pan_Admin","@id":"http:\/\/ludzieikrajobrazy.muzeumleszno.pl\/#\/schema\/person\/fc2bc20e2b51efc3202ac1f0cdcd06c0"},"headline":"Rydzyna. Poczt\u00f3wka wielotematyczna, oko\u0142o 1905 roku, Rydzyna, Verlag Karl Klotz","datePublished":"2024-06-29T10:00:27+00:00","dateModified":"2024-09-26T12:15:34+00:00","mainEntityOfPage":{"@id":"http:\/\/ludzieikrajobrazy.muzeumleszno.pl\/?p=651"},"wordCount":300,"image":{"@id":"http:\/\/ludzieikrajobrazy.muzeumleszno.pl\/?p=651#primaryimage"},"thumbnailUrl":"http:\/\/ludzieikrajobrazy.muzeumleszno.pl\/wp-content\/uploads\/2024\/07\/129_MLH-4307-scaled.jpg","keywords":["1905","barok","fotografia","kamienica","pierzeja","poczt\u00f3wka","p\u00f3\u0142nocna pierzeja","Rafa\u0142 Leszczy\u0144ski","Rydzyna","Rydzy\u0144ski O\u015brodek Kultury","Rynek","Su\u0142kowscy","szko\u0142a ewangelicka","szko\u0142a katolicka","szko\u0142a parafialna","szko\u0142a wyznaniowa","Verlag Karl Klotz"],"articleSection":["Rydzyna"],"inLanguage":"pl-PL"},{"@type":"WebPage","@id":"http:\/\/ludzieikrajobrazy.muzeumleszno.pl\/?p=651","url":"http:\/\/ludzieikrajobrazy.muzeumleszno.pl\/?p=651","name":"Rydzyna. Poczt\u00f3wka wielotematyczna, oko\u0142o 1905 roku, Rydzyna, Verlag Karl Klotz - Ludzie i krajobrazy. Powiat Leszczy\u0144ski w ikonografii","isPartOf":{"@id":"http:\/\/ludzieikrajobrazy.muzeumleszno.pl\/#website"},"primaryImageOfPage":{"@id":"http:\/\/ludzieikrajobrazy.muzeumleszno.pl\/?p=651#primaryimage"},"image":{"@id":"http:\/\/ludzieikrajobrazy.muzeumleszno.pl\/?p=651#primaryimage"},"thumbnailUrl":"http:\/\/ludzieikrajobrazy.muzeumleszno.pl\/wp-content\/uploads\/2024\/07\/129_MLH-4307-scaled.jpg","datePublished":"2024-06-29T10:00:27+00:00","dateModified":"2024-09-26T12:15:34+00:00","author":{"@id":"http:\/\/ludzieikrajobrazy.muzeumleszno.pl\/#\/schema\/person\/fc2bc20e2b51efc3202ac1f0cdcd06c0"},"breadcrumb":{"@id":"http:\/\/ludzieikrajobrazy.muzeumleszno.pl\/?p=651#breadcrumb"},"inLanguage":"pl-PL","potentialAction":[{"@type":"ReadAction","target":["http:\/\/ludzieikrajobrazy.muzeumleszno.pl\/?p=651"]}]},{"@type":"BreadcrumbList","@id":"http:\/\/ludzieikrajobrazy.muzeumleszno.pl\/?p=651#breadcrumb","itemListElement":[{"@type":"ListItem","position":1,"name":"Home","item":"http:\/\/ludzieikrajobrazy.muzeumleszno.pl\/"},{"@type":"ListItem","position":2,"name":"Rydzyna. Poczt\u00f3wka wielotematyczna, oko\u0142o 1905 roku, Rydzyna, Verlag Karl Klotz"}]},{"@type":"WebSite","@id":"http:\/\/ludzieikrajobrazy.muzeumleszno.pl\/#website","url":"http:\/\/ludzieikrajobrazy.muzeumleszno.pl\/","name":"Ludzie i krajobrazy. Powiat Leszczy\u0144ski w ikonografii","description":"Powiat Leszczy\u0144ski w ikonografii","potentialAction":[{"@type":"SearchAction","target":{"@type":"EntryPoint","urlTemplate":"http:\/\/ludzieikrajobrazy.muzeumleszno.pl\/?s={search_term_string}"},"query-input":{"@type":"PropertyValueSpecification","valueRequired":true,"valueName":"search_term_string"}}],"inLanguage":"pl-PL"},{"@type":"Person","@id":"http:\/\/ludzieikrajobrazy.muzeumleszno.pl\/#\/schema\/person\/fc2bc20e2b51efc3202ac1f0cdcd06c0","name":"Pan_Admin","image":{"@type":"ImageObject","inLanguage":"pl-PL","@id":"https:\/\/secure.gravatar.com\/avatar\/d109d485abe889ecc32dbdb971b715ad9d4596bd0e2353626451db3e04099822?s=96&d=mm&r=g","url":"https:\/\/secure.gravatar.com\/avatar\/d109d485abe889ecc32dbdb971b715ad9d4596bd0e2353626451db3e04099822?s=96&d=mm&r=g","contentUrl":"https:\/\/secure.gravatar.com\/avatar\/d109d485abe889ecc32dbdb971b715ad9d4596bd0e2353626451db3e04099822?s=96&d=mm&r=g","caption":"Pan_Admin"},"sameAs":["http:\/\/ludzieikrajobrazy.muzeumleszno.pl"],"url":"http:\/\/ludzieikrajobrazy.muzeumleszno.pl\/?author=1"}]}},"_links":{"self":[{"href":"http:\/\/ludzieikrajobrazy.muzeumleszno.pl\/index.php?rest_route=\/wp\/v2\/posts\/651","targetHints":{"allow":["GET"]}}],"collection":[{"href":"http:\/\/ludzieikrajobrazy.muzeumleszno.pl\/index.php?rest_route=\/wp\/v2\/posts"}],"about":[{"href":"http:\/\/ludzieikrajobrazy.muzeumleszno.pl\/index.php?rest_route=\/wp\/v2\/types\/post"}],"author":[{"embeddable":true,"href":"http:\/\/ludzieikrajobrazy.muzeumleszno.pl\/index.php?rest_route=\/wp\/v2\/users\/1"}],"replies":[{"embeddable":true,"href":"http:\/\/ludzieikrajobrazy.muzeumleszno.pl\/index.php?rest_route=%2Fwp%2Fv2%2Fcomments&post=651"}],"version-history":[{"count":2,"href":"http:\/\/ludzieikrajobrazy.muzeumleszno.pl\/index.php?rest_route=\/wp\/v2\/posts\/651\/revisions"}],"predecessor-version":[{"id":1302,"href":"http:\/\/ludzieikrajobrazy.muzeumleszno.pl\/index.php?rest_route=\/wp\/v2\/posts\/651\/revisions\/1302"}],"wp:featuredmedia":[{"embeddable":true,"href":"http:\/\/ludzieikrajobrazy.muzeumleszno.pl\/index.php?rest_route=\/wp\/v2\/media\/652"}],"wp:attachment":[{"href":"http:\/\/ludzieikrajobrazy.muzeumleszno.pl\/index.php?rest_route=%2Fwp%2Fv2%2Fmedia&parent=651"}],"wp:term":[{"taxonomy":"category","embeddable":true,"href":"http:\/\/ludzieikrajobrazy.muzeumleszno.pl\/index.php?rest_route=%2Fwp%2Fv2%2Fcategories&post=651"},{"taxonomy":"post_tag","embeddable":true,"href":"http:\/\/ludzieikrajobrazy.muzeumleszno.pl\/index.php?rest_route=%2Fwp%2Fv2%2Ftags&post=651"}],"curies":[{"name":"wp","href":"https:\/\/api.w.org\/{rel}","templated":true}]}}