{"id":655,"date":"2024-06-29T11:59:34","date_gmt":"2024-06-29T09:59:34","guid":{"rendered":"http:\/\/ludzieikrajobrazy.muzeumleszno.pl\/?p=655"},"modified":"2024-09-26T14:22:23","modified_gmt":"2024-09-26T12:22:23","slug":"rydzyna-widok-na-park-i-palac-okolo-1880-roku-napoleon-orda","status":"publish","type":"post","link":"http:\/\/ludzieikrajobrazy.muzeumleszno.pl\/?p=655","title":{"rendered":"Rydzyna. Widok na park i pa\u0142ac, oko\u0142o 1880 roku, Napoleon Orda"},"content":{"rendered":"\n<p><em>Rydzyna \u2013 (Ksi\u0119stwo Pozna\u0144skie.) Ordynacya imienia Ksi\u0105\u017c\u0105t Su\u0142kowskich. Miasto i zamek nale\u017c\u0105ce dawniej do mo\u017cnej rodziny Leszczy\u0144skich, naby\u0142 Alexander hrabia Su\u0142kowski \u0141owczy Nadworny Litewski od kr\u00f3la Stanis\u0142awa. \u2013 Syn jego Ksi\u0105\u017c\u0119 August Su\u0142kowski fundowa\u0142 tu ko\u015bci\u00f3\u0142 i klasztor XX. Pijar\u00f3w ze szko\u0142ami. \u2013 W roku 1755 za pozwoleniem Sejmu dobra Rydzy\u0144skie w Ordynacy\u0119 zamieni\u0142.<\/em><\/p>\n\n\n\n<p>Napoleon Orda (1807\u20131883) jest autorem ponad tysi\u0105ca akwarel i rysunk\u00f3w przedstawiaj\u0105cych zabytkowe budowle na terenie dawnej Rzeczypospolitej. Rysowa\u0142 zabytki Galicji, Pozna\u0144skiego, Prus Kr\u00f3lewskich, Litwy, Kr\u00f3lestwa Polskiego i Ukrainy. Realizuj\u0105c swoj\u0105 pasj\u0119 corocznie wyrusza\u0142 w podr\u00f3\u017c do kolejnych region\u00f3w kraju, utrwalaj\u0105c na papierze krajobrazy i budynki wa\u017cne dla dziej\u00f3w pa\u0144stwa i narodu. Za jego \u017cycia ukaza\u0142o si\u0119 osiem serii rysunk\u00f3w i akwarel w ramach albumu nosz\u0105cego wsp\u00f3lny tytu\u0142: <em>Album widok\u00f3w historycznych Polski po\u015bwi\u0119conych Rodakom<\/em>. W jednym z nich znalaz\u0142 si\u0119 litografowany widok zamku Su\u0142kowskich w Rydzynie. Albumy powstawa\u0142y w pracowni Maksymiliana Fajansa (1825\u20131890) w Warszawie.&nbsp;<\/p>\n\n\n\n<p>Widok Rydzyny zamieszczono w albumie po\u015bwi\u0119conym miejscom historycznym Ksi\u0119stwa Pozna\u0144skiego i Prus Zachodnich, kt\u00f3ry ukaza\u0142 si\u0119 w 1880 roku. Naturalistyczne przedstawienie monumentalnej budowli podkre\u015bla malowniczo\u015b\u0107 zamku i otaczaj\u0105cego go parku. Owiana romantyczn\u0105 legend\u0105 siedziba Su\u0142kowskich musia\u0142a zrobi\u0107 na autorze ogromne wra\u017cenie, podobnie jak zamek G\u00f3rk\u00f3w w Szamotu\u0142ach z baszt\u0105 Czarnej Ksi\u0119\u017cniczki, s\u0142ynny zamek Leszczy\u0144skich w Go\u0142uchowie, czy klasztor benedyktyn\u00f3w w Trzemesznie.&nbsp;<\/p>\n\n\n\n<figure data-wp-context=\"{&quot;imageId&quot;:&quot;69f4638381cfd&quot;}\" data-wp-interactive=\"core\/image\" data-wp-key=\"69f4638381cfd\" class=\"wp-block-image size-full wp-lightbox-container\"><img fetchpriority=\"high\" decoding=\"async\" width=\"2481\" height=\"2000\" data-wp-class--hide=\"state.isContentHidden\" data-wp-class--show=\"state.isContentVisible\" data-wp-init=\"callbacks.setButtonStyles\" data-wp-on--click=\"actions.showLightbox\" data-wp-on--load=\"callbacks.setButtonStyles\" data-wp-on-window--resize=\"callbacks.setButtonStyles\" src=\"http:\/\/ludzieikrajobrazy.muzeumleszno.pl\/wp-content\/uploads\/2024\/07\/130_MLS-1275.jpg\" alt=\"Rydzyna. Widok na park i pa\u0142ac, oko\u0142o 1880 roku, Napoleon Orda\" class=\"wp-image-657\" srcset=\"http:\/\/ludzieikrajobrazy.muzeumleszno.pl\/wp-content\/uploads\/2024\/07\/130_MLS-1275.jpg 2481w, http:\/\/ludzieikrajobrazy.muzeumleszno.pl\/wp-content\/uploads\/2024\/07\/130_MLS-1275-1536x1238.jpg 1536w, http:\/\/ludzieikrajobrazy.muzeumleszno.pl\/wp-content\/uploads\/2024\/07\/130_MLS-1275-2048x1651.jpg 2048w, http:\/\/ludzieikrajobrazy.muzeumleszno.pl\/wp-content\/uploads\/2024\/07\/130_MLS-1275-200x161.jpg 200w, http:\/\/ludzieikrajobrazy.muzeumleszno.pl\/wp-content\/uploads\/2024\/07\/130_MLS-1275-973x784.jpg 973w, http:\/\/ludzieikrajobrazy.muzeumleszno.pl\/wp-content\/uploads\/2024\/07\/130_MLS-1275-508x410.jpg 508w\" sizes=\"(max-width: 2481px) 100vw, 2481px\" \/><button\n\t\t\tclass=\"lightbox-trigger\"\n\t\t\ttype=\"button\"\n\t\t\taria-haspopup=\"dialog\"\n\t\t\taria-label=\"Powi\u0119ksz\"\n\t\t\tdata-wp-init=\"callbacks.initTriggerButton\"\n\t\t\tdata-wp-on--click=\"actions.showLightbox\"\n\t\t\tdata-wp-style--right=\"state.imageButtonRight\"\n\t\t\tdata-wp-style--top=\"state.imageButtonTop\"\n\t\t>\n\t\t\t<svg xmlns=\"http:\/\/www.w3.org\/2000\/svg\" width=\"12\" height=\"12\" fill=\"none\" viewBox=\"0 0 12 12\">\n\t\t\t\t<path fill=\"#fff\" d=\"M2 0a2 2 0 0 0-2 2v2h1.5V2a.5.5 0 0 1 .5-.5h2V0H2Zm2 10.5H2a.5.5 0 0 1-.5-.5V8H0v2a2 2 0 0 0 2 2h2v-1.5ZM8 12v-1.5h2a.5.5 0 0 0 .5-.5V8H12v2a2 2 0 0 1-2 2H8Zm2-12a2 2 0 0 1 2 2v2h-1.5V2a.5.5 0 0 0-.5-.5H8V0h2Z\" \/>\n\t\t\t<\/svg>\n\t\t<\/button><figcaption class=\"wp-element-caption\">Rydzyna. Widok na park i pa\u0142ac, oko\u0142o 1880 roku, Napoleon Orda<\/figcaption><\/figure>\n\n\n\n<p class=\"has-small-font-size\">nr inw. MLS 1275<br>w zbiorach Muzeum Okr\u0119gowego w Lesznie od 2006 roku, zakup<\/p>\n\n\n\n<p>D.Cz.<\/p>\n\n\n\n<figure class=\"wp-block-embed is-type-video is-provider-youtube wp-block-embed-youtube wp-embed-aspect-16-9 wp-has-aspect-ratio\"><div class=\"wp-block-embed__wrapper\">\n<iframe title=\"Rydzyna  Widok na park i pa\u0142ac, oko\u0142o 1880 roku, Napoleon Orda\" width=\"620\" height=\"349\" src=\"https:\/\/www.youtube.com\/embed\/erPze0lK8Wg?feature=oembed\" frameborder=\"0\" allow=\"accelerometer; autoplay; clipboard-write; encrypted-media; gyroscope; picture-in-picture; web-share\" referrerpolicy=\"strict-origin-when-cross-origin\" allowfullscreen><\/iframe>\n<\/div><\/figure>\n","protected":false},"excerpt":{"rendered":"<p>Rydzyna \u2013 (Ksi\u0119stwo Pozna\u0144skie.) Ordynacya imienia Ksi\u0105\u017c\u0105t Su\u0142kowskich. Miasto i zamek nale\u017c\u0105ce dawniej do mo\u017cnej rodziny Leszczy\u0144skich, naby\u0142 Alexander hrabia Su\u0142kowski \u0141owczy Nadworny Litewski od kr\u00f3la Stanis\u0142awa. \u2013&#8230;<\/p>\n","protected":false},"author":1,"featured_media":657,"comment_status":"closed","ping_status":"closed","sticky":false,"template":"","format":"standard","meta":{"cybocfi_hide_featured_image":"yes","footnotes":""},"categories":[328],"tags":[512,518,523,519,378,341,520,407,525,521,516,342,524,513,527,380,482,515,526,129,517,499,522,514,168],"class_list":["post-655","post","type-post","status-publish","format-standard","has-post-thumbnail","hentry","category-rydzyna","tag-512","tag-akwarela","tag-album","tag-album-widokow-historycznych-polski-poswieconych-rodakom","tag-architektura","tag-artysta","tag-dokumentacja","tag-krajobraz","tag-ksiestwo-poznanskie","tag-maksymilian-fajans","tag-malarsto","tag-malarz","tag-miejsce-historyczne","tag-napoleon-orda","tag-naturalizm","tag-palac","tag-park","tag-podroz","tag-prusy-zachodnie","tag-rydzyna","tag-rysunek","tag-sulkowscy","tag-warszawa","tag-zabytek","tag-zamek"],"yoast_head":"<!-- This site is optimized with the Yoast SEO plugin v27.5 - https:\/\/yoast.com\/product\/yoast-seo-wordpress\/ -->\n<title>Rydzyna. Widok na park i pa\u0142ac, oko\u0142o 1880 roku, Napoleon Orda - Ludzie i krajobrazy. Powiat Leszczy\u0144ski w ikonografii<\/title>\n<meta name=\"robots\" content=\"index, follow, max-snippet:-1, max-image-preview:large, max-video-preview:-1\" \/>\n<link rel=\"canonical\" href=\"http:\/\/ludzieikrajobrazy.muzeumleszno.pl\/?p=655\" \/>\n<meta property=\"og:locale\" content=\"pl_PL\" \/>\n<meta property=\"og:type\" content=\"article\" \/>\n<meta property=\"og:title\" content=\"Rydzyna. Widok na park i pa\u0142ac, oko\u0142o 1880 roku, Napoleon Orda - Ludzie i krajobrazy. Powiat Leszczy\u0144ski w ikonografii\" \/>\n<meta property=\"og:description\" content=\"Rydzyna \u2013 (Ksi\u0119stwo Pozna\u0144skie.) Ordynacya imienia Ksi\u0105\u017c\u0105t Su\u0142kowskich. Miasto i zamek nale\u017c\u0105ce dawniej do mo\u017cnej rodziny Leszczy\u0144skich, naby\u0142 Alexander hrabia Su\u0142kowski \u0141owczy Nadworny Litewski od kr\u00f3la Stanis\u0142awa. \u2013...\" \/>\n<meta property=\"og:url\" content=\"http:\/\/ludzieikrajobrazy.muzeumleszno.pl\/?p=655\" \/>\n<meta property=\"og:site_name\" content=\"Ludzie i krajobrazy. Powiat Leszczy\u0144ski w ikonografii\" \/>\n<meta property=\"article:published_time\" content=\"2024-06-29T09:59:34+00:00\" \/>\n<meta property=\"article:modified_time\" content=\"2024-09-26T12:22:23+00:00\" \/>\n<meta property=\"og:image\" content=\"http:\/\/ludzieikrajobrazy.muzeumleszno.pl\/wp-content\/uploads\/2024\/07\/130_MLS-1275.jpg\" \/>\n\t<meta property=\"og:image:width\" content=\"2481\" \/>\n\t<meta property=\"og:image:height\" content=\"2000\" \/>\n\t<meta property=\"og:image:type\" content=\"image\/jpeg\" \/>\n<meta name=\"author\" content=\"Pan_Admin\" \/>\n<meta name=\"twitter:card\" content=\"summary_large_image\" \/>\n<meta name=\"twitter:label1\" content=\"Napisane przez\" \/>\n\t<meta name=\"twitter:data1\" content=\"Pan_Admin\" \/>\n\t<meta name=\"twitter:label2\" content=\"Szacowany czas czytania\" \/>\n\t<meta name=\"twitter:data2\" content=\"2 minuty\" \/>\n<script type=\"application\/ld+json\" class=\"yoast-schema-graph\">{\"@context\":\"https:\\\/\\\/schema.org\",\"@graph\":[{\"@type\":\"Article\",\"@id\":\"http:\\\/\\\/ludzieikrajobrazy.muzeumleszno.pl\\\/?p=655#article\",\"isPartOf\":{\"@id\":\"http:\\\/\\\/ludzieikrajobrazy.muzeumleszno.pl\\\/?p=655\"},\"author\":{\"name\":\"Pan_Admin\",\"@id\":\"http:\\\/\\\/ludzieikrajobrazy.muzeumleszno.pl\\\/#\\\/schema\\\/person\\\/fc2bc20e2b51efc3202ac1f0cdcd06c0\"},\"headline\":\"Rydzyna. Widok na park i pa\u0142ac, oko\u0142o 1880 roku, Napoleon Orda\",\"datePublished\":\"2024-06-29T09:59:34+00:00\",\"dateModified\":\"2024-09-26T12:22:23+00:00\",\"mainEntityOfPage\":{\"@id\":\"http:\\\/\\\/ludzieikrajobrazy.muzeumleszno.pl\\\/?p=655\"},\"wordCount\":303,\"image\":{\"@id\":\"http:\\\/\\\/ludzieikrajobrazy.muzeumleszno.pl\\\/?p=655#primaryimage\"},\"thumbnailUrl\":\"http:\\\/\\\/ludzieikrajobrazy.muzeumleszno.pl\\\/wp-content\\\/uploads\\\/2024\\\/07\\\/130_MLS-1275.jpg\",\"keywords\":[\"1880\",\"akwarela\",\"album\",\"Album widok\u00f3w historycznych Polski po\u015bwi\u0119conych Rodakom\",\"architektura\",\"artysta\",\"dokumentacja\",\"krajobraz\",\"Ksi\u0119stwo Pozna\u0144skie\",\"Maksymilian Fajans\",\"malarstwo\",\"malarz\",\"miejsce historyczne\",\"Napoleon Orda\",\"naturalizm\",\"pa\u0142ac\",\"park\",\"podr\u00f3\u017c\",\"Prusy Zachodnie\",\"Rydzyna\",\"rysunek\",\"Su\u0142kowscy\",\"Warszawa\",\"zabytek\",\"zamek\"],\"articleSection\":[\"Rydzyna\"],\"inLanguage\":\"pl-PL\"},{\"@type\":\"WebPage\",\"@id\":\"http:\\\/\\\/ludzieikrajobrazy.muzeumleszno.pl\\\/?p=655\",\"url\":\"http:\\\/\\\/ludzieikrajobrazy.muzeumleszno.pl\\\/?p=655\",\"name\":\"Rydzyna. Widok na park i pa\u0142ac, oko\u0142o 1880 roku, Napoleon Orda - Ludzie i krajobrazy. Powiat Leszczy\u0144ski w ikonografii\",\"isPartOf\":{\"@id\":\"http:\\\/\\\/ludzieikrajobrazy.muzeumleszno.pl\\\/#website\"},\"primaryImageOfPage\":{\"@id\":\"http:\\\/\\\/ludzieikrajobrazy.muzeumleszno.pl\\\/?p=655#primaryimage\"},\"image\":{\"@id\":\"http:\\\/\\\/ludzieikrajobrazy.muzeumleszno.pl\\\/?p=655#primaryimage\"},\"thumbnailUrl\":\"http:\\\/\\\/ludzieikrajobrazy.muzeumleszno.pl\\\/wp-content\\\/uploads\\\/2024\\\/07\\\/130_MLS-1275.jpg\",\"datePublished\":\"2024-06-29T09:59:34+00:00\",\"dateModified\":\"2024-09-26T12:22:23+00:00\",\"author\":{\"@id\":\"http:\\\/\\\/ludzieikrajobrazy.muzeumleszno.pl\\\/#\\\/schema\\\/person\\\/fc2bc20e2b51efc3202ac1f0cdcd06c0\"},\"breadcrumb\":{\"@id\":\"http:\\\/\\\/ludzieikrajobrazy.muzeumleszno.pl\\\/?p=655#breadcrumb\"},\"inLanguage\":\"pl-PL\",\"potentialAction\":[{\"@type\":\"ReadAction\",\"target\":[\"http:\\\/\\\/ludzieikrajobrazy.muzeumleszno.pl\\\/?p=655\"]}]},{\"@type\":\"BreadcrumbList\",\"@id\":\"http:\\\/\\\/ludzieikrajobrazy.muzeumleszno.pl\\\/?p=655#breadcrumb\",\"itemListElement\":[{\"@type\":\"ListItem\",\"position\":1,\"name\":\"Home\",\"item\":\"http:\\\/\\\/ludzieikrajobrazy.muzeumleszno.pl\\\/\"},{\"@type\":\"ListItem\",\"position\":2,\"name\":\"Rydzyna. Widok na park i pa\u0142ac, oko\u0142o 1880 roku, Napoleon Orda\"}]},{\"@type\":\"WebSite\",\"@id\":\"http:\\\/\\\/ludzieikrajobrazy.muzeumleszno.pl\\\/#website\",\"url\":\"http:\\\/\\\/ludzieikrajobrazy.muzeumleszno.pl\\\/\",\"name\":\"Ludzie i krajobrazy. Powiat Leszczy\u0144ski w ikonografii\",\"description\":\"Powiat Leszczy\u0144ski w ikonografii\",\"potentialAction\":[{\"@type\":\"SearchAction\",\"target\":{\"@type\":\"EntryPoint\",\"urlTemplate\":\"http:\\\/\\\/ludzieikrajobrazy.muzeumleszno.pl\\\/?s={search_term_string}\"},\"query-input\":{\"@type\":\"PropertyValueSpecification\",\"valueRequired\":true,\"valueName\":\"search_term_string\"}}],\"inLanguage\":\"pl-PL\"},{\"@type\":\"Person\",\"@id\":\"http:\\\/\\\/ludzieikrajobrazy.muzeumleszno.pl\\\/#\\\/schema\\\/person\\\/fc2bc20e2b51efc3202ac1f0cdcd06c0\",\"name\":\"Pan_Admin\",\"image\":{\"@type\":\"ImageObject\",\"inLanguage\":\"pl-PL\",\"@id\":\"https:\\\/\\\/secure.gravatar.com\\\/avatar\\\/d109d485abe889ecc32dbdb971b715ad9d4596bd0e2353626451db3e04099822?s=96&d=mm&r=g\",\"url\":\"https:\\\/\\\/secure.gravatar.com\\\/avatar\\\/d109d485abe889ecc32dbdb971b715ad9d4596bd0e2353626451db3e04099822?s=96&d=mm&r=g\",\"contentUrl\":\"https:\\\/\\\/secure.gravatar.com\\\/avatar\\\/d109d485abe889ecc32dbdb971b715ad9d4596bd0e2353626451db3e04099822?s=96&d=mm&r=g\",\"caption\":\"Pan_Admin\"},\"sameAs\":[\"http:\\\/\\\/ludzieikrajobrazy.muzeumleszno.pl\"],\"url\":\"http:\\\/\\\/ludzieikrajobrazy.muzeumleszno.pl\\\/?author=1\"}]}<\/script>\n<!-- \/ Yoast SEO plugin. -->","yoast_head_json":{"title":"Rydzyna. Widok na park i pa\u0142ac, oko\u0142o 1880 roku, Napoleon Orda - Ludzie i krajobrazy. Powiat Leszczy\u0144ski w ikonografii","robots":{"index":"index","follow":"follow","max-snippet":"max-snippet:-1","max-image-preview":"max-image-preview:large","max-video-preview":"max-video-preview:-1"},"canonical":"http:\/\/ludzieikrajobrazy.muzeumleszno.pl\/?p=655","og_locale":"pl_PL","og_type":"article","og_title":"Rydzyna. Widok na park i pa\u0142ac, oko\u0142o 1880 roku, Napoleon Orda - Ludzie i krajobrazy. Powiat Leszczy\u0144ski w ikonografii","og_description":"Rydzyna \u2013 (Ksi\u0119stwo Pozna\u0144skie.) Ordynacya imienia Ksi\u0105\u017c\u0105t Su\u0142kowskich. Miasto i zamek nale\u017c\u0105ce dawniej do mo\u017cnej rodziny Leszczy\u0144skich, naby\u0142 Alexander hrabia Su\u0142kowski \u0141owczy Nadworny Litewski od kr\u00f3la Stanis\u0142awa. \u2013...","og_url":"http:\/\/ludzieikrajobrazy.muzeumleszno.pl\/?p=655","og_site_name":"Ludzie i krajobrazy. Powiat Leszczy\u0144ski w ikonografii","article_published_time":"2024-06-29T09:59:34+00:00","article_modified_time":"2024-09-26T12:22:23+00:00","og_image":[{"width":2481,"height":2000,"url":"http:\/\/ludzieikrajobrazy.muzeumleszno.pl\/wp-content\/uploads\/2024\/07\/130_MLS-1275.jpg","type":"image\/jpeg"}],"author":"Pan_Admin","twitter_card":"summary_large_image","twitter_misc":{"Napisane przez":"Pan_Admin","Szacowany czas czytania":"2 minuty"},"schema":{"@context":"https:\/\/schema.org","@graph":[{"@type":"Article","@id":"http:\/\/ludzieikrajobrazy.muzeumleszno.pl\/?p=655#article","isPartOf":{"@id":"http:\/\/ludzieikrajobrazy.muzeumleszno.pl\/?p=655"},"author":{"name":"Pan_Admin","@id":"http:\/\/ludzieikrajobrazy.muzeumleszno.pl\/#\/schema\/person\/fc2bc20e2b51efc3202ac1f0cdcd06c0"},"headline":"Rydzyna. Widok na park i pa\u0142ac, oko\u0142o 1880 roku, Napoleon Orda","datePublished":"2024-06-29T09:59:34+00:00","dateModified":"2024-09-26T12:22:23+00:00","mainEntityOfPage":{"@id":"http:\/\/ludzieikrajobrazy.muzeumleszno.pl\/?p=655"},"wordCount":303,"image":{"@id":"http:\/\/ludzieikrajobrazy.muzeumleszno.pl\/?p=655#primaryimage"},"thumbnailUrl":"http:\/\/ludzieikrajobrazy.muzeumleszno.pl\/wp-content\/uploads\/2024\/07\/130_MLS-1275.jpg","keywords":["1880","akwarela","album","Album widok\u00f3w historycznych Polski po\u015bwi\u0119conych Rodakom","architektura","artysta","dokumentacja","krajobraz","Ksi\u0119stwo Pozna\u0144skie","Maksymilian Fajans","malarstwo","malarz","miejsce historyczne","Napoleon Orda","naturalizm","pa\u0142ac","park","podr\u00f3\u017c","Prusy Zachodnie","Rydzyna","rysunek","Su\u0142kowscy","Warszawa","zabytek","zamek"],"articleSection":["Rydzyna"],"inLanguage":"pl-PL"},{"@type":"WebPage","@id":"http:\/\/ludzieikrajobrazy.muzeumleszno.pl\/?p=655","url":"http:\/\/ludzieikrajobrazy.muzeumleszno.pl\/?p=655","name":"Rydzyna. Widok na park i pa\u0142ac, oko\u0142o 1880 roku, Napoleon Orda - Ludzie i krajobrazy. Powiat Leszczy\u0144ski w ikonografii","isPartOf":{"@id":"http:\/\/ludzieikrajobrazy.muzeumleszno.pl\/#website"},"primaryImageOfPage":{"@id":"http:\/\/ludzieikrajobrazy.muzeumleszno.pl\/?p=655#primaryimage"},"image":{"@id":"http:\/\/ludzieikrajobrazy.muzeumleszno.pl\/?p=655#primaryimage"},"thumbnailUrl":"http:\/\/ludzieikrajobrazy.muzeumleszno.pl\/wp-content\/uploads\/2024\/07\/130_MLS-1275.jpg","datePublished":"2024-06-29T09:59:34+00:00","dateModified":"2024-09-26T12:22:23+00:00","author":{"@id":"http:\/\/ludzieikrajobrazy.muzeumleszno.pl\/#\/schema\/person\/fc2bc20e2b51efc3202ac1f0cdcd06c0"},"breadcrumb":{"@id":"http:\/\/ludzieikrajobrazy.muzeumleszno.pl\/?p=655#breadcrumb"},"inLanguage":"pl-PL","potentialAction":[{"@type":"ReadAction","target":["http:\/\/ludzieikrajobrazy.muzeumleszno.pl\/?p=655"]}]},{"@type":"BreadcrumbList","@id":"http:\/\/ludzieikrajobrazy.muzeumleszno.pl\/?p=655#breadcrumb","itemListElement":[{"@type":"ListItem","position":1,"name":"Home","item":"http:\/\/ludzieikrajobrazy.muzeumleszno.pl\/"},{"@type":"ListItem","position":2,"name":"Rydzyna. Widok na park i pa\u0142ac, oko\u0142o 1880 roku, Napoleon Orda"}]},{"@type":"WebSite","@id":"http:\/\/ludzieikrajobrazy.muzeumleszno.pl\/#website","url":"http:\/\/ludzieikrajobrazy.muzeumleszno.pl\/","name":"Ludzie i krajobrazy. Powiat Leszczy\u0144ski w ikonografii","description":"Powiat Leszczy\u0144ski w ikonografii","potentialAction":[{"@type":"SearchAction","target":{"@type":"EntryPoint","urlTemplate":"http:\/\/ludzieikrajobrazy.muzeumleszno.pl\/?s={search_term_string}"},"query-input":{"@type":"PropertyValueSpecification","valueRequired":true,"valueName":"search_term_string"}}],"inLanguage":"pl-PL"},{"@type":"Person","@id":"http:\/\/ludzieikrajobrazy.muzeumleszno.pl\/#\/schema\/person\/fc2bc20e2b51efc3202ac1f0cdcd06c0","name":"Pan_Admin","image":{"@type":"ImageObject","inLanguage":"pl-PL","@id":"https:\/\/secure.gravatar.com\/avatar\/d109d485abe889ecc32dbdb971b715ad9d4596bd0e2353626451db3e04099822?s=96&d=mm&r=g","url":"https:\/\/secure.gravatar.com\/avatar\/d109d485abe889ecc32dbdb971b715ad9d4596bd0e2353626451db3e04099822?s=96&d=mm&r=g","contentUrl":"https:\/\/secure.gravatar.com\/avatar\/d109d485abe889ecc32dbdb971b715ad9d4596bd0e2353626451db3e04099822?s=96&d=mm&r=g","caption":"Pan_Admin"},"sameAs":["http:\/\/ludzieikrajobrazy.muzeumleszno.pl"],"url":"http:\/\/ludzieikrajobrazy.muzeumleszno.pl\/?author=1"}]}},"_links":{"self":[{"href":"http:\/\/ludzieikrajobrazy.muzeumleszno.pl\/index.php?rest_route=\/wp\/v2\/posts\/655","targetHints":{"allow":["GET"]}}],"collection":[{"href":"http:\/\/ludzieikrajobrazy.muzeumleszno.pl\/index.php?rest_route=\/wp\/v2\/posts"}],"about":[{"href":"http:\/\/ludzieikrajobrazy.muzeumleszno.pl\/index.php?rest_route=\/wp\/v2\/types\/post"}],"author":[{"embeddable":true,"href":"http:\/\/ludzieikrajobrazy.muzeumleszno.pl\/index.php?rest_route=\/wp\/v2\/users\/1"}],"replies":[{"embeddable":true,"href":"http:\/\/ludzieikrajobrazy.muzeumleszno.pl\/index.php?rest_route=%2Fwp%2Fv2%2Fcomments&post=655"}],"version-history":[{"count":2,"href":"http:\/\/ludzieikrajobrazy.muzeumleszno.pl\/index.php?rest_route=\/wp\/v2\/posts\/655\/revisions"}],"predecessor-version":[{"id":1305,"href":"http:\/\/ludzieikrajobrazy.muzeumleszno.pl\/index.php?rest_route=\/wp\/v2\/posts\/655\/revisions\/1305"}],"wp:featuredmedia":[{"embeddable":true,"href":"http:\/\/ludzieikrajobrazy.muzeumleszno.pl\/index.php?rest_route=\/wp\/v2\/media\/657"}],"wp:attachment":[{"href":"http:\/\/ludzieikrajobrazy.muzeumleszno.pl\/index.php?rest_route=%2Fwp%2Fv2%2Fmedia&parent=655"}],"wp:term":[{"taxonomy":"category","embeddable":true,"href":"http:\/\/ludzieikrajobrazy.muzeumleszno.pl\/index.php?rest_route=%2Fwp%2Fv2%2Fcategories&post=655"},{"taxonomy":"post_tag","embeddable":true,"href":"http:\/\/ludzieikrajobrazy.muzeumleszno.pl\/index.php?rest_route=%2Fwp%2Fv2%2Ftags&post=655"}],"curies":[{"name":"wp","href":"https:\/\/api.w.org\/{rel}","templated":true}]}}