{"id":663,"date":"2024-06-29T11:57:25","date_gmt":"2024-06-29T09:57:25","guid":{"rendered":"http:\/\/ludzieikrajobrazy.muzeumleszno.pl\/?p=663"},"modified":"2024-09-26T14:00:03","modified_gmt":"2024-09-26T12:00:03","slug":"rydzyna-dzwon-z-kosciola-pw-sw-stanislawa-po-1945-roku","status":"publish","type":"post","link":"http:\/\/ludzieikrajobrazy.muzeumleszno.pl\/?p=663","title":{"rendered":"Rydzyna. Dzwon z ko\u015bcio\u0142a pw. \u015bw. Stanis\u0142awa, po 1945 roku"},"content":{"rendered":"\n<p>Dymisja Aleksandra J\u00f3zefa Su\u0142kowskiego z urz\u0119d\u00f3w pe\u0142nionych na dworze drezde\u0144sko-warszawskim zwi\u0105za\u0142a jego dalsze losy z Lesznem i Rydzyn\u0105. Na g\u0142\u00f3wn\u0105 siedzib\u0119 wybra\u0142 rydzy\u0144ski zamek, ale aktywnie zabiega\u0142 o rozw\u00f3j wszystkich swoich d\u00f3br. Jako mecenas i patron cz\u0119sto wspiera\u0142 finansowo r\u00f3\u017cne przedsi\u0119wzi\u0119cia, w tym fundacje ko\u015bcio\u0142\u00f3w i ich wyposa\u017cenia. W ludwisarni Stefana Wernera w Lesznie zam\u00f3wi\u0142 dzwon dla rydzy\u0144skiego ko\u015bcio\u0142a parafialnego pw. \u015bw. Stanis\u0142awa, na kt\u00f3rym umieszczono stosowny tekst fundacyjny. Dzwon odlano w 1751 roku i zawieszono w zbudowanej w\u0142a\u015bnie \u015bwi\u0105tyni.&nbsp;<\/p>\n\n\n\n<p>W czasie I i II wojny \u015bwiatowej dzwony ko\u015bcielne sta\u0142y si\u0119 po\u017c\u0105danym przez wojsko surowcem, potrzebnym w przemy\u015ble zbrojeniowym. Dzwon z Rydzyny, jak wiele innych, zdj\u0119to i wywieziono. Po wojnie zosta\u0142 odnaleziony w&nbsp; Wilkowicach, gdzie w stodole znajdowa\u0142a si\u0119 tymczasowa sk\u0142adnica. Na zdj\u0119ciu stoi w\u015br\u00f3d podobnych mu zabytk\u00f3w, z pi\u0119kn\u0105 tarcz\u0105 herbow\u0105 podtrzymywan\u0105 przez dwa lwy i rozbudowan\u0105 inskrypcj\u0105 s\u0142awi\u0105c\u0105 Su\u0142kowskiego. Po drugiej stronie zdobi go p\u0142askorze\u017aba \u015bw. Stanis\u0142awa biskupa. Dzwon, wraz z tym ufundowanym przez pijar\u00f3w w 1792 roku, powr\u00f3ci\u0142 do Rydzyny i ponownie zawis\u0142 w wie\u017cy ko\u015bcio\u0142a. Trzeci, najstarszy dzwon z 1714 roku zosta\u0142 najprawdopodobniej zniszczony.&nbsp;<\/p>\n\n\n\n<figure data-wp-context=\"{&quot;imageId&quot;:&quot;69f1cb8683c52&quot;}\" data-wp-interactive=\"core\/image\" data-wp-key=\"69f1cb8683c52\" class=\"wp-block-image size-full wp-lightbox-container\"><img fetchpriority=\"high\" decoding=\"async\" width=\"1498\" height=\"2000\" data-wp-class--hide=\"state.isContentHidden\" data-wp-class--show=\"state.isContentVisible\" data-wp-init=\"callbacks.setButtonStyles\" data-wp-on--click=\"actions.showLightbox\" data-wp-on--load=\"callbacks.setButtonStyles\" data-wp-on-window--resize=\"callbacks.setButtonStyles\" src=\"http:\/\/ludzieikrajobrazy.muzeumleszno.pl\/wp-content\/uploads\/2024\/07\/132_MLFa-269.jpg\" alt=\"Rydzyna. Dzwon z ko\u015bcio\u0142a pw. \u015bw. Stanis\u0142awa, po 1945 roku\" class=\"wp-image-664\" srcset=\"http:\/\/ludzieikrajobrazy.muzeumleszno.pl\/wp-content\/uploads\/2024\/07\/132_MLFa-269.jpg 1498w, http:\/\/ludzieikrajobrazy.muzeumleszno.pl\/wp-content\/uploads\/2024\/07\/132_MLFa-269-1150x1536.jpg 1150w, http:\/\/ludzieikrajobrazy.muzeumleszno.pl\/wp-content\/uploads\/2024\/07\/132_MLFa-269-200x267.jpg 200w, http:\/\/ludzieikrajobrazy.muzeumleszno.pl\/wp-content\/uploads\/2024\/07\/132_MLFa-269-973x1299.jpg 973w, http:\/\/ludzieikrajobrazy.muzeumleszno.pl\/wp-content\/uploads\/2024\/07\/132_MLFa-269-508x678.jpg 508w\" sizes=\"(max-width: 1498px) 100vw, 1498px\" \/><button\n\t\t\tclass=\"lightbox-trigger\"\n\t\t\ttype=\"button\"\n\t\t\taria-haspopup=\"dialog\"\n\t\t\taria-label=\"Powi\u0119ksz\"\n\t\t\tdata-wp-init=\"callbacks.initTriggerButton\"\n\t\t\tdata-wp-on--click=\"actions.showLightbox\"\n\t\t\tdata-wp-style--right=\"state.imageButtonRight\"\n\t\t\tdata-wp-style--top=\"state.imageButtonTop\"\n\t\t>\n\t\t\t<svg xmlns=\"http:\/\/www.w3.org\/2000\/svg\" width=\"12\" height=\"12\" fill=\"none\" viewBox=\"0 0 12 12\">\n\t\t\t\t<path fill=\"#fff\" d=\"M2 0a2 2 0 0 0-2 2v2h1.5V2a.5.5 0 0 1 .5-.5h2V0H2Zm2 10.5H2a.5.5 0 0 1-.5-.5V8H0v2a2 2 0 0 0 2 2h2v-1.5ZM8 12v-1.5h2a.5.5 0 0 0 .5-.5V8H12v2a2 2 0 0 1-2 2H8Zm2-12a2 2 0 0 1 2 2v2h-1.5V2a.5.5 0 0 0-.5-.5H8V0h2Z\" \/>\n\t\t\t<\/svg>\n\t\t<\/button><figcaption class=\"wp-element-caption\">Rydzyna. Dzwon z ko\u015bcio\u0142a pw. \u015bw. Stanis\u0142awa, po 1945 roku, wys. 12,5 cm x szer. 17,5 cm; odbitka srebrowo-\u017celatynowa, papier fotograficzny, b.d.; Muzeum Okr\u0119gowe w Lesznie; MLFa269<\/figcaption><\/figure>\n\n\n\n<p class=\"has-small-font-size\">nr inw. MLFa 269<br>W zbiorach Muzeum Okr\u0119gowego w Lesznie od lata 60. XX wieku, dar<\/p>\n\n\n\n<p>D.Cz.&nbsp;<\/p>\n\n\n\n<figure class=\"wp-block-embed is-type-video is-provider-youtube wp-block-embed-youtube wp-embed-aspect-16-9 wp-has-aspect-ratio\"><div class=\"wp-block-embed__wrapper\">\n<iframe title=\"Rydzyna  Dzwon z ko\u015bcio\u0142a pw  \u015bw  Stanis\u0142awa, po 1945 roku\" width=\"620\" height=\"349\" src=\"https:\/\/www.youtube.com\/embed\/P4R0t3NWmis?feature=oembed\" frameborder=\"0\" allow=\"accelerometer; autoplay; clipboard-write; encrypted-media; gyroscope; picture-in-picture; web-share\" referrerpolicy=\"strict-origin-when-cross-origin\" allowfullscreen><\/iframe>\n<\/div><\/figure>\n","protected":false},"excerpt":{"rendered":"<p>Dymisja Aleksandra J\u00f3zefa Su\u0142kowskiego z urz\u0119d\u00f3w pe\u0142nionych na dworze drezde\u0144sko-warszawskim zwi\u0105za\u0142a jego dalsze losy z Lesznem i Rydzyn\u0105. Na g\u0142\u00f3wn\u0105 siedzib\u0119 wybra\u0142 rydzy\u0144ski zamek, ale aktywnie zabiega\u0142 o&#8230;<\/p>\n","protected":false},"author":1,"featured_media":664,"comment_status":"closed","ping_status":"closed","sticky":false,"template":"","format":"standard","meta":{"cybocfi_hide_featured_image":"yes","footnotes":""},"categories":[328],"tags":[127,563,196,363,564,569,571,129,499,576,567,568,514],"class_list":["post-663","post","type-post","status-publish","format-standard","has-post-thumbnail","hentry","category-rydzyna","tag-127","tag-dzwon","tag-i-wojna-swiatowa","tag-ii-wojna-swiatowa","tag-kosciol-wezwania-sw-stanislawa","tag-lew","tag-plaskorzezba","tag-rydzyna","tag-sulkowscy","tag-surowiec","tag-tekst-fundacyjny","tag-wilkowice","tag-zabytek"],"yoast_head":"<!-- This site is optimized with the Yoast SEO plugin v27.5 - https:\/\/yoast.com\/product\/yoast-seo-wordpress\/ -->\n<title>Rydzyna. Dzwon z ko\u015bcio\u0142a pw. \u015bw. Stanis\u0142awa, po 1945 roku - Ludzie i krajobrazy. Powiat Leszczy\u0144ski w ikonografii<\/title>\n<meta name=\"robots\" content=\"index, follow, max-snippet:-1, max-image-preview:large, max-video-preview:-1\" \/>\n<link rel=\"canonical\" href=\"http:\/\/ludzieikrajobrazy.muzeumleszno.pl\/?p=663\" \/>\n<meta property=\"og:locale\" content=\"pl_PL\" \/>\n<meta property=\"og:type\" content=\"article\" \/>\n<meta property=\"og:title\" content=\"Rydzyna. Dzwon z ko\u015bcio\u0142a pw. \u015bw. Stanis\u0142awa, po 1945 roku - Ludzie i krajobrazy. Powiat Leszczy\u0144ski w ikonografii\" \/>\n<meta property=\"og:description\" content=\"Dymisja Aleksandra J\u00f3zefa Su\u0142kowskiego z urz\u0119d\u00f3w pe\u0142nionych na dworze drezde\u0144sko-warszawskim zwi\u0105za\u0142a jego dalsze losy z Lesznem i Rydzyn\u0105. Na g\u0142\u00f3wn\u0105 siedzib\u0119 wybra\u0142 rydzy\u0144ski zamek, ale aktywnie zabiega\u0142 o...\" \/>\n<meta property=\"og:url\" content=\"http:\/\/ludzieikrajobrazy.muzeumleszno.pl\/?p=663\" \/>\n<meta property=\"og:site_name\" content=\"Ludzie i krajobrazy. Powiat Leszczy\u0144ski w ikonografii\" \/>\n<meta property=\"article:published_time\" content=\"2024-06-29T09:57:25+00:00\" \/>\n<meta property=\"article:modified_time\" content=\"2024-09-26T12:00:03+00:00\" \/>\n<meta property=\"og:image\" content=\"http:\/\/ludzieikrajobrazy.muzeumleszno.pl\/wp-content\/uploads\/2024\/07\/132_MLFa-269.jpg\" \/>\n\t<meta property=\"og:image:width\" content=\"1498\" \/>\n\t<meta property=\"og:image:height\" content=\"2000\" \/>\n\t<meta property=\"og:image:type\" content=\"image\/jpeg\" \/>\n<meta name=\"author\" content=\"Pan_Admin\" \/>\n<meta name=\"twitter:card\" content=\"summary_large_image\" \/>\n<meta name=\"twitter:label1\" content=\"Napisane przez\" \/>\n\t<meta name=\"twitter:data1\" content=\"Pan_Admin\" \/>\n\t<meta name=\"twitter:label2\" content=\"Szacowany czas czytania\" \/>\n\t<meta name=\"twitter:data2\" content=\"2 minuty\" \/>\n<script type=\"application\/ld+json\" class=\"yoast-schema-graph\">{\"@context\":\"https:\\\/\\\/schema.org\",\"@graph\":[{\"@type\":\"Article\",\"@id\":\"http:\\\/\\\/ludzieikrajobrazy.muzeumleszno.pl\\\/?p=663#article\",\"isPartOf\":{\"@id\":\"http:\\\/\\\/ludzieikrajobrazy.muzeumleszno.pl\\\/?p=663\"},\"author\":{\"name\":\"Pan_Admin\",\"@id\":\"https:\\\/\\\/ludzieikrajobrazy.muzeumleszno.pl\\\/#\\\/schema\\\/person\\\/fc2bc20e2b51efc3202ac1f0cdcd06c0\"},\"headline\":\"Rydzyna. Dzwon z ko\u015bcio\u0142a pw. \u015bw. Stanis\u0142awa, po 1945 roku\",\"datePublished\":\"2024-06-29T09:57:25+00:00\",\"dateModified\":\"2024-09-26T12:00:03+00:00\",\"mainEntityOfPage\":{\"@id\":\"http:\\\/\\\/ludzieikrajobrazy.muzeumleszno.pl\\\/?p=663\"},\"wordCount\":296,\"image\":{\"@id\":\"http:\\\/\\\/ludzieikrajobrazy.muzeumleszno.pl\\\/?p=663#primaryimage\"},\"thumbnailUrl\":\"http:\\\/\\\/ludzieikrajobrazy.muzeumleszno.pl\\\/wp-content\\\/uploads\\\/2024\\\/07\\\/132_MLFa-269.jpg\",\"keywords\":[\"1945\",\"dzwon\",\"I Wojna \u015awiatowa\",\"II Wojna \u015awiatowa\",\"ko\u015bci\u00f3\u0142 pod wezwaniem \u015bw. Stanis\u0142awa\",\"lew\",\"p\u0142askorze\u017aba\",\"Rydzyna\",\"Su\u0142kowscy\",\"surowiec\",\"tekst fundacyjny\",\"Wilkowice\",\"zabytek\"],\"articleSection\":[\"Rydzyna\"],\"inLanguage\":\"pl-PL\"},{\"@type\":\"WebPage\",\"@id\":\"http:\\\/\\\/ludzieikrajobrazy.muzeumleszno.pl\\\/?p=663\",\"url\":\"http:\\\/\\\/ludzieikrajobrazy.muzeumleszno.pl\\\/?p=663\",\"name\":\"Rydzyna. Dzwon z ko\u015bcio\u0142a pw. \u015bw. Stanis\u0142awa, po 1945 roku - Ludzie i krajobrazy. Powiat Leszczy\u0144ski w ikonografii\",\"isPartOf\":{\"@id\":\"https:\\\/\\\/ludzieikrajobrazy.muzeumleszno.pl\\\/#website\"},\"primaryImageOfPage\":{\"@id\":\"http:\\\/\\\/ludzieikrajobrazy.muzeumleszno.pl\\\/?p=663#primaryimage\"},\"image\":{\"@id\":\"http:\\\/\\\/ludzieikrajobrazy.muzeumleszno.pl\\\/?p=663#primaryimage\"},\"thumbnailUrl\":\"http:\\\/\\\/ludzieikrajobrazy.muzeumleszno.pl\\\/wp-content\\\/uploads\\\/2024\\\/07\\\/132_MLFa-269.jpg\",\"datePublished\":\"2024-06-29T09:57:25+00:00\",\"dateModified\":\"2024-09-26T12:00:03+00:00\",\"author\":{\"@id\":\"https:\\\/\\\/ludzieikrajobrazy.muzeumleszno.pl\\\/#\\\/schema\\\/person\\\/fc2bc20e2b51efc3202ac1f0cdcd06c0\"},\"breadcrumb\":{\"@id\":\"http:\\\/\\\/ludzieikrajobrazy.muzeumleszno.pl\\\/?p=663#breadcrumb\"},\"inLanguage\":\"pl-PL\",\"potentialAction\":[{\"@type\":\"ReadAction\",\"target\":[\"http:\\\/\\\/ludzieikrajobrazy.muzeumleszno.pl\\\/?p=663\"]}]},{\"@type\":\"BreadcrumbList\",\"@id\":\"http:\\\/\\\/ludzieikrajobrazy.muzeumleszno.pl\\\/?p=663#breadcrumb\",\"itemListElement\":[{\"@type\":\"ListItem\",\"position\":1,\"name\":\"Home\",\"item\":\"https:\\\/\\\/ludzieikrajobrazy.muzeumleszno.pl\\\/\"},{\"@type\":\"ListItem\",\"position\":2,\"name\":\"Rydzyna. Dzwon z ko\u015bcio\u0142a pw. \u015bw. Stanis\u0142awa, po 1945 roku\"}]},{\"@type\":\"WebSite\",\"@id\":\"https:\\\/\\\/ludzieikrajobrazy.muzeumleszno.pl\\\/#website\",\"url\":\"https:\\\/\\\/ludzieikrajobrazy.muzeumleszno.pl\\\/\",\"name\":\"Ludzie i krajobrazy. Powiat Leszczy\u0144ski w ikonografii\",\"description\":\"Powiat Leszczy\u0144ski w ikonografii\",\"potentialAction\":[{\"@type\":\"SearchAction\",\"target\":{\"@type\":\"EntryPoint\",\"urlTemplate\":\"https:\\\/\\\/ludzieikrajobrazy.muzeumleszno.pl\\\/?s={search_term_string}\"},\"query-input\":{\"@type\":\"PropertyValueSpecification\",\"valueRequired\":true,\"valueName\":\"search_term_string\"}}],\"inLanguage\":\"pl-PL\"},{\"@type\":\"Person\",\"@id\":\"https:\\\/\\\/ludzieikrajobrazy.muzeumleszno.pl\\\/#\\\/schema\\\/person\\\/fc2bc20e2b51efc3202ac1f0cdcd06c0\",\"name\":\"Pan_Admin\",\"image\":{\"@type\":\"ImageObject\",\"inLanguage\":\"pl-PL\",\"@id\":\"https:\\\/\\\/secure.gravatar.com\\\/avatar\\\/d109d485abe889ecc32dbdb971b715ad9d4596bd0e2353626451db3e04099822?s=96&d=mm&r=g\",\"url\":\"https:\\\/\\\/secure.gravatar.com\\\/avatar\\\/d109d485abe889ecc32dbdb971b715ad9d4596bd0e2353626451db3e04099822?s=96&d=mm&r=g\",\"contentUrl\":\"https:\\\/\\\/secure.gravatar.com\\\/avatar\\\/d109d485abe889ecc32dbdb971b715ad9d4596bd0e2353626451db3e04099822?s=96&d=mm&r=g\",\"caption\":\"Pan_Admin\"},\"sameAs\":[\"http:\\\/\\\/ludzieikrajobrazy.muzeumleszno.pl\"],\"url\":\"http:\\\/\\\/ludzieikrajobrazy.muzeumleszno.pl\\\/?author=1\"}]}<\/script>\n<!-- \/ Yoast SEO plugin. -->","yoast_head_json":{"title":"Rydzyna. Dzwon z ko\u015bcio\u0142a pw. \u015bw. Stanis\u0142awa, po 1945 roku - Ludzie i krajobrazy. Powiat Leszczy\u0144ski w ikonografii","robots":{"index":"index","follow":"follow","max-snippet":"max-snippet:-1","max-image-preview":"max-image-preview:large","max-video-preview":"max-video-preview:-1"},"canonical":"http:\/\/ludzieikrajobrazy.muzeumleszno.pl\/?p=663","og_locale":"pl_PL","og_type":"article","og_title":"Rydzyna. Dzwon z ko\u015bcio\u0142a pw. \u015bw. Stanis\u0142awa, po 1945 roku - Ludzie i krajobrazy. Powiat Leszczy\u0144ski w ikonografii","og_description":"Dymisja Aleksandra J\u00f3zefa Su\u0142kowskiego z urz\u0119d\u00f3w pe\u0142nionych na dworze drezde\u0144sko-warszawskim zwi\u0105za\u0142a jego dalsze losy z Lesznem i Rydzyn\u0105. Na g\u0142\u00f3wn\u0105 siedzib\u0119 wybra\u0142 rydzy\u0144ski zamek, ale aktywnie zabiega\u0142 o...","og_url":"http:\/\/ludzieikrajobrazy.muzeumleszno.pl\/?p=663","og_site_name":"Ludzie i krajobrazy. Powiat Leszczy\u0144ski w ikonografii","article_published_time":"2024-06-29T09:57:25+00:00","article_modified_time":"2024-09-26T12:00:03+00:00","og_image":[{"width":1498,"height":2000,"url":"http:\/\/ludzieikrajobrazy.muzeumleszno.pl\/wp-content\/uploads\/2024\/07\/132_MLFa-269.jpg","type":"image\/jpeg"}],"author":"Pan_Admin","twitter_card":"summary_large_image","twitter_misc":{"Napisane przez":"Pan_Admin","Szacowany czas czytania":"2 minuty"},"schema":{"@context":"https:\/\/schema.org","@graph":[{"@type":"Article","@id":"http:\/\/ludzieikrajobrazy.muzeumleszno.pl\/?p=663#article","isPartOf":{"@id":"http:\/\/ludzieikrajobrazy.muzeumleszno.pl\/?p=663"},"author":{"name":"Pan_Admin","@id":"https:\/\/ludzieikrajobrazy.muzeumleszno.pl\/#\/schema\/person\/fc2bc20e2b51efc3202ac1f0cdcd06c0"},"headline":"Rydzyna. Dzwon z ko\u015bcio\u0142a pw. \u015bw. Stanis\u0142awa, po 1945 roku","datePublished":"2024-06-29T09:57:25+00:00","dateModified":"2024-09-26T12:00:03+00:00","mainEntityOfPage":{"@id":"http:\/\/ludzieikrajobrazy.muzeumleszno.pl\/?p=663"},"wordCount":296,"image":{"@id":"http:\/\/ludzieikrajobrazy.muzeumleszno.pl\/?p=663#primaryimage"},"thumbnailUrl":"http:\/\/ludzieikrajobrazy.muzeumleszno.pl\/wp-content\/uploads\/2024\/07\/132_MLFa-269.jpg","keywords":["1945","dzwon","I Wojna \u015awiatowa","II Wojna \u015awiatowa","ko\u015bci\u00f3\u0142 pod wezwaniem \u015bw. Stanis\u0142awa","lew","p\u0142askorze\u017aba","Rydzyna","Su\u0142kowscy","surowiec","tekst fundacyjny","Wilkowice","zabytek"],"articleSection":["Rydzyna"],"inLanguage":"pl-PL"},{"@type":"WebPage","@id":"http:\/\/ludzieikrajobrazy.muzeumleszno.pl\/?p=663","url":"http:\/\/ludzieikrajobrazy.muzeumleszno.pl\/?p=663","name":"Rydzyna. Dzwon z ko\u015bcio\u0142a pw. \u015bw. Stanis\u0142awa, po 1945 roku - Ludzie i krajobrazy. Powiat Leszczy\u0144ski w ikonografii","isPartOf":{"@id":"https:\/\/ludzieikrajobrazy.muzeumleszno.pl\/#website"},"primaryImageOfPage":{"@id":"http:\/\/ludzieikrajobrazy.muzeumleszno.pl\/?p=663#primaryimage"},"image":{"@id":"http:\/\/ludzieikrajobrazy.muzeumleszno.pl\/?p=663#primaryimage"},"thumbnailUrl":"http:\/\/ludzieikrajobrazy.muzeumleszno.pl\/wp-content\/uploads\/2024\/07\/132_MLFa-269.jpg","datePublished":"2024-06-29T09:57:25+00:00","dateModified":"2024-09-26T12:00:03+00:00","author":{"@id":"https:\/\/ludzieikrajobrazy.muzeumleszno.pl\/#\/schema\/person\/fc2bc20e2b51efc3202ac1f0cdcd06c0"},"breadcrumb":{"@id":"http:\/\/ludzieikrajobrazy.muzeumleszno.pl\/?p=663#breadcrumb"},"inLanguage":"pl-PL","potentialAction":[{"@type":"ReadAction","target":["http:\/\/ludzieikrajobrazy.muzeumleszno.pl\/?p=663"]}]},{"@type":"BreadcrumbList","@id":"http:\/\/ludzieikrajobrazy.muzeumleszno.pl\/?p=663#breadcrumb","itemListElement":[{"@type":"ListItem","position":1,"name":"Home","item":"https:\/\/ludzieikrajobrazy.muzeumleszno.pl\/"},{"@type":"ListItem","position":2,"name":"Rydzyna. Dzwon z ko\u015bcio\u0142a pw. \u015bw. Stanis\u0142awa, po 1945 roku"}]},{"@type":"WebSite","@id":"https:\/\/ludzieikrajobrazy.muzeumleszno.pl\/#website","url":"https:\/\/ludzieikrajobrazy.muzeumleszno.pl\/","name":"Ludzie i krajobrazy. Powiat Leszczy\u0144ski w ikonografii","description":"Powiat Leszczy\u0144ski w ikonografii","potentialAction":[{"@type":"SearchAction","target":{"@type":"EntryPoint","urlTemplate":"https:\/\/ludzieikrajobrazy.muzeumleszno.pl\/?s={search_term_string}"},"query-input":{"@type":"PropertyValueSpecification","valueRequired":true,"valueName":"search_term_string"}}],"inLanguage":"pl-PL"},{"@type":"Person","@id":"https:\/\/ludzieikrajobrazy.muzeumleszno.pl\/#\/schema\/person\/fc2bc20e2b51efc3202ac1f0cdcd06c0","name":"Pan_Admin","image":{"@type":"ImageObject","inLanguage":"pl-PL","@id":"https:\/\/secure.gravatar.com\/avatar\/d109d485abe889ecc32dbdb971b715ad9d4596bd0e2353626451db3e04099822?s=96&d=mm&r=g","url":"https:\/\/secure.gravatar.com\/avatar\/d109d485abe889ecc32dbdb971b715ad9d4596bd0e2353626451db3e04099822?s=96&d=mm&r=g","contentUrl":"https:\/\/secure.gravatar.com\/avatar\/d109d485abe889ecc32dbdb971b715ad9d4596bd0e2353626451db3e04099822?s=96&d=mm&r=g","caption":"Pan_Admin"},"sameAs":["http:\/\/ludzieikrajobrazy.muzeumleszno.pl"],"url":"http:\/\/ludzieikrajobrazy.muzeumleszno.pl\/?author=1"}]}},"_links":{"self":[{"href":"http:\/\/ludzieikrajobrazy.muzeumleszno.pl\/index.php?rest_route=\/wp\/v2\/posts\/663","targetHints":{"allow":["GET"]}}],"collection":[{"href":"http:\/\/ludzieikrajobrazy.muzeumleszno.pl\/index.php?rest_route=\/wp\/v2\/posts"}],"about":[{"href":"http:\/\/ludzieikrajobrazy.muzeumleszno.pl\/index.php?rest_route=\/wp\/v2\/types\/post"}],"author":[{"embeddable":true,"href":"http:\/\/ludzieikrajobrazy.muzeumleszno.pl\/index.php?rest_route=\/wp\/v2\/users\/1"}],"replies":[{"embeddable":true,"href":"http:\/\/ludzieikrajobrazy.muzeumleszno.pl\/index.php?rest_route=%2Fwp%2Fv2%2Fcomments&post=663"}],"version-history":[{"count":2,"href":"http:\/\/ludzieikrajobrazy.muzeumleszno.pl\/index.php?rest_route=\/wp\/v2\/posts\/663\/revisions"}],"predecessor-version":[{"id":1295,"href":"http:\/\/ludzieikrajobrazy.muzeumleszno.pl\/index.php?rest_route=\/wp\/v2\/posts\/663\/revisions\/1295"}],"wp:featuredmedia":[{"embeddable":true,"href":"http:\/\/ludzieikrajobrazy.muzeumleszno.pl\/index.php?rest_route=\/wp\/v2\/media\/664"}],"wp:attachment":[{"href":"http:\/\/ludzieikrajobrazy.muzeumleszno.pl\/index.php?rest_route=%2Fwp%2Fv2%2Fmedia&parent=663"}],"wp:term":[{"taxonomy":"category","embeddable":true,"href":"http:\/\/ludzieikrajobrazy.muzeumleszno.pl\/index.php?rest_route=%2Fwp%2Fv2%2Fcategories&post=663"},{"taxonomy":"post_tag","embeddable":true,"href":"http:\/\/ludzieikrajobrazy.muzeumleszno.pl\/index.php?rest_route=%2Fwp%2Fv2%2Ftags&post=663"}],"curies":[{"name":"wp","href":"https:\/\/api.w.org\/{rel}","templated":true}]}}