{"id":678,"date":"2024-06-29T11:53:59","date_gmt":"2024-06-29T09:53:59","guid":{"rendered":"http:\/\/ludzieikrajobrazy.muzeumleszno.pl\/?p=678"},"modified":"2024-09-26T14:07:43","modified_gmt":"2024-09-26T12:07:43","slug":"rydzyna-kurkowe-bractwo-strzeleckie-1924-rok","status":"publish","type":"post","link":"http:\/\/ludzieikrajobrazy.muzeumleszno.pl\/?p=678","title":{"rendered":"Rydzyna. Kurkowe Bractwo Strzeleckie, 1924 rok"},"content":{"rendered":"\n<p>Bractwa kurkowe i ich dzia\u0142alno\u015b\u0107 maj\u0105 \u015bcis\u0142y zwi\u0105zek z histori\u0105 poszczeg\u00f3lnych miast i mieszcza\u0144stwa. Pierwsze organizacje powsta\u0142y w \u015bredniowieczu w Europie Zachodniej. Uczono w nich pos\u0142ugiwania si\u0119 broni\u0105 i organizowano oddzia\u0142y gotowe do obrony mur\u00f3w. Pierwsze bractwa na ziemiach polskich powsta\u0142y w XIV wieku w Poznaniu, Kcyni, \u017bninie i Wroc\u0142awiu. Szybko zyska\u0142y poparcie w\u0142adz jako czynnik wzmacniaj\u0105cy obronno\u015b\u0107 pa\u0144stwa. Podczas konkurs\u00f3w strzelano zazwyczaj do figury ptaka, przewa\u017cnie koguta \u2013 kura \u2013 st\u0105d polska nazwa bractwo kurkowe.&nbsp;<\/p>\n\n\n\n<p>Bractwo Strzeleckie w Rydzynie dzia\u0142a z przerwami od pocz\u0105tku XVII wieku. Jak wiele innych przygotowywa\u0142o mieszczan do obrony, organizowa\u0142o konkursy strzeleckie i wzmacnia\u0142o wi\u0119zi \u0142\u0105cz\u0105ce braci. Z czasem przeobrazi\u0142o si\u0119 w organizacj\u0119 towarzysk\u0105 i kulturotw\u00f3rcz\u0105, uczestnicz\u0105c\u0105 w \u017cyciu lokalnej spo\u0142eczno\u015bci na r\u00f3\u017cnych poziomach.&nbsp;<\/p>\n\n\n\n<p>Fotografia zosta\u0142a wykonana w parku krajobrazowym na ty\u0142ach zamku w Rydzynie, gdzie mie\u015bci si\u0119 strzelnica. Bracia prezentuj\u0105 sw\u00f3j stary sztandar pochodz\u0105cy z czas\u00f3w zaboru pruskiego. Nowy zosta\u0142 ufundowany w 1934 roku. Z kr\u00f3lewskim \u0142a\u0144cuchem na szyi stoi kr\u00f3l kurkowy Franciszek Filipiak.&nbsp;<\/p>\n\n\n\n<figure data-wp-context=\"{&quot;imageId&quot;:&quot;69f1ccd1bcbec&quot;}\" data-wp-interactive=\"core\/image\" data-wp-key=\"69f1ccd1bcbec\" class=\"wp-block-image size-full wp-lightbox-container\"><img fetchpriority=\"high\" decoding=\"async\" width=\"2560\" height=\"1626\" data-wp-class--hide=\"state.isContentHidden\" data-wp-class--show=\"state.isContentVisible\" data-wp-init=\"callbacks.setButtonStyles\" data-wp-on--click=\"actions.showLightbox\" data-wp-on--load=\"callbacks.setButtonStyles\" data-wp-on-window--resize=\"callbacks.setButtonStyles\" src=\"http:\/\/ludzieikrajobrazy.muzeumleszno.pl\/wp-content\/uploads\/2024\/07\/136_MLFa-324-scaled.jpg\" alt=\"Rydzyna. Kurkowe Bractwo Strzeleckie, 1924 rok\" class=\"wp-image-679\" srcset=\"http:\/\/ludzieikrajobrazy.muzeumleszno.pl\/wp-content\/uploads\/2024\/07\/136_MLFa-324-scaled.jpg 2560w, http:\/\/ludzieikrajobrazy.muzeumleszno.pl\/wp-content\/uploads\/2024\/07\/136_MLFa-324-1536x975.jpg 1536w, http:\/\/ludzieikrajobrazy.muzeumleszno.pl\/wp-content\/uploads\/2024\/07\/136_MLFa-324-2048x1300.jpg 2048w, http:\/\/ludzieikrajobrazy.muzeumleszno.pl\/wp-content\/uploads\/2024\/07\/136_MLFa-324-200x127.jpg 200w, http:\/\/ludzieikrajobrazy.muzeumleszno.pl\/wp-content\/uploads\/2024\/07\/136_MLFa-324-973x618.jpg 973w, http:\/\/ludzieikrajobrazy.muzeumleszno.pl\/wp-content\/uploads\/2024\/07\/136_MLFa-324-508x323.jpg 508w\" sizes=\"(max-width: 2560px) 100vw, 2560px\" \/><button\n\t\t\tclass=\"lightbox-trigger\"\n\t\t\ttype=\"button\"\n\t\t\taria-haspopup=\"dialog\"\n\t\t\taria-label=\"Powi\u0119ksz\"\n\t\t\tdata-wp-init=\"callbacks.initTriggerButton\"\n\t\t\tdata-wp-on--click=\"actions.showLightbox\"\n\t\t\tdata-wp-style--right=\"state.imageButtonRight\"\n\t\t\tdata-wp-style--top=\"state.imageButtonTop\"\n\t\t>\n\t\t\t<svg xmlns=\"http:\/\/www.w3.org\/2000\/svg\" width=\"12\" height=\"12\" fill=\"none\" viewBox=\"0 0 12 12\">\n\t\t\t\t<path fill=\"#fff\" d=\"M2 0a2 2 0 0 0-2 2v2h1.5V2a.5.5 0 0 1 .5-.5h2V0H2Zm2 10.5H2a.5.5 0 0 1-.5-.5V8H0v2a2 2 0 0 0 2 2h2v-1.5ZM8 12v-1.5h2a.5.5 0 0 0 .5-.5V8H12v2a2 2 0 0 1-2 2H8Zm2-12a2 2 0 0 1 2 2v2h-1.5V2a.5.5 0 0 0-.5-.5H8V0h2Z\" \/>\n\t\t\t<\/svg>\n\t\t<\/button><figcaption class=\"wp-element-caption\">Rydzyna. Kurkowe Bractwo Strzeleckie, 1924 rok, wys. 12,5 cm x szer. 17,5 cm; odbitka srebrowo-\u017celatynowa, papier fotograficzny, przed 1939 rokiem; Muzeum Okr\u0119gowe w Lesznie; MLFa324<\/figcaption><\/figure>\n\n\n\n<p class=\"has-small-font-size\">nr inw. MLFa 324<br>W zbiorach Muzeum Okr\u0119gowego w Lesznie od 1963 roku, dar<\/p>\n\n\n\n<p>D.Cz.<\/p>\n\n\n\n<figure class=\"wp-block-embed is-type-video is-provider-youtube wp-block-embed-youtube wp-embed-aspect-16-9 wp-has-aspect-ratio\"><div class=\"wp-block-embed__wrapper\">\n<iframe title=\"Rydzyna  Kurkowe Bractwo Strzeleckie, 1924 rok\" width=\"620\" height=\"349\" src=\"https:\/\/www.youtube.com\/embed\/5Sqrvz70dh0?feature=oembed\" frameborder=\"0\" allow=\"accelerometer; autoplay; clipboard-write; encrypted-media; gyroscope; picture-in-picture; web-share\" referrerpolicy=\"strict-origin-when-cross-origin\" allowfullscreen><\/iframe>\n<\/div><\/figure>\n","protected":false},"excerpt":{"rendered":"<p>Bractwa kurkowe i ich dzia\u0142alno\u015b\u0107 maj\u0105 \u015bcis\u0142y zwi\u0105zek z histori\u0105 poszczeg\u00f3lnych miast i mieszcza\u0144stwa. Pierwsze organizacje powsta\u0142y w \u015bredniowieczu w Europie Zachodniej. Uczono w nich pos\u0142ugiwania si\u0119 broni\u0105&#8230;<\/p>\n","protected":false},"author":1,"featured_media":679,"comment_status":"closed","ping_status":"closed","sticky":false,"template":"","format":"standard","meta":{"cybocfi_hide_featured_image":"yes","footnotes":""},"categories":[328],"tags":[718,722,520,736,649,201,735,247,209,725,733,726,207,734,727,729,728,482,730,540,724,129,723,731,212,732,168],"class_list":["post-678","post","type-post","status-publish","format-standard","has-post-thumbnail","hentry","category-rydzyna","tag-718","tag-bron","tag-dokumentacja","tag-drzewa","tag-figura","tag-fotografia-grupowa","tag-franciszek-filipiak","tag-garnitur","tag-kapelusz","tag-kogut","tag-krol","tag-kura","tag-kurkowe-bractwo-strzeleckie","tag-lancuch","tag-mieszczanstwo","tag-organizacja-kulturotworcza","tag-organizacja-towarzyska","tag-park","tag-park-krajobrazowy","tag-pomnik","tag-ptak","tag-rydzyna","tag-strzelectwo","tag-strzelnica","tag-sztandar","tag-zabor-pruski","tag-zamek"],"yoast_head":"<!-- This site is optimized with the Yoast SEO plugin v27.5 - https:\/\/yoast.com\/product\/yoast-seo-wordpress\/ -->\n<title>Rydzyna. Kurkowe Bractwo Strzeleckie, 1924 rok - Ludzie i krajobrazy. Powiat Leszczy\u0144ski w ikonografii<\/title>\n<meta name=\"robots\" content=\"index, follow, max-snippet:-1, max-image-preview:large, max-video-preview:-1\" \/>\n<link rel=\"canonical\" href=\"http:\/\/ludzieikrajobrazy.muzeumleszno.pl\/?p=678\" \/>\n<meta property=\"og:locale\" content=\"pl_PL\" \/>\n<meta property=\"og:type\" content=\"article\" \/>\n<meta property=\"og:title\" content=\"Rydzyna. Kurkowe Bractwo Strzeleckie, 1924 rok - Ludzie i krajobrazy. Powiat Leszczy\u0144ski w ikonografii\" \/>\n<meta property=\"og:description\" content=\"Bractwa kurkowe i ich dzia\u0142alno\u015b\u0107 maj\u0105 \u015bcis\u0142y zwi\u0105zek z histori\u0105 poszczeg\u00f3lnych miast i mieszcza\u0144stwa. Pierwsze organizacje powsta\u0142y w \u015bredniowieczu w Europie Zachodniej. Uczono w nich pos\u0142ugiwania si\u0119 broni\u0105...\" \/>\n<meta property=\"og:url\" content=\"http:\/\/ludzieikrajobrazy.muzeumleszno.pl\/?p=678\" \/>\n<meta property=\"og:site_name\" content=\"Ludzie i krajobrazy. Powiat Leszczy\u0144ski w ikonografii\" \/>\n<meta property=\"article:published_time\" content=\"2024-06-29T09:53:59+00:00\" \/>\n<meta property=\"article:modified_time\" content=\"2024-09-26T12:07:43+00:00\" \/>\n<meta property=\"og:image\" content=\"http:\/\/ludzieikrajobrazy.muzeumleszno.pl\/wp-content\/uploads\/2024\/07\/136_MLFa-324-scaled.jpg\" \/>\n\t<meta property=\"og:image:width\" content=\"2560\" \/>\n\t<meta property=\"og:image:height\" content=\"1626\" \/>\n\t<meta property=\"og:image:type\" content=\"image\/jpeg\" \/>\n<meta name=\"author\" content=\"Pan_Admin\" \/>\n<meta name=\"twitter:card\" content=\"summary_large_image\" \/>\n<meta name=\"twitter:label1\" content=\"Napisane przez\" \/>\n\t<meta name=\"twitter:data1\" content=\"Pan_Admin\" \/>\n\t<meta name=\"twitter:label2\" content=\"Szacowany czas czytania\" \/>\n\t<meta name=\"twitter:data2\" content=\"2 minuty\" \/>\n<script type=\"application\/ld+json\" class=\"yoast-schema-graph\">{\"@context\":\"https:\\\/\\\/schema.org\",\"@graph\":[{\"@type\":\"Article\",\"@id\":\"http:\\\/\\\/ludzieikrajobrazy.muzeumleszno.pl\\\/?p=678#article\",\"isPartOf\":{\"@id\":\"http:\\\/\\\/ludzieikrajobrazy.muzeumleszno.pl\\\/?p=678\"},\"author\":{\"name\":\"Pan_Admin\",\"@id\":\"https:\\\/\\\/ludzieikrajobrazy.muzeumleszno.pl\\\/#\\\/schema\\\/person\\\/fc2bc20e2b51efc3202ac1f0cdcd06c0\"},\"headline\":\"Rydzyna. Kurkowe Bractwo Strzeleckie, 1924 rok\",\"datePublished\":\"2024-06-29T09:53:59+00:00\",\"dateModified\":\"2024-09-26T12:07:43+00:00\",\"mainEntityOfPage\":{\"@id\":\"http:\\\/\\\/ludzieikrajobrazy.muzeumleszno.pl\\\/?p=678\"},\"wordCount\":248,\"image\":{\"@id\":\"http:\\\/\\\/ludzieikrajobrazy.muzeumleszno.pl\\\/?p=678#primaryimage\"},\"thumbnailUrl\":\"http:\\\/\\\/ludzieikrajobrazy.muzeumleszno.pl\\\/wp-content\\\/uploads\\\/2024\\\/07\\\/136_MLFa-324-scaled.jpg\",\"keywords\":[\"1924\",\"bro\u0144\",\"dokumentacja\",\"drzewa\",\"figura\",\"fotografia grupowa\",\"Franciszek Filipiak\",\"garnitur\",\"kapelusz\",\"kogut\",\"kr\u00f3l\",\"kura\",\"Kurkowe Bractwo strzeleckie\",\"\u0142a\u0144cuch\",\"mieszcza\u0144stwo\",\"organizacja kulturotw\u00f3rcza\",\"organizacja towarzyska\",\"park\",\"park krajobrazowy\",\"pomnik\",\"ptak\",\"Rydzyna\",\"strzelectwo\",\"strzelnica\",\"sztandar\",\"zab\u00f3r pruski\",\"zamek\"],\"articleSection\":[\"Rydzyna\"],\"inLanguage\":\"pl-PL\"},{\"@type\":\"WebPage\",\"@id\":\"http:\\\/\\\/ludzieikrajobrazy.muzeumleszno.pl\\\/?p=678\",\"url\":\"http:\\\/\\\/ludzieikrajobrazy.muzeumleszno.pl\\\/?p=678\",\"name\":\"Rydzyna. Kurkowe Bractwo Strzeleckie, 1924 rok - Ludzie i krajobrazy. Powiat Leszczy\u0144ski w ikonografii\",\"isPartOf\":{\"@id\":\"https:\\\/\\\/ludzieikrajobrazy.muzeumleszno.pl\\\/#website\"},\"primaryImageOfPage\":{\"@id\":\"http:\\\/\\\/ludzieikrajobrazy.muzeumleszno.pl\\\/?p=678#primaryimage\"},\"image\":{\"@id\":\"http:\\\/\\\/ludzieikrajobrazy.muzeumleszno.pl\\\/?p=678#primaryimage\"},\"thumbnailUrl\":\"http:\\\/\\\/ludzieikrajobrazy.muzeumleszno.pl\\\/wp-content\\\/uploads\\\/2024\\\/07\\\/136_MLFa-324-scaled.jpg\",\"datePublished\":\"2024-06-29T09:53:59+00:00\",\"dateModified\":\"2024-09-26T12:07:43+00:00\",\"author\":{\"@id\":\"https:\\\/\\\/ludzieikrajobrazy.muzeumleszno.pl\\\/#\\\/schema\\\/person\\\/fc2bc20e2b51efc3202ac1f0cdcd06c0\"},\"breadcrumb\":{\"@id\":\"http:\\\/\\\/ludzieikrajobrazy.muzeumleszno.pl\\\/?p=678#breadcrumb\"},\"inLanguage\":\"pl-PL\",\"potentialAction\":[{\"@type\":\"ReadAction\",\"target\":[\"http:\\\/\\\/ludzieikrajobrazy.muzeumleszno.pl\\\/?p=678\"]}]},{\"@type\":\"BreadcrumbList\",\"@id\":\"http:\\\/\\\/ludzieikrajobrazy.muzeumleszno.pl\\\/?p=678#breadcrumb\",\"itemListElement\":[{\"@type\":\"ListItem\",\"position\":1,\"name\":\"Home\",\"item\":\"https:\\\/\\\/ludzieikrajobrazy.muzeumleszno.pl\\\/\"},{\"@type\":\"ListItem\",\"position\":2,\"name\":\"Rydzyna. Kurkowe Bractwo Strzeleckie, 1924 rok\"}]},{\"@type\":\"WebSite\",\"@id\":\"https:\\\/\\\/ludzieikrajobrazy.muzeumleszno.pl\\\/#website\",\"url\":\"https:\\\/\\\/ludzieikrajobrazy.muzeumleszno.pl\\\/\",\"name\":\"Ludzie i krajobrazy. Powiat Leszczy\u0144ski w ikonografii\",\"description\":\"Powiat Leszczy\u0144ski w ikonografii\",\"potentialAction\":[{\"@type\":\"SearchAction\",\"target\":{\"@type\":\"EntryPoint\",\"urlTemplate\":\"https:\\\/\\\/ludzieikrajobrazy.muzeumleszno.pl\\\/?s={search_term_string}\"},\"query-input\":{\"@type\":\"PropertyValueSpecification\",\"valueRequired\":true,\"valueName\":\"search_term_string\"}}],\"inLanguage\":\"pl-PL\"},{\"@type\":\"Person\",\"@id\":\"https:\\\/\\\/ludzieikrajobrazy.muzeumleszno.pl\\\/#\\\/schema\\\/person\\\/fc2bc20e2b51efc3202ac1f0cdcd06c0\",\"name\":\"Pan_Admin\",\"image\":{\"@type\":\"ImageObject\",\"inLanguage\":\"pl-PL\",\"@id\":\"https:\\\/\\\/secure.gravatar.com\\\/avatar\\\/d109d485abe889ecc32dbdb971b715ad9d4596bd0e2353626451db3e04099822?s=96&d=mm&r=g\",\"url\":\"https:\\\/\\\/secure.gravatar.com\\\/avatar\\\/d109d485abe889ecc32dbdb971b715ad9d4596bd0e2353626451db3e04099822?s=96&d=mm&r=g\",\"contentUrl\":\"https:\\\/\\\/secure.gravatar.com\\\/avatar\\\/d109d485abe889ecc32dbdb971b715ad9d4596bd0e2353626451db3e04099822?s=96&d=mm&r=g\",\"caption\":\"Pan_Admin\"},\"sameAs\":[\"http:\\\/\\\/ludzieikrajobrazy.muzeumleszno.pl\"],\"url\":\"http:\\\/\\\/ludzieikrajobrazy.muzeumleszno.pl\\\/?author=1\"}]}<\/script>\n<!-- \/ Yoast SEO plugin. -->","yoast_head_json":{"title":"Rydzyna. Kurkowe Bractwo Strzeleckie, 1924 rok - Ludzie i krajobrazy. Powiat Leszczy\u0144ski w ikonografii","robots":{"index":"index","follow":"follow","max-snippet":"max-snippet:-1","max-image-preview":"max-image-preview:large","max-video-preview":"max-video-preview:-1"},"canonical":"http:\/\/ludzieikrajobrazy.muzeumleszno.pl\/?p=678","og_locale":"pl_PL","og_type":"article","og_title":"Rydzyna. Kurkowe Bractwo Strzeleckie, 1924 rok - Ludzie i krajobrazy. Powiat Leszczy\u0144ski w ikonografii","og_description":"Bractwa kurkowe i ich dzia\u0142alno\u015b\u0107 maj\u0105 \u015bcis\u0142y zwi\u0105zek z histori\u0105 poszczeg\u00f3lnych miast i mieszcza\u0144stwa. Pierwsze organizacje powsta\u0142y w \u015bredniowieczu w Europie Zachodniej. Uczono w nich pos\u0142ugiwania si\u0119 broni\u0105...","og_url":"http:\/\/ludzieikrajobrazy.muzeumleszno.pl\/?p=678","og_site_name":"Ludzie i krajobrazy. Powiat Leszczy\u0144ski w ikonografii","article_published_time":"2024-06-29T09:53:59+00:00","article_modified_time":"2024-09-26T12:07:43+00:00","og_image":[{"width":2560,"height":1626,"url":"http:\/\/ludzieikrajobrazy.muzeumleszno.pl\/wp-content\/uploads\/2024\/07\/136_MLFa-324-scaled.jpg","type":"image\/jpeg"}],"author":"Pan_Admin","twitter_card":"summary_large_image","twitter_misc":{"Napisane przez":"Pan_Admin","Szacowany czas czytania":"2 minuty"},"schema":{"@context":"https:\/\/schema.org","@graph":[{"@type":"Article","@id":"http:\/\/ludzieikrajobrazy.muzeumleszno.pl\/?p=678#article","isPartOf":{"@id":"http:\/\/ludzieikrajobrazy.muzeumleszno.pl\/?p=678"},"author":{"name":"Pan_Admin","@id":"https:\/\/ludzieikrajobrazy.muzeumleszno.pl\/#\/schema\/person\/fc2bc20e2b51efc3202ac1f0cdcd06c0"},"headline":"Rydzyna. Kurkowe Bractwo Strzeleckie, 1924 rok","datePublished":"2024-06-29T09:53:59+00:00","dateModified":"2024-09-26T12:07:43+00:00","mainEntityOfPage":{"@id":"http:\/\/ludzieikrajobrazy.muzeumleszno.pl\/?p=678"},"wordCount":248,"image":{"@id":"http:\/\/ludzieikrajobrazy.muzeumleszno.pl\/?p=678#primaryimage"},"thumbnailUrl":"http:\/\/ludzieikrajobrazy.muzeumleszno.pl\/wp-content\/uploads\/2024\/07\/136_MLFa-324-scaled.jpg","keywords":["1924","bro\u0144","dokumentacja","drzewa","figura","fotografia grupowa","Franciszek Filipiak","garnitur","kapelusz","kogut","kr\u00f3l","kura","Kurkowe Bractwo strzeleckie","\u0142a\u0144cuch","mieszcza\u0144stwo","organizacja kulturotw\u00f3rcza","organizacja towarzyska","park","park krajobrazowy","pomnik","ptak","Rydzyna","strzelectwo","strzelnica","sztandar","zab\u00f3r pruski","zamek"],"articleSection":["Rydzyna"],"inLanguage":"pl-PL"},{"@type":"WebPage","@id":"http:\/\/ludzieikrajobrazy.muzeumleszno.pl\/?p=678","url":"http:\/\/ludzieikrajobrazy.muzeumleszno.pl\/?p=678","name":"Rydzyna. Kurkowe Bractwo Strzeleckie, 1924 rok - Ludzie i krajobrazy. Powiat Leszczy\u0144ski w ikonografii","isPartOf":{"@id":"https:\/\/ludzieikrajobrazy.muzeumleszno.pl\/#website"},"primaryImageOfPage":{"@id":"http:\/\/ludzieikrajobrazy.muzeumleszno.pl\/?p=678#primaryimage"},"image":{"@id":"http:\/\/ludzieikrajobrazy.muzeumleszno.pl\/?p=678#primaryimage"},"thumbnailUrl":"http:\/\/ludzieikrajobrazy.muzeumleszno.pl\/wp-content\/uploads\/2024\/07\/136_MLFa-324-scaled.jpg","datePublished":"2024-06-29T09:53:59+00:00","dateModified":"2024-09-26T12:07:43+00:00","author":{"@id":"https:\/\/ludzieikrajobrazy.muzeumleszno.pl\/#\/schema\/person\/fc2bc20e2b51efc3202ac1f0cdcd06c0"},"breadcrumb":{"@id":"http:\/\/ludzieikrajobrazy.muzeumleszno.pl\/?p=678#breadcrumb"},"inLanguage":"pl-PL","potentialAction":[{"@type":"ReadAction","target":["http:\/\/ludzieikrajobrazy.muzeumleszno.pl\/?p=678"]}]},{"@type":"BreadcrumbList","@id":"http:\/\/ludzieikrajobrazy.muzeumleszno.pl\/?p=678#breadcrumb","itemListElement":[{"@type":"ListItem","position":1,"name":"Home","item":"https:\/\/ludzieikrajobrazy.muzeumleszno.pl\/"},{"@type":"ListItem","position":2,"name":"Rydzyna. Kurkowe Bractwo Strzeleckie, 1924 rok"}]},{"@type":"WebSite","@id":"https:\/\/ludzieikrajobrazy.muzeumleszno.pl\/#website","url":"https:\/\/ludzieikrajobrazy.muzeumleszno.pl\/","name":"Ludzie i krajobrazy. Powiat Leszczy\u0144ski w ikonografii","description":"Powiat Leszczy\u0144ski w ikonografii","potentialAction":[{"@type":"SearchAction","target":{"@type":"EntryPoint","urlTemplate":"https:\/\/ludzieikrajobrazy.muzeumleszno.pl\/?s={search_term_string}"},"query-input":{"@type":"PropertyValueSpecification","valueRequired":true,"valueName":"search_term_string"}}],"inLanguage":"pl-PL"},{"@type":"Person","@id":"https:\/\/ludzieikrajobrazy.muzeumleszno.pl\/#\/schema\/person\/fc2bc20e2b51efc3202ac1f0cdcd06c0","name":"Pan_Admin","image":{"@type":"ImageObject","inLanguage":"pl-PL","@id":"https:\/\/secure.gravatar.com\/avatar\/d109d485abe889ecc32dbdb971b715ad9d4596bd0e2353626451db3e04099822?s=96&d=mm&r=g","url":"https:\/\/secure.gravatar.com\/avatar\/d109d485abe889ecc32dbdb971b715ad9d4596bd0e2353626451db3e04099822?s=96&d=mm&r=g","contentUrl":"https:\/\/secure.gravatar.com\/avatar\/d109d485abe889ecc32dbdb971b715ad9d4596bd0e2353626451db3e04099822?s=96&d=mm&r=g","caption":"Pan_Admin"},"sameAs":["http:\/\/ludzieikrajobrazy.muzeumleszno.pl"],"url":"http:\/\/ludzieikrajobrazy.muzeumleszno.pl\/?author=1"}]}},"_links":{"self":[{"href":"http:\/\/ludzieikrajobrazy.muzeumleszno.pl\/index.php?rest_route=\/wp\/v2\/posts\/678","targetHints":{"allow":["GET"]}}],"collection":[{"href":"http:\/\/ludzieikrajobrazy.muzeumleszno.pl\/index.php?rest_route=\/wp\/v2\/posts"}],"about":[{"href":"http:\/\/ludzieikrajobrazy.muzeumleszno.pl\/index.php?rest_route=\/wp\/v2\/types\/post"}],"author":[{"embeddable":true,"href":"http:\/\/ludzieikrajobrazy.muzeumleszno.pl\/index.php?rest_route=\/wp\/v2\/users\/1"}],"replies":[{"embeddable":true,"href":"http:\/\/ludzieikrajobrazy.muzeumleszno.pl\/index.php?rest_route=%2Fwp%2Fv2%2Fcomments&post=678"}],"version-history":[{"count":3,"href":"http:\/\/ludzieikrajobrazy.muzeumleszno.pl\/index.php?rest_route=\/wp\/v2\/posts\/678\/revisions"}],"predecessor-version":[{"id":1298,"href":"http:\/\/ludzieikrajobrazy.muzeumleszno.pl\/index.php?rest_route=\/wp\/v2\/posts\/678\/revisions\/1298"}],"wp:featuredmedia":[{"embeddable":true,"href":"http:\/\/ludzieikrajobrazy.muzeumleszno.pl\/index.php?rest_route=\/wp\/v2\/media\/679"}],"wp:attachment":[{"href":"http:\/\/ludzieikrajobrazy.muzeumleszno.pl\/index.php?rest_route=%2Fwp%2Fv2%2Fmedia&parent=678"}],"wp:term":[{"taxonomy":"category","embeddable":true,"href":"http:\/\/ludzieikrajobrazy.muzeumleszno.pl\/index.php?rest_route=%2Fwp%2Fv2%2Fcategories&post=678"},{"taxonomy":"post_tag","embeddable":true,"href":"http:\/\/ludzieikrajobrazy.muzeumleszno.pl\/index.php?rest_route=%2Fwp%2Fv2%2Ftags&post=678"}],"curies":[{"name":"wp","href":"https:\/\/api.w.org\/{rel}","templated":true}]}}