{"id":682,"date":"2024-06-29T11:52:11","date_gmt":"2024-06-29T09:52:11","guid":{"rendered":"http:\/\/ludzieikrajobrazy.muzeumleszno.pl\/?p=682"},"modified":"2024-09-26T13:57:30","modified_gmt":"2024-09-26T11:57:30","slug":"rydzyna-bractwo-kurkowe-lata-30-xx-wieku","status":"publish","type":"post","link":"http:\/\/ludzieikrajobrazy.muzeumleszno.pl\/?p=682","title":{"rendered":"Rydzyna. Bractwo Kurkowe, lata 30. XX wieku"},"content":{"rendered":"\n<p>Po odzyskaniu przez Polsk\u0119 niepodleg\u0142o\u015bci w 1918 roku \u2013 na fali entuzjazmu z odrodzenia ojczyzny \u2013 na ziemiach zachodnich ponownie rozwija\u0142 si\u0119 polski ruch strzelecki. Jednym z jego licznych ogniw by\u0142o Strzeleckie Bractwo Kurkowe w Rydzynie. Wsp\u00f3lnym wysi\u0142kiem odbudowywano maj\u0105tek Bractwa i szybko uwalniano si\u0119 od niemieckiej, ponad wiekowej dominacji. Idee strzeleckie wzbogacano o t\u0119pione w latach zabor\u00f3w tre\u015bci patriotyczne i polskie tradycje kurkowe. W 1925 roku na terenie by\u0142ego zaboru pruskiego dzia\u0142a\u0142o 137 bractw zaanga\u017cowanych w popularyzacj\u0119 strzelectwa i krzewienie warto\u015bci narodowych. W okresie mi\u0119dzywojennym liczba bractw stale ros\u0142a, tak\u017ce w Wielkopolsce.&nbsp;<\/p>\n\n\n\n<p>Strzelnica i siedziba Bractwa Kurkowego w Rydzynie znajduj\u0105 si\u0119 w s\u0105siedztwie zamku. Tam organizowano spotkania i doroczne konkursy strzeleckie. Przed cz\u0142onkami bractwa pozuj\u0105cymi do fotografii ustawiono dwie tarcze strzeleckie. Brak \u015blad\u00f3w po kulach sugeruje, \u017ce zawody o tytu\u0142 kr\u00f3la kurkowego dopiero si\u0119 odb\u0119d\u0105.&nbsp;<\/p>\n\n\n\n<figure data-wp-context=\"{&quot;imageId&quot;:&quot;69f1ccd16909e&quot;}\" data-wp-interactive=\"core\/image\" data-wp-key=\"69f1ccd16909e\" class=\"wp-block-image size-full wp-lightbox-container\"><img fetchpriority=\"high\" decoding=\"async\" width=\"2560\" height=\"1655\" data-wp-class--hide=\"state.isContentHidden\" data-wp-class--show=\"state.isContentVisible\" data-wp-init=\"callbacks.setButtonStyles\" data-wp-on--click=\"actions.showLightbox\" data-wp-on--load=\"callbacks.setButtonStyles\" data-wp-on-window--resize=\"callbacks.setButtonStyles\" src=\"http:\/\/ludzieikrajobrazy.muzeumleszno.pl\/wp-content\/uploads\/2024\/07\/137_MLFa_1287-scaled.jpg\" alt=\"Rydzyna. Bractwo Kurkowe, lata 30. XX wieku\" class=\"wp-image-683\" srcset=\"http:\/\/ludzieikrajobrazy.muzeumleszno.pl\/wp-content\/uploads\/2024\/07\/137_MLFa_1287-scaled.jpg 2560w, http:\/\/ludzieikrajobrazy.muzeumleszno.pl\/wp-content\/uploads\/2024\/07\/137_MLFa_1287-1536x993.jpg 1536w, http:\/\/ludzieikrajobrazy.muzeumleszno.pl\/wp-content\/uploads\/2024\/07\/137_MLFa_1287-2048x1324.jpg 2048w, http:\/\/ludzieikrajobrazy.muzeumleszno.pl\/wp-content\/uploads\/2024\/07\/137_MLFa_1287-200x129.jpg 200w, http:\/\/ludzieikrajobrazy.muzeumleszno.pl\/wp-content\/uploads\/2024\/07\/137_MLFa_1287-973x629.jpg 973w, http:\/\/ludzieikrajobrazy.muzeumleszno.pl\/wp-content\/uploads\/2024\/07\/137_MLFa_1287-508x329.jpg 508w\" sizes=\"(max-width: 2560px) 100vw, 2560px\" \/><button\n\t\t\tclass=\"lightbox-trigger\"\n\t\t\ttype=\"button\"\n\t\t\taria-haspopup=\"dialog\"\n\t\t\taria-label=\"Powi\u0119ksz\"\n\t\t\tdata-wp-init=\"callbacks.initTriggerButton\"\n\t\t\tdata-wp-on--click=\"actions.showLightbox\"\n\t\t\tdata-wp-style--right=\"state.imageButtonRight\"\n\t\t\tdata-wp-style--top=\"state.imageButtonTop\"\n\t\t>\n\t\t\t<svg xmlns=\"http:\/\/www.w3.org\/2000\/svg\" width=\"12\" height=\"12\" fill=\"none\" viewBox=\"0 0 12 12\">\n\t\t\t\t<path fill=\"#fff\" d=\"M2 0a2 2 0 0 0-2 2v2h1.5V2a.5.5 0 0 1 .5-.5h2V0H2Zm2 10.5H2a.5.5 0 0 1-.5-.5V8H0v2a2 2 0 0 0 2 2h2v-1.5ZM8 12v-1.5h2a.5.5 0 0 0 .5-.5V8H12v2a2 2 0 0 1-2 2H8Zm2-12a2 2 0 0 1 2 2v2h-1.5V2a.5.5 0 0 0-.5-.5H8V0h2Z\" \/>\n\t\t\t<\/svg>\n\t\t<\/button><figcaption class=\"wp-element-caption\">Rydzyna. Bractwo Kurkowe, lata 30. XX wieku, wys. 8,8 cm x szer. 13,8 cm; papier fotograficzny, odbitka srebrowo &#8211; \u017celatynowa; lata 30. XX wieku, autor nieznany; Muzeum Okr\u0119gowe w Lesznie; MLFa1287<\/figcaption><\/figure>\n\n\n\n<p class=\"has-small-font-size\">nr inw. MLFa 1287<br>W zbiorach Muzeum Okr\u0119gowego w Lesznie od 2007 roku, dar<\/p>\n\n\n\n<p>D.Cz.<\/p>\n\n\n\n<figure class=\"wp-block-embed is-type-video is-provider-youtube wp-block-embed-youtube wp-embed-aspect-16-9 wp-has-aspect-ratio\"><div class=\"wp-block-embed__wrapper\">\n<iframe title=\"Rydzyna  Bractwo Kurkowe, lata 30  XX wieku\" width=\"620\" height=\"349\" src=\"https:\/\/www.youtube.com\/embed\/Yw2xgRxSRNQ?feature=oembed\" frameborder=\"0\" allow=\"accelerometer; autoplay; clipboard-write; encrypted-media; gyroscope; picture-in-picture; web-share\" referrerpolicy=\"strict-origin-when-cross-origin\" allowfullscreen><\/iframe>\n<\/div><\/figure>\n","protected":false},"excerpt":{"rendered":"<p>Po odzyskaniu przez Polsk\u0119 niepodleg\u0142o\u015bci w 1918 roku \u2013 na fali entuzjazmu z odrodzenia ojczyzny \u2013 na ziemiach zachodnich ponownie rozwija\u0142 si\u0119 polski ruch strzelecki. Jednym z jego&#8230;<\/p>\n","protected":false},"author":1,"featured_media":683,"comment_status":"closed","ping_status":"closed","sticky":false,"template":"","format":"standard","meta":{"cybocfi_hide_featured_image":"yes","footnotes":""},"categories":[328],"tags":[520,736,201,247,209,743,407,207,738,482,741,740,739,129,723,212,211,250,168],"class_list":["post-682","post","type-post","status-publish","format-standard","has-post-thumbnail","hentry","category-rydzyna","tag-dokumentacja","tag-drzewa","tag-fotografia-grupowa","tag-garnitur","tag-kapelusz","tag-konkurs","tag-krajobraz","tag-kurkowe-bractwo-strzeleckie","tag-lata-30-xx-wieku-2","tag-park","tag-patriotyzm","tag-polskie-tradycje","tag-ruch-strzelecki","tag-rydzyna","tag-strzelectwo","tag-sztandar","tag-tarcza-strzelecka","tag-uroczystosc","tag-zamek"],"yoast_head":"<!-- This site is optimized with the Yoast SEO plugin v27.5 - https:\/\/yoast.com\/product\/yoast-seo-wordpress\/ -->\n<title>Rydzyna. Bractwo Kurkowe, lata 30. XX wieku - Ludzie i krajobrazy. Powiat Leszczy\u0144ski w ikonografii<\/title>\n<meta name=\"robots\" content=\"index, follow, max-snippet:-1, max-image-preview:large, max-video-preview:-1\" \/>\n<link rel=\"canonical\" href=\"https:\/\/ludzieikrajobrazy.muzeumleszno.pl\/?p=682\" \/>\n<meta property=\"og:locale\" content=\"pl_PL\" \/>\n<meta property=\"og:type\" content=\"article\" \/>\n<meta property=\"og:title\" content=\"Rydzyna. Bractwo Kurkowe, lata 30. XX wieku - Ludzie i krajobrazy. Powiat Leszczy\u0144ski w ikonografii\" \/>\n<meta property=\"og:description\" content=\"Po odzyskaniu przez Polsk\u0119 niepodleg\u0142o\u015bci w 1918 roku \u2013 na fali entuzjazmu z odrodzenia ojczyzny \u2013 na ziemiach zachodnich ponownie rozwija\u0142 si\u0119 polski ruch strzelecki. Jednym z jego...\" \/>\n<meta property=\"og:url\" content=\"https:\/\/ludzieikrajobrazy.muzeumleszno.pl\/?p=682\" \/>\n<meta property=\"og:site_name\" content=\"Ludzie i krajobrazy. Powiat Leszczy\u0144ski w ikonografii\" \/>\n<meta property=\"article:published_time\" content=\"2024-06-29T09:52:11+00:00\" \/>\n<meta property=\"article:modified_time\" content=\"2024-09-26T11:57:30+00:00\" \/>\n<meta property=\"og:image\" content=\"https:\/\/ludzieikrajobrazy.muzeumleszno.pl\/wp-content\/uploads\/2024\/07\/137_MLFa_1287-scaled.jpg\" \/>\n\t<meta property=\"og:image:width\" content=\"2560\" \/>\n\t<meta property=\"og:image:height\" content=\"1655\" \/>\n\t<meta property=\"og:image:type\" content=\"image\/jpeg\" \/>\n<meta name=\"author\" content=\"Pan_Admin\" \/>\n<meta name=\"twitter:card\" content=\"summary_large_image\" \/>\n<meta name=\"twitter:label1\" content=\"Napisane przez\" \/>\n\t<meta name=\"twitter:data1\" content=\"Pan_Admin\" \/>\n\t<meta name=\"twitter:label2\" content=\"Szacowany czas czytania\" \/>\n\t<meta name=\"twitter:data2\" content=\"2 minuty\" \/>\n<script type=\"application\/ld+json\" class=\"yoast-schema-graph\">{\"@context\":\"https:\\\/\\\/schema.org\",\"@graph\":[{\"@type\":\"Article\",\"@id\":\"https:\\\/\\\/ludzieikrajobrazy.muzeumleszno.pl\\\/?p=682#article\",\"isPartOf\":{\"@id\":\"https:\\\/\\\/ludzieikrajobrazy.muzeumleszno.pl\\\/?p=682\"},\"author\":{\"name\":\"Pan_Admin\",\"@id\":\"https:\\\/\\\/ludzieikrajobrazy.muzeumleszno.pl\\\/#\\\/schema\\\/person\\\/fc2bc20e2b51efc3202ac1f0cdcd06c0\"},\"headline\":\"Rydzyna. Bractwo Kurkowe, lata 30. XX wieku\",\"datePublished\":\"2024-06-29T09:52:11+00:00\",\"dateModified\":\"2024-09-26T11:57:30+00:00\",\"mainEntityOfPage\":{\"@id\":\"https:\\\/\\\/ludzieikrajobrazy.muzeumleszno.pl\\\/?p=682\"},\"wordCount\":210,\"image\":{\"@id\":\"https:\\\/\\\/ludzieikrajobrazy.muzeumleszno.pl\\\/?p=682#primaryimage\"},\"thumbnailUrl\":\"http:\\\/\\\/ludzieikrajobrazy.muzeumleszno.pl\\\/wp-content\\\/uploads\\\/2024\\\/07\\\/137_MLFa_1287-scaled.jpg\",\"keywords\":[\"dokumentacja\",\"drzewa\",\"fotografia grupowa\",\"garnitur\",\"kapelusz\",\"konkurs\",\"krajobraz\",\"Kurkowe Bractwo strzeleckie\",\"lata 30. XX wieku\",\"park\",\"patriotyzm\",\"polskie tradycje\",\"ruch strzelecki\",\"Rydzyna\",\"strzelectwo\",\"sztandar\",\"tarcza strzelecka\",\"uroczysto\u015b\u0107\",\"zamek\"],\"articleSection\":[\"Rydzyna\"],\"inLanguage\":\"pl-PL\"},{\"@type\":\"WebPage\",\"@id\":\"https:\\\/\\\/ludzieikrajobrazy.muzeumleszno.pl\\\/?p=682\",\"url\":\"https:\\\/\\\/ludzieikrajobrazy.muzeumleszno.pl\\\/?p=682\",\"name\":\"Rydzyna. Bractwo Kurkowe, lata 30. XX wieku - Ludzie i krajobrazy. Powiat Leszczy\u0144ski w ikonografii\",\"isPartOf\":{\"@id\":\"https:\\\/\\\/ludzieikrajobrazy.muzeumleszno.pl\\\/#website\"},\"primaryImageOfPage\":{\"@id\":\"https:\\\/\\\/ludzieikrajobrazy.muzeumleszno.pl\\\/?p=682#primaryimage\"},\"image\":{\"@id\":\"https:\\\/\\\/ludzieikrajobrazy.muzeumleszno.pl\\\/?p=682#primaryimage\"},\"thumbnailUrl\":\"http:\\\/\\\/ludzieikrajobrazy.muzeumleszno.pl\\\/wp-content\\\/uploads\\\/2024\\\/07\\\/137_MLFa_1287-scaled.jpg\",\"datePublished\":\"2024-06-29T09:52:11+00:00\",\"dateModified\":\"2024-09-26T11:57:30+00:00\",\"author\":{\"@id\":\"https:\\\/\\\/ludzieikrajobrazy.muzeumleszno.pl\\\/#\\\/schema\\\/person\\\/fc2bc20e2b51efc3202ac1f0cdcd06c0\"},\"breadcrumb\":{\"@id\":\"https:\\\/\\\/ludzieikrajobrazy.muzeumleszno.pl\\\/?p=682#breadcrumb\"},\"inLanguage\":\"pl-PL\",\"potentialAction\":[{\"@type\":\"ReadAction\",\"target\":[\"https:\\\/\\\/ludzieikrajobrazy.muzeumleszno.pl\\\/?p=682\"]}]},{\"@type\":\"BreadcrumbList\",\"@id\":\"https:\\\/\\\/ludzieikrajobrazy.muzeumleszno.pl\\\/?p=682#breadcrumb\",\"itemListElement\":[{\"@type\":\"ListItem\",\"position\":1,\"name\":\"Home\",\"item\":\"https:\\\/\\\/ludzieikrajobrazy.muzeumleszno.pl\\\/\"},{\"@type\":\"ListItem\",\"position\":2,\"name\":\"Rydzyna. Bractwo Kurkowe, lata 30. XX wieku\"}]},{\"@type\":\"WebSite\",\"@id\":\"https:\\\/\\\/ludzieikrajobrazy.muzeumleszno.pl\\\/#website\",\"url\":\"https:\\\/\\\/ludzieikrajobrazy.muzeumleszno.pl\\\/\",\"name\":\"Ludzie i krajobrazy. Powiat Leszczy\u0144ski w ikonografii\",\"description\":\"Powiat Leszczy\u0144ski w ikonografii\",\"potentialAction\":[{\"@type\":\"SearchAction\",\"target\":{\"@type\":\"EntryPoint\",\"urlTemplate\":\"https:\\\/\\\/ludzieikrajobrazy.muzeumleszno.pl\\\/?s={search_term_string}\"},\"query-input\":{\"@type\":\"PropertyValueSpecification\",\"valueRequired\":true,\"valueName\":\"search_term_string\"}}],\"inLanguage\":\"pl-PL\"},{\"@type\":\"Person\",\"@id\":\"https:\\\/\\\/ludzieikrajobrazy.muzeumleszno.pl\\\/#\\\/schema\\\/person\\\/fc2bc20e2b51efc3202ac1f0cdcd06c0\",\"name\":\"Pan_Admin\",\"image\":{\"@type\":\"ImageObject\",\"inLanguage\":\"pl-PL\",\"@id\":\"https:\\\/\\\/secure.gravatar.com\\\/avatar\\\/d109d485abe889ecc32dbdb971b715ad9d4596bd0e2353626451db3e04099822?s=96&d=mm&r=g\",\"url\":\"https:\\\/\\\/secure.gravatar.com\\\/avatar\\\/d109d485abe889ecc32dbdb971b715ad9d4596bd0e2353626451db3e04099822?s=96&d=mm&r=g\",\"contentUrl\":\"https:\\\/\\\/secure.gravatar.com\\\/avatar\\\/d109d485abe889ecc32dbdb971b715ad9d4596bd0e2353626451db3e04099822?s=96&d=mm&r=g\",\"caption\":\"Pan_Admin\"},\"sameAs\":[\"http:\\\/\\\/ludzieikrajobrazy.muzeumleszno.pl\"],\"url\":\"http:\\\/\\\/ludzieikrajobrazy.muzeumleszno.pl\\\/?author=1\"}]}<\/script>\n<!-- \/ Yoast SEO plugin. -->","yoast_head_json":{"title":"Rydzyna. Bractwo Kurkowe, lata 30. XX wieku - Ludzie i krajobrazy. Powiat Leszczy\u0144ski w ikonografii","robots":{"index":"index","follow":"follow","max-snippet":"max-snippet:-1","max-image-preview":"max-image-preview:large","max-video-preview":"max-video-preview:-1"},"canonical":"https:\/\/ludzieikrajobrazy.muzeumleszno.pl\/?p=682","og_locale":"pl_PL","og_type":"article","og_title":"Rydzyna. Bractwo Kurkowe, lata 30. XX wieku - Ludzie i krajobrazy. Powiat Leszczy\u0144ski w ikonografii","og_description":"Po odzyskaniu przez Polsk\u0119 niepodleg\u0142o\u015bci w 1918 roku \u2013 na fali entuzjazmu z odrodzenia ojczyzny \u2013 na ziemiach zachodnich ponownie rozwija\u0142 si\u0119 polski ruch strzelecki. Jednym z jego...","og_url":"https:\/\/ludzieikrajobrazy.muzeumleszno.pl\/?p=682","og_site_name":"Ludzie i krajobrazy. Powiat Leszczy\u0144ski w ikonografii","article_published_time":"2024-06-29T09:52:11+00:00","article_modified_time":"2024-09-26T11:57:30+00:00","og_image":[{"width":2560,"height":1655,"url":"https:\/\/ludzieikrajobrazy.muzeumleszno.pl\/wp-content\/uploads\/2024\/07\/137_MLFa_1287-scaled.jpg","type":"image\/jpeg"}],"author":"Pan_Admin","twitter_card":"summary_large_image","twitter_misc":{"Napisane przez":"Pan_Admin","Szacowany czas czytania":"2 minuty"},"schema":{"@context":"https:\/\/schema.org","@graph":[{"@type":"Article","@id":"https:\/\/ludzieikrajobrazy.muzeumleszno.pl\/?p=682#article","isPartOf":{"@id":"https:\/\/ludzieikrajobrazy.muzeumleszno.pl\/?p=682"},"author":{"name":"Pan_Admin","@id":"https:\/\/ludzieikrajobrazy.muzeumleszno.pl\/#\/schema\/person\/fc2bc20e2b51efc3202ac1f0cdcd06c0"},"headline":"Rydzyna. Bractwo Kurkowe, lata 30. XX wieku","datePublished":"2024-06-29T09:52:11+00:00","dateModified":"2024-09-26T11:57:30+00:00","mainEntityOfPage":{"@id":"https:\/\/ludzieikrajobrazy.muzeumleszno.pl\/?p=682"},"wordCount":210,"image":{"@id":"https:\/\/ludzieikrajobrazy.muzeumleszno.pl\/?p=682#primaryimage"},"thumbnailUrl":"http:\/\/ludzieikrajobrazy.muzeumleszno.pl\/wp-content\/uploads\/2024\/07\/137_MLFa_1287-scaled.jpg","keywords":["dokumentacja","drzewa","fotografia grupowa","garnitur","kapelusz","konkurs","krajobraz","Kurkowe Bractwo strzeleckie","lata 30. XX wieku","park","patriotyzm","polskie tradycje","ruch strzelecki","Rydzyna","strzelectwo","sztandar","tarcza strzelecka","uroczysto\u015b\u0107","zamek"],"articleSection":["Rydzyna"],"inLanguage":"pl-PL"},{"@type":"WebPage","@id":"https:\/\/ludzieikrajobrazy.muzeumleszno.pl\/?p=682","url":"https:\/\/ludzieikrajobrazy.muzeumleszno.pl\/?p=682","name":"Rydzyna. Bractwo Kurkowe, lata 30. XX wieku - Ludzie i krajobrazy. Powiat Leszczy\u0144ski w ikonografii","isPartOf":{"@id":"https:\/\/ludzieikrajobrazy.muzeumleszno.pl\/#website"},"primaryImageOfPage":{"@id":"https:\/\/ludzieikrajobrazy.muzeumleszno.pl\/?p=682#primaryimage"},"image":{"@id":"https:\/\/ludzieikrajobrazy.muzeumleszno.pl\/?p=682#primaryimage"},"thumbnailUrl":"http:\/\/ludzieikrajobrazy.muzeumleszno.pl\/wp-content\/uploads\/2024\/07\/137_MLFa_1287-scaled.jpg","datePublished":"2024-06-29T09:52:11+00:00","dateModified":"2024-09-26T11:57:30+00:00","author":{"@id":"https:\/\/ludzieikrajobrazy.muzeumleszno.pl\/#\/schema\/person\/fc2bc20e2b51efc3202ac1f0cdcd06c0"},"breadcrumb":{"@id":"https:\/\/ludzieikrajobrazy.muzeumleszno.pl\/?p=682#breadcrumb"},"inLanguage":"pl-PL","potentialAction":[{"@type":"ReadAction","target":["https:\/\/ludzieikrajobrazy.muzeumleszno.pl\/?p=682"]}]},{"@type":"BreadcrumbList","@id":"https:\/\/ludzieikrajobrazy.muzeumleszno.pl\/?p=682#breadcrumb","itemListElement":[{"@type":"ListItem","position":1,"name":"Home","item":"https:\/\/ludzieikrajobrazy.muzeumleszno.pl\/"},{"@type":"ListItem","position":2,"name":"Rydzyna. Bractwo Kurkowe, lata 30. XX wieku"}]},{"@type":"WebSite","@id":"https:\/\/ludzieikrajobrazy.muzeumleszno.pl\/#website","url":"https:\/\/ludzieikrajobrazy.muzeumleszno.pl\/","name":"Ludzie i krajobrazy. Powiat Leszczy\u0144ski w ikonografii","description":"Powiat Leszczy\u0144ski w ikonografii","potentialAction":[{"@type":"SearchAction","target":{"@type":"EntryPoint","urlTemplate":"https:\/\/ludzieikrajobrazy.muzeumleszno.pl\/?s={search_term_string}"},"query-input":{"@type":"PropertyValueSpecification","valueRequired":true,"valueName":"search_term_string"}}],"inLanguage":"pl-PL"},{"@type":"Person","@id":"https:\/\/ludzieikrajobrazy.muzeumleszno.pl\/#\/schema\/person\/fc2bc20e2b51efc3202ac1f0cdcd06c0","name":"Pan_Admin","image":{"@type":"ImageObject","inLanguage":"pl-PL","@id":"https:\/\/secure.gravatar.com\/avatar\/d109d485abe889ecc32dbdb971b715ad9d4596bd0e2353626451db3e04099822?s=96&d=mm&r=g","url":"https:\/\/secure.gravatar.com\/avatar\/d109d485abe889ecc32dbdb971b715ad9d4596bd0e2353626451db3e04099822?s=96&d=mm&r=g","contentUrl":"https:\/\/secure.gravatar.com\/avatar\/d109d485abe889ecc32dbdb971b715ad9d4596bd0e2353626451db3e04099822?s=96&d=mm&r=g","caption":"Pan_Admin"},"sameAs":["http:\/\/ludzieikrajobrazy.muzeumleszno.pl"],"url":"http:\/\/ludzieikrajobrazy.muzeumleszno.pl\/?author=1"}]}},"_links":{"self":[{"href":"http:\/\/ludzieikrajobrazy.muzeumleszno.pl\/index.php?rest_route=\/wp\/v2\/posts\/682","targetHints":{"allow":["GET"]}}],"collection":[{"href":"http:\/\/ludzieikrajobrazy.muzeumleszno.pl\/index.php?rest_route=\/wp\/v2\/posts"}],"about":[{"href":"http:\/\/ludzieikrajobrazy.muzeumleszno.pl\/index.php?rest_route=\/wp\/v2\/types\/post"}],"author":[{"embeddable":true,"href":"http:\/\/ludzieikrajobrazy.muzeumleszno.pl\/index.php?rest_route=\/wp\/v2\/users\/1"}],"replies":[{"embeddable":true,"href":"http:\/\/ludzieikrajobrazy.muzeumleszno.pl\/index.php?rest_route=%2Fwp%2Fv2%2Fcomments&post=682"}],"version-history":[{"count":2,"href":"http:\/\/ludzieikrajobrazy.muzeumleszno.pl\/index.php?rest_route=\/wp\/v2\/posts\/682\/revisions"}],"predecessor-version":[{"id":1293,"href":"http:\/\/ludzieikrajobrazy.muzeumleszno.pl\/index.php?rest_route=\/wp\/v2\/posts\/682\/revisions\/1293"}],"wp:featuredmedia":[{"embeddable":true,"href":"http:\/\/ludzieikrajobrazy.muzeumleszno.pl\/index.php?rest_route=\/wp\/v2\/media\/683"}],"wp:attachment":[{"href":"http:\/\/ludzieikrajobrazy.muzeumleszno.pl\/index.php?rest_route=%2Fwp%2Fv2%2Fmedia&parent=682"}],"wp:term":[{"taxonomy":"category","embeddable":true,"href":"http:\/\/ludzieikrajobrazy.muzeumleszno.pl\/index.php?rest_route=%2Fwp%2Fv2%2Fcategories&post=682"},{"taxonomy":"post_tag","embeddable":true,"href":"http:\/\/ludzieikrajobrazy.muzeumleszno.pl\/index.php?rest_route=%2Fwp%2Fv2%2Ftags&post=682"}],"curies":[{"name":"wp","href":"https:\/\/api.w.org\/{rel}","templated":true}]}}