{"id":685,"date":"2024-06-29T11:51:50","date_gmt":"2024-06-29T09:51:50","guid":{"rendered":"http:\/\/ludzieikrajobrazy.muzeumleszno.pl\/?p=685"},"modified":"2024-09-26T14:10:32","modified_gmt":"2024-09-26T12:10:32","slug":"rydzyna-kurkowe-bractwo-strzeleckie-lata-1932-1934-fot-stanislaw-falkiewicz","status":"publish","type":"post","link":"http:\/\/ludzieikrajobrazy.muzeumleszno.pl\/?p=685","title":{"rendered":"Rydzyna. Kurkowe Bractwo Strzeleckie, lata 1932\u20131934, fot. Stanis\u0142aw Falkiewicz"},"content":{"rendered":"\n<p>Bractwa Kurkowe s\u0105 jednymi z najstarszych stowarzysze\u0144 obronnych w Europie i w Polsce. Jak wspominaj\u0105 historycy i dziejopisarze dzia\u0142alno\u015b\u0107 bractw kurkowych to ponad 750 lat wiernej s\u0142u\u017cby Bogu i Ojczy\u017anie. Spe\u0142nia\u0142y one przez wieki rol\u0119 obrony cywilnej i terytorialnej, a nast\u0119pnie, piel\u0119gnuj\u0105c dawne obyczaje i tradycje militarne, sta\u0142y si\u0119 aren\u0105 walki o polsko\u015b\u0107 i niepodleg\u0142o\u015b\u0107, o zachowanie to\u017csamo\u015bci i kultury narodowej, szczeg\u00f3lnie w okresie zabor\u00f3w. Postawa braci kurkowych, ich po\u015bwi\u0119cenie i udzia\u0142 w walce o niepodleg\u0142o\u015b\u0107, tak\u017ce w okresie II wojny \u015bwiatowej, to pi\u0119kna karta historii Polski.<\/p>\n\n\n\n<p>Cz\u0142onkowie rydzy\u0144skiego bractwa prezentuj\u0105 si\u0119 na tle pawilonu strzelnicy przy zamku w Rydzynie. Przed kr\u00f3lem kurkowym \u2013 J\u00f3zefem Stelmachem (1896-1939)&nbsp; \u2013 ustawiona zosta\u0142a tarcza strzelecka.&nbsp;<\/p>\n\n\n\n<figure data-wp-context=\"{&quot;imageId&quot;:&quot;69f1ccd17e3b1&quot;}\" data-wp-interactive=\"core\/image\" data-wp-key=\"69f1ccd17e3b1\" class=\"wp-block-image size-full wp-lightbox-container\"><img fetchpriority=\"high\" decoding=\"async\" width=\"2560\" height=\"1630\" data-wp-class--hide=\"state.isContentHidden\" data-wp-class--show=\"state.isContentVisible\" data-wp-init=\"callbacks.setButtonStyles\" data-wp-on--click=\"actions.showLightbox\" data-wp-on--load=\"callbacks.setButtonStyles\" data-wp-on-window--resize=\"callbacks.setButtonStyles\" src=\"http:\/\/ludzieikrajobrazy.muzeumleszno.pl\/wp-content\/uploads\/2024\/07\/138_MLFa-326-scaled.jpg\" alt=\"Rydzyna. Kurkowe Bractwo Strzeleckie, lata 1932\u20131934, fot. Stanis\u0142aw Falkiewicz\" class=\"wp-image-686\" srcset=\"http:\/\/ludzieikrajobrazy.muzeumleszno.pl\/wp-content\/uploads\/2024\/07\/138_MLFa-326-scaled.jpg 2560w, http:\/\/ludzieikrajobrazy.muzeumleszno.pl\/wp-content\/uploads\/2024\/07\/138_MLFa-326-1536x978.jpg 1536w, http:\/\/ludzieikrajobrazy.muzeumleszno.pl\/wp-content\/uploads\/2024\/07\/138_MLFa-326-2048x1304.jpg 2048w, http:\/\/ludzieikrajobrazy.muzeumleszno.pl\/wp-content\/uploads\/2024\/07\/138_MLFa-326-200x127.jpg 200w, http:\/\/ludzieikrajobrazy.muzeumleszno.pl\/wp-content\/uploads\/2024\/07\/138_MLFa-326-973x619.jpg 973w, http:\/\/ludzieikrajobrazy.muzeumleszno.pl\/wp-content\/uploads\/2024\/07\/138_MLFa-326-508x323.jpg 508w\" sizes=\"(max-width: 2560px) 100vw, 2560px\" \/><button\n\t\t\tclass=\"lightbox-trigger\"\n\t\t\ttype=\"button\"\n\t\t\taria-haspopup=\"dialog\"\n\t\t\taria-label=\"Powi\u0119ksz\"\n\t\t\tdata-wp-init=\"callbacks.initTriggerButton\"\n\t\t\tdata-wp-on--click=\"actions.showLightbox\"\n\t\t\tdata-wp-style--right=\"state.imageButtonRight\"\n\t\t\tdata-wp-style--top=\"state.imageButtonTop\"\n\t\t>\n\t\t\t<svg xmlns=\"http:\/\/www.w3.org\/2000\/svg\" width=\"12\" height=\"12\" fill=\"none\" viewBox=\"0 0 12 12\">\n\t\t\t\t<path fill=\"#fff\" d=\"M2 0a2 2 0 0 0-2 2v2h1.5V2a.5.5 0 0 1 .5-.5h2V0H2Zm2 10.5H2a.5.5 0 0 1-.5-.5V8H0v2a2 2 0 0 0 2 2h2v-1.5ZM8 12v-1.5h2a.5.5 0 0 0 .5-.5V8H12v2a2 2 0 0 1-2 2H8Zm2-12a2 2 0 0 1 2 2v2h-1.5V2a.5.5 0 0 0-.5-.5H8V0h2Z\" \/>\n\t\t\t<\/svg>\n\t\t<\/button><figcaption class=\"wp-element-caption\">Rydzyna. Kurkowe Bractwo Strzeleckie, lata 1932\u20131934, fot. Stanis\u0142aw Falkiewicz, wys. 12,5 cm x szer. 17,5 cm; odbitka srebrowo-\u017celatynowa, papier fotograficzny, przed 1939 rokiem; Muzeum Okr\u0119gowe w Lesznie; MLFa326<\/figcaption><\/figure>\n\n\n\n<p class=\"has-small-font-size\">nr inw. MLFa 326<br>W zbiorach Muzeum Okr\u0119gowego w Lesznie od 1963 roku, dar<\/p>\n\n\n\n<p>D.Cz.<\/p>\n\n\n\n<figure class=\"wp-block-embed is-type-video is-provider-youtube wp-block-embed-youtube wp-embed-aspect-16-9 wp-has-aspect-ratio\"><div class=\"wp-block-embed__wrapper\">\n<iframe title=\"Rydzyna  Kurkowe Bractwo Strzeleckie, lata 1932\u20131934, fot  Stanis\u0142aw Falkiewicz\" width=\"620\" height=\"349\" src=\"https:\/\/www.youtube.com\/embed\/tZgz4_vQdow?feature=oembed\" frameborder=\"0\" allow=\"accelerometer; autoplay; clipboard-write; encrypted-media; gyroscope; picture-in-picture; web-share\" referrerpolicy=\"strict-origin-when-cross-origin\" allowfullscreen><\/iframe>\n<\/div><\/figure>\n","protected":false},"excerpt":{"rendered":"<p>Bractwa Kurkowe s\u0105 jednymi z najstarszych stowarzysze\u0144 obronnych w Europie i w Polsce. Jak wspominaj\u0105 historycy i dziejopisarze dzia\u0142alno\u015b\u0107 bractw kurkowych to ponad 750 lat wiernej s\u0142u\u017cby Bogu&#8230;<\/p>\n","protected":false},"author":1,"featured_media":686,"comment_status":"closed","ping_status":"closed","sticky":false,"template":"","format":"standard","meta":{"cybocfi_hide_featured_image":"yes","footnotes":""},"categories":[328],"tags":[762,766,765,201,247,363,776,209,772,207,770,325,767,773,769,129,763,764,731,774,771,768,301,168],"class_list":["post-685","post","type-post","status-publish","format-standard","has-post-thumbnail","hentry","category-rydzyna","tag-762","tag-bog","tag-dziejopisarstwo","tag-fotografia-grupowa","tag-garnitur","tag-ii-wojna-swiatowa","tag-jozef-stelmach","tag-kapelusz","tag-kultura-narodowa","tag-kurkowe-bractwo-strzeleckie","tag-niepodleglosc","tag-obyczaje","tag-ojczyzna","tag-pawilon","tag-polskosc","tag-rydzyna","tag-stanislaw-falkiewicz","tag-stowarzyszenie-obronne","tag-strzelnica","tag-tarcza","tag-tozsamosc","tag-tradycje-militarne","tag-zabory","tag-zamek"],"yoast_head":"<!-- This site is optimized with the Yoast SEO plugin v27.5 - https:\/\/yoast.com\/product\/yoast-seo-wordpress\/ -->\n<title>Rydzyna. Kurkowe Bractwo Strzeleckie, lata 1932\u20131934, fot. Stanis\u0142aw Falkiewicz - Ludzie i krajobrazy. Powiat Leszczy\u0144ski w ikonografii<\/title>\n<meta name=\"robots\" content=\"index, follow, max-snippet:-1, max-image-preview:large, max-video-preview:-1\" \/>\n<link rel=\"canonical\" href=\"http:\/\/ludzieikrajobrazy.muzeumleszno.pl\/?p=685\" \/>\n<meta property=\"og:locale\" content=\"pl_PL\" \/>\n<meta property=\"og:type\" content=\"article\" \/>\n<meta property=\"og:title\" content=\"Rydzyna. Kurkowe Bractwo Strzeleckie, lata 1932\u20131934, fot. Stanis\u0142aw Falkiewicz - Ludzie i krajobrazy. Powiat Leszczy\u0144ski w ikonografii\" \/>\n<meta property=\"og:description\" content=\"Bractwa Kurkowe s\u0105 jednymi z najstarszych stowarzysze\u0144 obronnych w Europie i w Polsce. Jak wspominaj\u0105 historycy i dziejopisarze dzia\u0142alno\u015b\u0107 bractw kurkowych to ponad 750 lat wiernej s\u0142u\u017cby Bogu...\" \/>\n<meta property=\"og:url\" content=\"http:\/\/ludzieikrajobrazy.muzeumleszno.pl\/?p=685\" \/>\n<meta property=\"og:site_name\" content=\"Ludzie i krajobrazy. Powiat Leszczy\u0144ski w ikonografii\" \/>\n<meta property=\"article:published_time\" content=\"2024-06-29T09:51:50+00:00\" \/>\n<meta property=\"article:modified_time\" content=\"2024-09-26T12:10:32+00:00\" \/>\n<meta property=\"og:image\" content=\"http:\/\/ludzieikrajobrazy.muzeumleszno.pl\/wp-content\/uploads\/2024\/07\/138_MLFa-326-scaled.jpg\" \/>\n\t<meta property=\"og:image:width\" content=\"2560\" \/>\n\t<meta property=\"og:image:height\" content=\"1630\" \/>\n\t<meta property=\"og:image:type\" content=\"image\/jpeg\" \/>\n<meta name=\"author\" content=\"Pan_Admin\" \/>\n<meta name=\"twitter:card\" content=\"summary_large_image\" \/>\n<meta name=\"twitter:label1\" content=\"Napisane przez\" \/>\n\t<meta name=\"twitter:data1\" content=\"Pan_Admin\" \/>\n\t<meta name=\"twitter:label2\" content=\"Szacowany czas czytania\" \/>\n\t<meta name=\"twitter:data2\" content=\"2 minuty\" \/>\n<script type=\"application\/ld+json\" class=\"yoast-schema-graph\">{\"@context\":\"https:\\\/\\\/schema.org\",\"@graph\":[{\"@type\":\"Article\",\"@id\":\"http:\\\/\\\/ludzieikrajobrazy.muzeumleszno.pl\\\/?p=685#article\",\"isPartOf\":{\"@id\":\"http:\\\/\\\/ludzieikrajobrazy.muzeumleszno.pl\\\/?p=685\"},\"author\":{\"name\":\"Pan_Admin\",\"@id\":\"https:\\\/\\\/ludzieikrajobrazy.muzeumleszno.pl\\\/#\\\/schema\\\/person\\\/fc2bc20e2b51efc3202ac1f0cdcd06c0\"},\"headline\":\"Rydzyna. Kurkowe Bractwo Strzeleckie, lata 1932\u20131934, fot. Stanis\u0142aw Falkiewicz\",\"datePublished\":\"2024-06-29T09:51:50+00:00\",\"dateModified\":\"2024-09-26T12:10:32+00:00\",\"mainEntityOfPage\":{\"@id\":\"http:\\\/\\\/ludzieikrajobrazy.muzeumleszno.pl\\\/?p=685\"},\"wordCount\":192,\"image\":{\"@id\":\"http:\\\/\\\/ludzieikrajobrazy.muzeumleszno.pl\\\/?p=685#primaryimage\"},\"thumbnailUrl\":\"http:\\\/\\\/ludzieikrajobrazy.muzeumleszno.pl\\\/wp-content\\\/uploads\\\/2024\\\/07\\\/138_MLFa-326-scaled.jpg\",\"keywords\":[\"1932\",\"B\u00f3g\",\"dziejopisarstwo\",\"fotografia grupowa\",\"garnitur\",\"II Wojna \u015awiatowa\",\"J\u00f3zef Stelmach\",\"kapelusz\",\"kultura narodowa\",\"Kurkowe Bractwo strzeleckie\",\"niepodleg\u0142o\u015b\u0107\",\"obyczaje\",\"Ojczyzna\",\"pawilon\",\"polsko\u015b\u0107\",\"Rydzyna\",\"Stanis\u0142aw Falkiewicz\",\"stowarzyszenie obronne\",\"strzelnica\",\"tarcza\",\"to\u017csamo\u015b\u0107\",\"tradycje militarne\",\"zabory\",\"zamek\"],\"articleSection\":[\"Rydzyna\"],\"inLanguage\":\"pl-PL\"},{\"@type\":\"WebPage\",\"@id\":\"http:\\\/\\\/ludzieikrajobrazy.muzeumleszno.pl\\\/?p=685\",\"url\":\"http:\\\/\\\/ludzieikrajobrazy.muzeumleszno.pl\\\/?p=685\",\"name\":\"Rydzyna. Kurkowe Bractwo Strzeleckie, lata 1932\u20131934, fot. Stanis\u0142aw Falkiewicz - Ludzie i krajobrazy. Powiat Leszczy\u0144ski w ikonografii\",\"isPartOf\":{\"@id\":\"https:\\\/\\\/ludzieikrajobrazy.muzeumleszno.pl\\\/#website\"},\"primaryImageOfPage\":{\"@id\":\"http:\\\/\\\/ludzieikrajobrazy.muzeumleszno.pl\\\/?p=685#primaryimage\"},\"image\":{\"@id\":\"http:\\\/\\\/ludzieikrajobrazy.muzeumleszno.pl\\\/?p=685#primaryimage\"},\"thumbnailUrl\":\"http:\\\/\\\/ludzieikrajobrazy.muzeumleszno.pl\\\/wp-content\\\/uploads\\\/2024\\\/07\\\/138_MLFa-326-scaled.jpg\",\"datePublished\":\"2024-06-29T09:51:50+00:00\",\"dateModified\":\"2024-09-26T12:10:32+00:00\",\"author\":{\"@id\":\"https:\\\/\\\/ludzieikrajobrazy.muzeumleszno.pl\\\/#\\\/schema\\\/person\\\/fc2bc20e2b51efc3202ac1f0cdcd06c0\"},\"breadcrumb\":{\"@id\":\"http:\\\/\\\/ludzieikrajobrazy.muzeumleszno.pl\\\/?p=685#breadcrumb\"},\"inLanguage\":\"pl-PL\",\"potentialAction\":[{\"@type\":\"ReadAction\",\"target\":[\"http:\\\/\\\/ludzieikrajobrazy.muzeumleszno.pl\\\/?p=685\"]}]},{\"@type\":\"BreadcrumbList\",\"@id\":\"http:\\\/\\\/ludzieikrajobrazy.muzeumleszno.pl\\\/?p=685#breadcrumb\",\"itemListElement\":[{\"@type\":\"ListItem\",\"position\":1,\"name\":\"Home\",\"item\":\"https:\\\/\\\/ludzieikrajobrazy.muzeumleszno.pl\\\/\"},{\"@type\":\"ListItem\",\"position\":2,\"name\":\"Rydzyna. Kurkowe Bractwo Strzeleckie, lata 1932\u20131934, fot. Stanis\u0142aw Falkiewicz\"}]},{\"@type\":\"WebSite\",\"@id\":\"https:\\\/\\\/ludzieikrajobrazy.muzeumleszno.pl\\\/#website\",\"url\":\"https:\\\/\\\/ludzieikrajobrazy.muzeumleszno.pl\\\/\",\"name\":\"Ludzie i krajobrazy. Powiat Leszczy\u0144ski w ikonografii\",\"description\":\"Powiat Leszczy\u0144ski w ikonografii\",\"potentialAction\":[{\"@type\":\"SearchAction\",\"target\":{\"@type\":\"EntryPoint\",\"urlTemplate\":\"https:\\\/\\\/ludzieikrajobrazy.muzeumleszno.pl\\\/?s={search_term_string}\"},\"query-input\":{\"@type\":\"PropertyValueSpecification\",\"valueRequired\":true,\"valueName\":\"search_term_string\"}}],\"inLanguage\":\"pl-PL\"},{\"@type\":\"Person\",\"@id\":\"https:\\\/\\\/ludzieikrajobrazy.muzeumleszno.pl\\\/#\\\/schema\\\/person\\\/fc2bc20e2b51efc3202ac1f0cdcd06c0\",\"name\":\"Pan_Admin\",\"image\":{\"@type\":\"ImageObject\",\"inLanguage\":\"pl-PL\",\"@id\":\"https:\\\/\\\/secure.gravatar.com\\\/avatar\\\/d109d485abe889ecc32dbdb971b715ad9d4596bd0e2353626451db3e04099822?s=96&d=mm&r=g\",\"url\":\"https:\\\/\\\/secure.gravatar.com\\\/avatar\\\/d109d485abe889ecc32dbdb971b715ad9d4596bd0e2353626451db3e04099822?s=96&d=mm&r=g\",\"contentUrl\":\"https:\\\/\\\/secure.gravatar.com\\\/avatar\\\/d109d485abe889ecc32dbdb971b715ad9d4596bd0e2353626451db3e04099822?s=96&d=mm&r=g\",\"caption\":\"Pan_Admin\"},\"sameAs\":[\"http:\\\/\\\/ludzieikrajobrazy.muzeumleszno.pl\"],\"url\":\"http:\\\/\\\/ludzieikrajobrazy.muzeumleszno.pl\\\/?author=1\"}]}<\/script>\n<!-- \/ Yoast SEO plugin. -->","yoast_head_json":{"title":"Rydzyna. Kurkowe Bractwo Strzeleckie, lata 1932\u20131934, fot. Stanis\u0142aw Falkiewicz - Ludzie i krajobrazy. Powiat Leszczy\u0144ski w ikonografii","robots":{"index":"index","follow":"follow","max-snippet":"max-snippet:-1","max-image-preview":"max-image-preview:large","max-video-preview":"max-video-preview:-1"},"canonical":"http:\/\/ludzieikrajobrazy.muzeumleszno.pl\/?p=685","og_locale":"pl_PL","og_type":"article","og_title":"Rydzyna. Kurkowe Bractwo Strzeleckie, lata 1932\u20131934, fot. Stanis\u0142aw Falkiewicz - Ludzie i krajobrazy. Powiat Leszczy\u0144ski w ikonografii","og_description":"Bractwa Kurkowe s\u0105 jednymi z najstarszych stowarzysze\u0144 obronnych w Europie i w Polsce. Jak wspominaj\u0105 historycy i dziejopisarze dzia\u0142alno\u015b\u0107 bractw kurkowych to ponad 750 lat wiernej s\u0142u\u017cby Bogu...","og_url":"http:\/\/ludzieikrajobrazy.muzeumleszno.pl\/?p=685","og_site_name":"Ludzie i krajobrazy. Powiat Leszczy\u0144ski w ikonografii","article_published_time":"2024-06-29T09:51:50+00:00","article_modified_time":"2024-09-26T12:10:32+00:00","og_image":[{"width":2560,"height":1630,"url":"http:\/\/ludzieikrajobrazy.muzeumleszno.pl\/wp-content\/uploads\/2024\/07\/138_MLFa-326-scaled.jpg","type":"image\/jpeg"}],"author":"Pan_Admin","twitter_card":"summary_large_image","twitter_misc":{"Napisane przez":"Pan_Admin","Szacowany czas czytania":"2 minuty"},"schema":{"@context":"https:\/\/schema.org","@graph":[{"@type":"Article","@id":"http:\/\/ludzieikrajobrazy.muzeumleszno.pl\/?p=685#article","isPartOf":{"@id":"http:\/\/ludzieikrajobrazy.muzeumleszno.pl\/?p=685"},"author":{"name":"Pan_Admin","@id":"https:\/\/ludzieikrajobrazy.muzeumleszno.pl\/#\/schema\/person\/fc2bc20e2b51efc3202ac1f0cdcd06c0"},"headline":"Rydzyna. Kurkowe Bractwo Strzeleckie, lata 1932\u20131934, fot. Stanis\u0142aw Falkiewicz","datePublished":"2024-06-29T09:51:50+00:00","dateModified":"2024-09-26T12:10:32+00:00","mainEntityOfPage":{"@id":"http:\/\/ludzieikrajobrazy.muzeumleszno.pl\/?p=685"},"wordCount":192,"image":{"@id":"http:\/\/ludzieikrajobrazy.muzeumleszno.pl\/?p=685#primaryimage"},"thumbnailUrl":"http:\/\/ludzieikrajobrazy.muzeumleszno.pl\/wp-content\/uploads\/2024\/07\/138_MLFa-326-scaled.jpg","keywords":["1932","B\u00f3g","dziejopisarstwo","fotografia grupowa","garnitur","II Wojna \u015awiatowa","J\u00f3zef Stelmach","kapelusz","kultura narodowa","Kurkowe Bractwo strzeleckie","niepodleg\u0142o\u015b\u0107","obyczaje","Ojczyzna","pawilon","polsko\u015b\u0107","Rydzyna","Stanis\u0142aw Falkiewicz","stowarzyszenie obronne","strzelnica","tarcza","to\u017csamo\u015b\u0107","tradycje militarne","zabory","zamek"],"articleSection":["Rydzyna"],"inLanguage":"pl-PL"},{"@type":"WebPage","@id":"http:\/\/ludzieikrajobrazy.muzeumleszno.pl\/?p=685","url":"http:\/\/ludzieikrajobrazy.muzeumleszno.pl\/?p=685","name":"Rydzyna. Kurkowe Bractwo Strzeleckie, lata 1932\u20131934, fot. Stanis\u0142aw Falkiewicz - Ludzie i krajobrazy. Powiat Leszczy\u0144ski w ikonografii","isPartOf":{"@id":"https:\/\/ludzieikrajobrazy.muzeumleszno.pl\/#website"},"primaryImageOfPage":{"@id":"http:\/\/ludzieikrajobrazy.muzeumleszno.pl\/?p=685#primaryimage"},"image":{"@id":"http:\/\/ludzieikrajobrazy.muzeumleszno.pl\/?p=685#primaryimage"},"thumbnailUrl":"http:\/\/ludzieikrajobrazy.muzeumleszno.pl\/wp-content\/uploads\/2024\/07\/138_MLFa-326-scaled.jpg","datePublished":"2024-06-29T09:51:50+00:00","dateModified":"2024-09-26T12:10:32+00:00","author":{"@id":"https:\/\/ludzieikrajobrazy.muzeumleszno.pl\/#\/schema\/person\/fc2bc20e2b51efc3202ac1f0cdcd06c0"},"breadcrumb":{"@id":"http:\/\/ludzieikrajobrazy.muzeumleszno.pl\/?p=685#breadcrumb"},"inLanguage":"pl-PL","potentialAction":[{"@type":"ReadAction","target":["http:\/\/ludzieikrajobrazy.muzeumleszno.pl\/?p=685"]}]},{"@type":"BreadcrumbList","@id":"http:\/\/ludzieikrajobrazy.muzeumleszno.pl\/?p=685#breadcrumb","itemListElement":[{"@type":"ListItem","position":1,"name":"Home","item":"https:\/\/ludzieikrajobrazy.muzeumleszno.pl\/"},{"@type":"ListItem","position":2,"name":"Rydzyna. Kurkowe Bractwo Strzeleckie, lata 1932\u20131934, fot. Stanis\u0142aw Falkiewicz"}]},{"@type":"WebSite","@id":"https:\/\/ludzieikrajobrazy.muzeumleszno.pl\/#website","url":"https:\/\/ludzieikrajobrazy.muzeumleszno.pl\/","name":"Ludzie i krajobrazy. Powiat Leszczy\u0144ski w ikonografii","description":"Powiat Leszczy\u0144ski w ikonografii","potentialAction":[{"@type":"SearchAction","target":{"@type":"EntryPoint","urlTemplate":"https:\/\/ludzieikrajobrazy.muzeumleszno.pl\/?s={search_term_string}"},"query-input":{"@type":"PropertyValueSpecification","valueRequired":true,"valueName":"search_term_string"}}],"inLanguage":"pl-PL"},{"@type":"Person","@id":"https:\/\/ludzieikrajobrazy.muzeumleszno.pl\/#\/schema\/person\/fc2bc20e2b51efc3202ac1f0cdcd06c0","name":"Pan_Admin","image":{"@type":"ImageObject","inLanguage":"pl-PL","@id":"https:\/\/secure.gravatar.com\/avatar\/d109d485abe889ecc32dbdb971b715ad9d4596bd0e2353626451db3e04099822?s=96&d=mm&r=g","url":"https:\/\/secure.gravatar.com\/avatar\/d109d485abe889ecc32dbdb971b715ad9d4596bd0e2353626451db3e04099822?s=96&d=mm&r=g","contentUrl":"https:\/\/secure.gravatar.com\/avatar\/d109d485abe889ecc32dbdb971b715ad9d4596bd0e2353626451db3e04099822?s=96&d=mm&r=g","caption":"Pan_Admin"},"sameAs":["http:\/\/ludzieikrajobrazy.muzeumleszno.pl"],"url":"http:\/\/ludzieikrajobrazy.muzeumleszno.pl\/?author=1"}]}},"_links":{"self":[{"href":"http:\/\/ludzieikrajobrazy.muzeumleszno.pl\/index.php?rest_route=\/wp\/v2\/posts\/685","targetHints":{"allow":["GET"]}}],"collection":[{"href":"http:\/\/ludzieikrajobrazy.muzeumleszno.pl\/index.php?rest_route=\/wp\/v2\/posts"}],"about":[{"href":"http:\/\/ludzieikrajobrazy.muzeumleszno.pl\/index.php?rest_route=\/wp\/v2\/types\/post"}],"author":[{"embeddable":true,"href":"http:\/\/ludzieikrajobrazy.muzeumleszno.pl\/index.php?rest_route=\/wp\/v2\/users\/1"}],"replies":[{"embeddable":true,"href":"http:\/\/ludzieikrajobrazy.muzeumleszno.pl\/index.php?rest_route=%2Fwp%2Fv2%2Fcomments&post=685"}],"version-history":[{"count":2,"href":"http:\/\/ludzieikrajobrazy.muzeumleszno.pl\/index.php?rest_route=\/wp\/v2\/posts\/685\/revisions"}],"predecessor-version":[{"id":1299,"href":"http:\/\/ludzieikrajobrazy.muzeumleszno.pl\/index.php?rest_route=\/wp\/v2\/posts\/685\/revisions\/1299"}],"wp:featuredmedia":[{"embeddable":true,"href":"http:\/\/ludzieikrajobrazy.muzeumleszno.pl\/index.php?rest_route=\/wp\/v2\/media\/686"}],"wp:attachment":[{"href":"http:\/\/ludzieikrajobrazy.muzeumleszno.pl\/index.php?rest_route=%2Fwp%2Fv2%2Fmedia&parent=685"}],"wp:term":[{"taxonomy":"category","embeddable":true,"href":"http:\/\/ludzieikrajobrazy.muzeumleszno.pl\/index.php?rest_route=%2Fwp%2Fv2%2Fcategories&post=685"},{"taxonomy":"post_tag","embeddable":true,"href":"http:\/\/ludzieikrajobrazy.muzeumleszno.pl\/index.php?rest_route=%2Fwp%2Fv2%2Ftags&post=685"}],"curies":[{"name":"wp","href":"https:\/\/api.w.org\/{rel}","templated":true}]}}