{"id":688,"date":"2024-06-29T11:50:23","date_gmt":"2024-06-29T09:50:23","guid":{"rendered":"http:\/\/ludzieikrajobrazy.muzeumleszno.pl\/?p=688"},"modified":"2024-09-26T14:12:48","modified_gmt":"2024-09-26T12:12:48","slug":"rydzyna-kurkowe-bractwo-strzeleckie-okolo-1937-1938-roku","status":"publish","type":"post","link":"http:\/\/ludzieikrajobrazy.muzeumleszno.pl\/?p=688","title":{"rendered":"Rydzyna. Kurkowe Bractwo Strzeleckie, oko\u0142o 1937\u20131938 roku"},"content":{"rendered":"\n<p>Zgodnie z tradycj\u0105 bractw strzeleckich raz w roku organizuje si\u0119 strzelanie do tarczy o tytu\u0142 kr\u00f3la kurkowego. Zdobycie tego tytu\u0142u wi\u0105za\u0142o si\u0119 z r\u00f3\u017cnymi przywilejami, ale i obowi\u0105zkami.&nbsp; Przywilejem by\u0142o m.in. zwolnienie na ca\u0142y rok z podatk\u00f3w miejskich, a cz\u0119sto i krajowych. Do obowi\u0105zk\u00f3w zorganizowanie przyj\u0119cia dla braci i \u2013 je\u015bli tak stanowi\u0142 statut \u2013 zam\u00f3wienie w\u0142asnego portretu, kt\u00f3ry trafia\u0142 nast\u0119pnie do kolekcji prezentowanej w siedzibie Bractwa. Najwi\u0119kszy zbi\u00f3r portret\u00f3w kr\u00f3l\u00f3w kurkowych w Polsce posiada Muzeum Okr\u0119gowe w Lesznie.&nbsp;<\/p>\n\n\n\n<p>Budynek strzelnicy Bractwa Kurkowego w Rydzynie powsta\u0142 oko\u0142o 1767 roku, jako jedna z wielu, w wi\u0119kszo\u015bci nie zachowanych ju\u017c budowli. Inwestycja mia\u0142a zwi\u0105zek z pracami zleconymi przez Augusta Su\u0142kowskiego (1729\u20131786) i s\u0142u\u017cy\u0142a upi\u0119kszeniu otoczenia zamkowego. W porze letniej teren mi\u0119dzy strzelnic\u0105 i nowo za\u0142o\u017conym ogrodem warzywnym pe\u0142ni\u0142 rol\u0119 uje\u017cd\u017calni.&nbsp;<\/p>\n\n\n\n<p>W okresie dwudziestolecia mi\u0119dzywojennego wiele pami\u0105tkowych fotografii z udzia\u0142em cz\u0142onk\u00f3w Bractwa Strzeleckiego wykonywali na tle strzelnicy lub w jej s\u0105siedztwie. Sztandar na zdj\u0119ciu trzyma Wojciech Ratajczak (1879\u20131944).&nbsp;<\/p>\n\n\n\n<figure data-wp-context=\"{&quot;imageId&quot;:&quot;69f1cde164782&quot;}\" data-wp-interactive=\"core\/image\" data-wp-key=\"69f1cde164782\" class=\"wp-block-image size-full wp-lightbox-container\"><img fetchpriority=\"high\" decoding=\"async\" width=\"2560\" height=\"1650\" data-wp-class--hide=\"state.isContentHidden\" data-wp-class--show=\"state.isContentVisible\" data-wp-init=\"callbacks.setButtonStyles\" data-wp-on--click=\"actions.showLightbox\" data-wp-on--load=\"callbacks.setButtonStyles\" data-wp-on-window--resize=\"callbacks.setButtonStyles\" src=\"http:\/\/ludzieikrajobrazy.muzeumleszno.pl\/wp-content\/uploads\/2024\/07\/139_MLFa-325-scaled.jpg\" alt=\"Rydzyna. Kurkowe Bractwo Strzeleckie, oko\u0142o 1937\u20131938 roku\" class=\"wp-image-690\" srcset=\"http:\/\/ludzieikrajobrazy.muzeumleszno.pl\/wp-content\/uploads\/2024\/07\/139_MLFa-325-scaled.jpg 2560w, http:\/\/ludzieikrajobrazy.muzeumleszno.pl\/wp-content\/uploads\/2024\/07\/139_MLFa-325-1536x990.jpg 1536w, http:\/\/ludzieikrajobrazy.muzeumleszno.pl\/wp-content\/uploads\/2024\/07\/139_MLFa-325-2048x1320.jpg 2048w, http:\/\/ludzieikrajobrazy.muzeumleszno.pl\/wp-content\/uploads\/2024\/07\/139_MLFa-325-200x129.jpg 200w, http:\/\/ludzieikrajobrazy.muzeumleszno.pl\/wp-content\/uploads\/2024\/07\/139_MLFa-325-973x627.jpg 973w, http:\/\/ludzieikrajobrazy.muzeumleszno.pl\/wp-content\/uploads\/2024\/07\/139_MLFa-325-508x327.jpg 508w\" sizes=\"(max-width: 2560px) 100vw, 2560px\" \/><button\n\t\t\tclass=\"lightbox-trigger\"\n\t\t\ttype=\"button\"\n\t\t\taria-haspopup=\"dialog\"\n\t\t\taria-label=\"Powi\u0119ksz\"\n\t\t\tdata-wp-init=\"callbacks.initTriggerButton\"\n\t\t\tdata-wp-on--click=\"actions.showLightbox\"\n\t\t\tdata-wp-style--right=\"state.imageButtonRight\"\n\t\t\tdata-wp-style--top=\"state.imageButtonTop\"\n\t\t>\n\t\t\t<svg xmlns=\"http:\/\/www.w3.org\/2000\/svg\" width=\"12\" height=\"12\" fill=\"none\" viewBox=\"0 0 12 12\">\n\t\t\t\t<path fill=\"#fff\" d=\"M2 0a2 2 0 0 0-2 2v2h1.5V2a.5.5 0 0 1 .5-.5h2V0H2Zm2 10.5H2a.5.5 0 0 1-.5-.5V8H0v2a2 2 0 0 0 2 2h2v-1.5ZM8 12v-1.5h2a.5.5 0 0 0 .5-.5V8H12v2a2 2 0 0 1-2 2H8Zm2-12a2 2 0 0 1 2 2v2h-1.5V2a.5.5 0 0 0-.5-.5H8V0h2Z\" \/>\n\t\t\t<\/svg>\n\t\t<\/button><figcaption class=\"wp-element-caption\">Rydzyna. Kurkowe Bractwo Strzeleckie, oko\u0142o 1937\u20131938 roku, wys. 12,5 cm x szer. 17,5 cm; odbitka srebrowo-\u017celatynowa, papier fotograficzny, przed 1939 rokiem; Muzeum Okr\u0119gowe w Lesznie; MLFa325<\/figcaption><\/figure>\n\n\n\n<p class=\"has-small-font-size\">nr inw. MLFa 325<br>W zbiorach Muzeum Okr\u0119gowego w Lesznie od 1963 roku, dar<\/p>\n\n\n\n<p>D.Cz.<\/p>\n\n\n\n<figure class=\"wp-block-embed is-type-video is-provider-youtube wp-block-embed-youtube wp-embed-aspect-16-9 wp-has-aspect-ratio\"><div class=\"wp-block-embed__wrapper\">\n<iframe title=\"Rydzyna  Kurkowe Bractwo Strzeleckie, oko\u0142o 1937\u20131938 roku\" width=\"620\" height=\"349\" src=\"https:\/\/www.youtube.com\/embed\/ZHerBu3jLRU?feature=oembed\" frameborder=\"0\" allow=\"accelerometer; autoplay; clipboard-write; encrypted-media; gyroscope; picture-in-picture; web-share\" referrerpolicy=\"strict-origin-when-cross-origin\" allowfullscreen><\/iframe>\n<\/div><\/figure>\n","protected":false},"excerpt":{"rendered":"<p>Zgodnie z tradycj\u0105 bractw strzeleckich raz w roku organizuje si\u0119 strzelanie do tarczy o tytu\u0142 kr\u00f3la kurkowego. Zdobycie tego tytu\u0142u wi\u0105za\u0142o si\u0119 z r\u00f3\u017cnymi przywilejami, ale i obowi\u0105zkami.&nbsp;&#8230;<\/p>\n","protected":false},"author":1,"featured_media":690,"comment_status":"closed","ping_status":"closed","sticky":false,"template":"","format":"standard","meta":{"cybocfi_hide_featured_image":"yes","footnotes":""},"categories":[328],"tags":[459,1076,722,1032,736,201,247,209,407,207,1079,796,215,1072,1070,1078,482,1067,1066,1074,1068,1073,1071,129,1063,1062,731,212,1064,1077,250,788,168,1075,1065],"class_list":["post-688","post","type-post","status-publish","format-standard","has-post-thumbnail","hentry","category-rydzyna","tag-459","tag-august-sulkowski","tag-bron","tag-chlopiec","tag-drzewa","tag-fotografia-grupowa","tag-garnitur","tag-kapelusz","tag-krajobraz","tag-kurkowe-bractwo-strzeleckie","tag-mezczyzna","tag-mezczyzni","tag-miedzywojnie","tag-obowiazek","tag-obowiazki","tag-ogod","tag-park","tag-podatek-krajowy","tag-podatek-miejski","tag-portret","tag-przyjecie","tag-przywilej","tag-przywileje","tag-rydzyna","tag-strzelanie-do-tarczy","tag-strzelba","tag-strzelnica","tag-sztandar","tag-tytul-krola-kurkowego","tag-ujezdzalnia","tag-uroczystosc","tag-wojciech-ratajczak","tag-zamek","tag-zbior-portretow-krolow-kurkowych","tag-zwolnienie-z-podatkow"],"yoast_head":"<!-- This site is optimized with the Yoast SEO plugin v27.5 - https:\/\/yoast.com\/product\/yoast-seo-wordpress\/ -->\n<title>Rydzyna. Kurkowe Bractwo Strzeleckie, oko\u0142o 1937\u20131938 roku - Ludzie i krajobrazy. Powiat Leszczy\u0144ski w ikonografii<\/title>\n<meta name=\"robots\" content=\"index, follow, max-snippet:-1, max-image-preview:large, max-video-preview:-1\" \/>\n<link rel=\"canonical\" href=\"http:\/\/ludzieikrajobrazy.muzeumleszno.pl\/?p=688\" \/>\n<meta property=\"og:locale\" content=\"pl_PL\" \/>\n<meta property=\"og:type\" content=\"article\" \/>\n<meta property=\"og:title\" content=\"Rydzyna. Kurkowe Bractwo Strzeleckie, oko\u0142o 1937\u20131938 roku - Ludzie i krajobrazy. Powiat Leszczy\u0144ski w ikonografii\" \/>\n<meta property=\"og:description\" content=\"Zgodnie z tradycj\u0105 bractw strzeleckich raz w roku organizuje si\u0119 strzelanie do tarczy o tytu\u0142 kr\u00f3la kurkowego. Zdobycie tego tytu\u0142u wi\u0105za\u0142o si\u0119 z r\u00f3\u017cnymi przywilejami, ale i obowi\u0105zkami.&nbsp;...\" \/>\n<meta property=\"og:url\" content=\"http:\/\/ludzieikrajobrazy.muzeumleszno.pl\/?p=688\" \/>\n<meta property=\"og:site_name\" content=\"Ludzie i krajobrazy. Powiat Leszczy\u0144ski w ikonografii\" \/>\n<meta property=\"article:published_time\" content=\"2024-06-29T09:50:23+00:00\" \/>\n<meta property=\"article:modified_time\" content=\"2024-09-26T12:12:48+00:00\" \/>\n<meta property=\"og:image\" content=\"http:\/\/ludzieikrajobrazy.muzeumleszno.pl\/wp-content\/uploads\/2024\/07\/139_MLFa-325-scaled.jpg\" \/>\n\t<meta property=\"og:image:width\" content=\"2560\" \/>\n\t<meta property=\"og:image:height\" content=\"1650\" \/>\n\t<meta property=\"og:image:type\" content=\"image\/jpeg\" \/>\n<meta name=\"author\" content=\"Pan_Admin\" \/>\n<meta name=\"twitter:card\" content=\"summary_large_image\" \/>\n<meta name=\"twitter:label1\" content=\"Napisane przez\" \/>\n\t<meta name=\"twitter:data1\" content=\"Pan_Admin\" \/>\n\t<meta name=\"twitter:label2\" content=\"Szacowany czas czytania\" \/>\n\t<meta name=\"twitter:data2\" content=\"2 minuty\" \/>\n<script type=\"application\/ld+json\" class=\"yoast-schema-graph\">{\"@context\":\"https:\\\/\\\/schema.org\",\"@graph\":[{\"@type\":\"Article\",\"@id\":\"http:\\\/\\\/ludzieikrajobrazy.muzeumleszno.pl\\\/?p=688#article\",\"isPartOf\":{\"@id\":\"http:\\\/\\\/ludzieikrajobrazy.muzeumleszno.pl\\\/?p=688\"},\"author\":{\"name\":\"Pan_Admin\",\"@id\":\"https:\\\/\\\/ludzieikrajobrazy.muzeumleszno.pl\\\/#\\\/schema\\\/person\\\/fc2bc20e2b51efc3202ac1f0cdcd06c0\"},\"headline\":\"Rydzyna. Kurkowe Bractwo Strzeleckie, oko\u0142o 1937\u20131938 roku\",\"datePublished\":\"2024-06-29T09:50:23+00:00\",\"dateModified\":\"2024-09-26T12:12:48+00:00\",\"mainEntityOfPage\":{\"@id\":\"http:\\\/\\\/ludzieikrajobrazy.muzeumleszno.pl\\\/?p=688\"},\"wordCount\":254,\"image\":{\"@id\":\"http:\\\/\\\/ludzieikrajobrazy.muzeumleszno.pl\\\/?p=688#primaryimage\"},\"thumbnailUrl\":\"http:\\\/\\\/ludzieikrajobrazy.muzeumleszno.pl\\\/wp-content\\\/uploads\\\/2024\\\/07\\\/139_MLFa-325-scaled.jpg\",\"keywords\":[\"1937\",\"August Su\u0142kowski\",\"bro\u0144\",\"ch\u0142opiec\",\"drzewa\",\"fotografia grupowa\",\"garnitur\",\"kapelusz\",\"krajobraz\",\"Kurkowe Bractwo strzeleckie\",\"m\u0119\u017cczyzna\",\"m\u0119\u017cczy\u017ani\",\"mi\u0119dzywojnie\",\"obowi\u0105zek\",\"obowi\u0105zki\",\"og\u00f3d\",\"park\",\"podatek krajowy\",\"podatek miejski\",\"portret\",\"przyj\u0119cie\",\"przywilej\",\"przywileje\",\"Rydzyna\",\"strzelanie do tarczy\",\"strzelba\",\"strzelnica\",\"sztandar\",\"tytu\u0142 kr\u00f3la kurkowego\",\"uje\u017cd\u017calnia\",\"uroczysto\u015b\u0107\",\"Wojciech Ratajczak\",\"zamek\",\"zbi\u00f3r portret\u00f3w kr\u00f3l\u00f3w kurkowych\",\"zwolnienie z podatk\u00f3w\"],\"articleSection\":[\"Rydzyna\"],\"inLanguage\":\"pl-PL\"},{\"@type\":\"WebPage\",\"@id\":\"http:\\\/\\\/ludzieikrajobrazy.muzeumleszno.pl\\\/?p=688\",\"url\":\"http:\\\/\\\/ludzieikrajobrazy.muzeumleszno.pl\\\/?p=688\",\"name\":\"Rydzyna. Kurkowe Bractwo Strzeleckie, oko\u0142o 1937\u20131938 roku - Ludzie i krajobrazy. Powiat Leszczy\u0144ski w ikonografii\",\"isPartOf\":{\"@id\":\"https:\\\/\\\/ludzieikrajobrazy.muzeumleszno.pl\\\/#website\"},\"primaryImageOfPage\":{\"@id\":\"http:\\\/\\\/ludzieikrajobrazy.muzeumleszno.pl\\\/?p=688#primaryimage\"},\"image\":{\"@id\":\"http:\\\/\\\/ludzieikrajobrazy.muzeumleszno.pl\\\/?p=688#primaryimage\"},\"thumbnailUrl\":\"http:\\\/\\\/ludzieikrajobrazy.muzeumleszno.pl\\\/wp-content\\\/uploads\\\/2024\\\/07\\\/139_MLFa-325-scaled.jpg\",\"datePublished\":\"2024-06-29T09:50:23+00:00\",\"dateModified\":\"2024-09-26T12:12:48+00:00\",\"author\":{\"@id\":\"https:\\\/\\\/ludzieikrajobrazy.muzeumleszno.pl\\\/#\\\/schema\\\/person\\\/fc2bc20e2b51efc3202ac1f0cdcd06c0\"},\"breadcrumb\":{\"@id\":\"http:\\\/\\\/ludzieikrajobrazy.muzeumleszno.pl\\\/?p=688#breadcrumb\"},\"inLanguage\":\"pl-PL\",\"potentialAction\":[{\"@type\":\"ReadAction\",\"target\":[\"http:\\\/\\\/ludzieikrajobrazy.muzeumleszno.pl\\\/?p=688\"]}]},{\"@type\":\"BreadcrumbList\",\"@id\":\"http:\\\/\\\/ludzieikrajobrazy.muzeumleszno.pl\\\/?p=688#breadcrumb\",\"itemListElement\":[{\"@type\":\"ListItem\",\"position\":1,\"name\":\"Home\",\"item\":\"https:\\\/\\\/ludzieikrajobrazy.muzeumleszno.pl\\\/\"},{\"@type\":\"ListItem\",\"position\":2,\"name\":\"Rydzyna. Kurkowe Bractwo Strzeleckie, oko\u0142o 1937\u20131938 roku\"}]},{\"@type\":\"WebSite\",\"@id\":\"https:\\\/\\\/ludzieikrajobrazy.muzeumleszno.pl\\\/#website\",\"url\":\"https:\\\/\\\/ludzieikrajobrazy.muzeumleszno.pl\\\/\",\"name\":\"Ludzie i krajobrazy. Powiat Leszczy\u0144ski w ikonografii\",\"description\":\"Powiat Leszczy\u0144ski w ikonografii\",\"potentialAction\":[{\"@type\":\"SearchAction\",\"target\":{\"@type\":\"EntryPoint\",\"urlTemplate\":\"https:\\\/\\\/ludzieikrajobrazy.muzeumleszno.pl\\\/?s={search_term_string}\"},\"query-input\":{\"@type\":\"PropertyValueSpecification\",\"valueRequired\":true,\"valueName\":\"search_term_string\"}}],\"inLanguage\":\"pl-PL\"},{\"@type\":\"Person\",\"@id\":\"https:\\\/\\\/ludzieikrajobrazy.muzeumleszno.pl\\\/#\\\/schema\\\/person\\\/fc2bc20e2b51efc3202ac1f0cdcd06c0\",\"name\":\"Pan_Admin\",\"image\":{\"@type\":\"ImageObject\",\"inLanguage\":\"pl-PL\",\"@id\":\"https:\\\/\\\/secure.gravatar.com\\\/avatar\\\/d109d485abe889ecc32dbdb971b715ad9d4596bd0e2353626451db3e04099822?s=96&d=mm&r=g\",\"url\":\"https:\\\/\\\/secure.gravatar.com\\\/avatar\\\/d109d485abe889ecc32dbdb971b715ad9d4596bd0e2353626451db3e04099822?s=96&d=mm&r=g\",\"contentUrl\":\"https:\\\/\\\/secure.gravatar.com\\\/avatar\\\/d109d485abe889ecc32dbdb971b715ad9d4596bd0e2353626451db3e04099822?s=96&d=mm&r=g\",\"caption\":\"Pan_Admin\"},\"sameAs\":[\"http:\\\/\\\/ludzieikrajobrazy.muzeumleszno.pl\"],\"url\":\"http:\\\/\\\/ludzieikrajobrazy.muzeumleszno.pl\\\/?author=1\"}]}<\/script>\n<!-- \/ Yoast SEO plugin. -->","yoast_head_json":{"title":"Rydzyna. Kurkowe Bractwo Strzeleckie, oko\u0142o 1937\u20131938 roku - Ludzie i krajobrazy. Powiat Leszczy\u0144ski w ikonografii","robots":{"index":"index","follow":"follow","max-snippet":"max-snippet:-1","max-image-preview":"max-image-preview:large","max-video-preview":"max-video-preview:-1"},"canonical":"http:\/\/ludzieikrajobrazy.muzeumleszno.pl\/?p=688","og_locale":"pl_PL","og_type":"article","og_title":"Rydzyna. Kurkowe Bractwo Strzeleckie, oko\u0142o 1937\u20131938 roku - Ludzie i krajobrazy. Powiat Leszczy\u0144ski w ikonografii","og_description":"Zgodnie z tradycj\u0105 bractw strzeleckich raz w roku organizuje si\u0119 strzelanie do tarczy o tytu\u0142 kr\u00f3la kurkowego. Zdobycie tego tytu\u0142u wi\u0105za\u0142o si\u0119 z r\u00f3\u017cnymi przywilejami, ale i obowi\u0105zkami.&nbsp;...","og_url":"http:\/\/ludzieikrajobrazy.muzeumleszno.pl\/?p=688","og_site_name":"Ludzie i krajobrazy. Powiat Leszczy\u0144ski w ikonografii","article_published_time":"2024-06-29T09:50:23+00:00","article_modified_time":"2024-09-26T12:12:48+00:00","og_image":[{"width":2560,"height":1650,"url":"http:\/\/ludzieikrajobrazy.muzeumleszno.pl\/wp-content\/uploads\/2024\/07\/139_MLFa-325-scaled.jpg","type":"image\/jpeg"}],"author":"Pan_Admin","twitter_card":"summary_large_image","twitter_misc":{"Napisane przez":"Pan_Admin","Szacowany czas czytania":"2 minuty"},"schema":{"@context":"https:\/\/schema.org","@graph":[{"@type":"Article","@id":"http:\/\/ludzieikrajobrazy.muzeumleszno.pl\/?p=688#article","isPartOf":{"@id":"http:\/\/ludzieikrajobrazy.muzeumleszno.pl\/?p=688"},"author":{"name":"Pan_Admin","@id":"https:\/\/ludzieikrajobrazy.muzeumleszno.pl\/#\/schema\/person\/fc2bc20e2b51efc3202ac1f0cdcd06c0"},"headline":"Rydzyna. Kurkowe Bractwo Strzeleckie, oko\u0142o 1937\u20131938 roku","datePublished":"2024-06-29T09:50:23+00:00","dateModified":"2024-09-26T12:12:48+00:00","mainEntityOfPage":{"@id":"http:\/\/ludzieikrajobrazy.muzeumleszno.pl\/?p=688"},"wordCount":254,"image":{"@id":"http:\/\/ludzieikrajobrazy.muzeumleszno.pl\/?p=688#primaryimage"},"thumbnailUrl":"http:\/\/ludzieikrajobrazy.muzeumleszno.pl\/wp-content\/uploads\/2024\/07\/139_MLFa-325-scaled.jpg","keywords":["1937","August Su\u0142kowski","bro\u0144","ch\u0142opiec","drzewa","fotografia grupowa","garnitur","kapelusz","krajobraz","Kurkowe Bractwo strzeleckie","m\u0119\u017cczyzna","m\u0119\u017cczy\u017ani","mi\u0119dzywojnie","obowi\u0105zek","obowi\u0105zki","og\u00f3d","park","podatek krajowy","podatek miejski","portret","przyj\u0119cie","przywilej","przywileje","Rydzyna","strzelanie do tarczy","strzelba","strzelnica","sztandar","tytu\u0142 kr\u00f3la kurkowego","uje\u017cd\u017calnia","uroczysto\u015b\u0107","Wojciech Ratajczak","zamek","zbi\u00f3r portret\u00f3w kr\u00f3l\u00f3w kurkowych","zwolnienie z podatk\u00f3w"],"articleSection":["Rydzyna"],"inLanguage":"pl-PL"},{"@type":"WebPage","@id":"http:\/\/ludzieikrajobrazy.muzeumleszno.pl\/?p=688","url":"http:\/\/ludzieikrajobrazy.muzeumleszno.pl\/?p=688","name":"Rydzyna. Kurkowe Bractwo Strzeleckie, oko\u0142o 1937\u20131938 roku - Ludzie i krajobrazy. Powiat Leszczy\u0144ski w ikonografii","isPartOf":{"@id":"https:\/\/ludzieikrajobrazy.muzeumleszno.pl\/#website"},"primaryImageOfPage":{"@id":"http:\/\/ludzieikrajobrazy.muzeumleszno.pl\/?p=688#primaryimage"},"image":{"@id":"http:\/\/ludzieikrajobrazy.muzeumleszno.pl\/?p=688#primaryimage"},"thumbnailUrl":"http:\/\/ludzieikrajobrazy.muzeumleszno.pl\/wp-content\/uploads\/2024\/07\/139_MLFa-325-scaled.jpg","datePublished":"2024-06-29T09:50:23+00:00","dateModified":"2024-09-26T12:12:48+00:00","author":{"@id":"https:\/\/ludzieikrajobrazy.muzeumleszno.pl\/#\/schema\/person\/fc2bc20e2b51efc3202ac1f0cdcd06c0"},"breadcrumb":{"@id":"http:\/\/ludzieikrajobrazy.muzeumleszno.pl\/?p=688#breadcrumb"},"inLanguage":"pl-PL","potentialAction":[{"@type":"ReadAction","target":["http:\/\/ludzieikrajobrazy.muzeumleszno.pl\/?p=688"]}]},{"@type":"BreadcrumbList","@id":"http:\/\/ludzieikrajobrazy.muzeumleszno.pl\/?p=688#breadcrumb","itemListElement":[{"@type":"ListItem","position":1,"name":"Home","item":"https:\/\/ludzieikrajobrazy.muzeumleszno.pl\/"},{"@type":"ListItem","position":2,"name":"Rydzyna. Kurkowe Bractwo Strzeleckie, oko\u0142o 1937\u20131938 roku"}]},{"@type":"WebSite","@id":"https:\/\/ludzieikrajobrazy.muzeumleszno.pl\/#website","url":"https:\/\/ludzieikrajobrazy.muzeumleszno.pl\/","name":"Ludzie i krajobrazy. Powiat Leszczy\u0144ski w ikonografii","description":"Powiat Leszczy\u0144ski w ikonografii","potentialAction":[{"@type":"SearchAction","target":{"@type":"EntryPoint","urlTemplate":"https:\/\/ludzieikrajobrazy.muzeumleszno.pl\/?s={search_term_string}"},"query-input":{"@type":"PropertyValueSpecification","valueRequired":true,"valueName":"search_term_string"}}],"inLanguage":"pl-PL"},{"@type":"Person","@id":"https:\/\/ludzieikrajobrazy.muzeumleszno.pl\/#\/schema\/person\/fc2bc20e2b51efc3202ac1f0cdcd06c0","name":"Pan_Admin","image":{"@type":"ImageObject","inLanguage":"pl-PL","@id":"https:\/\/secure.gravatar.com\/avatar\/d109d485abe889ecc32dbdb971b715ad9d4596bd0e2353626451db3e04099822?s=96&d=mm&r=g","url":"https:\/\/secure.gravatar.com\/avatar\/d109d485abe889ecc32dbdb971b715ad9d4596bd0e2353626451db3e04099822?s=96&d=mm&r=g","contentUrl":"https:\/\/secure.gravatar.com\/avatar\/d109d485abe889ecc32dbdb971b715ad9d4596bd0e2353626451db3e04099822?s=96&d=mm&r=g","caption":"Pan_Admin"},"sameAs":["http:\/\/ludzieikrajobrazy.muzeumleszno.pl"],"url":"http:\/\/ludzieikrajobrazy.muzeumleszno.pl\/?author=1"}]}},"_links":{"self":[{"href":"http:\/\/ludzieikrajobrazy.muzeumleszno.pl\/index.php?rest_route=\/wp\/v2\/posts\/688","targetHints":{"allow":["GET"]}}],"collection":[{"href":"http:\/\/ludzieikrajobrazy.muzeumleszno.pl\/index.php?rest_route=\/wp\/v2\/posts"}],"about":[{"href":"http:\/\/ludzieikrajobrazy.muzeumleszno.pl\/index.php?rest_route=\/wp\/v2\/types\/post"}],"author":[{"embeddable":true,"href":"http:\/\/ludzieikrajobrazy.muzeumleszno.pl\/index.php?rest_route=\/wp\/v2\/users\/1"}],"replies":[{"embeddable":true,"href":"http:\/\/ludzieikrajobrazy.muzeumleszno.pl\/index.php?rest_route=%2Fwp%2Fv2%2Fcomments&post=688"}],"version-history":[{"count":2,"href":"http:\/\/ludzieikrajobrazy.muzeumleszno.pl\/index.php?rest_route=\/wp\/v2\/posts\/688\/revisions"}],"predecessor-version":[{"id":1300,"href":"http:\/\/ludzieikrajobrazy.muzeumleszno.pl\/index.php?rest_route=\/wp\/v2\/posts\/688\/revisions\/1300"}],"wp:featuredmedia":[{"embeddable":true,"href":"http:\/\/ludzieikrajobrazy.muzeumleszno.pl\/index.php?rest_route=\/wp\/v2\/media\/690"}],"wp:attachment":[{"href":"http:\/\/ludzieikrajobrazy.muzeumleszno.pl\/index.php?rest_route=%2Fwp%2Fv2%2Fmedia&parent=688"}],"wp:term":[{"taxonomy":"category","embeddable":true,"href":"http:\/\/ludzieikrajobrazy.muzeumleszno.pl\/index.php?rest_route=%2Fwp%2Fv2%2Fcategories&post=688"},{"taxonomy":"post_tag","embeddable":true,"href":"http:\/\/ludzieikrajobrazy.muzeumleszno.pl\/index.php?rest_route=%2Fwp%2Fv2%2Ftags&post=688"}],"curies":[{"name":"wp","href":"https:\/\/api.w.org\/{rel}","templated":true}]}}