{"id":692,"date":"2024-06-29T11:49:34","date_gmt":"2024-06-29T09:49:34","guid":{"rendered":"http:\/\/ludzieikrajobrazy.muzeumleszno.pl\/?p=692"},"modified":"2024-09-26T14:02:32","modified_gmt":"2024-09-26T12:02:32","slug":"rydzyna-krol-kurkowy-1937-rok-fot-stanislaw-falkiewicz","status":"publish","type":"post","link":"http:\/\/ludzieikrajobrazy.muzeumleszno.pl\/?p=692","title":{"rendered":"Rydzyna. Kr\u00f3l kurkowy, 1937 rok, fot. Stanis\u0142aw Falkiewicz"},"content":{"rendered":"\n<p>Portret zbiorowy trzech zwyci\u0119zc\u00f3w zawod\u00f3w strzeleckich o tytu\u0142 kr\u00f3la kurkowego w Rydzynie w 1937 roku. Wszyscy m\u0119\u017cczy\u017ani ubrani s\u0105 w galowe stroje organizacyjne. Zgodnie ze statutem podczas strzela\u0144 kr\u00f3lewskich uczestnicy zobowi\u0105zani byli do posiadania od\u015bwi\u0119tnego ubioru. Wszystkie strzelania odbywa\u0142y si\u0119 w postawie stoj\u0105cej z wolnej r\u0119ki. Karabinu nie mo\u017cna by\u0142o przytrzymywa\u0107 przez kurtk\u0119 i stosowa\u0107 r\u0119kawic, pasa lub innych zaczep\u00f3w maj\u0105cych na celu zwi\u0119kszenie sztywno\u015bci broni i strzelca. \u0141okie\u0107 i ramie r\u0119ki podtrzymuj\u0105cej karabin mo\u017cna by\u0142o oprze\u0107 o klatk\u0119 piersiow\u0105 lub biodro. Wygrywa\u0142 uczestnik, kt\u00f3rego pocisk trafi\u0142 najbli\u017cej celu.&nbsp;<\/p>\n\n\n\n<p>W \u015brodku siedzi kr\u00f3l kurkowy Leon Riedel, rze\u017anik i prezes Ochotniczej Stra\u017cy Po\u017carnej w Rydzynie. Na jego szyi wisi \u0142a\u0144cuch kr\u00f3lewski z licznymi medalami i przywieszkami, fundowanymi przez kolejnych zwyci\u0119zc\u00f3w. Po bokach stoj\u0105 p. Szeibe i Franciszek Filipiak \u2013 zdobywcy tytu\u0142\u00f3w I i II rycerza. Obaj maj\u0105 na piersiach medaliony ofiarowane Bractwu przez kr\u00f3la Prus.&nbsp;<\/p>\n\n\n\n<figure data-wp-context=\"{&quot;imageId&quot;:&quot;69f1d2f2874da&quot;}\" data-wp-interactive=\"core\/image\" data-wp-key=\"69f1d2f2874da\" class=\"wp-block-image size-full wp-lightbox-container\"><img fetchpriority=\"high\" decoding=\"async\" width=\"1320\" height=\"2000\" data-wp-class--hide=\"state.isContentHidden\" data-wp-class--show=\"state.isContentVisible\" data-wp-init=\"callbacks.setButtonStyles\" data-wp-on--click=\"actions.showLightbox\" data-wp-on--load=\"callbacks.setButtonStyles\" data-wp-on-window--resize=\"callbacks.setButtonStyles\" src=\"http:\/\/ludzieikrajobrazy.muzeumleszno.pl\/wp-content\/uploads\/2024\/07\/140_MLFa-327.jpg\" alt=\"Rydzyna. Kr\u00f3l kurkowy, 1937 rok, fot. Stanis\u0142aw Falkiewicz\" class=\"wp-image-693\" srcset=\"http:\/\/ludzieikrajobrazy.muzeumleszno.pl\/wp-content\/uploads\/2024\/07\/140_MLFa-327.jpg 1320w, http:\/\/ludzieikrajobrazy.muzeumleszno.pl\/wp-content\/uploads\/2024\/07\/140_MLFa-327-1014x1536.jpg 1014w, http:\/\/ludzieikrajobrazy.muzeumleszno.pl\/wp-content\/uploads\/2024\/07\/140_MLFa-327-200x303.jpg 200w, http:\/\/ludzieikrajobrazy.muzeumleszno.pl\/wp-content\/uploads\/2024\/07\/140_MLFa-327-973x1474.jpg 973w, http:\/\/ludzieikrajobrazy.muzeumleszno.pl\/wp-content\/uploads\/2024\/07\/140_MLFa-327-508x770.jpg 508w\" sizes=\"(max-width: 1320px) 100vw, 1320px\" \/><button\n\t\t\tclass=\"lightbox-trigger\"\n\t\t\ttype=\"button\"\n\t\t\taria-haspopup=\"dialog\"\n\t\t\taria-label=\"Powi\u0119ksz\"\n\t\t\tdata-wp-init=\"callbacks.initTriggerButton\"\n\t\t\tdata-wp-on--click=\"actions.showLightbox\"\n\t\t\tdata-wp-style--right=\"state.imageButtonRight\"\n\t\t\tdata-wp-style--top=\"state.imageButtonTop\"\n\t\t>\n\t\t\t<svg xmlns=\"http:\/\/www.w3.org\/2000\/svg\" width=\"12\" height=\"12\" fill=\"none\" viewBox=\"0 0 12 12\">\n\t\t\t\t<path fill=\"#fff\" d=\"M2 0a2 2 0 0 0-2 2v2h1.5V2a.5.5 0 0 1 .5-.5h2V0H2Zm2 10.5H2a.5.5 0 0 1-.5-.5V8H0v2a2 2 0 0 0 2 2h2v-1.5ZM8 12v-1.5h2a.5.5 0 0 0 .5-.5V8H12v2a2 2 0 0 1-2 2H8Zm2-12a2 2 0 0 1 2 2v2h-1.5V2a.5.5 0 0 0-.5-.5H8V0h2Z\" \/>\n\t\t\t<\/svg>\n\t\t<\/button><figcaption class=\"wp-element-caption\">Rydzyna. Kr\u00f3l kurkowy, 1937 rok, fot. Stanis\u0142aw Falkiewicz, wys. 17,5 cm x szer. 12,5 cm; odbitka srebrowo-\u017celatynowa, papier fotograficzny, przed 1939 rokiem; Muzeum Okr\u0119gowe w Lesznie; MLFa327<\/figcaption><\/figure>\n\n\n\n<p class=\"has-small-font-size\">nr inw. MLFa 327<br>W zbiorach Muzeum Okr\u0119gowego w Lesznie od 1963 roku, dar<\/p>\n\n\n\n<p>D.Cz.<\/p>\n\n\n\n<figure class=\"wp-block-embed is-type-video is-provider-youtube wp-block-embed-youtube wp-embed-aspect-16-9 wp-has-aspect-ratio\"><div class=\"wp-block-embed__wrapper\">\n<iframe title=\"Rydzyna  Kr\u00f3l kurkowy, 1937 rok, fot  Stanis\u0142aw Falkiewicz\" width=\"620\" height=\"349\" src=\"https:\/\/www.youtube.com\/embed\/p7dC-FQJ0Uc?feature=oembed\" frameborder=\"0\" allow=\"accelerometer; autoplay; clipboard-write; encrypted-media; gyroscope; picture-in-picture; web-share\" referrerpolicy=\"strict-origin-when-cross-origin\" allowfullscreen><\/iframe>\n<\/div><\/figure>\n","protected":false},"excerpt":{"rendered":"<p>Portret zbiorowy trzech zwyci\u0119zc\u00f3w zawod\u00f3w strzeleckich o tytu\u0142 kr\u00f3la kurkowego w Rydzynie w 1937 roku. Wszyscy m\u0119\u017cczy\u017ani ubrani s\u0105 w galowe stroje organizacyjne. Zgodnie ze statutem podczas strzela\u0144&#8230;<\/p>\n","protected":false},"author":1,"featured_media":693,"comment_status":"closed","ping_status":"closed","sticky":false,"template":"","format":"standard","meta":{"cybocfi_hide_featured_image":"yes","footnotes":""},"categories":[328],"tags":[459,722,335,735,1082,209,1086,233,1099,1091,1089,1092,1098,1079,796,1085,1090,1083,1094,1080,1093,129,763,1095,1096,1097,1088,1087,1084,1081],"class_list":["post-692","post","type-post","status-publish","format-standard","has-post-thumbnail","hentry","category-rydzyna","tag-459","tag-bron","tag-fotografia-inscenizowana","tag-franciszek-filipiak","tag-galowy-stroj-organizacyjny","tag-kapelusz","tag-karabin","tag-krol-kurkowy","tag-krol-prus","tag-lancuch-krolewski","tag-leon-riedel","tag-medal","tag-medalion","tag-mezczyzna","tag-mezczyzni","tag-na-stojaco","tag-ochotnicza-straz-pozarna","tag-odswietny-ubior","tag-pan-szeibe","tag-portret-zbiorowy","tag-przywieszka","tag-rydzyna","tag-stanislaw-falkiewicz","tag-tytul","tag-tytul-i-rycerza","tag-tytul-ii-rycerza","tag-uczestnicy","tag-uczestnik","tag-z-wolnej-reki","tag-zawody-strzeleckie"],"yoast_head":"<!-- This site is optimized with the Yoast SEO plugin v27.5 - https:\/\/yoast.com\/product\/yoast-seo-wordpress\/ -->\n<title>Rydzyna. Kr\u00f3l kurkowy, 1937 rok, fot. Stanis\u0142aw Falkiewicz - Ludzie i krajobrazy. Powiat Leszczy\u0144ski w ikonografii<\/title>\n<meta name=\"robots\" content=\"index, follow, max-snippet:-1, max-image-preview:large, max-video-preview:-1\" \/>\n<link rel=\"canonical\" href=\"http:\/\/ludzieikrajobrazy.muzeumleszno.pl\/?p=692\" \/>\n<meta property=\"og:locale\" content=\"pl_PL\" \/>\n<meta property=\"og:type\" content=\"article\" \/>\n<meta property=\"og:title\" content=\"Rydzyna. Kr\u00f3l kurkowy, 1937 rok, fot. Stanis\u0142aw Falkiewicz - Ludzie i krajobrazy. Powiat Leszczy\u0144ski w ikonografii\" \/>\n<meta property=\"og:description\" content=\"Portret zbiorowy trzech zwyci\u0119zc\u00f3w zawod\u00f3w strzeleckich o tytu\u0142 kr\u00f3la kurkowego w Rydzynie w 1937 roku. Wszyscy m\u0119\u017cczy\u017ani ubrani s\u0105 w galowe stroje organizacyjne. Zgodnie ze statutem podczas strzela\u0144...\" \/>\n<meta property=\"og:url\" content=\"http:\/\/ludzieikrajobrazy.muzeumleszno.pl\/?p=692\" \/>\n<meta property=\"og:site_name\" content=\"Ludzie i krajobrazy. Powiat Leszczy\u0144ski w ikonografii\" \/>\n<meta property=\"article:published_time\" content=\"2024-06-29T09:49:34+00:00\" \/>\n<meta property=\"article:modified_time\" content=\"2024-09-26T12:02:32+00:00\" \/>\n<meta property=\"og:image\" content=\"http:\/\/ludzieikrajobrazy.muzeumleszno.pl\/wp-content\/uploads\/2024\/07\/140_MLFa-327.jpg\" \/>\n\t<meta property=\"og:image:width\" content=\"1320\" \/>\n\t<meta property=\"og:image:height\" content=\"2000\" \/>\n\t<meta property=\"og:image:type\" content=\"image\/jpeg\" \/>\n<meta name=\"author\" content=\"Pan_Admin\" \/>\n<meta name=\"twitter:card\" content=\"summary_large_image\" \/>\n<meta name=\"twitter:label1\" content=\"Napisane przez\" \/>\n\t<meta name=\"twitter:data1\" content=\"Pan_Admin\" \/>\n\t<meta name=\"twitter:label2\" content=\"Szacowany czas czytania\" \/>\n\t<meta name=\"twitter:data2\" content=\"2 minuty\" \/>\n<script type=\"application\/ld+json\" class=\"yoast-schema-graph\">{\"@context\":\"https:\\\/\\\/schema.org\",\"@graph\":[{\"@type\":\"Article\",\"@id\":\"http:\\\/\\\/ludzieikrajobrazy.muzeumleszno.pl\\\/?p=692#article\",\"isPartOf\":{\"@id\":\"http:\\\/\\\/ludzieikrajobrazy.muzeumleszno.pl\\\/?p=692\"},\"author\":{\"name\":\"Pan_Admin\",\"@id\":\"https:\\\/\\\/ludzieikrajobrazy.muzeumleszno.pl\\\/#\\\/schema\\\/person\\\/fc2bc20e2b51efc3202ac1f0cdcd06c0\"},\"headline\":\"Rydzyna. Kr\u00f3l kurkowy, 1937 rok, fot. Stanis\u0142aw Falkiewicz\",\"datePublished\":\"2024-06-29T09:49:34+00:00\",\"dateModified\":\"2024-09-26T12:02:32+00:00\",\"mainEntityOfPage\":{\"@id\":\"http:\\\/\\\/ludzieikrajobrazy.muzeumleszno.pl\\\/?p=692\"},\"wordCount\":237,\"image\":{\"@id\":\"http:\\\/\\\/ludzieikrajobrazy.muzeumleszno.pl\\\/?p=692#primaryimage\"},\"thumbnailUrl\":\"http:\\\/\\\/ludzieikrajobrazy.muzeumleszno.pl\\\/wp-content\\\/uploads\\\/2024\\\/07\\\/140_MLFa-327.jpg\",\"keywords\":[\"1937\",\"bro\u0144\",\"fotografia inscenizowana\",\"Franciszek Filipiak\",\"galowy str\u00f3j organizacyjny\",\"kapelusz\",\"karabin\",\"kr\u00f3l kurkowy\",\"kr\u00f3l Prus\",\"\u0142a\u0144cuch kr\u00f3lewski\",\"Leon Riedel\",\"medal\",\"medalion\",\"m\u0119\u017cczyzna\",\"m\u0119\u017cczy\u017ani\",\"na stoj\u0105co\",\"Ochotnicza Stra\u017c Po\u017carna\",\"od\u015bwi\u0119tny ubi\u00f3r\",\"pan Szeibe\",\"portret zbiorowy\",\"przywieszka\",\"Rydzyna\",\"Stanis\u0142aw Falkiewicz\",\"tytu\u0142\",\"tytu\u0142 I rycerza\",\"tytu\u0142 II rycerza\",\"uczestnicy\",\"uczestnik\",\"z wolnej r\u0119ki\",\"zawody strzeleckie\"],\"articleSection\":[\"Rydzyna\"],\"inLanguage\":\"pl-PL\"},{\"@type\":\"WebPage\",\"@id\":\"http:\\\/\\\/ludzieikrajobrazy.muzeumleszno.pl\\\/?p=692\",\"url\":\"http:\\\/\\\/ludzieikrajobrazy.muzeumleszno.pl\\\/?p=692\",\"name\":\"Rydzyna. Kr\u00f3l kurkowy, 1937 rok, fot. Stanis\u0142aw Falkiewicz - Ludzie i krajobrazy. Powiat Leszczy\u0144ski w ikonografii\",\"isPartOf\":{\"@id\":\"https:\\\/\\\/ludzieikrajobrazy.muzeumleszno.pl\\\/#website\"},\"primaryImageOfPage\":{\"@id\":\"http:\\\/\\\/ludzieikrajobrazy.muzeumleszno.pl\\\/?p=692#primaryimage\"},\"image\":{\"@id\":\"http:\\\/\\\/ludzieikrajobrazy.muzeumleszno.pl\\\/?p=692#primaryimage\"},\"thumbnailUrl\":\"http:\\\/\\\/ludzieikrajobrazy.muzeumleszno.pl\\\/wp-content\\\/uploads\\\/2024\\\/07\\\/140_MLFa-327.jpg\",\"datePublished\":\"2024-06-29T09:49:34+00:00\",\"dateModified\":\"2024-09-26T12:02:32+00:00\",\"author\":{\"@id\":\"https:\\\/\\\/ludzieikrajobrazy.muzeumleszno.pl\\\/#\\\/schema\\\/person\\\/fc2bc20e2b51efc3202ac1f0cdcd06c0\"},\"breadcrumb\":{\"@id\":\"http:\\\/\\\/ludzieikrajobrazy.muzeumleszno.pl\\\/?p=692#breadcrumb\"},\"inLanguage\":\"pl-PL\",\"potentialAction\":[{\"@type\":\"ReadAction\",\"target\":[\"http:\\\/\\\/ludzieikrajobrazy.muzeumleszno.pl\\\/?p=692\"]}]},{\"@type\":\"BreadcrumbList\",\"@id\":\"http:\\\/\\\/ludzieikrajobrazy.muzeumleszno.pl\\\/?p=692#breadcrumb\",\"itemListElement\":[{\"@type\":\"ListItem\",\"position\":1,\"name\":\"Home\",\"item\":\"https:\\\/\\\/ludzieikrajobrazy.muzeumleszno.pl\\\/\"},{\"@type\":\"ListItem\",\"position\":2,\"name\":\"Rydzyna. Kr\u00f3l kurkowy, 1937 rok, fot. Stanis\u0142aw Falkiewicz\"}]},{\"@type\":\"WebSite\",\"@id\":\"https:\\\/\\\/ludzieikrajobrazy.muzeumleszno.pl\\\/#website\",\"url\":\"https:\\\/\\\/ludzieikrajobrazy.muzeumleszno.pl\\\/\",\"name\":\"Ludzie i krajobrazy. Powiat Leszczy\u0144ski w ikonografii\",\"description\":\"Powiat Leszczy\u0144ski w ikonografii\",\"potentialAction\":[{\"@type\":\"SearchAction\",\"target\":{\"@type\":\"EntryPoint\",\"urlTemplate\":\"https:\\\/\\\/ludzieikrajobrazy.muzeumleszno.pl\\\/?s={search_term_string}\"},\"query-input\":{\"@type\":\"PropertyValueSpecification\",\"valueRequired\":true,\"valueName\":\"search_term_string\"}}],\"inLanguage\":\"pl-PL\"},{\"@type\":\"Person\",\"@id\":\"https:\\\/\\\/ludzieikrajobrazy.muzeumleszno.pl\\\/#\\\/schema\\\/person\\\/fc2bc20e2b51efc3202ac1f0cdcd06c0\",\"name\":\"Pan_Admin\",\"image\":{\"@type\":\"ImageObject\",\"inLanguage\":\"pl-PL\",\"@id\":\"https:\\\/\\\/secure.gravatar.com\\\/avatar\\\/d109d485abe889ecc32dbdb971b715ad9d4596bd0e2353626451db3e04099822?s=96&d=mm&r=g\",\"url\":\"https:\\\/\\\/secure.gravatar.com\\\/avatar\\\/d109d485abe889ecc32dbdb971b715ad9d4596bd0e2353626451db3e04099822?s=96&d=mm&r=g\",\"contentUrl\":\"https:\\\/\\\/secure.gravatar.com\\\/avatar\\\/d109d485abe889ecc32dbdb971b715ad9d4596bd0e2353626451db3e04099822?s=96&d=mm&r=g\",\"caption\":\"Pan_Admin\"},\"sameAs\":[\"http:\\\/\\\/ludzieikrajobrazy.muzeumleszno.pl\"],\"url\":\"http:\\\/\\\/ludzieikrajobrazy.muzeumleszno.pl\\\/?author=1\"}]}<\/script>\n<!-- \/ Yoast SEO plugin. -->","yoast_head_json":{"title":"Rydzyna. Kr\u00f3l kurkowy, 1937 rok, fot. Stanis\u0142aw Falkiewicz - Ludzie i krajobrazy. Powiat Leszczy\u0144ski w ikonografii","robots":{"index":"index","follow":"follow","max-snippet":"max-snippet:-1","max-image-preview":"max-image-preview:large","max-video-preview":"max-video-preview:-1"},"canonical":"http:\/\/ludzieikrajobrazy.muzeumleszno.pl\/?p=692","og_locale":"pl_PL","og_type":"article","og_title":"Rydzyna. Kr\u00f3l kurkowy, 1937 rok, fot. Stanis\u0142aw Falkiewicz - Ludzie i krajobrazy. Powiat Leszczy\u0144ski w ikonografii","og_description":"Portret zbiorowy trzech zwyci\u0119zc\u00f3w zawod\u00f3w strzeleckich o tytu\u0142 kr\u00f3la kurkowego w Rydzynie w 1937 roku. Wszyscy m\u0119\u017cczy\u017ani ubrani s\u0105 w galowe stroje organizacyjne. Zgodnie ze statutem podczas strzela\u0144...","og_url":"http:\/\/ludzieikrajobrazy.muzeumleszno.pl\/?p=692","og_site_name":"Ludzie i krajobrazy. Powiat Leszczy\u0144ski w ikonografii","article_published_time":"2024-06-29T09:49:34+00:00","article_modified_time":"2024-09-26T12:02:32+00:00","og_image":[{"width":1320,"height":2000,"url":"http:\/\/ludzieikrajobrazy.muzeumleszno.pl\/wp-content\/uploads\/2024\/07\/140_MLFa-327.jpg","type":"image\/jpeg"}],"author":"Pan_Admin","twitter_card":"summary_large_image","twitter_misc":{"Napisane przez":"Pan_Admin","Szacowany czas czytania":"2 minuty"},"schema":{"@context":"https:\/\/schema.org","@graph":[{"@type":"Article","@id":"http:\/\/ludzieikrajobrazy.muzeumleszno.pl\/?p=692#article","isPartOf":{"@id":"http:\/\/ludzieikrajobrazy.muzeumleszno.pl\/?p=692"},"author":{"name":"Pan_Admin","@id":"https:\/\/ludzieikrajobrazy.muzeumleszno.pl\/#\/schema\/person\/fc2bc20e2b51efc3202ac1f0cdcd06c0"},"headline":"Rydzyna. Kr\u00f3l kurkowy, 1937 rok, fot. Stanis\u0142aw Falkiewicz","datePublished":"2024-06-29T09:49:34+00:00","dateModified":"2024-09-26T12:02:32+00:00","mainEntityOfPage":{"@id":"http:\/\/ludzieikrajobrazy.muzeumleszno.pl\/?p=692"},"wordCount":237,"image":{"@id":"http:\/\/ludzieikrajobrazy.muzeumleszno.pl\/?p=692#primaryimage"},"thumbnailUrl":"http:\/\/ludzieikrajobrazy.muzeumleszno.pl\/wp-content\/uploads\/2024\/07\/140_MLFa-327.jpg","keywords":["1937","bro\u0144","fotografia inscenizowana","Franciszek Filipiak","galowy str\u00f3j organizacyjny","kapelusz","karabin","kr\u00f3l kurkowy","kr\u00f3l Prus","\u0142a\u0144cuch kr\u00f3lewski","Leon Riedel","medal","medalion","m\u0119\u017cczyzna","m\u0119\u017cczy\u017ani","na stoj\u0105co","Ochotnicza Stra\u017c Po\u017carna","od\u015bwi\u0119tny ubi\u00f3r","pan Szeibe","portret zbiorowy","przywieszka","Rydzyna","Stanis\u0142aw Falkiewicz","tytu\u0142","tytu\u0142 I rycerza","tytu\u0142 II rycerza","uczestnicy","uczestnik","z wolnej r\u0119ki","zawody strzeleckie"],"articleSection":["Rydzyna"],"inLanguage":"pl-PL"},{"@type":"WebPage","@id":"http:\/\/ludzieikrajobrazy.muzeumleszno.pl\/?p=692","url":"http:\/\/ludzieikrajobrazy.muzeumleszno.pl\/?p=692","name":"Rydzyna. Kr\u00f3l kurkowy, 1937 rok, fot. Stanis\u0142aw Falkiewicz - Ludzie i krajobrazy. Powiat Leszczy\u0144ski w ikonografii","isPartOf":{"@id":"https:\/\/ludzieikrajobrazy.muzeumleszno.pl\/#website"},"primaryImageOfPage":{"@id":"http:\/\/ludzieikrajobrazy.muzeumleszno.pl\/?p=692#primaryimage"},"image":{"@id":"http:\/\/ludzieikrajobrazy.muzeumleszno.pl\/?p=692#primaryimage"},"thumbnailUrl":"http:\/\/ludzieikrajobrazy.muzeumleszno.pl\/wp-content\/uploads\/2024\/07\/140_MLFa-327.jpg","datePublished":"2024-06-29T09:49:34+00:00","dateModified":"2024-09-26T12:02:32+00:00","author":{"@id":"https:\/\/ludzieikrajobrazy.muzeumleszno.pl\/#\/schema\/person\/fc2bc20e2b51efc3202ac1f0cdcd06c0"},"breadcrumb":{"@id":"http:\/\/ludzieikrajobrazy.muzeumleszno.pl\/?p=692#breadcrumb"},"inLanguage":"pl-PL","potentialAction":[{"@type":"ReadAction","target":["http:\/\/ludzieikrajobrazy.muzeumleszno.pl\/?p=692"]}]},{"@type":"BreadcrumbList","@id":"http:\/\/ludzieikrajobrazy.muzeumleszno.pl\/?p=692#breadcrumb","itemListElement":[{"@type":"ListItem","position":1,"name":"Home","item":"https:\/\/ludzieikrajobrazy.muzeumleszno.pl\/"},{"@type":"ListItem","position":2,"name":"Rydzyna. Kr\u00f3l kurkowy, 1937 rok, fot. Stanis\u0142aw Falkiewicz"}]},{"@type":"WebSite","@id":"https:\/\/ludzieikrajobrazy.muzeumleszno.pl\/#website","url":"https:\/\/ludzieikrajobrazy.muzeumleszno.pl\/","name":"Ludzie i krajobrazy. Powiat Leszczy\u0144ski w ikonografii","description":"Powiat Leszczy\u0144ski w ikonografii","potentialAction":[{"@type":"SearchAction","target":{"@type":"EntryPoint","urlTemplate":"https:\/\/ludzieikrajobrazy.muzeumleszno.pl\/?s={search_term_string}"},"query-input":{"@type":"PropertyValueSpecification","valueRequired":true,"valueName":"search_term_string"}}],"inLanguage":"pl-PL"},{"@type":"Person","@id":"https:\/\/ludzieikrajobrazy.muzeumleszno.pl\/#\/schema\/person\/fc2bc20e2b51efc3202ac1f0cdcd06c0","name":"Pan_Admin","image":{"@type":"ImageObject","inLanguage":"pl-PL","@id":"https:\/\/secure.gravatar.com\/avatar\/d109d485abe889ecc32dbdb971b715ad9d4596bd0e2353626451db3e04099822?s=96&d=mm&r=g","url":"https:\/\/secure.gravatar.com\/avatar\/d109d485abe889ecc32dbdb971b715ad9d4596bd0e2353626451db3e04099822?s=96&d=mm&r=g","contentUrl":"https:\/\/secure.gravatar.com\/avatar\/d109d485abe889ecc32dbdb971b715ad9d4596bd0e2353626451db3e04099822?s=96&d=mm&r=g","caption":"Pan_Admin"},"sameAs":["http:\/\/ludzieikrajobrazy.muzeumleszno.pl"],"url":"http:\/\/ludzieikrajobrazy.muzeumleszno.pl\/?author=1"}]}},"_links":{"self":[{"href":"http:\/\/ludzieikrajobrazy.muzeumleszno.pl\/index.php?rest_route=\/wp\/v2\/posts\/692","targetHints":{"allow":["GET"]}}],"collection":[{"href":"http:\/\/ludzieikrajobrazy.muzeumleszno.pl\/index.php?rest_route=\/wp\/v2\/posts"}],"about":[{"href":"http:\/\/ludzieikrajobrazy.muzeumleszno.pl\/index.php?rest_route=\/wp\/v2\/types\/post"}],"author":[{"embeddable":true,"href":"http:\/\/ludzieikrajobrazy.muzeumleszno.pl\/index.php?rest_route=\/wp\/v2\/users\/1"}],"replies":[{"embeddable":true,"href":"http:\/\/ludzieikrajobrazy.muzeumleszno.pl\/index.php?rest_route=%2Fwp%2Fv2%2Fcomments&post=692"}],"version-history":[{"count":2,"href":"http:\/\/ludzieikrajobrazy.muzeumleszno.pl\/index.php?rest_route=\/wp\/v2\/posts\/692\/revisions"}],"predecessor-version":[{"id":1296,"href":"http:\/\/ludzieikrajobrazy.muzeumleszno.pl\/index.php?rest_route=\/wp\/v2\/posts\/692\/revisions\/1296"}],"wp:featuredmedia":[{"embeddable":true,"href":"http:\/\/ludzieikrajobrazy.muzeumleszno.pl\/index.php?rest_route=\/wp\/v2\/media\/693"}],"wp:attachment":[{"href":"http:\/\/ludzieikrajobrazy.muzeumleszno.pl\/index.php?rest_route=%2Fwp%2Fv2%2Fmedia&parent=692"}],"wp:term":[{"taxonomy":"category","embeddable":true,"href":"http:\/\/ludzieikrajobrazy.muzeumleszno.pl\/index.php?rest_route=%2Fwp%2Fv2%2Fcategories&post=692"},{"taxonomy":"post_tag","embeddable":true,"href":"http:\/\/ludzieikrajobrazy.muzeumleszno.pl\/index.php?rest_route=%2Fwp%2Fv2%2Ftags&post=692"}],"curies":[{"name":"wp","href":"https:\/\/api.w.org\/{rel}","templated":true}]}}