{"id":696,"date":"2024-06-29T11:48:39","date_gmt":"2024-06-29T09:48:39","guid":{"rendered":"http:\/\/ludzieikrajobrazy.muzeumleszno.pl\/?p=696"},"modified":"2024-09-26T14:18:25","modified_gmt":"2024-09-26T12:18:25","slug":"rydzyna-portret-jozefa-stelmacha-1939-rok-fot-stanislaw-falkiewicz","status":"publish","type":"post","link":"http:\/\/ludzieikrajobrazy.muzeumleszno.pl\/?p=696","title":{"rendered":"Rydzyna. Portret J\u00f3zefa Stelmacha, 1939 rok, fot. Stanis\u0142aw Falkiewicz"},"content":{"rendered":"\n<p>Zdj\u0119cia portretowe kr\u00f3la kurkowego J\u00f3zefa Stelmacha (1896-1939) z Rydzyny stanowi\u0105 jedn\u0105 z ostatnich pami\u0105tek zwi\u0105zanych z przedwojenn\u0105 dzia\u0142alno\u015bci\u0105 Kurkowego Bractwa Strzeleckiego w mie\u015bcie. Stelmach pochodzi\u0142 z Goniembic. Bra\u0142 udzia\u0142 w walkach obronnych w latach 1918-1921 i by\u0142 prezes rydzy\u0144skiego oddzia\u0142 Zwi\u0105zku Powsta\u0144c\u00f3w Wielkopolskich. Wielokrotnie odznaczany, m.in.: Medalem 10-lecia Odzyskania Niepodleg\u0142o\u015bci, Medalem Polska Swemu Obro\u0144cy i Br\u0105zowym Krzy\u017cem Zas\u0142ugi. Po aresztowaniu w grudniu 1939 roku \u015blad po nim zagin\u0105\u0142. Przypuszcza si\u0119, \u017ce zosta\u0142 zamordowany w Forcie VII w Poznaniu.&nbsp;<\/p>\n\n\n\n<p>Rydzyna. Portret J\u00f3zefa Stelmacha, 1939 rok, fot. Stanis\u0142aw Falkiewicz<\/p>\n\n\n\n<figure data-wp-context=\"{&quot;imageId&quot;:&quot;69f1d429e053d&quot;}\" data-wp-interactive=\"core\/image\" data-wp-key=\"69f1d429e053d\" class=\"wp-block-image size-full wp-lightbox-container\"><img fetchpriority=\"high\" decoding=\"async\" width=\"1239\" height=\"2000\" data-wp-class--hide=\"state.isContentHidden\" data-wp-class--show=\"state.isContentVisible\" data-wp-init=\"callbacks.setButtonStyles\" data-wp-on--click=\"actions.showLightbox\" data-wp-on--load=\"callbacks.setButtonStyles\" data-wp-on-window--resize=\"callbacks.setButtonStyles\" src=\"http:\/\/ludzieikrajobrazy.muzeumleszno.pl\/wp-content\/uploads\/2024\/07\/141a_MLFa-328.jpg\" alt=\"Rydzyna. Portret J\u00f3zefa Stelmacha, 1939 rok, fot. Stanis\u0142aw Falkiewicz\" class=\"wp-image-697\" srcset=\"http:\/\/ludzieikrajobrazy.muzeumleszno.pl\/wp-content\/uploads\/2024\/07\/141a_MLFa-328.jpg 1239w, http:\/\/ludzieikrajobrazy.muzeumleszno.pl\/wp-content\/uploads\/2024\/07\/141a_MLFa-328-952x1536.jpg 952w, http:\/\/ludzieikrajobrazy.muzeumleszno.pl\/wp-content\/uploads\/2024\/07\/141a_MLFa-328-200x323.jpg 200w, http:\/\/ludzieikrajobrazy.muzeumleszno.pl\/wp-content\/uploads\/2024\/07\/141a_MLFa-328-973x1571.jpg 973w, http:\/\/ludzieikrajobrazy.muzeumleszno.pl\/wp-content\/uploads\/2024\/07\/141a_MLFa-328-508x820.jpg 508w\" sizes=\"(max-width: 1239px) 100vw, 1239px\" \/><button\n\t\t\tclass=\"lightbox-trigger\"\n\t\t\ttype=\"button\"\n\t\t\taria-haspopup=\"dialog\"\n\t\t\taria-label=\"Powi\u0119ksz\"\n\t\t\tdata-wp-init=\"callbacks.initTriggerButton\"\n\t\t\tdata-wp-on--click=\"actions.showLightbox\"\n\t\t\tdata-wp-style--right=\"state.imageButtonRight\"\n\t\t\tdata-wp-style--top=\"state.imageButtonTop\"\n\t\t>\n\t\t\t<svg xmlns=\"http:\/\/www.w3.org\/2000\/svg\" width=\"12\" height=\"12\" fill=\"none\" viewBox=\"0 0 12 12\">\n\t\t\t\t<path fill=\"#fff\" d=\"M2 0a2 2 0 0 0-2 2v2h1.5V2a.5.5 0 0 1 .5-.5h2V0H2Zm2 10.5H2a.5.5 0 0 1-.5-.5V8H0v2a2 2 0 0 0 2 2h2v-1.5ZM8 12v-1.5h2a.5.5 0 0 0 .5-.5V8H12v2a2 2 0 0 1-2 2H8Zm2-12a2 2 0 0 1 2 2v2h-1.5V2a.5.5 0 0 0-.5-.5H8V0h2Z\" \/>\n\t\t\t<\/svg>\n\t\t<\/button><figcaption class=\"wp-element-caption\">Rydzyna. Portret J\u00f3zefa Stelmacha, 1939 rok, fot. Stanis\u0142aw Falkiewicz, wys. 17,5 cm x szer. 12,5 cm; odbitka srebrowo-\u017celatynowa, papier fotograficzny, 1939 rok; Muzeum Okr\u0119gowe w Lesznie; MLFa328<\/figcaption><\/figure>\n\n\n\n<p class=\"has-small-font-size\">nr inw. MLFa 328<br>W zbiorach Muzeum Okr\u0119gowego w Lesznie od 1963 roku<\/p>\n\n\n\n<p>Rydzyna. Portret J\u00f3zefa Stelmacha, 1939 rok, fot. Stanis\u0142aw Falkiewicz<\/p>\n\n\n\n<figure data-wp-context=\"{&quot;imageId&quot;:&quot;69f1d429e0d84&quot;}\" data-wp-interactive=\"core\/image\" data-wp-key=\"69f1d429e0d84\" class=\"wp-block-image size-full wp-lightbox-container\"><img decoding=\"async\" width=\"1348\" height=\"2000\" data-wp-class--hide=\"state.isContentHidden\" data-wp-class--show=\"state.isContentVisible\" data-wp-init=\"callbacks.setButtonStyles\" data-wp-on--click=\"actions.showLightbox\" data-wp-on--load=\"callbacks.setButtonStyles\" data-wp-on-window--resize=\"callbacks.setButtonStyles\" src=\"http:\/\/ludzieikrajobrazy.muzeumleszno.pl\/wp-content\/uploads\/2024\/07\/141b_MLFa-352.jpg\" alt=\"Rydzyna. Portret J\u00f3zefa Stelmacha, 1939 rok, fot. Stanis\u0142aw Falkiewicz\" class=\"wp-image-698\" srcset=\"http:\/\/ludzieikrajobrazy.muzeumleszno.pl\/wp-content\/uploads\/2024\/07\/141b_MLFa-352.jpg 1348w, http:\/\/ludzieikrajobrazy.muzeumleszno.pl\/wp-content\/uploads\/2024\/07\/141b_MLFa-352-1035x1536.jpg 1035w, http:\/\/ludzieikrajobrazy.muzeumleszno.pl\/wp-content\/uploads\/2024\/07\/141b_MLFa-352-200x297.jpg 200w, http:\/\/ludzieikrajobrazy.muzeumleszno.pl\/wp-content\/uploads\/2024\/07\/141b_MLFa-352-973x1444.jpg 973w, http:\/\/ludzieikrajobrazy.muzeumleszno.pl\/wp-content\/uploads\/2024\/07\/141b_MLFa-352-508x754.jpg 508w\" sizes=\"(max-width: 1348px) 100vw, 1348px\" \/><button\n\t\t\tclass=\"lightbox-trigger\"\n\t\t\ttype=\"button\"\n\t\t\taria-haspopup=\"dialog\"\n\t\t\taria-label=\"Powi\u0119ksz\"\n\t\t\tdata-wp-init=\"callbacks.initTriggerButton\"\n\t\t\tdata-wp-on--click=\"actions.showLightbox\"\n\t\t\tdata-wp-style--right=\"state.imageButtonRight\"\n\t\t\tdata-wp-style--top=\"state.imageButtonTop\"\n\t\t>\n\t\t\t<svg xmlns=\"http:\/\/www.w3.org\/2000\/svg\" width=\"12\" height=\"12\" fill=\"none\" viewBox=\"0 0 12 12\">\n\t\t\t\t<path fill=\"#fff\" d=\"M2 0a2 2 0 0 0-2 2v2h1.5V2a.5.5 0 0 1 .5-.5h2V0H2Zm2 10.5H2a.5.5 0 0 1-.5-.5V8H0v2a2 2 0 0 0 2 2h2v-1.5ZM8 12v-1.5h2a.5.5 0 0 0 .5-.5V8H12v2a2 2 0 0 1-2 2H8Zm2-12a2 2 0 0 1 2 2v2h-1.5V2a.5.5 0 0 0-.5-.5H8V0h2Z\" \/>\n\t\t\t<\/svg>\n\t\t<\/button><figcaption class=\"wp-element-caption\">Rydzyna. Portret J\u00f3zefa Stelmacha, 1939 rok, fot. Stanis\u0142aw Falkiewicz, wys. 12,5 cm x szer. 12,5 cm; odbitka srebrowo-\u017celatynowa, papier fotograficzny, 1939 rok; Muzeum Okr\u0119gowe w Lesznie; MLFa352<\/figcaption><\/figure>\n\n\n\n<p class=\"has-small-font-size\">nr inw. MLFa 352<br>W zbiorach Muzeum Okr\u0119gowego w Lesznie od 1963 roku, dar<\/p>\n\n\n\n<p>D.Cz.<\/p>\n\n\n\n<figure class=\"wp-block-embed is-type-video is-provider-youtube wp-block-embed-youtube wp-embed-aspect-16-9 wp-has-aspect-ratio\"><div class=\"wp-block-embed__wrapper\">\n<iframe title=\"Rydzyna  Portret J\u00f3zefa Stelmacha, 1939 rok, fot  Stanis\u0142aw Falkiewicz\" width=\"620\" height=\"349\" src=\"https:\/\/www.youtube.com\/embed\/co9rsAhD1Kk?feature=oembed\" frameborder=\"0\" allow=\"accelerometer; autoplay; clipboard-write; encrypted-media; gyroscope; picture-in-picture; web-share\" referrerpolicy=\"strict-origin-when-cross-origin\" allowfullscreen><\/iframe>\n<\/div><\/figure>\n","protected":false},"excerpt":{"rendered":"<p>Zdj\u0119cia portretowe kr\u00f3la kurkowego J\u00f3zefa Stelmacha (1896-1939) z Rydzyny stanowi\u0105 jedn\u0105 z ostatnich pami\u0105tek zwi\u0105zanych z przedwojenn\u0105 dzia\u0142alno\u015bci\u0105 Kurkowego Bractwa Strzeleckiego w mie\u015bcie. Stelmach pochodzi\u0142 z Goniembic. Bra\u0142&#8230;<\/p>\n","protected":false},"author":1,"featured_media":697,"comment_status":"closed","ping_status":"closed","sticky":false,"template":"","format":"standard","meta":{"cybocfi_hide_featured_image":"yes","footnotes":""},"categories":[328],"tags":[419,1222,1227,722,925,335,337,353,1082,247,776,209,233,734,1092,1225,1226,1079,926,1074,1230,274,1229,1228,129,763,1224],"class_list":["post-696","post","type-post","status-publish","format-standard","has-post-thumbnail","hentry","category-rydzyna","tag-419","tag-atelier-fotograficzne","tag-brazowy-krzyz-zaslug","tag-bron","tag-fort-vii","tag-fotografia-inscenizowana","tag-fotografia-portretowa","tag-fotografia-studyjna","tag-galowy-stroj-organizacyjny","tag-garnitur","tag-jozef-stelmach","tag-kapelusz","tag-krol-kurkowy","tag-lancuch","tag-medal","tag-medal-10-lecia-odzyskania-niepodleglosci","tag-medal-polska-swemu-obroncy","tag-mezczyzna","tag-morderstwo","tag-portret","tag-portret-studyjny","tag-poznan","tag-przypinka","tag-rekawiczki","tag-rydzyna","tag-stanislaw-falkiewicz","tag-zwiazek-powstancow-polskich"],"yoast_head":"<!-- This site is optimized with the Yoast SEO plugin v27.5 - https:\/\/yoast.com\/product\/yoast-seo-wordpress\/ -->\n<title>Rydzyna. Portret J\u00f3zefa Stelmacha, 1939 rok, fot. Stanis\u0142aw Falkiewicz - Ludzie i krajobrazy. Powiat Leszczy\u0144ski w ikonografii<\/title>\n<meta name=\"robots\" content=\"index, follow, max-snippet:-1, max-image-preview:large, max-video-preview:-1\" \/>\n<link rel=\"canonical\" href=\"http:\/\/ludzieikrajobrazy.muzeumleszno.pl\/?p=696\" \/>\n<meta property=\"og:locale\" content=\"pl_PL\" \/>\n<meta property=\"og:type\" content=\"article\" \/>\n<meta property=\"og:title\" content=\"Rydzyna. Portret J\u00f3zefa Stelmacha, 1939 rok, fot. Stanis\u0142aw Falkiewicz - Ludzie i krajobrazy. Powiat Leszczy\u0144ski w ikonografii\" \/>\n<meta property=\"og:description\" content=\"Zdj\u0119cia portretowe kr\u00f3la kurkowego J\u00f3zefa Stelmacha (1896-1939) z Rydzyny stanowi\u0105 jedn\u0105 z ostatnich pami\u0105tek zwi\u0105zanych z przedwojenn\u0105 dzia\u0142alno\u015bci\u0105 Kurkowego Bractwa Strzeleckiego w mie\u015bcie. Stelmach pochodzi\u0142 z Goniembic. Bra\u0142...\" \/>\n<meta property=\"og:url\" content=\"http:\/\/ludzieikrajobrazy.muzeumleszno.pl\/?p=696\" \/>\n<meta property=\"og:site_name\" content=\"Ludzie i krajobrazy. Powiat Leszczy\u0144ski w ikonografii\" \/>\n<meta property=\"article:published_time\" content=\"2024-06-29T09:48:39+00:00\" \/>\n<meta property=\"article:modified_time\" content=\"2024-09-26T12:18:25+00:00\" \/>\n<meta property=\"og:image\" content=\"http:\/\/ludzieikrajobrazy.muzeumleszno.pl\/wp-content\/uploads\/2024\/07\/141a_MLFa-328.jpg\" \/>\n\t<meta property=\"og:image:width\" content=\"1239\" \/>\n\t<meta property=\"og:image:height\" content=\"2000\" \/>\n\t<meta property=\"og:image:type\" content=\"image\/jpeg\" \/>\n<meta name=\"author\" content=\"Pan_Admin\" \/>\n<meta name=\"twitter:card\" content=\"summary_large_image\" \/>\n<meta name=\"twitter:label1\" content=\"Napisane przez\" \/>\n\t<meta name=\"twitter:data1\" content=\"Pan_Admin\" \/>\n\t<meta name=\"twitter:label2\" content=\"Szacowany czas czytania\" \/>\n\t<meta name=\"twitter:data2\" content=\"2 minuty\" \/>\n<script type=\"application\/ld+json\" class=\"yoast-schema-graph\">{\"@context\":\"https:\\\/\\\/schema.org\",\"@graph\":[{\"@type\":\"Article\",\"@id\":\"http:\\\/\\\/ludzieikrajobrazy.muzeumleszno.pl\\\/?p=696#article\",\"isPartOf\":{\"@id\":\"http:\\\/\\\/ludzieikrajobrazy.muzeumleszno.pl\\\/?p=696\"},\"author\":{\"name\":\"Pan_Admin\",\"@id\":\"https:\\\/\\\/ludzieikrajobrazy.muzeumleszno.pl\\\/#\\\/schema\\\/person\\\/fc2bc20e2b51efc3202ac1f0cdcd06c0\"},\"headline\":\"Rydzyna. Portret J\u00f3zefa Stelmacha, 1939 rok, fot. Stanis\u0142aw Falkiewicz\",\"datePublished\":\"2024-06-29T09:48:39+00:00\",\"dateModified\":\"2024-09-26T12:18:25+00:00\",\"mainEntityOfPage\":{\"@id\":\"http:\\\/\\\/ludzieikrajobrazy.muzeumleszno.pl\\\/?p=696\"},\"wordCount\":214,\"image\":{\"@id\":\"http:\\\/\\\/ludzieikrajobrazy.muzeumleszno.pl\\\/?p=696#primaryimage\"},\"thumbnailUrl\":\"http:\\\/\\\/ludzieikrajobrazy.muzeumleszno.pl\\\/wp-content\\\/uploads\\\/2024\\\/07\\\/141a_MLFa-328.jpg\",\"keywords\":[\"1939\",\"atelier fotograficzne\",\"Br\u0105zowy Krzy\u017c Zas\u0142ug\",\"bro\u0144\",\"Fort VII\",\"fotografia inscenizowana\",\"fotografia portretowa\",\"fotografia studyjna\",\"galowy str\u00f3j organizacyjny\",\"garnitur\",\"J\u00f3zef Stelmach\",\"kapelusz\",\"kr\u00f3l kurkowy\",\"\u0142a\u0144cuch\",\"medal\",\"Medal 10-lecia Odzyskania Niepodleg\u0142o\u015bci\",\"Medal Polska Swemu Obro\u0144cy\",\"m\u0119\u017cczyzna\",\"morderstwo\",\"portret\",\"portret studyjny\",\"Pozna\u0144\",\"przypinka\",\"r\u0119kawiczki\",\"Rydzyna\",\"Stanis\u0142aw Falkiewicz\",\"Zwi\u0105zek Powsta\u0144c\u00f3w Polskich\"],\"articleSection\":[\"Rydzyna\"],\"inLanguage\":\"pl-PL\"},{\"@type\":\"WebPage\",\"@id\":\"http:\\\/\\\/ludzieikrajobrazy.muzeumleszno.pl\\\/?p=696\",\"url\":\"http:\\\/\\\/ludzieikrajobrazy.muzeumleszno.pl\\\/?p=696\",\"name\":\"Rydzyna. Portret J\u00f3zefa Stelmacha, 1939 rok, fot. Stanis\u0142aw Falkiewicz - Ludzie i krajobrazy. Powiat Leszczy\u0144ski w ikonografii\",\"isPartOf\":{\"@id\":\"https:\\\/\\\/ludzieikrajobrazy.muzeumleszno.pl\\\/#website\"},\"primaryImageOfPage\":{\"@id\":\"http:\\\/\\\/ludzieikrajobrazy.muzeumleszno.pl\\\/?p=696#primaryimage\"},\"image\":{\"@id\":\"http:\\\/\\\/ludzieikrajobrazy.muzeumleszno.pl\\\/?p=696#primaryimage\"},\"thumbnailUrl\":\"http:\\\/\\\/ludzieikrajobrazy.muzeumleszno.pl\\\/wp-content\\\/uploads\\\/2024\\\/07\\\/141a_MLFa-328.jpg\",\"datePublished\":\"2024-06-29T09:48:39+00:00\",\"dateModified\":\"2024-09-26T12:18:25+00:00\",\"author\":{\"@id\":\"https:\\\/\\\/ludzieikrajobrazy.muzeumleszno.pl\\\/#\\\/schema\\\/person\\\/fc2bc20e2b51efc3202ac1f0cdcd06c0\"},\"breadcrumb\":{\"@id\":\"http:\\\/\\\/ludzieikrajobrazy.muzeumleszno.pl\\\/?p=696#breadcrumb\"},\"inLanguage\":\"pl-PL\",\"potentialAction\":[{\"@type\":\"ReadAction\",\"target\":[\"http:\\\/\\\/ludzieikrajobrazy.muzeumleszno.pl\\\/?p=696\"]}]},{\"@type\":\"BreadcrumbList\",\"@id\":\"http:\\\/\\\/ludzieikrajobrazy.muzeumleszno.pl\\\/?p=696#breadcrumb\",\"itemListElement\":[{\"@type\":\"ListItem\",\"position\":1,\"name\":\"Home\",\"item\":\"https:\\\/\\\/ludzieikrajobrazy.muzeumleszno.pl\\\/\"},{\"@type\":\"ListItem\",\"position\":2,\"name\":\"Rydzyna. Portret J\u00f3zefa Stelmacha, 1939 rok, fot. Stanis\u0142aw Falkiewicz\"}]},{\"@type\":\"WebSite\",\"@id\":\"https:\\\/\\\/ludzieikrajobrazy.muzeumleszno.pl\\\/#website\",\"url\":\"https:\\\/\\\/ludzieikrajobrazy.muzeumleszno.pl\\\/\",\"name\":\"Ludzie i krajobrazy. Powiat Leszczy\u0144ski w ikonografii\",\"description\":\"Powiat Leszczy\u0144ski w ikonografii\",\"potentialAction\":[{\"@type\":\"SearchAction\",\"target\":{\"@type\":\"EntryPoint\",\"urlTemplate\":\"https:\\\/\\\/ludzieikrajobrazy.muzeumleszno.pl\\\/?s={search_term_string}\"},\"query-input\":{\"@type\":\"PropertyValueSpecification\",\"valueRequired\":true,\"valueName\":\"search_term_string\"}}],\"inLanguage\":\"pl-PL\"},{\"@type\":\"Person\",\"@id\":\"https:\\\/\\\/ludzieikrajobrazy.muzeumleszno.pl\\\/#\\\/schema\\\/person\\\/fc2bc20e2b51efc3202ac1f0cdcd06c0\",\"name\":\"Pan_Admin\",\"image\":{\"@type\":\"ImageObject\",\"inLanguage\":\"pl-PL\",\"@id\":\"https:\\\/\\\/secure.gravatar.com\\\/avatar\\\/d109d485abe889ecc32dbdb971b715ad9d4596bd0e2353626451db3e04099822?s=96&d=mm&r=g\",\"url\":\"https:\\\/\\\/secure.gravatar.com\\\/avatar\\\/d109d485abe889ecc32dbdb971b715ad9d4596bd0e2353626451db3e04099822?s=96&d=mm&r=g\",\"contentUrl\":\"https:\\\/\\\/secure.gravatar.com\\\/avatar\\\/d109d485abe889ecc32dbdb971b715ad9d4596bd0e2353626451db3e04099822?s=96&d=mm&r=g\",\"caption\":\"Pan_Admin\"},\"sameAs\":[\"http:\\\/\\\/ludzieikrajobrazy.muzeumleszno.pl\"],\"url\":\"http:\\\/\\\/ludzieikrajobrazy.muzeumleszno.pl\\\/?author=1\"}]}<\/script>\n<!-- \/ Yoast SEO plugin. -->","yoast_head_json":{"title":"Rydzyna. Portret J\u00f3zefa Stelmacha, 1939 rok, fot. Stanis\u0142aw Falkiewicz - Ludzie i krajobrazy. Powiat Leszczy\u0144ski w ikonografii","robots":{"index":"index","follow":"follow","max-snippet":"max-snippet:-1","max-image-preview":"max-image-preview:large","max-video-preview":"max-video-preview:-1"},"canonical":"http:\/\/ludzieikrajobrazy.muzeumleszno.pl\/?p=696","og_locale":"pl_PL","og_type":"article","og_title":"Rydzyna. Portret J\u00f3zefa Stelmacha, 1939 rok, fot. Stanis\u0142aw Falkiewicz - Ludzie i krajobrazy. Powiat Leszczy\u0144ski w ikonografii","og_description":"Zdj\u0119cia portretowe kr\u00f3la kurkowego J\u00f3zefa Stelmacha (1896-1939) z Rydzyny stanowi\u0105 jedn\u0105 z ostatnich pami\u0105tek zwi\u0105zanych z przedwojenn\u0105 dzia\u0142alno\u015bci\u0105 Kurkowego Bractwa Strzeleckiego w mie\u015bcie. Stelmach pochodzi\u0142 z Goniembic. Bra\u0142...","og_url":"http:\/\/ludzieikrajobrazy.muzeumleszno.pl\/?p=696","og_site_name":"Ludzie i krajobrazy. Powiat Leszczy\u0144ski w ikonografii","article_published_time":"2024-06-29T09:48:39+00:00","article_modified_time":"2024-09-26T12:18:25+00:00","og_image":[{"width":1239,"height":2000,"url":"http:\/\/ludzieikrajobrazy.muzeumleszno.pl\/wp-content\/uploads\/2024\/07\/141a_MLFa-328.jpg","type":"image\/jpeg"}],"author":"Pan_Admin","twitter_card":"summary_large_image","twitter_misc":{"Napisane przez":"Pan_Admin","Szacowany czas czytania":"2 minuty"},"schema":{"@context":"https:\/\/schema.org","@graph":[{"@type":"Article","@id":"http:\/\/ludzieikrajobrazy.muzeumleszno.pl\/?p=696#article","isPartOf":{"@id":"http:\/\/ludzieikrajobrazy.muzeumleszno.pl\/?p=696"},"author":{"name":"Pan_Admin","@id":"https:\/\/ludzieikrajobrazy.muzeumleszno.pl\/#\/schema\/person\/fc2bc20e2b51efc3202ac1f0cdcd06c0"},"headline":"Rydzyna. Portret J\u00f3zefa Stelmacha, 1939 rok, fot. Stanis\u0142aw Falkiewicz","datePublished":"2024-06-29T09:48:39+00:00","dateModified":"2024-09-26T12:18:25+00:00","mainEntityOfPage":{"@id":"http:\/\/ludzieikrajobrazy.muzeumleszno.pl\/?p=696"},"wordCount":214,"image":{"@id":"http:\/\/ludzieikrajobrazy.muzeumleszno.pl\/?p=696#primaryimage"},"thumbnailUrl":"http:\/\/ludzieikrajobrazy.muzeumleszno.pl\/wp-content\/uploads\/2024\/07\/141a_MLFa-328.jpg","keywords":["1939","atelier fotograficzne","Br\u0105zowy Krzy\u017c Zas\u0142ug","bro\u0144","Fort VII","fotografia inscenizowana","fotografia portretowa","fotografia studyjna","galowy str\u00f3j organizacyjny","garnitur","J\u00f3zef Stelmach","kapelusz","kr\u00f3l kurkowy","\u0142a\u0144cuch","medal","Medal 10-lecia Odzyskania Niepodleg\u0142o\u015bci","Medal Polska Swemu Obro\u0144cy","m\u0119\u017cczyzna","morderstwo","portret","portret studyjny","Pozna\u0144","przypinka","r\u0119kawiczki","Rydzyna","Stanis\u0142aw Falkiewicz","Zwi\u0105zek Powsta\u0144c\u00f3w Polskich"],"articleSection":["Rydzyna"],"inLanguage":"pl-PL"},{"@type":"WebPage","@id":"http:\/\/ludzieikrajobrazy.muzeumleszno.pl\/?p=696","url":"http:\/\/ludzieikrajobrazy.muzeumleszno.pl\/?p=696","name":"Rydzyna. Portret J\u00f3zefa Stelmacha, 1939 rok, fot. Stanis\u0142aw Falkiewicz - Ludzie i krajobrazy. Powiat Leszczy\u0144ski w ikonografii","isPartOf":{"@id":"https:\/\/ludzieikrajobrazy.muzeumleszno.pl\/#website"},"primaryImageOfPage":{"@id":"http:\/\/ludzieikrajobrazy.muzeumleszno.pl\/?p=696#primaryimage"},"image":{"@id":"http:\/\/ludzieikrajobrazy.muzeumleszno.pl\/?p=696#primaryimage"},"thumbnailUrl":"http:\/\/ludzieikrajobrazy.muzeumleszno.pl\/wp-content\/uploads\/2024\/07\/141a_MLFa-328.jpg","datePublished":"2024-06-29T09:48:39+00:00","dateModified":"2024-09-26T12:18:25+00:00","author":{"@id":"https:\/\/ludzieikrajobrazy.muzeumleszno.pl\/#\/schema\/person\/fc2bc20e2b51efc3202ac1f0cdcd06c0"},"breadcrumb":{"@id":"http:\/\/ludzieikrajobrazy.muzeumleszno.pl\/?p=696#breadcrumb"},"inLanguage":"pl-PL","potentialAction":[{"@type":"ReadAction","target":["http:\/\/ludzieikrajobrazy.muzeumleszno.pl\/?p=696"]}]},{"@type":"BreadcrumbList","@id":"http:\/\/ludzieikrajobrazy.muzeumleszno.pl\/?p=696#breadcrumb","itemListElement":[{"@type":"ListItem","position":1,"name":"Home","item":"https:\/\/ludzieikrajobrazy.muzeumleszno.pl\/"},{"@type":"ListItem","position":2,"name":"Rydzyna. Portret J\u00f3zefa Stelmacha, 1939 rok, fot. Stanis\u0142aw Falkiewicz"}]},{"@type":"WebSite","@id":"https:\/\/ludzieikrajobrazy.muzeumleszno.pl\/#website","url":"https:\/\/ludzieikrajobrazy.muzeumleszno.pl\/","name":"Ludzie i krajobrazy. Powiat Leszczy\u0144ski w ikonografii","description":"Powiat Leszczy\u0144ski w ikonografii","potentialAction":[{"@type":"SearchAction","target":{"@type":"EntryPoint","urlTemplate":"https:\/\/ludzieikrajobrazy.muzeumleszno.pl\/?s={search_term_string}"},"query-input":{"@type":"PropertyValueSpecification","valueRequired":true,"valueName":"search_term_string"}}],"inLanguage":"pl-PL"},{"@type":"Person","@id":"https:\/\/ludzieikrajobrazy.muzeumleszno.pl\/#\/schema\/person\/fc2bc20e2b51efc3202ac1f0cdcd06c0","name":"Pan_Admin","image":{"@type":"ImageObject","inLanguage":"pl-PL","@id":"https:\/\/secure.gravatar.com\/avatar\/d109d485abe889ecc32dbdb971b715ad9d4596bd0e2353626451db3e04099822?s=96&d=mm&r=g","url":"https:\/\/secure.gravatar.com\/avatar\/d109d485abe889ecc32dbdb971b715ad9d4596bd0e2353626451db3e04099822?s=96&d=mm&r=g","contentUrl":"https:\/\/secure.gravatar.com\/avatar\/d109d485abe889ecc32dbdb971b715ad9d4596bd0e2353626451db3e04099822?s=96&d=mm&r=g","caption":"Pan_Admin"},"sameAs":["http:\/\/ludzieikrajobrazy.muzeumleszno.pl"],"url":"http:\/\/ludzieikrajobrazy.muzeumleszno.pl\/?author=1"}]}},"_links":{"self":[{"href":"http:\/\/ludzieikrajobrazy.muzeumleszno.pl\/index.php?rest_route=\/wp\/v2\/posts\/696","targetHints":{"allow":["GET"]}}],"collection":[{"href":"http:\/\/ludzieikrajobrazy.muzeumleszno.pl\/index.php?rest_route=\/wp\/v2\/posts"}],"about":[{"href":"http:\/\/ludzieikrajobrazy.muzeumleszno.pl\/index.php?rest_route=\/wp\/v2\/types\/post"}],"author":[{"embeddable":true,"href":"http:\/\/ludzieikrajobrazy.muzeumleszno.pl\/index.php?rest_route=\/wp\/v2\/users\/1"}],"replies":[{"embeddable":true,"href":"http:\/\/ludzieikrajobrazy.muzeumleszno.pl\/index.php?rest_route=%2Fwp%2Fv2%2Fcomments&post=696"}],"version-history":[{"count":2,"href":"http:\/\/ludzieikrajobrazy.muzeumleszno.pl\/index.php?rest_route=\/wp\/v2\/posts\/696\/revisions"}],"predecessor-version":[{"id":1303,"href":"http:\/\/ludzieikrajobrazy.muzeumleszno.pl\/index.php?rest_route=\/wp\/v2\/posts\/696\/revisions\/1303"}],"wp:featuredmedia":[{"embeddable":true,"href":"http:\/\/ludzieikrajobrazy.muzeumleszno.pl\/index.php?rest_route=\/wp\/v2\/media\/697"}],"wp:attachment":[{"href":"http:\/\/ludzieikrajobrazy.muzeumleszno.pl\/index.php?rest_route=%2Fwp%2Fv2%2Fmedia&parent=696"}],"wp:term":[{"taxonomy":"category","embeddable":true,"href":"http:\/\/ludzieikrajobrazy.muzeumleszno.pl\/index.php?rest_route=%2Fwp%2Fv2%2Fcategories&post=696"},{"taxonomy":"post_tag","embeddable":true,"href":"http:\/\/ludzieikrajobrazy.muzeumleszno.pl\/index.php?rest_route=%2Fwp%2Fv2%2Ftags&post=696"}],"curies":[{"name":"wp","href":"https:\/\/api.w.org\/{rel}","templated":true}]}}