{"id":709,"date":"2024-06-27T12:00:11","date_gmt":"2024-06-27T10:00:11","guid":{"rendered":"http:\/\/ludzieikrajobrazy.muzeumleszno.pl\/?p=709"},"modified":"2024-09-27T08:15:30","modified_gmt":"2024-09-27T06:15:30","slug":"swieciechowa-rynek-1908-rok-leszno-fotographische-aufnahme-und-verlag-von-samus-breslauer","status":"publish","type":"post","link":"http:\/\/ludzieikrajobrazy.muzeumleszno.pl\/?p=709","title":{"rendered":"\u015awi\u0119ciechowa. Rynek, 1908 rok, Leszno, Fotographische Aufnahme und Verlag von Samus Breslauer"},"content":{"rendered":"\n<p>Poczt\u00f3wka adresowana do Adolfa Bessera z Finsterwalde w Dolnych \u0141u\u017cycach. Datowana: \u015awi\u0119ciechowa, 5.09.1908.&nbsp;<\/p>\n\n\n\n<p><em>Kochani rodzice! Przyjechali\u015bmy tutaj w pierwszym kwartale i zostali\u015bmy bardzo dobrze przyj\u0119ci. Wyjechali\u015bmy z Poznania poci\u0105giem o 6:30 i dotarli\u015bmy do Starego Bojanowa o wp\u00f3\u0142 do 10. Przed nami by\u0142o 19 kilometr\u00f3w marszu. Wszystko jest w porz\u0105dku i nadal tak b\u0119dzie. Pozdrowienia od syna i brata.<\/em><\/p>\n\n\n\n<p><em>Serdeczne pozdrowienia z manewr\u00f3w przesy\u0142a Tw\u00f3j syn Reinhard. Pozdr\u00f3w wszystkich znajomych i krewnych, za 13 dni b\u0119d\u0119 z Tob\u0105.&nbsp;<\/em><\/p>\n\n\n\n<p>\u015awi\u0119ciechowa uznawana jest za jedn\u0105 z najstarszych osad targowych w Wielkopolsce. Za\u0142o\u017cona przez benedyktyn\u00f3w lubi\u0144skich w XI-XII wieku posiada\u0142a sk\u0142ad celny, karczm\u0119, prawo do polowa\u0144 i handlu sol\u0105. Jako miasto istnieje od ko\u0144ca XIII lub pocz\u0105tku XIV wieku. Najstarsz\u0105 jego cz\u0119\u015bci\u0105 jest rynek usytuowany na skrzy\u017cowaniu szlaku handlowego do Poznania. Plac targowy znajdowa\u0142 si\u0119 przed ko\u015bcio\u0142em \u015bw. Jakuba. W efekcie przez kilka stuleci (do 1793 roku) po\u0142udniowy kwarta\u0142 rynku posiada\u0142a nieregularn\u0105 zabudow\u0119.&nbsp;<\/p>\n\n\n\n<p>Poczt\u00f3wka ukazuje wygl\u0105d rynku z pocz\u0105tku XX wieku. Na przestrzeni lat zmienia\u0142a si\u0119 jego nawierzchnia, znikn\u0119\u0142a wi\u0119kszo\u015b\u0107 pomp, wyci\u0119to drzewa. Zachowa\u0142a si\u0119 natomiast barokowa figura Naj\u015bwi\u0119tszej Marii Panny z Dzieci\u0105tkiem. Rze\u017aba stoi obecnie na innym postumencie. Ciekawostk\u0119 stanowi\u0105 reklamy widoczne na elewacji naro\u017cnej kamienicy:&nbsp; <em>August Waurich Wein Bier &amp; Liquer \u2013 Ausschank<\/em> (August Waurich wino, piwo, likiery \u2013 wyszynk). Ni\u017cej, przy drzwiach reklama sklepu kolonialnego nale\u017c\u0105cego do Franciszka Przybylskiego.&nbsp;<\/p>\n\n\n\n<figure data-wp-context=\"{&quot;imageId&quot;:&quot;69f4638195104&quot;}\" data-wp-interactive=\"core\/image\" data-wp-key=\"69f4638195104\" class=\"wp-block-image size-full wp-lightbox-container\"><img fetchpriority=\"high\" decoding=\"async\" width=\"2560\" height=\"1643\" data-wp-class--hide=\"state.isContentHidden\" data-wp-class--show=\"state.isContentVisible\" data-wp-init=\"callbacks.setButtonStyles\" data-wp-on--click=\"actions.showLightbox\" data-wp-on--load=\"callbacks.setButtonStyles\" data-wp-on-window--resize=\"callbacks.setButtonStyles\" src=\"http:\/\/ludzieikrajobrazy.muzeumleszno.pl\/wp-content\/uploads\/2024\/07\/144_MLH-4581-scaled.jpg\" alt=\"\u015awi\u0119ciechowa. Rynek, 1908 rok, Leszno, Fotographische Aufnahme und Verlag von Samus Breslauer\" class=\"wp-image-711\" srcset=\"http:\/\/ludzieikrajobrazy.muzeumleszno.pl\/wp-content\/uploads\/2024\/07\/144_MLH-4581-scaled.jpg 2560w, http:\/\/ludzieikrajobrazy.muzeumleszno.pl\/wp-content\/uploads\/2024\/07\/144_MLH-4581-1536x986.jpg 1536w, http:\/\/ludzieikrajobrazy.muzeumleszno.pl\/wp-content\/uploads\/2024\/07\/144_MLH-4581-2048x1314.jpg 2048w, http:\/\/ludzieikrajobrazy.muzeumleszno.pl\/wp-content\/uploads\/2024\/07\/144_MLH-4581-200x128.jpg 200w, http:\/\/ludzieikrajobrazy.muzeumleszno.pl\/wp-content\/uploads\/2024\/07\/144_MLH-4581-973x624.jpg 973w, http:\/\/ludzieikrajobrazy.muzeumleszno.pl\/wp-content\/uploads\/2024\/07\/144_MLH-4581-508x326.jpg 508w\" sizes=\"(max-width: 2560px) 100vw, 2560px\" \/><button\n\t\t\tclass=\"lightbox-trigger\"\n\t\t\ttype=\"button\"\n\t\t\taria-haspopup=\"dialog\"\n\t\t\taria-label=\"Powi\u0119ksz\"\n\t\t\tdata-wp-init=\"callbacks.initTriggerButton\"\n\t\t\tdata-wp-on--click=\"actions.showLightbox\"\n\t\t\tdata-wp-style--right=\"state.imageButtonRight\"\n\t\t\tdata-wp-style--top=\"state.imageButtonTop\"\n\t\t>\n\t\t\t<svg xmlns=\"http:\/\/www.w3.org\/2000\/svg\" width=\"12\" height=\"12\" fill=\"none\" viewBox=\"0 0 12 12\">\n\t\t\t\t<path fill=\"#fff\" d=\"M2 0a2 2 0 0 0-2 2v2h1.5V2a.5.5 0 0 1 .5-.5h2V0H2Zm2 10.5H2a.5.5 0 0 1-.5-.5V8H0v2a2 2 0 0 0 2 2h2v-1.5ZM8 12v-1.5h2a.5.5 0 0 0 .5-.5V8H12v2a2 2 0 0 1-2 2H8Zm2-12a2 2 0 0 1 2 2v2h-1.5V2a.5.5 0 0 0-.5-.5H8V0h2Z\" \/>\n\t\t\t<\/svg>\n\t\t<\/button><figcaption class=\"wp-element-caption\">\u015awi\u0119ciechowa. Rynek, 1908 rok, Leszno, Fotographische Aufnahme und Verlag von Samus Breslauer<\/figcaption><\/figure>\n\n\n\n<p class=\"has-small-font-size\">nr inw. MLH 4581<br>W zbiorach Muzeum Okr\u0119gowego w Lesznie od 2006 roku, zakup<\/p>\n\n\n\n<p>D.Cz.&nbsp;<\/p>\n\n\n\n<figure class=\"wp-block-embed is-type-video is-provider-youtube wp-block-embed-youtube wp-embed-aspect-16-9 wp-has-aspect-ratio\"><div class=\"wp-block-embed__wrapper\">\n<iframe title=\"\u015awi\u0119ciechowa  Rynek, 1908 rok, Leszno, Fotographische Aufnahme und Verlag von Samus Breslauer\" width=\"620\" height=\"349\" src=\"https:\/\/www.youtube.com\/embed\/2k14o_DBpDI?feature=oembed\" frameborder=\"0\" allow=\"accelerometer; autoplay; clipboard-write; encrypted-media; gyroscope; picture-in-picture; web-share\" referrerpolicy=\"strict-origin-when-cross-origin\" allowfullscreen><\/iframe>\n<\/div><\/figure>\n","protected":false},"excerpt":{"rendered":"<p>Poczt\u00f3wka adresowana do Adolfa Bessera z Finsterwalde w Dolnych \u0141u\u017cycach. Datowana: \u015awi\u0119ciechowa, 5.09.1908.&nbsp; Kochani rodzice! Przyjechali\u015bmy tutaj w pierwszym kwartale i zostali\u015bmy bardzo dobrze przyj\u0119ci. Wyjechali\u015bmy z Poznania&#8230;<\/p>\n","protected":false},"author":1,"featured_media":711,"comment_status":"closed","ping_status":"closed","sticky":false,"template":"","format":"standard","meta":{"cybocfi_hide_featured_image":"yes","footnotes":""},"categories":[434],"tags":[],"class_list":["post-709","post","type-post","status-publish","format-standard","has-post-thumbnail","hentry","category-swieciechowa"],"yoast_head":"<!-- This site is optimized with the Yoast SEO plugin v27.5 - https:\/\/yoast.com\/product\/yoast-seo-wordpress\/ -->\n<title>\u015awi\u0119ciechowa. Rynek, 1908 rok, Leszno, Fotographische Aufnahme und Verlag von Samus Breslauer - Ludzie i krajobrazy. Powiat Leszczy\u0144ski w ikonografii<\/title>\n<meta name=\"robots\" content=\"index, follow, max-snippet:-1, max-image-preview:large, max-video-preview:-1\" \/>\n<link rel=\"canonical\" href=\"http:\/\/ludzieikrajobrazy.muzeumleszno.pl\/?p=709\" \/>\n<meta property=\"og:locale\" content=\"pl_PL\" \/>\n<meta property=\"og:type\" content=\"article\" \/>\n<meta property=\"og:title\" content=\"\u015awi\u0119ciechowa. Rynek, 1908 rok, Leszno, Fotographische Aufnahme und Verlag von Samus Breslauer - Ludzie i krajobrazy. Powiat Leszczy\u0144ski w ikonografii\" \/>\n<meta property=\"og:description\" content=\"Poczt\u00f3wka adresowana do Adolfa Bessera z Finsterwalde w Dolnych \u0141u\u017cycach. Datowana: \u015awi\u0119ciechowa, 5.09.1908.&nbsp; Kochani rodzice! Przyjechali\u015bmy tutaj w pierwszym kwartale i zostali\u015bmy bardzo dobrze przyj\u0119ci. Wyjechali\u015bmy z Poznania...\" \/>\n<meta property=\"og:url\" content=\"http:\/\/ludzieikrajobrazy.muzeumleszno.pl\/?p=709\" \/>\n<meta property=\"og:site_name\" content=\"Ludzie i krajobrazy. Powiat Leszczy\u0144ski w ikonografii\" \/>\n<meta property=\"article:published_time\" content=\"2024-06-27T10:00:11+00:00\" \/>\n<meta property=\"article:modified_time\" content=\"2024-09-27T06:15:30+00:00\" \/>\n<meta property=\"og:image\" content=\"http:\/\/ludzieikrajobrazy.muzeumleszno.pl\/wp-content\/uploads\/2024\/07\/144_MLH-4581-scaled.jpg\" \/>\n\t<meta property=\"og:image:width\" content=\"2560\" \/>\n\t<meta property=\"og:image:height\" content=\"1643\" \/>\n\t<meta property=\"og:image:type\" content=\"image\/jpeg\" \/>\n<meta name=\"author\" content=\"Pan_Admin\" \/>\n<meta name=\"twitter:card\" content=\"summary_large_image\" \/>\n<meta name=\"twitter:label1\" content=\"Napisane przez\" \/>\n\t<meta name=\"twitter:data1\" content=\"Pan_Admin\" \/>\n\t<meta name=\"twitter:label2\" content=\"Szacowany czas czytania\" \/>\n\t<meta name=\"twitter:data2\" content=\"2 minuty\" \/>\n<script type=\"application\/ld+json\" class=\"yoast-schema-graph\">{\"@context\":\"https:\\\/\\\/schema.org\",\"@graph\":[{\"@type\":\"Article\",\"@id\":\"http:\\\/\\\/ludzieikrajobrazy.muzeumleszno.pl\\\/?p=709#article\",\"isPartOf\":{\"@id\":\"http:\\\/\\\/ludzieikrajobrazy.muzeumleszno.pl\\\/?p=709\"},\"author\":{\"name\":\"Pan_Admin\",\"@id\":\"http:\\\/\\\/ludzieikrajobrazy.muzeumleszno.pl\\\/#\\\/schema\\\/person\\\/fc2bc20e2b51efc3202ac1f0cdcd06c0\"},\"headline\":\"\u015awi\u0119ciechowa. Rynek, 1908 rok, Leszno, Fotographische Aufnahme und Verlag von Samus Breslauer\",\"datePublished\":\"2024-06-27T10:00:11+00:00\",\"dateModified\":\"2024-09-27T06:15:30+00:00\",\"mainEntityOfPage\":{\"@id\":\"http:\\\/\\\/ludzieikrajobrazy.muzeumleszno.pl\\\/?p=709\"},\"wordCount\":310,\"image\":{\"@id\":\"http:\\\/\\\/ludzieikrajobrazy.muzeumleszno.pl\\\/?p=709#primaryimage\"},\"thumbnailUrl\":\"http:\\\/\\\/ludzieikrajobrazy.muzeumleszno.pl\\\/wp-content\\\/uploads\\\/2024\\\/07\\\/144_MLH-4581-scaled.jpg\",\"articleSection\":[\"\u015awi\u0119ciechowa\"],\"inLanguage\":\"pl-PL\"},{\"@type\":\"WebPage\",\"@id\":\"http:\\\/\\\/ludzieikrajobrazy.muzeumleszno.pl\\\/?p=709\",\"url\":\"http:\\\/\\\/ludzieikrajobrazy.muzeumleszno.pl\\\/?p=709\",\"name\":\"\u015awi\u0119ciechowa. Rynek, 1908 rok, Leszno, Fotographische Aufnahme und Verlag von Samus Breslauer - Ludzie i krajobrazy. Powiat Leszczy\u0144ski w ikonografii\",\"isPartOf\":{\"@id\":\"http:\\\/\\\/ludzieikrajobrazy.muzeumleszno.pl\\\/#website\"},\"primaryImageOfPage\":{\"@id\":\"http:\\\/\\\/ludzieikrajobrazy.muzeumleszno.pl\\\/?p=709#primaryimage\"},\"image\":{\"@id\":\"http:\\\/\\\/ludzieikrajobrazy.muzeumleszno.pl\\\/?p=709#primaryimage\"},\"thumbnailUrl\":\"http:\\\/\\\/ludzieikrajobrazy.muzeumleszno.pl\\\/wp-content\\\/uploads\\\/2024\\\/07\\\/144_MLH-4581-scaled.jpg\",\"datePublished\":\"2024-06-27T10:00:11+00:00\",\"dateModified\":\"2024-09-27T06:15:30+00:00\",\"author\":{\"@id\":\"http:\\\/\\\/ludzieikrajobrazy.muzeumleszno.pl\\\/#\\\/schema\\\/person\\\/fc2bc20e2b51efc3202ac1f0cdcd06c0\"},\"breadcrumb\":{\"@id\":\"http:\\\/\\\/ludzieikrajobrazy.muzeumleszno.pl\\\/?p=709#breadcrumb\"},\"inLanguage\":\"pl-PL\",\"potentialAction\":[{\"@type\":\"ReadAction\",\"target\":[\"http:\\\/\\\/ludzieikrajobrazy.muzeumleszno.pl\\\/?p=709\"]}]},{\"@type\":\"BreadcrumbList\",\"@id\":\"http:\\\/\\\/ludzieikrajobrazy.muzeumleszno.pl\\\/?p=709#breadcrumb\",\"itemListElement\":[{\"@type\":\"ListItem\",\"position\":1,\"name\":\"Home\",\"item\":\"http:\\\/\\\/ludzieikrajobrazy.muzeumleszno.pl\\\/\"},{\"@type\":\"ListItem\",\"position\":2,\"name\":\"\u015awi\u0119ciechowa. Rynek, 1908 rok, Leszno, Fotographische Aufnahme und Verlag von Samus Breslauer\"}]},{\"@type\":\"WebSite\",\"@id\":\"http:\\\/\\\/ludzieikrajobrazy.muzeumleszno.pl\\\/#website\",\"url\":\"http:\\\/\\\/ludzieikrajobrazy.muzeumleszno.pl\\\/\",\"name\":\"Ludzie i krajobrazy. Powiat Leszczy\u0144ski w ikonografii\",\"description\":\"Powiat Leszczy\u0144ski w ikonografii\",\"potentialAction\":[{\"@type\":\"SearchAction\",\"target\":{\"@type\":\"EntryPoint\",\"urlTemplate\":\"http:\\\/\\\/ludzieikrajobrazy.muzeumleszno.pl\\\/?s={search_term_string}\"},\"query-input\":{\"@type\":\"PropertyValueSpecification\",\"valueRequired\":true,\"valueName\":\"search_term_string\"}}],\"inLanguage\":\"pl-PL\"},{\"@type\":\"Person\",\"@id\":\"http:\\\/\\\/ludzieikrajobrazy.muzeumleszno.pl\\\/#\\\/schema\\\/person\\\/fc2bc20e2b51efc3202ac1f0cdcd06c0\",\"name\":\"Pan_Admin\",\"image\":{\"@type\":\"ImageObject\",\"inLanguage\":\"pl-PL\",\"@id\":\"https:\\\/\\\/secure.gravatar.com\\\/avatar\\\/d109d485abe889ecc32dbdb971b715ad9d4596bd0e2353626451db3e04099822?s=96&d=mm&r=g\",\"url\":\"https:\\\/\\\/secure.gravatar.com\\\/avatar\\\/d109d485abe889ecc32dbdb971b715ad9d4596bd0e2353626451db3e04099822?s=96&d=mm&r=g\",\"contentUrl\":\"https:\\\/\\\/secure.gravatar.com\\\/avatar\\\/d109d485abe889ecc32dbdb971b715ad9d4596bd0e2353626451db3e04099822?s=96&d=mm&r=g\",\"caption\":\"Pan_Admin\"},\"sameAs\":[\"http:\\\/\\\/ludzieikrajobrazy.muzeumleszno.pl\"],\"url\":\"http:\\\/\\\/ludzieikrajobrazy.muzeumleszno.pl\\\/?author=1\"}]}<\/script>\n<!-- \/ Yoast SEO plugin. -->","yoast_head_json":{"title":"\u015awi\u0119ciechowa. Rynek, 1908 rok, Leszno, Fotographische Aufnahme und Verlag von Samus Breslauer - Ludzie i krajobrazy. Powiat Leszczy\u0144ski w ikonografii","robots":{"index":"index","follow":"follow","max-snippet":"max-snippet:-1","max-image-preview":"max-image-preview:large","max-video-preview":"max-video-preview:-1"},"canonical":"http:\/\/ludzieikrajobrazy.muzeumleszno.pl\/?p=709","og_locale":"pl_PL","og_type":"article","og_title":"\u015awi\u0119ciechowa. Rynek, 1908 rok, Leszno, Fotographische Aufnahme und Verlag von Samus Breslauer - Ludzie i krajobrazy. Powiat Leszczy\u0144ski w ikonografii","og_description":"Poczt\u00f3wka adresowana do Adolfa Bessera z Finsterwalde w Dolnych \u0141u\u017cycach. Datowana: \u015awi\u0119ciechowa, 5.09.1908.&nbsp; Kochani rodzice! Przyjechali\u015bmy tutaj w pierwszym kwartale i zostali\u015bmy bardzo dobrze przyj\u0119ci. Wyjechali\u015bmy z Poznania...","og_url":"http:\/\/ludzieikrajobrazy.muzeumleszno.pl\/?p=709","og_site_name":"Ludzie i krajobrazy. Powiat Leszczy\u0144ski w ikonografii","article_published_time":"2024-06-27T10:00:11+00:00","article_modified_time":"2024-09-27T06:15:30+00:00","og_image":[{"width":2560,"height":1643,"url":"http:\/\/ludzieikrajobrazy.muzeumleszno.pl\/wp-content\/uploads\/2024\/07\/144_MLH-4581-scaled.jpg","type":"image\/jpeg"}],"author":"Pan_Admin","twitter_card":"summary_large_image","twitter_misc":{"Napisane przez":"Pan_Admin","Szacowany czas czytania":"2 minuty"},"schema":{"@context":"https:\/\/schema.org","@graph":[{"@type":"Article","@id":"http:\/\/ludzieikrajobrazy.muzeumleszno.pl\/?p=709#article","isPartOf":{"@id":"http:\/\/ludzieikrajobrazy.muzeumleszno.pl\/?p=709"},"author":{"name":"Pan_Admin","@id":"http:\/\/ludzieikrajobrazy.muzeumleszno.pl\/#\/schema\/person\/fc2bc20e2b51efc3202ac1f0cdcd06c0"},"headline":"\u015awi\u0119ciechowa. Rynek, 1908 rok, Leszno, Fotographische Aufnahme und Verlag von Samus Breslauer","datePublished":"2024-06-27T10:00:11+00:00","dateModified":"2024-09-27T06:15:30+00:00","mainEntityOfPage":{"@id":"http:\/\/ludzieikrajobrazy.muzeumleszno.pl\/?p=709"},"wordCount":310,"image":{"@id":"http:\/\/ludzieikrajobrazy.muzeumleszno.pl\/?p=709#primaryimage"},"thumbnailUrl":"http:\/\/ludzieikrajobrazy.muzeumleszno.pl\/wp-content\/uploads\/2024\/07\/144_MLH-4581-scaled.jpg","articleSection":["\u015awi\u0119ciechowa"],"inLanguage":"pl-PL"},{"@type":"WebPage","@id":"http:\/\/ludzieikrajobrazy.muzeumleszno.pl\/?p=709","url":"http:\/\/ludzieikrajobrazy.muzeumleszno.pl\/?p=709","name":"\u015awi\u0119ciechowa. Rynek, 1908 rok, Leszno, Fotographische Aufnahme und Verlag von Samus Breslauer - Ludzie i krajobrazy. Powiat Leszczy\u0144ski w ikonografii","isPartOf":{"@id":"http:\/\/ludzieikrajobrazy.muzeumleszno.pl\/#website"},"primaryImageOfPage":{"@id":"http:\/\/ludzieikrajobrazy.muzeumleszno.pl\/?p=709#primaryimage"},"image":{"@id":"http:\/\/ludzieikrajobrazy.muzeumleszno.pl\/?p=709#primaryimage"},"thumbnailUrl":"http:\/\/ludzieikrajobrazy.muzeumleszno.pl\/wp-content\/uploads\/2024\/07\/144_MLH-4581-scaled.jpg","datePublished":"2024-06-27T10:00:11+00:00","dateModified":"2024-09-27T06:15:30+00:00","author":{"@id":"http:\/\/ludzieikrajobrazy.muzeumleszno.pl\/#\/schema\/person\/fc2bc20e2b51efc3202ac1f0cdcd06c0"},"breadcrumb":{"@id":"http:\/\/ludzieikrajobrazy.muzeumleszno.pl\/?p=709#breadcrumb"},"inLanguage":"pl-PL","potentialAction":[{"@type":"ReadAction","target":["http:\/\/ludzieikrajobrazy.muzeumleszno.pl\/?p=709"]}]},{"@type":"BreadcrumbList","@id":"http:\/\/ludzieikrajobrazy.muzeumleszno.pl\/?p=709#breadcrumb","itemListElement":[{"@type":"ListItem","position":1,"name":"Home","item":"http:\/\/ludzieikrajobrazy.muzeumleszno.pl\/"},{"@type":"ListItem","position":2,"name":"\u015awi\u0119ciechowa. Rynek, 1908 rok, Leszno, Fotographische Aufnahme und Verlag von Samus Breslauer"}]},{"@type":"WebSite","@id":"http:\/\/ludzieikrajobrazy.muzeumleszno.pl\/#website","url":"http:\/\/ludzieikrajobrazy.muzeumleszno.pl\/","name":"Ludzie i krajobrazy. Powiat Leszczy\u0144ski w ikonografii","description":"Powiat Leszczy\u0144ski w ikonografii","potentialAction":[{"@type":"SearchAction","target":{"@type":"EntryPoint","urlTemplate":"http:\/\/ludzieikrajobrazy.muzeumleszno.pl\/?s={search_term_string}"},"query-input":{"@type":"PropertyValueSpecification","valueRequired":true,"valueName":"search_term_string"}}],"inLanguage":"pl-PL"},{"@type":"Person","@id":"http:\/\/ludzieikrajobrazy.muzeumleszno.pl\/#\/schema\/person\/fc2bc20e2b51efc3202ac1f0cdcd06c0","name":"Pan_Admin","image":{"@type":"ImageObject","inLanguage":"pl-PL","@id":"https:\/\/secure.gravatar.com\/avatar\/d109d485abe889ecc32dbdb971b715ad9d4596bd0e2353626451db3e04099822?s=96&d=mm&r=g","url":"https:\/\/secure.gravatar.com\/avatar\/d109d485abe889ecc32dbdb971b715ad9d4596bd0e2353626451db3e04099822?s=96&d=mm&r=g","contentUrl":"https:\/\/secure.gravatar.com\/avatar\/d109d485abe889ecc32dbdb971b715ad9d4596bd0e2353626451db3e04099822?s=96&d=mm&r=g","caption":"Pan_Admin"},"sameAs":["http:\/\/ludzieikrajobrazy.muzeumleszno.pl"],"url":"http:\/\/ludzieikrajobrazy.muzeumleszno.pl\/?author=1"}]}},"_links":{"self":[{"href":"http:\/\/ludzieikrajobrazy.muzeumleszno.pl\/index.php?rest_route=\/wp\/v2\/posts\/709","targetHints":{"allow":["GET"]}}],"collection":[{"href":"http:\/\/ludzieikrajobrazy.muzeumleszno.pl\/index.php?rest_route=\/wp\/v2\/posts"}],"about":[{"href":"http:\/\/ludzieikrajobrazy.muzeumleszno.pl\/index.php?rest_route=\/wp\/v2\/types\/post"}],"author":[{"embeddable":true,"href":"http:\/\/ludzieikrajobrazy.muzeumleszno.pl\/index.php?rest_route=\/wp\/v2\/users\/1"}],"replies":[{"embeddable":true,"href":"http:\/\/ludzieikrajobrazy.muzeumleszno.pl\/index.php?rest_route=%2Fwp%2Fv2%2Fcomments&post=709"}],"version-history":[{"count":2,"href":"http:\/\/ludzieikrajobrazy.muzeumleszno.pl\/index.php?rest_route=\/wp\/v2\/posts\/709\/revisions"}],"predecessor-version":[{"id":1316,"href":"http:\/\/ludzieikrajobrazy.muzeumleszno.pl\/index.php?rest_route=\/wp\/v2\/posts\/709\/revisions\/1316"}],"wp:featuredmedia":[{"embeddable":true,"href":"http:\/\/ludzieikrajobrazy.muzeumleszno.pl\/index.php?rest_route=\/wp\/v2\/media\/711"}],"wp:attachment":[{"href":"http:\/\/ludzieikrajobrazy.muzeumleszno.pl\/index.php?rest_route=%2Fwp%2Fv2%2Fmedia&parent=709"}],"wp:term":[{"taxonomy":"category","embeddable":true,"href":"http:\/\/ludzieikrajobrazy.muzeumleszno.pl\/index.php?rest_route=%2Fwp%2Fv2%2Fcategories&post=709"},{"taxonomy":"post_tag","embeddable":true,"href":"http:\/\/ludzieikrajobrazy.muzeumleszno.pl\/index.php?rest_route=%2Fwp%2Fv2%2Ftags&post=709"}],"curies":[{"name":"wp","href":"https:\/\/api.w.org\/{rel}","templated":true}]}}