{"id":855,"date":"2024-06-21T11:48:47","date_gmt":"2024-06-21T09:48:47","guid":{"rendered":"http:\/\/ludzieikrajobrazy.muzeumleszno.pl\/?p=855"},"modified":"2024-11-25T09:18:18","modified_gmt":"2024-11-25T08:18:18","slug":"wloszakowice-poswiecenie-dzwonow-1926-rok-leszno-tadeusz-semrau","status":"publish","type":"post","link":"http:\/\/ludzieikrajobrazy.muzeumleszno.pl\/?p=855","title":{"rendered":"W\u0142oszakowice. Po\u015bwi\u0119cenie dzwon\u00f3w, 1926 rok, Leszno, Tadeusz Semrau"},"content":{"rendered":"\n<p>Bicie dzwon\u00f3w ko\u015bcielnych towarzyszy chrze\u015bcijanom od niepami\u0119tnych czas\u00f3w. Ich d\u017awi\u0119k symbolizuje zjednoczenie wiernych i komunikuje otwarto\u015b\u0107 Ko\u015bcio\u0142a. W \u017cyciu ka\u017cdej wsp\u00f3lnoty dzwony pozostaj\u0105 wa\u017cnym elementem zbiorowej to\u017csamo\u015bci i oparciem dla ich wiary.&nbsp;<\/p>\n\n\n\n<p>Niezwykle donios\u0142ym wydarzeniem w dziejach parafii we W\u0142oszakowicach by\u0142o po\u015bwi\u0119cenie nowych dzwon\u00f3w, kt\u00f3re odlano z inicjatywy ks. proboszcza J\u00f3zefa G\u00f3rnego (1882\u20131941). Aktu po\u015bwi\u0119cenia dokona\u0142 26 sierpnia 1926 roku dziekan \u015bmigielski ks. J\u00f3zef Marciniak (1880\u20131931). By\u0142y to dwa dzwony: \u015bw. Micha\u0142 Archanio\u0142 (wi\u0119kszy) i \u015bw. J\u00f3zef (mniejszy). Zakupiono je dzi\u0119ki ofiarom i datkom przekazanym przez parafian, lokalne firmy i Lasy Pa\u0144stwowe. Ich wykonaniem zaj\u0119\u0142a si\u0119 wytw\u00f3rnia Karola Gustawa Schwabe (1850\u20131931) w Bielsku Bia\u0142ej. Ludwisarnia uznawana by\u0142a za najlepsz\u0105 w mi\u0119dzywojennej Polsce. Decyzj\u0105 dozoru ko\u015bcielnego dzwony posiada\u0142y dok\u0142adnie tak\u0105 sam\u0105 wag\u0119, jak te przej\u0119te na cele wojenne po 1914 roku. W latach okupacji niemieckiej dzwony zosta\u0142y zarekwirowane i po wojnie ju\u017c nie uda\u0142o si\u0119 ich odzyska\u0107.\u00a0<\/p>\n\n\n\n<figure data-wp-context=\"{&quot;imageId&quot;:&quot;69f1cb856f9a6&quot;}\" data-wp-interactive=\"core\/image\" data-wp-key=\"69f1cb856f9a6\" class=\"wp-block-image size-full wp-lightbox-container\"><img fetchpriority=\"high\" decoding=\"async\" width=\"2560\" height=\"1645\" data-wp-class--hide=\"state.isContentHidden\" data-wp-class--show=\"state.isContentVisible\" data-wp-init=\"callbacks.setButtonStyles\" data-wp-on--click=\"actions.showLightbox\" data-wp-on--load=\"callbacks.setButtonStyles\" data-wp-on-window--resize=\"callbacks.setButtonStyles\" src=\"http:\/\/ludzieikrajobrazy.muzeumleszno.pl\/wp-content\/uploads\/2024\/07\/182_MLFa-2176-scaled.jpg\" alt=\"Po\u015bwi\u0119cenie dzwon\u00f3w we W\u0142oszakowicach\" class=\"wp-image-856\" srcset=\"http:\/\/ludzieikrajobrazy.muzeumleszno.pl\/wp-content\/uploads\/2024\/07\/182_MLFa-2176-scaled.jpg 2560w, http:\/\/ludzieikrajobrazy.muzeumleszno.pl\/wp-content\/uploads\/2024\/07\/182_MLFa-2176-1536x987.jpg 1536w, http:\/\/ludzieikrajobrazy.muzeumleszno.pl\/wp-content\/uploads\/2024\/07\/182_MLFa-2176-2048x1316.jpg 2048w, http:\/\/ludzieikrajobrazy.muzeumleszno.pl\/wp-content\/uploads\/2024\/07\/182_MLFa-2176-200x129.jpg 200w, http:\/\/ludzieikrajobrazy.muzeumleszno.pl\/wp-content\/uploads\/2024\/07\/182_MLFa-2176-973x625.jpg 973w, http:\/\/ludzieikrajobrazy.muzeumleszno.pl\/wp-content\/uploads\/2024\/07\/182_MLFa-2176-508x326.jpg 508w\" sizes=\"(max-width: 2560px) 100vw, 2560px\" \/><button\n\t\t\tclass=\"lightbox-trigger\"\n\t\t\ttype=\"button\"\n\t\t\taria-haspopup=\"dialog\"\n\t\t\taria-label=\"Powi\u0119ksz\"\n\t\t\tdata-wp-init=\"callbacks.initTriggerButton\"\n\t\t\tdata-wp-on--click=\"actions.showLightbox\"\n\t\t\tdata-wp-style--right=\"state.imageButtonRight\"\n\t\t\tdata-wp-style--top=\"state.imageButtonTop\"\n\t\t>\n\t\t\t<svg xmlns=\"http:\/\/www.w3.org\/2000\/svg\" width=\"12\" height=\"12\" fill=\"none\" viewBox=\"0 0 12 12\">\n\t\t\t\t<path fill=\"#fff\" d=\"M2 0a2 2 0 0 0-2 2v2h1.5V2a.5.5 0 0 1 .5-.5h2V0H2Zm2 10.5H2a.5.5 0 0 1-.5-.5V8H0v2a2 2 0 0 0 2 2h2v-1.5ZM8 12v-1.5h2a.5.5 0 0 0 .5-.5V8H12v2a2 2 0 0 1-2 2H8Zm2-12a2 2 0 0 1 2 2v2h-1.5V2a.5.5 0 0 0-.5-.5H8V0h2Z\" \/>\n\t\t\t<\/svg>\n\t\t<\/button><figcaption class=\"wp-element-caption\">Po\u015bwi\u0119cenie dzwon\u00f3w we W\u0142oszakowicach, wys. 8,6 cm x szer. 13,7 cm; odbitka srebrowo-\u017celatynowa, papier fotograficzny, 1926 rok; Muzeum Okr\u0119gowe w Lesznie; MLFa2176<\/figcaption><\/figure>\n\n\n\n<p class=\"has-small-font-size\">nr inw. MLFa 2176<br>W zbiorach Muzeum Okr\u0119gowego w Lesznie od 2010 roku, zakup<\/p>\n\n\n\n<p>D.Cz.<\/p>\n\n\n\n<figure class=\"wp-block-embed is-type-video is-provider-youtube wp-block-embed-youtube wp-embed-aspect-16-9 wp-has-aspect-ratio\"><div class=\"wp-block-embed__wrapper\">\n<iframe title=\"W\u0142oszakowice  Po\u015bwi\u0119cenie dzwon\u00f3w, 1926 rok, Leszno, Tadeusz Semrau\" width=\"620\" height=\"349\" src=\"https:\/\/www.youtube.com\/embed\/ug_B1ofXB3M?feature=oembed\" frameborder=\"0\" allow=\"accelerometer; autoplay; clipboard-write; encrypted-media; gyroscope; picture-in-picture; web-share\" referrerpolicy=\"strict-origin-when-cross-origin\" allowfullscreen><\/iframe>\n<\/div><\/figure>\n\n\n\n<p><\/p>\n","protected":false},"excerpt":{"rendered":"<p>Bicie dzwon\u00f3w ko\u015bcielnych towarzyszy chrze\u015bcijanom od niepami\u0119tnych czas\u00f3w. Ich d\u017awi\u0119k symbolizuje zjednoczenie wiernych i komunikuje otwarto\u015b\u0107 Ko\u015bcio\u0142a. W \u017cyciu ka\u017cdej wsp\u00f3lnoty dzwony pozostaj\u0105 wa\u017cnym elementem zbiorowej to\u017csamo\u015bci i&#8230;<\/p>\n","protected":false},"author":1,"featured_media":856,"comment_status":"closed","ping_status":"closed","sticky":false,"template":"","format":"standard","meta":{"cybocfi_hide_featured_image":"yes","footnotes":""},"categories":[703],"tags":[1394,808,165,1395,600,1401,520,736,1406,563,201,247,1189,611,612,1397,1398,209,1404,1318,690,893,1055,357,1403,574,566,796,215,1167,1241,811,1402,1393,1251,1396,1185,1400,1399,1103,589,252,250,1213,1357,535,1382,1405],"class_list":["post-855","post","type-post","status-publish","format-standard","has-post-thumbnail","hentry","category-wloszakowice","tag-1394","tag-biala-sukienka","tag-budownictwo-murowane","tag-chrzescijanie","tag-chrzescijanstwo","tag-datek","tag-dokumentacja","tag-drzewa","tag-duszpasterz","tag-dzwon","tag-fotografia-grupowa","tag-garnitur","tag-grupa-osob","tag-imie","tag-imiona","tag-jozef-gorny","tag-jozef-marciniak","tag-kapelusz","tag-karol-gustaw-schwabe","tag-kobiety","tag-kosciol-katolicki","tag-ksiadz","tag-lasy-panstwowe","tag-leszno","tag-lokalna-firma","tag-ludwisarnia","tag-ludwisarz","tag-mezczyzni","tag-miedzywojnie","tag-mieszkancy","tag-ofiara","tag-parafia","tag-parafianie","tag-poswiecenie-dzwonow","tag-powaga","tag-religia","tag-stroj-odswietny","tag-sw-jozef","tag-sw-michal-archaniol","tag-symbol","tag-symbolika","tag-tadeusz-semrau","tag-uroczystosc","tag-wiara","tag-wloszakowice","tag-wydarzenie","tag-wytwornia","tag-zbigniew-dobron"],"yoast_head":"<!-- This site is optimized with the Yoast SEO plugin v27.5 - https:\/\/yoast.com\/product\/yoast-seo-wordpress\/ -->\n<title>W\u0142oszakowice. Po\u015bwi\u0119cenie dzwon\u00f3w, 1926 rok, Leszno, Tadeusz Semrau - Ludzie i krajobrazy. Powiat Leszczy\u0144ski w ikonografii<\/title>\n<meta name=\"robots\" content=\"index, follow, max-snippet:-1, max-image-preview:large, max-video-preview:-1\" \/>\n<link rel=\"canonical\" href=\"http:\/\/ludzieikrajobrazy.muzeumleszno.pl\/?p=855\" \/>\n<meta property=\"og:locale\" content=\"pl_PL\" \/>\n<meta property=\"og:type\" content=\"article\" \/>\n<meta property=\"og:title\" content=\"W\u0142oszakowice. Po\u015bwi\u0119cenie dzwon\u00f3w, 1926 rok, Leszno, Tadeusz Semrau - Ludzie i krajobrazy. Powiat Leszczy\u0144ski w ikonografii\" \/>\n<meta property=\"og:description\" content=\"Bicie dzwon\u00f3w ko\u015bcielnych towarzyszy chrze\u015bcijanom od niepami\u0119tnych czas\u00f3w. Ich d\u017awi\u0119k symbolizuje zjednoczenie wiernych i komunikuje otwarto\u015b\u0107 Ko\u015bcio\u0142a. W \u017cyciu ka\u017cdej wsp\u00f3lnoty dzwony pozostaj\u0105 wa\u017cnym elementem zbiorowej to\u017csamo\u015bci i...\" \/>\n<meta property=\"og:url\" content=\"http:\/\/ludzieikrajobrazy.muzeumleszno.pl\/?p=855\" \/>\n<meta property=\"og:site_name\" content=\"Ludzie i krajobrazy. Powiat Leszczy\u0144ski w ikonografii\" \/>\n<meta property=\"article:published_time\" content=\"2024-06-21T09:48:47+00:00\" \/>\n<meta property=\"article:modified_time\" content=\"2024-11-25T08:18:18+00:00\" \/>\n<meta property=\"og:image\" content=\"http:\/\/ludzieikrajobrazy.muzeumleszno.pl\/wp-content\/uploads\/2024\/07\/182_MLFa-2176-scaled.jpg\" \/>\n\t<meta property=\"og:image:width\" content=\"2560\" \/>\n\t<meta property=\"og:image:height\" content=\"1645\" \/>\n\t<meta property=\"og:image:type\" content=\"image\/jpeg\" \/>\n<meta name=\"author\" content=\"Pan_Admin\" \/>\n<meta name=\"twitter:card\" content=\"summary_large_image\" \/>\n<meta name=\"twitter:label1\" content=\"Napisane przez\" \/>\n\t<meta name=\"twitter:data1\" content=\"Pan_Admin\" \/>\n\t<meta name=\"twitter:label2\" content=\"Szacowany czas czytania\" \/>\n\t<meta name=\"twitter:data2\" content=\"2 minuty\" \/>\n<script type=\"application\/ld+json\" class=\"yoast-schema-graph\">{\"@context\":\"https:\\\/\\\/schema.org\",\"@graph\":[{\"@type\":\"Article\",\"@id\":\"http:\\\/\\\/ludzieikrajobrazy.muzeumleszno.pl\\\/?p=855#article\",\"isPartOf\":{\"@id\":\"http:\\\/\\\/ludzieikrajobrazy.muzeumleszno.pl\\\/?p=855\"},\"author\":{\"name\":\"Pan_Admin\",\"@id\":\"https:\\\/\\\/ludzieikrajobrazy.muzeumleszno.pl\\\/#\\\/schema\\\/person\\\/fc2bc20e2b51efc3202ac1f0cdcd06c0\"},\"headline\":\"W\u0142oszakowice. Po\u015bwi\u0119cenie dzwon\u00f3w, 1926 rok, Leszno, Tadeusz Semrau\",\"datePublished\":\"2024-06-21T09:48:47+00:00\",\"dateModified\":\"2024-11-25T08:18:18+00:00\",\"mainEntityOfPage\":{\"@id\":\"http:\\\/\\\/ludzieikrajobrazy.muzeumleszno.pl\\\/?p=855\"},\"wordCount\":241,\"image\":{\"@id\":\"http:\\\/\\\/ludzieikrajobrazy.muzeumleszno.pl\\\/?p=855#primaryimage\"},\"thumbnailUrl\":\"http:\\\/\\\/ludzieikrajobrazy.muzeumleszno.pl\\\/wp-content\\\/uploads\\\/2024\\\/07\\\/182_MLFa-2176-scaled.jpg\",\"keywords\":[\"1926\",\"bia\u0142a sukienka\",\"budownictwo murowane\",\"chrze\u015bcijanie\",\"chrze\u015bcija\u0144stwo\",\"datek\",\"dokumentacja\",\"drzewa\",\"duszpasterz\",\"dzwon\",\"fotografia grupowa\",\"garnitur\",\"grupa os\u00f3b\",\"imi\u0119\",\"imiona\",\"J\u00f3zef G\u00f3rny\",\"J\u00f3zef Marciniak\",\"kapelusz\",\"Karol Gustaw Schwabe\",\"kobiety\",\"Ko\u015bci\u00f3\u0142 Katolicki\",\"ksi\u0105dz\",\"Lasy Pa\u0144stwowe\",\"Leszno\",\"lokalna firma\",\"ludwisarnia\",\"ludwisarz\",\"m\u0119\u017cczy\u017ani\",\"mi\u0119dzywojnie\",\"mieszka\u0144cy\",\"ofiara\",\"parafia\",\"parafianie\",\"po\u015bwi\u0119cenie dzwon\u00f3w\",\"powaga\",\"religia\",\"str\u00f3j od\u015bwi\u0119tny\",\"\u015bw. J\u00f3zef\",\"\u015bw. Micha\u0142 Archanio\u0142\",\"symbol\",\"symbolika\",\"Tadeusz Semrau\",\"uroczysto\u015b\u0107\",\"wiara\",\"W\u0142oszakowice\",\"wydarzenie\",\"wytw\u00f3rnia\",\"Zbigniew Dobro\u0144\"],\"articleSection\":[\"W\u0142oszakowice\"],\"inLanguage\":\"pl-PL\"},{\"@type\":\"WebPage\",\"@id\":\"http:\\\/\\\/ludzieikrajobrazy.muzeumleszno.pl\\\/?p=855\",\"url\":\"http:\\\/\\\/ludzieikrajobrazy.muzeumleszno.pl\\\/?p=855\",\"name\":\"W\u0142oszakowice. Po\u015bwi\u0119cenie dzwon\u00f3w, 1926 rok, Leszno, Tadeusz Semrau - Ludzie i krajobrazy. Powiat Leszczy\u0144ski w ikonografii\",\"isPartOf\":{\"@id\":\"https:\\\/\\\/ludzieikrajobrazy.muzeumleszno.pl\\\/#website\"},\"primaryImageOfPage\":{\"@id\":\"http:\\\/\\\/ludzieikrajobrazy.muzeumleszno.pl\\\/?p=855#primaryimage\"},\"image\":{\"@id\":\"http:\\\/\\\/ludzieikrajobrazy.muzeumleszno.pl\\\/?p=855#primaryimage\"},\"thumbnailUrl\":\"http:\\\/\\\/ludzieikrajobrazy.muzeumleszno.pl\\\/wp-content\\\/uploads\\\/2024\\\/07\\\/182_MLFa-2176-scaled.jpg\",\"datePublished\":\"2024-06-21T09:48:47+00:00\",\"dateModified\":\"2024-11-25T08:18:18+00:00\",\"author\":{\"@id\":\"https:\\\/\\\/ludzieikrajobrazy.muzeumleszno.pl\\\/#\\\/schema\\\/person\\\/fc2bc20e2b51efc3202ac1f0cdcd06c0\"},\"breadcrumb\":{\"@id\":\"http:\\\/\\\/ludzieikrajobrazy.muzeumleszno.pl\\\/?p=855#breadcrumb\"},\"inLanguage\":\"pl-PL\",\"potentialAction\":[{\"@type\":\"ReadAction\",\"target\":[\"http:\\\/\\\/ludzieikrajobrazy.muzeumleszno.pl\\\/?p=855\"]}]},{\"@type\":\"BreadcrumbList\",\"@id\":\"http:\\\/\\\/ludzieikrajobrazy.muzeumleszno.pl\\\/?p=855#breadcrumb\",\"itemListElement\":[{\"@type\":\"ListItem\",\"position\":1,\"name\":\"Home\",\"item\":\"https:\\\/\\\/ludzieikrajobrazy.muzeumleszno.pl\\\/\"},{\"@type\":\"ListItem\",\"position\":2,\"name\":\"W\u0142oszakowice. Po\u015bwi\u0119cenie dzwon\u00f3w, 1926 rok, Leszno, Tadeusz Semrau\"}]},{\"@type\":\"WebSite\",\"@id\":\"https:\\\/\\\/ludzieikrajobrazy.muzeumleszno.pl\\\/#website\",\"url\":\"https:\\\/\\\/ludzieikrajobrazy.muzeumleszno.pl\\\/\",\"name\":\"Ludzie i krajobrazy. Powiat Leszczy\u0144ski w ikonografii\",\"description\":\"Powiat Leszczy\u0144ski w ikonografii\",\"potentialAction\":[{\"@type\":\"SearchAction\",\"target\":{\"@type\":\"EntryPoint\",\"urlTemplate\":\"https:\\\/\\\/ludzieikrajobrazy.muzeumleszno.pl\\\/?s={search_term_string}\"},\"query-input\":{\"@type\":\"PropertyValueSpecification\",\"valueRequired\":true,\"valueName\":\"search_term_string\"}}],\"inLanguage\":\"pl-PL\"},{\"@type\":\"Person\",\"@id\":\"https:\\\/\\\/ludzieikrajobrazy.muzeumleszno.pl\\\/#\\\/schema\\\/person\\\/fc2bc20e2b51efc3202ac1f0cdcd06c0\",\"name\":\"Pan_Admin\",\"image\":{\"@type\":\"ImageObject\",\"inLanguage\":\"pl-PL\",\"@id\":\"https:\\\/\\\/secure.gravatar.com\\\/avatar\\\/d109d485abe889ecc32dbdb971b715ad9d4596bd0e2353626451db3e04099822?s=96&d=mm&r=g\",\"url\":\"https:\\\/\\\/secure.gravatar.com\\\/avatar\\\/d109d485abe889ecc32dbdb971b715ad9d4596bd0e2353626451db3e04099822?s=96&d=mm&r=g\",\"contentUrl\":\"https:\\\/\\\/secure.gravatar.com\\\/avatar\\\/d109d485abe889ecc32dbdb971b715ad9d4596bd0e2353626451db3e04099822?s=96&d=mm&r=g\",\"caption\":\"Pan_Admin\"},\"sameAs\":[\"http:\\\/\\\/ludzieikrajobrazy.muzeumleszno.pl\"],\"url\":\"http:\\\/\\\/ludzieikrajobrazy.muzeumleszno.pl\\\/?author=1\"}]}<\/script>\n<!-- \/ Yoast SEO plugin. -->","yoast_head_json":{"title":"W\u0142oszakowice. Po\u015bwi\u0119cenie dzwon\u00f3w, 1926 rok, Leszno, Tadeusz Semrau - Ludzie i krajobrazy. Powiat Leszczy\u0144ski w ikonografii","robots":{"index":"index","follow":"follow","max-snippet":"max-snippet:-1","max-image-preview":"max-image-preview:large","max-video-preview":"max-video-preview:-1"},"canonical":"http:\/\/ludzieikrajobrazy.muzeumleszno.pl\/?p=855","og_locale":"pl_PL","og_type":"article","og_title":"W\u0142oszakowice. Po\u015bwi\u0119cenie dzwon\u00f3w, 1926 rok, Leszno, Tadeusz Semrau - Ludzie i krajobrazy. Powiat Leszczy\u0144ski w ikonografii","og_description":"Bicie dzwon\u00f3w ko\u015bcielnych towarzyszy chrze\u015bcijanom od niepami\u0119tnych czas\u00f3w. Ich d\u017awi\u0119k symbolizuje zjednoczenie wiernych i komunikuje otwarto\u015b\u0107 Ko\u015bcio\u0142a. W \u017cyciu ka\u017cdej wsp\u00f3lnoty dzwony pozostaj\u0105 wa\u017cnym elementem zbiorowej to\u017csamo\u015bci i...","og_url":"http:\/\/ludzieikrajobrazy.muzeumleszno.pl\/?p=855","og_site_name":"Ludzie i krajobrazy. Powiat Leszczy\u0144ski w ikonografii","article_published_time":"2024-06-21T09:48:47+00:00","article_modified_time":"2024-11-25T08:18:18+00:00","og_image":[{"width":2560,"height":1645,"url":"http:\/\/ludzieikrajobrazy.muzeumleszno.pl\/wp-content\/uploads\/2024\/07\/182_MLFa-2176-scaled.jpg","type":"image\/jpeg"}],"author":"Pan_Admin","twitter_card":"summary_large_image","twitter_misc":{"Napisane przez":"Pan_Admin","Szacowany czas czytania":"2 minuty"},"schema":{"@context":"https:\/\/schema.org","@graph":[{"@type":"Article","@id":"http:\/\/ludzieikrajobrazy.muzeumleszno.pl\/?p=855#article","isPartOf":{"@id":"http:\/\/ludzieikrajobrazy.muzeumleszno.pl\/?p=855"},"author":{"name":"Pan_Admin","@id":"https:\/\/ludzieikrajobrazy.muzeumleszno.pl\/#\/schema\/person\/fc2bc20e2b51efc3202ac1f0cdcd06c0"},"headline":"W\u0142oszakowice. Po\u015bwi\u0119cenie dzwon\u00f3w, 1926 rok, Leszno, Tadeusz Semrau","datePublished":"2024-06-21T09:48:47+00:00","dateModified":"2024-11-25T08:18:18+00:00","mainEntityOfPage":{"@id":"http:\/\/ludzieikrajobrazy.muzeumleszno.pl\/?p=855"},"wordCount":241,"image":{"@id":"http:\/\/ludzieikrajobrazy.muzeumleszno.pl\/?p=855#primaryimage"},"thumbnailUrl":"http:\/\/ludzieikrajobrazy.muzeumleszno.pl\/wp-content\/uploads\/2024\/07\/182_MLFa-2176-scaled.jpg","keywords":["1926","bia\u0142a sukienka","budownictwo murowane","chrze\u015bcijanie","chrze\u015bcija\u0144stwo","datek","dokumentacja","drzewa","duszpasterz","dzwon","fotografia grupowa","garnitur","grupa os\u00f3b","imi\u0119","imiona","J\u00f3zef G\u00f3rny","J\u00f3zef Marciniak","kapelusz","Karol Gustaw Schwabe","kobiety","Ko\u015bci\u00f3\u0142 Katolicki","ksi\u0105dz","Lasy Pa\u0144stwowe","Leszno","lokalna firma","ludwisarnia","ludwisarz","m\u0119\u017cczy\u017ani","mi\u0119dzywojnie","mieszka\u0144cy","ofiara","parafia","parafianie","po\u015bwi\u0119cenie dzwon\u00f3w","powaga","religia","str\u00f3j od\u015bwi\u0119tny","\u015bw. J\u00f3zef","\u015bw. Micha\u0142 Archanio\u0142","symbol","symbolika","Tadeusz Semrau","uroczysto\u015b\u0107","wiara","W\u0142oszakowice","wydarzenie","wytw\u00f3rnia","Zbigniew Dobro\u0144"],"articleSection":["W\u0142oszakowice"],"inLanguage":"pl-PL"},{"@type":"WebPage","@id":"http:\/\/ludzieikrajobrazy.muzeumleszno.pl\/?p=855","url":"http:\/\/ludzieikrajobrazy.muzeumleszno.pl\/?p=855","name":"W\u0142oszakowice. Po\u015bwi\u0119cenie dzwon\u00f3w, 1926 rok, Leszno, Tadeusz Semrau - Ludzie i krajobrazy. Powiat Leszczy\u0144ski w ikonografii","isPartOf":{"@id":"https:\/\/ludzieikrajobrazy.muzeumleszno.pl\/#website"},"primaryImageOfPage":{"@id":"http:\/\/ludzieikrajobrazy.muzeumleszno.pl\/?p=855#primaryimage"},"image":{"@id":"http:\/\/ludzieikrajobrazy.muzeumleszno.pl\/?p=855#primaryimage"},"thumbnailUrl":"http:\/\/ludzieikrajobrazy.muzeumleszno.pl\/wp-content\/uploads\/2024\/07\/182_MLFa-2176-scaled.jpg","datePublished":"2024-06-21T09:48:47+00:00","dateModified":"2024-11-25T08:18:18+00:00","author":{"@id":"https:\/\/ludzieikrajobrazy.muzeumleszno.pl\/#\/schema\/person\/fc2bc20e2b51efc3202ac1f0cdcd06c0"},"breadcrumb":{"@id":"http:\/\/ludzieikrajobrazy.muzeumleszno.pl\/?p=855#breadcrumb"},"inLanguage":"pl-PL","potentialAction":[{"@type":"ReadAction","target":["http:\/\/ludzieikrajobrazy.muzeumleszno.pl\/?p=855"]}]},{"@type":"BreadcrumbList","@id":"http:\/\/ludzieikrajobrazy.muzeumleszno.pl\/?p=855#breadcrumb","itemListElement":[{"@type":"ListItem","position":1,"name":"Home","item":"https:\/\/ludzieikrajobrazy.muzeumleszno.pl\/"},{"@type":"ListItem","position":2,"name":"W\u0142oszakowice. Po\u015bwi\u0119cenie dzwon\u00f3w, 1926 rok, Leszno, Tadeusz Semrau"}]},{"@type":"WebSite","@id":"https:\/\/ludzieikrajobrazy.muzeumleszno.pl\/#website","url":"https:\/\/ludzieikrajobrazy.muzeumleszno.pl\/","name":"Ludzie i krajobrazy. Powiat Leszczy\u0144ski w ikonografii","description":"Powiat Leszczy\u0144ski w ikonografii","potentialAction":[{"@type":"SearchAction","target":{"@type":"EntryPoint","urlTemplate":"https:\/\/ludzieikrajobrazy.muzeumleszno.pl\/?s={search_term_string}"},"query-input":{"@type":"PropertyValueSpecification","valueRequired":true,"valueName":"search_term_string"}}],"inLanguage":"pl-PL"},{"@type":"Person","@id":"https:\/\/ludzieikrajobrazy.muzeumleszno.pl\/#\/schema\/person\/fc2bc20e2b51efc3202ac1f0cdcd06c0","name":"Pan_Admin","image":{"@type":"ImageObject","inLanguage":"pl-PL","@id":"https:\/\/secure.gravatar.com\/avatar\/d109d485abe889ecc32dbdb971b715ad9d4596bd0e2353626451db3e04099822?s=96&d=mm&r=g","url":"https:\/\/secure.gravatar.com\/avatar\/d109d485abe889ecc32dbdb971b715ad9d4596bd0e2353626451db3e04099822?s=96&d=mm&r=g","contentUrl":"https:\/\/secure.gravatar.com\/avatar\/d109d485abe889ecc32dbdb971b715ad9d4596bd0e2353626451db3e04099822?s=96&d=mm&r=g","caption":"Pan_Admin"},"sameAs":["http:\/\/ludzieikrajobrazy.muzeumleszno.pl"],"url":"http:\/\/ludzieikrajobrazy.muzeumleszno.pl\/?author=1"}]}},"_links":{"self":[{"href":"http:\/\/ludzieikrajobrazy.muzeumleszno.pl\/index.php?rest_route=\/wp\/v2\/posts\/855","targetHints":{"allow":["GET"]}}],"collection":[{"href":"http:\/\/ludzieikrajobrazy.muzeumleszno.pl\/index.php?rest_route=\/wp\/v2\/posts"}],"about":[{"href":"http:\/\/ludzieikrajobrazy.muzeumleszno.pl\/index.php?rest_route=\/wp\/v2\/types\/post"}],"author":[{"embeddable":true,"href":"http:\/\/ludzieikrajobrazy.muzeumleszno.pl\/index.php?rest_route=\/wp\/v2\/users\/1"}],"replies":[{"embeddable":true,"href":"http:\/\/ludzieikrajobrazy.muzeumleszno.pl\/index.php?rest_route=%2Fwp%2Fv2%2Fcomments&post=855"}],"version-history":[{"count":3,"href":"http:\/\/ludzieikrajobrazy.muzeumleszno.pl\/index.php?rest_route=\/wp\/v2\/posts\/855\/revisions"}],"predecessor-version":[{"id":1420,"href":"http:\/\/ludzieikrajobrazy.muzeumleszno.pl\/index.php?rest_route=\/wp\/v2\/posts\/855\/revisions\/1420"}],"wp:featuredmedia":[{"embeddable":true,"href":"http:\/\/ludzieikrajobrazy.muzeumleszno.pl\/index.php?rest_route=\/wp\/v2\/media\/856"}],"wp:attachment":[{"href":"http:\/\/ludzieikrajobrazy.muzeumleszno.pl\/index.php?rest_route=%2Fwp%2Fv2%2Fmedia&parent=855"}],"wp:term":[{"taxonomy":"category","embeddable":true,"href":"http:\/\/ludzieikrajobrazy.muzeumleszno.pl\/index.php?rest_route=%2Fwp%2Fv2%2Fcategories&post=855"},{"taxonomy":"post_tag","embeddable":true,"href":"http:\/\/ludzieikrajobrazy.muzeumleszno.pl\/index.php?rest_route=%2Fwp%2Fv2%2Ftags&post=855"}],"curies":[{"name":"wp","href":"https:\/\/api.w.org\/{rel}","templated":true}]}}