{"id":868,"date":"2024-06-21T11:44:54","date_gmt":"2024-06-21T09:44:54","guid":{"rendered":"http:\/\/ludzieikrajobrazy.muzeumleszno.pl\/?p=868"},"modified":"2024-10-02T12:07:48","modified_gmt":"2024-10-02T10:07:48","slug":"wloszakowice-fotografia-slubna-okolo-1928-1929-roku","status":"publish","type":"post","link":"http:\/\/ludzieikrajobrazy.muzeumleszno.pl\/?p=868","title":{"rendered":"W\u0142oszakowice. Fotografia \u015blubna, oko\u0142o 1928\u20131929 roku"},"content":{"rendered":"\n<p>We wszystkich kulturach i spo\u0142eczno\u015bciach \u015blub stanowi element utrwalonego przez tradycj\u0119 rytua\u0142u, nadaj\u0105cego m\u0142odej parze status rodziny. Od wiek\u00f3w wraz z weselem zaliczany jest do najwa\u017cniejszych moment\u00f3w w \u017cyciu cz\u0142owieka. \u0141\u0105cz\u0105c ze sob\u0105 dwie osoby, \u0142\u0105czy tak\u017ce ich rodziny i \u015brodowiska.&nbsp;<\/p>\n\n\n\n<p>Obrz\u0119dy \u015blubne pozostaj\u0105 sum\u0105 zwyczaj\u00f3w religijnych i \u015bwieckich,&nbsp; kt\u00f3rych celem jest spo\u0142eczne usankcjonowanie i zatwierdzenie ceremonii. Uroczysto\u015b\u0107 aktu przek\u0142ada si\u0119 w r\u00f3wnym stopniu na jego opraw\u0119, jak i na spos\u00f3b prezentacji nowo\u017ce\u0144c\u00f3w, w tym w\u0142a\u015bciwy dla danej kultury str\u00f3j panny i pana m\u0142odego. Zmieniaj\u0105ca si\u0119 moda wprowadza jedynie niewielkie zmiany w tym zakresie. Od czas\u00f3w upowszechnienia si\u0119 fotografii zdj\u0119cia \u015blubne sta\u0142y si\u0119 cz\u0119\u015bci\u0105 ceremonia\u0142u i do dzisiaj pozostaj\u0105 wa\u017cn\u0105 dla wszystkich pami\u0105tka.&nbsp;<\/p>\n\n\n\n<p>Fotografi\u0119 wykonano podczas uroczysto\u015bci weselnej plutonowego 55 pozna\u0144skiego pu\u0142ku piechoty Antoniego Brz\u00f3ski (1899\u20131976) i Emilii Pytlik (1908\u20131977) z W\u0142oszakowic. Ma\u0142\u017conkowie po \u015blubie mieszkali w Lesznie.&nbsp;<\/p>\n\n\n\n<figure data-wp-context=\"{&quot;imageId&quot;:&quot;69f1c688e20f2&quot;}\" data-wp-interactive=\"core\/image\" data-wp-key=\"69f1c688e20f2\" class=\"wp-block-image size-full wp-lightbox-container\"><img fetchpriority=\"high\" decoding=\"async\" width=\"2560\" height=\"1901\" data-wp-class--hide=\"state.isContentHidden\" data-wp-class--show=\"state.isContentVisible\" data-wp-init=\"callbacks.setButtonStyles\" data-wp-on--click=\"actions.showLightbox\" data-wp-on--load=\"callbacks.setButtonStyles\" data-wp-on-window--resize=\"callbacks.setButtonStyles\" src=\"http:\/\/ludzieikrajobrazy.muzeumleszno.pl\/wp-content\/uploads\/2024\/07\/186_MLFa-3589-scaled.jpg\" alt=\"Zdj\u0119cie \u015blubne Emilii Pytli i Antoniego Brz\u00f3ski\" class=\"wp-image-869\" srcset=\"http:\/\/ludzieikrajobrazy.muzeumleszno.pl\/wp-content\/uploads\/2024\/07\/186_MLFa-3589-scaled.jpg 2560w, http:\/\/ludzieikrajobrazy.muzeumleszno.pl\/wp-content\/uploads\/2024\/07\/186_MLFa-3589-1536x1141.jpg 1536w, http:\/\/ludzieikrajobrazy.muzeumleszno.pl\/wp-content\/uploads\/2024\/07\/186_MLFa-3589-2048x1521.jpg 2048w, http:\/\/ludzieikrajobrazy.muzeumleszno.pl\/wp-content\/uploads\/2024\/07\/186_MLFa-3589-200x149.jpg 200w, http:\/\/ludzieikrajobrazy.muzeumleszno.pl\/wp-content\/uploads\/2024\/07\/186_MLFa-3589-973x723.jpg 973w, http:\/\/ludzieikrajobrazy.muzeumleszno.pl\/wp-content\/uploads\/2024\/07\/186_MLFa-3589-508x377.jpg 508w\" sizes=\"(max-width: 2560px) 100vw, 2560px\" \/><button\n\t\t\tclass=\"lightbox-trigger\"\n\t\t\ttype=\"button\"\n\t\t\taria-haspopup=\"dialog\"\n\t\t\taria-label=\"Powi\u0119ksz\"\n\t\t\tdata-wp-init=\"callbacks.initTriggerButton\"\n\t\t\tdata-wp-on--click=\"actions.showLightbox\"\n\t\t\tdata-wp-style--right=\"state.imageButtonRight\"\n\t\t\tdata-wp-style--top=\"state.imageButtonTop\"\n\t\t>\n\t\t\t<svg xmlns=\"http:\/\/www.w3.org\/2000\/svg\" width=\"12\" height=\"12\" fill=\"none\" viewBox=\"0 0 12 12\">\n\t\t\t\t<path fill=\"#fff\" d=\"M2 0a2 2 0 0 0-2 2v2h1.5V2a.5.5 0 0 1 .5-.5h2V0H2Zm2 10.5H2a.5.5 0 0 1-.5-.5V8H0v2a2 2 0 0 0 2 2h2v-1.5ZM8 12v-1.5h2a.5.5 0 0 0 .5-.5V8H12v2a2 2 0 0 1-2 2H8Zm2-12a2 2 0 0 1 2 2v2h-1.5V2a.5.5 0 0 0-.5-.5H8V0h2Z\" \/>\n\t\t\t<\/svg>\n\t\t<\/button><figcaption class=\"wp-element-caption\">Zdj\u0119cie \u015blubne Emilii Pytli i Antoniego Brz\u00f3ski, wys. 8,7 cm x szer. 13,7 cm; odbitka srebrowo-\u017celatynowa, papier fotograficzny, okres mi\u0119dzywojenny; Muzeum Okr\u0119gowe w Lesznie; MLFa3589<\/figcaption><\/figure>\n\n\n\n<p class=\"has-small-font-size\">nr inw. MLFa 3589<br>W zbiorach Muzeum Okr\u0119gowego w Lesznie od 2021 roku, dar<\/p>\n\n\n\n<p>D.Cz.<\/p>\n\n\n\n<figure class=\"wp-block-embed is-type-video is-provider-youtube wp-block-embed-youtube wp-embed-aspect-16-9 wp-has-aspect-ratio\"><div class=\"wp-block-embed__wrapper\">\n<iframe title=\"W\u0142oszakowice  Fotografia \u015blubna, oko\u0142o 1928\u20131929 roku\" width=\"620\" height=\"349\" src=\"https:\/\/www.youtube.com\/embed\/USpgSECCpOg?feature=oembed\" frameborder=\"0\" allow=\"accelerometer; autoplay; clipboard-write; encrypted-media; gyroscope; picture-in-picture; web-share\" referrerpolicy=\"strict-origin-when-cross-origin\" allowfullscreen><\/iframe>\n<\/div><\/figure>\n","protected":false},"excerpt":{"rendered":"<p>We wszystkich kulturach i spo\u0142eczno\u015bciach \u015blub stanowi element utrwalonego przez tradycj\u0119 rytua\u0142u, nadaj\u0105cego m\u0142odej parze status rodziny. Od wiek\u00f3w wraz z weselem zaliczany jest do najwa\u017cniejszych moment\u00f3w w&#8230;<\/p>\n","protected":false},"author":1,"featured_media":869,"comment_status":"closed","ping_status":"closed","sticky":false,"template":"","format":"standard","meta":{"cybocfi_hide_featured_image":"yes","footnotes":""},"categories":[703],"tags":[999,1710,378,165,1906,1187,1720,520,736,852,1703,417,201,1525,1523,1137,1289,1318,1920,357,1079,796,1527,1447,1679,1917,1116,1546,1531,1530,1919,1251,1529,1718,1526,1914,1185,1918,250,785,1547,1357,1172,1306,1915,1916],"class_list":["post-868","post","type-post","status-publish","format-standard","has-post-thumbnail","hentry","category-wloszakowice","tag-999","tag-antoni-brzoska","tag-architektura","tag-budownictwo-murowane","tag-bukiet","tag-cegla","tag-ceremonia","tag-dokumentacja","tag-drzewa","tag-dziecko","tag-emilia-pytlik","tag-fotografia","tag-fotografia-grupowa","tag-fotografia-okolicznosciowa","tag-fotografia-slubna","tag-grupa-ludzi","tag-kobieta","tag-kobiety","tag-krakobraz","tag-leszno","tag-mezczyzna","tag-mezczyzni","tag-mloda-para","tag-mundur","tag-nakrycie-glowy","tag-nowozency","tag-obrzed","tag-pamiatka-2","tag-pan-mlody","tag-panna-mloda","tag-podworko","tag-powaga","tag-rodzina","tag-rytual","tag-slub","tag-srodowisko","tag-stroj-odswietny","tag-suknia-slubna","tag-uroczystosc","tag-usmiech","tag-wesele","tag-wloszakowice","tag-zwyczaj","tag-zwyczaje","tag-zwyczaje-religijne","tag-zwyczaje-swieckie"],"yoast_head":"<!-- This site is optimized with the Yoast SEO plugin v27.5 - https:\/\/yoast.com\/product\/yoast-seo-wordpress\/ -->\n<title>W\u0142oszakowice. Fotografia \u015blubna, oko\u0142o 1928\u20131929 roku - Ludzie i krajobrazy. Powiat Leszczy\u0144ski w ikonografii<\/title>\n<meta name=\"robots\" content=\"index, follow, max-snippet:-1, max-image-preview:large, max-video-preview:-1\" \/>\n<link rel=\"canonical\" href=\"http:\/\/ludzieikrajobrazy.muzeumleszno.pl\/?p=868\" \/>\n<meta property=\"og:locale\" content=\"pl_PL\" \/>\n<meta property=\"og:type\" content=\"article\" \/>\n<meta property=\"og:title\" content=\"W\u0142oszakowice. Fotografia \u015blubna, oko\u0142o 1928\u20131929 roku - Ludzie i krajobrazy. Powiat Leszczy\u0144ski w ikonografii\" \/>\n<meta property=\"og:description\" content=\"We wszystkich kulturach i spo\u0142eczno\u015bciach \u015blub stanowi element utrwalonego przez tradycj\u0119 rytua\u0142u, nadaj\u0105cego m\u0142odej parze status rodziny. Od wiek\u00f3w wraz z weselem zaliczany jest do najwa\u017cniejszych moment\u00f3w w...\" \/>\n<meta property=\"og:url\" content=\"http:\/\/ludzieikrajobrazy.muzeumleszno.pl\/?p=868\" \/>\n<meta property=\"og:site_name\" content=\"Ludzie i krajobrazy. Powiat Leszczy\u0144ski w ikonografii\" \/>\n<meta property=\"article:published_time\" content=\"2024-06-21T09:44:54+00:00\" \/>\n<meta property=\"article:modified_time\" content=\"2024-10-02T10:07:48+00:00\" \/>\n<meta property=\"og:image\" content=\"http:\/\/ludzieikrajobrazy.muzeumleszno.pl\/wp-content\/uploads\/2024\/07\/186_MLFa-3589-scaled.jpg\" \/>\n\t<meta property=\"og:image:width\" content=\"2560\" \/>\n\t<meta property=\"og:image:height\" content=\"1901\" \/>\n\t<meta property=\"og:image:type\" content=\"image\/jpeg\" \/>\n<meta name=\"author\" content=\"Pan_Admin\" \/>\n<meta name=\"twitter:card\" content=\"summary_large_image\" \/>\n<meta name=\"twitter:label1\" content=\"Napisane przez\" \/>\n\t<meta name=\"twitter:data1\" content=\"Pan_Admin\" \/>\n\t<meta name=\"twitter:label2\" content=\"Szacowany czas czytania\" \/>\n\t<meta name=\"twitter:data2\" content=\"2 minuty\" \/>\n<script type=\"application\/ld+json\" class=\"yoast-schema-graph\">{\"@context\":\"https:\\\/\\\/schema.org\",\"@graph\":[{\"@type\":\"Article\",\"@id\":\"http:\\\/\\\/ludzieikrajobrazy.muzeumleszno.pl\\\/?p=868#article\",\"isPartOf\":{\"@id\":\"http:\\\/\\\/ludzieikrajobrazy.muzeumleszno.pl\\\/?p=868\"},\"author\":{\"name\":\"Pan_Admin\",\"@id\":\"https:\\\/\\\/ludzieikrajobrazy.muzeumleszno.pl\\\/#\\\/schema\\\/person\\\/fc2bc20e2b51efc3202ac1f0cdcd06c0\"},\"headline\":\"W\u0142oszakowice. Fotografia \u015blubna, oko\u0142o 1928\u20131929 roku\",\"datePublished\":\"2024-06-21T09:44:54+00:00\",\"dateModified\":\"2024-10-02T10:07:48+00:00\",\"mainEntityOfPage\":{\"@id\":\"http:\\\/\\\/ludzieikrajobrazy.muzeumleszno.pl\\\/?p=868\"},\"wordCount\":232,\"image\":{\"@id\":\"http:\\\/\\\/ludzieikrajobrazy.muzeumleszno.pl\\\/?p=868#primaryimage\"},\"thumbnailUrl\":\"http:\\\/\\\/ludzieikrajobrazy.muzeumleszno.pl\\\/wp-content\\\/uploads\\\/2024\\\/07\\\/186_MLFa-3589-scaled.jpg\",\"keywords\":[\"1928\",\"Antoni Brz\u00f3ska\",\"architektura\",\"budownictwo murowane\",\"bukiet\",\"ceg\u0142a\",\"ceremonia\",\"dokumentacja\",\"drzewa\",\"dziecko\",\"Emilia Pytlik\",\"fotografia\",\"fotografia grupowa\",\"fotografia okoliczno\u015bciowa\",\"fotografia \u015blubna\",\"grupa ludzi\",\"kobieta\",\"kobiety\",\"krakobraz\",\"Leszno\",\"m\u0119\u017cczyzna\",\"m\u0119\u017cczy\u017ani\",\"m\u0142oda para\",\"mundur\",\"nakrycie g\u0142owy\",\"nowo\u017ce\u0144cy\",\"obrz\u0119d\",\"pami\u0105tka\",\"pan m\u0142ody\",\"panna m\u0142oda\",\"podw\u00f3rko\",\"powaga\",\"rodzina\",\"rytua\u0142\",\"\u015blub\",\"\u015brodowisko\",\"str\u00f3j od\u015bwi\u0119tny\",\"suknia \u015blubna\",\"uroczysto\u015b\u0107\",\"u\u015bmiech\",\"wesele\",\"W\u0142oszakowice\",\"zwyczaj\",\"zwyczaje\",\"zwyczaje religijne\",\"zwyczaje \u015bwieckie\"],\"articleSection\":[\"W\u0142oszakowice\"],\"inLanguage\":\"pl-PL\"},{\"@type\":\"WebPage\",\"@id\":\"http:\\\/\\\/ludzieikrajobrazy.muzeumleszno.pl\\\/?p=868\",\"url\":\"http:\\\/\\\/ludzieikrajobrazy.muzeumleszno.pl\\\/?p=868\",\"name\":\"W\u0142oszakowice. Fotografia \u015blubna, oko\u0142o 1928\u20131929 roku - Ludzie i krajobrazy. Powiat Leszczy\u0144ski w ikonografii\",\"isPartOf\":{\"@id\":\"https:\\\/\\\/ludzieikrajobrazy.muzeumleszno.pl\\\/#website\"},\"primaryImageOfPage\":{\"@id\":\"http:\\\/\\\/ludzieikrajobrazy.muzeumleszno.pl\\\/?p=868#primaryimage\"},\"image\":{\"@id\":\"http:\\\/\\\/ludzieikrajobrazy.muzeumleszno.pl\\\/?p=868#primaryimage\"},\"thumbnailUrl\":\"http:\\\/\\\/ludzieikrajobrazy.muzeumleszno.pl\\\/wp-content\\\/uploads\\\/2024\\\/07\\\/186_MLFa-3589-scaled.jpg\",\"datePublished\":\"2024-06-21T09:44:54+00:00\",\"dateModified\":\"2024-10-02T10:07:48+00:00\",\"author\":{\"@id\":\"https:\\\/\\\/ludzieikrajobrazy.muzeumleszno.pl\\\/#\\\/schema\\\/person\\\/fc2bc20e2b51efc3202ac1f0cdcd06c0\"},\"breadcrumb\":{\"@id\":\"http:\\\/\\\/ludzieikrajobrazy.muzeumleszno.pl\\\/?p=868#breadcrumb\"},\"inLanguage\":\"pl-PL\",\"potentialAction\":[{\"@type\":\"ReadAction\",\"target\":[\"http:\\\/\\\/ludzieikrajobrazy.muzeumleszno.pl\\\/?p=868\"]}]},{\"@type\":\"BreadcrumbList\",\"@id\":\"http:\\\/\\\/ludzieikrajobrazy.muzeumleszno.pl\\\/?p=868#breadcrumb\",\"itemListElement\":[{\"@type\":\"ListItem\",\"position\":1,\"name\":\"Home\",\"item\":\"https:\\\/\\\/ludzieikrajobrazy.muzeumleszno.pl\\\/\"},{\"@type\":\"ListItem\",\"position\":2,\"name\":\"W\u0142oszakowice. Fotografia \u015blubna, oko\u0142o 1928\u20131929 roku\"}]},{\"@type\":\"WebSite\",\"@id\":\"https:\\\/\\\/ludzieikrajobrazy.muzeumleszno.pl\\\/#website\",\"url\":\"https:\\\/\\\/ludzieikrajobrazy.muzeumleszno.pl\\\/\",\"name\":\"Ludzie i krajobrazy. Powiat Leszczy\u0144ski w ikonografii\",\"description\":\"Powiat Leszczy\u0144ski w ikonografii\",\"potentialAction\":[{\"@type\":\"SearchAction\",\"target\":{\"@type\":\"EntryPoint\",\"urlTemplate\":\"https:\\\/\\\/ludzieikrajobrazy.muzeumleszno.pl\\\/?s={search_term_string}\"},\"query-input\":{\"@type\":\"PropertyValueSpecification\",\"valueRequired\":true,\"valueName\":\"search_term_string\"}}],\"inLanguage\":\"pl-PL\"},{\"@type\":\"Person\",\"@id\":\"https:\\\/\\\/ludzieikrajobrazy.muzeumleszno.pl\\\/#\\\/schema\\\/person\\\/fc2bc20e2b51efc3202ac1f0cdcd06c0\",\"name\":\"Pan_Admin\",\"image\":{\"@type\":\"ImageObject\",\"inLanguage\":\"pl-PL\",\"@id\":\"https:\\\/\\\/secure.gravatar.com\\\/avatar\\\/d109d485abe889ecc32dbdb971b715ad9d4596bd0e2353626451db3e04099822?s=96&d=mm&r=g\",\"url\":\"https:\\\/\\\/secure.gravatar.com\\\/avatar\\\/d109d485abe889ecc32dbdb971b715ad9d4596bd0e2353626451db3e04099822?s=96&d=mm&r=g\",\"contentUrl\":\"https:\\\/\\\/secure.gravatar.com\\\/avatar\\\/d109d485abe889ecc32dbdb971b715ad9d4596bd0e2353626451db3e04099822?s=96&d=mm&r=g\",\"caption\":\"Pan_Admin\"},\"sameAs\":[\"http:\\\/\\\/ludzieikrajobrazy.muzeumleszno.pl\"],\"url\":\"http:\\\/\\\/ludzieikrajobrazy.muzeumleszno.pl\\\/?author=1\"}]}<\/script>\n<!-- \/ Yoast SEO plugin. -->","yoast_head_json":{"title":"W\u0142oszakowice. Fotografia \u015blubna, oko\u0142o 1928\u20131929 roku - Ludzie i krajobrazy. Powiat Leszczy\u0144ski w ikonografii","robots":{"index":"index","follow":"follow","max-snippet":"max-snippet:-1","max-image-preview":"max-image-preview:large","max-video-preview":"max-video-preview:-1"},"canonical":"http:\/\/ludzieikrajobrazy.muzeumleszno.pl\/?p=868","og_locale":"pl_PL","og_type":"article","og_title":"W\u0142oszakowice. Fotografia \u015blubna, oko\u0142o 1928\u20131929 roku - Ludzie i krajobrazy. Powiat Leszczy\u0144ski w ikonografii","og_description":"We wszystkich kulturach i spo\u0142eczno\u015bciach \u015blub stanowi element utrwalonego przez tradycj\u0119 rytua\u0142u, nadaj\u0105cego m\u0142odej parze status rodziny. Od wiek\u00f3w wraz z weselem zaliczany jest do najwa\u017cniejszych moment\u00f3w w...","og_url":"http:\/\/ludzieikrajobrazy.muzeumleszno.pl\/?p=868","og_site_name":"Ludzie i krajobrazy. Powiat Leszczy\u0144ski w ikonografii","article_published_time":"2024-06-21T09:44:54+00:00","article_modified_time":"2024-10-02T10:07:48+00:00","og_image":[{"width":2560,"height":1901,"url":"http:\/\/ludzieikrajobrazy.muzeumleszno.pl\/wp-content\/uploads\/2024\/07\/186_MLFa-3589-scaled.jpg","type":"image\/jpeg"}],"author":"Pan_Admin","twitter_card":"summary_large_image","twitter_misc":{"Napisane przez":"Pan_Admin","Szacowany czas czytania":"2 minuty"},"schema":{"@context":"https:\/\/schema.org","@graph":[{"@type":"Article","@id":"http:\/\/ludzieikrajobrazy.muzeumleszno.pl\/?p=868#article","isPartOf":{"@id":"http:\/\/ludzieikrajobrazy.muzeumleszno.pl\/?p=868"},"author":{"name":"Pan_Admin","@id":"https:\/\/ludzieikrajobrazy.muzeumleszno.pl\/#\/schema\/person\/fc2bc20e2b51efc3202ac1f0cdcd06c0"},"headline":"W\u0142oszakowice. Fotografia \u015blubna, oko\u0142o 1928\u20131929 roku","datePublished":"2024-06-21T09:44:54+00:00","dateModified":"2024-10-02T10:07:48+00:00","mainEntityOfPage":{"@id":"http:\/\/ludzieikrajobrazy.muzeumleszno.pl\/?p=868"},"wordCount":232,"image":{"@id":"http:\/\/ludzieikrajobrazy.muzeumleszno.pl\/?p=868#primaryimage"},"thumbnailUrl":"http:\/\/ludzieikrajobrazy.muzeumleszno.pl\/wp-content\/uploads\/2024\/07\/186_MLFa-3589-scaled.jpg","keywords":["1928","Antoni Brz\u00f3ska","architektura","budownictwo murowane","bukiet","ceg\u0142a","ceremonia","dokumentacja","drzewa","dziecko","Emilia Pytlik","fotografia","fotografia grupowa","fotografia okoliczno\u015bciowa","fotografia \u015blubna","grupa ludzi","kobieta","kobiety","krakobraz","Leszno","m\u0119\u017cczyzna","m\u0119\u017cczy\u017ani","m\u0142oda para","mundur","nakrycie g\u0142owy","nowo\u017ce\u0144cy","obrz\u0119d","pami\u0105tka","pan m\u0142ody","panna m\u0142oda","podw\u00f3rko","powaga","rodzina","rytua\u0142","\u015blub","\u015brodowisko","str\u00f3j od\u015bwi\u0119tny","suknia \u015blubna","uroczysto\u015b\u0107","u\u015bmiech","wesele","W\u0142oszakowice","zwyczaj","zwyczaje","zwyczaje religijne","zwyczaje \u015bwieckie"],"articleSection":["W\u0142oszakowice"],"inLanguage":"pl-PL"},{"@type":"WebPage","@id":"http:\/\/ludzieikrajobrazy.muzeumleszno.pl\/?p=868","url":"http:\/\/ludzieikrajobrazy.muzeumleszno.pl\/?p=868","name":"W\u0142oszakowice. Fotografia \u015blubna, oko\u0142o 1928\u20131929 roku - Ludzie i krajobrazy. Powiat Leszczy\u0144ski w ikonografii","isPartOf":{"@id":"https:\/\/ludzieikrajobrazy.muzeumleszno.pl\/#website"},"primaryImageOfPage":{"@id":"http:\/\/ludzieikrajobrazy.muzeumleszno.pl\/?p=868#primaryimage"},"image":{"@id":"http:\/\/ludzieikrajobrazy.muzeumleszno.pl\/?p=868#primaryimage"},"thumbnailUrl":"http:\/\/ludzieikrajobrazy.muzeumleszno.pl\/wp-content\/uploads\/2024\/07\/186_MLFa-3589-scaled.jpg","datePublished":"2024-06-21T09:44:54+00:00","dateModified":"2024-10-02T10:07:48+00:00","author":{"@id":"https:\/\/ludzieikrajobrazy.muzeumleszno.pl\/#\/schema\/person\/fc2bc20e2b51efc3202ac1f0cdcd06c0"},"breadcrumb":{"@id":"http:\/\/ludzieikrajobrazy.muzeumleszno.pl\/?p=868#breadcrumb"},"inLanguage":"pl-PL","potentialAction":[{"@type":"ReadAction","target":["http:\/\/ludzieikrajobrazy.muzeumleszno.pl\/?p=868"]}]},{"@type":"BreadcrumbList","@id":"http:\/\/ludzieikrajobrazy.muzeumleszno.pl\/?p=868#breadcrumb","itemListElement":[{"@type":"ListItem","position":1,"name":"Home","item":"https:\/\/ludzieikrajobrazy.muzeumleszno.pl\/"},{"@type":"ListItem","position":2,"name":"W\u0142oszakowice. Fotografia \u015blubna, oko\u0142o 1928\u20131929 roku"}]},{"@type":"WebSite","@id":"https:\/\/ludzieikrajobrazy.muzeumleszno.pl\/#website","url":"https:\/\/ludzieikrajobrazy.muzeumleszno.pl\/","name":"Ludzie i krajobrazy. Powiat Leszczy\u0144ski w ikonografii","description":"Powiat Leszczy\u0144ski w ikonografii","potentialAction":[{"@type":"SearchAction","target":{"@type":"EntryPoint","urlTemplate":"https:\/\/ludzieikrajobrazy.muzeumleszno.pl\/?s={search_term_string}"},"query-input":{"@type":"PropertyValueSpecification","valueRequired":true,"valueName":"search_term_string"}}],"inLanguage":"pl-PL"},{"@type":"Person","@id":"https:\/\/ludzieikrajobrazy.muzeumleszno.pl\/#\/schema\/person\/fc2bc20e2b51efc3202ac1f0cdcd06c0","name":"Pan_Admin","image":{"@type":"ImageObject","inLanguage":"pl-PL","@id":"https:\/\/secure.gravatar.com\/avatar\/d109d485abe889ecc32dbdb971b715ad9d4596bd0e2353626451db3e04099822?s=96&d=mm&r=g","url":"https:\/\/secure.gravatar.com\/avatar\/d109d485abe889ecc32dbdb971b715ad9d4596bd0e2353626451db3e04099822?s=96&d=mm&r=g","contentUrl":"https:\/\/secure.gravatar.com\/avatar\/d109d485abe889ecc32dbdb971b715ad9d4596bd0e2353626451db3e04099822?s=96&d=mm&r=g","caption":"Pan_Admin"},"sameAs":["http:\/\/ludzieikrajobrazy.muzeumleszno.pl"],"url":"http:\/\/ludzieikrajobrazy.muzeumleszno.pl\/?author=1"}]}},"_links":{"self":[{"href":"http:\/\/ludzieikrajobrazy.muzeumleszno.pl\/index.php?rest_route=\/wp\/v2\/posts\/868","targetHints":{"allow":["GET"]}}],"collection":[{"href":"http:\/\/ludzieikrajobrazy.muzeumleszno.pl\/index.php?rest_route=\/wp\/v2\/posts"}],"about":[{"href":"http:\/\/ludzieikrajobrazy.muzeumleszno.pl\/index.php?rest_route=\/wp\/v2\/types\/post"}],"author":[{"embeddable":true,"href":"http:\/\/ludzieikrajobrazy.muzeumleszno.pl\/index.php?rest_route=\/wp\/v2\/users\/1"}],"replies":[{"embeddable":true,"href":"http:\/\/ludzieikrajobrazy.muzeumleszno.pl\/index.php?rest_route=%2Fwp%2Fv2%2Fcomments&post=868"}],"version-history":[{"count":2,"href":"http:\/\/ludzieikrajobrazy.muzeumleszno.pl\/index.php?rest_route=\/wp\/v2\/posts\/868\/revisions"}],"predecessor-version":[{"id":1391,"href":"http:\/\/ludzieikrajobrazy.muzeumleszno.pl\/index.php?rest_route=\/wp\/v2\/posts\/868\/revisions\/1391"}],"wp:featuredmedia":[{"embeddable":true,"href":"http:\/\/ludzieikrajobrazy.muzeumleszno.pl\/index.php?rest_route=\/wp\/v2\/media\/869"}],"wp:attachment":[{"href":"http:\/\/ludzieikrajobrazy.muzeumleszno.pl\/index.php?rest_route=%2Fwp%2Fv2%2Fmedia&parent=868"}],"wp:term":[{"taxonomy":"category","embeddable":true,"href":"http:\/\/ludzieikrajobrazy.muzeumleszno.pl\/index.php?rest_route=%2Fwp%2Fv2%2Fcategories&post=868"},{"taxonomy":"post_tag","embeddable":true,"href":"http:\/\/ludzieikrajobrazy.muzeumleszno.pl\/index.php?rest_route=%2Fwp%2Fv2%2Ftags&post=868"}],"curies":[{"name":"wp","href":"https:\/\/api.w.org\/{rel}","templated":true}]}}