{"id":871,"date":"2024-06-21T11:43:23","date_gmt":"2024-06-21T09:43:23","guid":{"rendered":"http:\/\/ludzieikrajobrazy.muzeumleszno.pl\/?p=871"},"modified":"2024-10-02T11:59:50","modified_gmt":"2024-10-02T09:59:50","slug":"wloszakowice-portret-rodziny-pytlik-przed-1938-rokiem","status":"publish","type":"post","link":"http:\/\/ludzieikrajobrazy.muzeumleszno.pl\/?p=871","title":{"rendered":"W\u0142oszakowice. Portret rodziny Pytlik, przed 1938 rokiem"},"content":{"rendered":"\n<p>W\u0142oszakowice to miejscowo\u015b\u0107 licz\u0105ca blisko 4000 mieszka\u0144c\u00f3w. W okresie mi\u0119dzywojennym by\u0142o ich ponad dwa razy mniej, a cz\u0119\u015b\u0107 ludno\u015bci by\u0142a pochodzenia niemieckiego. O \u00f3wczesnej \u015bwiadomo\u015bci narodowej zdecydowanej wi\u0119kszo\u015bci mieszka\u0144c\u00f3w mo\u017ce oczywi\u015bcie \u015bwiadczy\u0107 udzia\u0142 w powstaniu wielkopolskim i ofiara krwi, kt\u00f3r\u0105 z\u0142o\u017cono u progu niepodleg\u0142o\u015bci. By\u0142y to jednak czasy, gdy rodziny mieszane w Wielkopolsce stanowi\u0142y powszechne zjawisko i polskie lub niemieckie nazwiska nie decydowa\u0142y o wyborze tej lub innej opcji narodowej.&nbsp;<\/p>\n\n\n\n<p>Do takiej grupy mieszka\u0144c\u00f3w nale\u017ca\u0142a rodzina murarza Romana Pytlika (1865\u2013) i Rozalii z domu Dartsch (1868\u20131938), \u017cyj\u0105ca na styku dw\u00f3ch kultur i mocno zwi\u0105zana z lokaln\u0105 wsp\u00f3lnot\u0105. Na fotografii senior i seniorka rodu siedz\u0105 w otoczeniu najbli\u017cszej rodziny: syn\u00f3w, c\u00f3rek i zi\u0119ci\u00f3w. Na budynku przed kt\u00f3rym wykonano zdj\u0119cie znajduje si\u0119 dwuj\u0119zyczna tablica informacyjna z napisem: <em>Akuszerka R. Pytlik Hebamme<\/em>.&nbsp;<\/p>\n\n\n\n<figure data-wp-context=\"{&quot;imageId&quot;:&quot;69f1ccd1d2ec1&quot;}\" data-wp-interactive=\"core\/image\" data-wp-key=\"69f1ccd1d2ec1\" class=\"wp-block-image size-full wp-lightbox-container\"><img fetchpriority=\"high\" decoding=\"async\" width=\"2560\" height=\"1670\" data-wp-class--hide=\"state.isContentHidden\" data-wp-class--show=\"state.isContentVisible\" data-wp-init=\"callbacks.setButtonStyles\" data-wp-on--click=\"actions.showLightbox\" data-wp-on--load=\"callbacks.setButtonStyles\" data-wp-on-window--resize=\"callbacks.setButtonStyles\" src=\"http:\/\/ludzieikrajobrazy.muzeumleszno.pl\/wp-content\/uploads\/2024\/07\/187_MLFa-3588-scaled.jpg\" alt=\"Rodzina Pytlik\u00f3w z W\u0142oszakowic\" class=\"wp-image-872\" srcset=\"http:\/\/ludzieikrajobrazy.muzeumleszno.pl\/wp-content\/uploads\/2024\/07\/187_MLFa-3588-scaled.jpg 2560w, http:\/\/ludzieikrajobrazy.muzeumleszno.pl\/wp-content\/uploads\/2024\/07\/187_MLFa-3588-1536x1002.jpg 1536w, http:\/\/ludzieikrajobrazy.muzeumleszno.pl\/wp-content\/uploads\/2024\/07\/187_MLFa-3588-2048x1336.jpg 2048w, http:\/\/ludzieikrajobrazy.muzeumleszno.pl\/wp-content\/uploads\/2024\/07\/187_MLFa-3588-200x130.jpg 200w, http:\/\/ludzieikrajobrazy.muzeumleszno.pl\/wp-content\/uploads\/2024\/07\/187_MLFa-3588-973x635.jpg 973w, http:\/\/ludzieikrajobrazy.muzeumleszno.pl\/wp-content\/uploads\/2024\/07\/187_MLFa-3588-508x331.jpg 508w\" sizes=\"(max-width: 2560px) 100vw, 2560px\" \/><button\n\t\t\tclass=\"lightbox-trigger\"\n\t\t\ttype=\"button\"\n\t\t\taria-haspopup=\"dialog\"\n\t\t\taria-label=\"Powi\u0119ksz\"\n\t\t\tdata-wp-init=\"callbacks.initTriggerButton\"\n\t\t\tdata-wp-on--click=\"actions.showLightbox\"\n\t\t\tdata-wp-style--right=\"state.imageButtonRight\"\n\t\t\tdata-wp-style--top=\"state.imageButtonTop\"\n\t\t>\n\t\t\t<svg xmlns=\"http:\/\/www.w3.org\/2000\/svg\" width=\"12\" height=\"12\" fill=\"none\" viewBox=\"0 0 12 12\">\n\t\t\t\t<path fill=\"#fff\" d=\"M2 0a2 2 0 0 0-2 2v2h1.5V2a.5.5 0 0 1 .5-.5h2V0H2Zm2 10.5H2a.5.5 0 0 1-.5-.5V8H0v2a2 2 0 0 0 2 2h2v-1.5ZM8 12v-1.5h2a.5.5 0 0 0 .5-.5V8H12v2a2 2 0 0 1-2 2H8Zm2-12a2 2 0 0 1 2 2v2h-1.5V2a.5.5 0 0 0-.5-.5H8V0h2Z\" \/>\n\t\t\t<\/svg>\n\t\t<\/button><figcaption class=\"wp-element-caption\">Rodzina Pytlik\u00f3w z W\u0142oszakowic, wys. 5,5 cm x szer. 9 cm; odbitka srebrowo-\u017celatynowa, papier fotograficzny, okres mi\u0119dzywojenny; Muzeum Okr\u0119gowe w Lesznie; MLFa3588<\/figcaption><\/figure>\n\n\n\n<p class=\"has-small-font-size\">nr inw. MLFa 3588<br>W zbiorach Muzeum Okr\u0119gowego w Lesznie od 2021 roku, dar<\/p>\n\n\n\n<p>D.Cz.&nbsp;<\/p>\n\n\n\n<figure class=\"wp-block-embed is-type-video is-provider-youtube wp-block-embed-youtube wp-embed-aspect-16-9 wp-has-aspect-ratio\"><div class=\"wp-block-embed__wrapper\">\n<iframe title=\"W\u0142oszakowice  Portret rodziny Pytlik, przed 1938 rokiem\" width=\"620\" height=\"349\" src=\"https:\/\/www.youtube.com\/embed\/JcFHbb97Dx4?feature=oembed\" frameborder=\"0\" allow=\"accelerometer; autoplay; clipboard-write; encrypted-media; gyroscope; picture-in-picture; web-share\" referrerpolicy=\"strict-origin-when-cross-origin\" allowfullscreen><\/iframe>\n<\/div><\/figure>\n","protected":false},"excerpt":{"rendered":"<p>W\u0142oszakowice to miejscowo\u015b\u0107 licz\u0105ca blisko 4000 mieszka\u0144c\u00f3w. W okresie mi\u0119dzywojennym by\u0142o ich ponad dwa razy mniej, a cz\u0119\u015b\u0107 ludno\u015bci by\u0142a pochodzenia niemieckiego. O \u00f3wczesnej \u015bwiadomo\u015bci narodowej zdecydowanej wi\u0119kszo\u015bci&#8230;<\/p>\n","protected":false},"author":1,"featured_media":872,"comment_status":"closed","ping_status":"closed","sticky":false,"template":"","format":"standard","meta":{"cybocfi_hide_featured_image":"","footnotes":""},"categories":[703],"tags":[554,1652,378,165,1187,1925,520,1905,852,417,201,247,1289,1318,1079,796,215,1447,1689,1715,1919,314,1251,947,1921,1687,1690,1648,1922,1923,1185,1248,785,1924,1851,1357],"class_list":["post-871","post","type-post","status-publish","format-standard","has-post-thumbnail","hentry","category-wloszakowice","tag-554","tag-akuszerka","tag-architektura","tag-budownictwo-murowane","tag-cegla","tag-ciemna-sukienka","tag-dokumentacja","tag-drzwi","tag-dziecko","tag-fotografia","tag-fotografia-grupowa","tag-garnitur","tag-kobieta","tag-kobiety","tag-mezczyzna","tag-mezczyzni","tag-miedzywojnie","tag-mundur","tag-murarz","tag-plener","tag-podworko","tag-portret-rodzinny","tag-powaga","tag-rod","tag-rodzina-mieszana","tag-roman-pytlik","tag-rozalia-dartsch","tag-rozalia-pytlik","tag-senior-rodu","tag-seniorka-rodu","tag-stroj-odswietny","tag-tablica-informacyjna","tag-usmiech","tag-wejscie","tag-wielkopolska","tag-wloszakowice"],"yoast_head":"<!-- This site is optimized with the Yoast SEO plugin v27.5 - https:\/\/yoast.com\/product\/yoast-seo-wordpress\/ -->\n<title>W\u0142oszakowice. Portret rodziny Pytlik, przed 1938 rokiem - Ludzie i krajobrazy. Powiat Leszczy\u0144ski w ikonografii<\/title>\n<meta name=\"robots\" content=\"index, follow, max-snippet:-1, max-image-preview:large, max-video-preview:-1\" \/>\n<link rel=\"canonical\" href=\"http:\/\/ludzieikrajobrazy.muzeumleszno.pl\/?p=871\" \/>\n<meta property=\"og:locale\" content=\"pl_PL\" \/>\n<meta property=\"og:type\" content=\"article\" \/>\n<meta property=\"og:title\" content=\"W\u0142oszakowice. Portret rodziny Pytlik, przed 1938 rokiem - Ludzie i krajobrazy. Powiat Leszczy\u0144ski w ikonografii\" \/>\n<meta property=\"og:description\" content=\"W\u0142oszakowice to miejscowo\u015b\u0107 licz\u0105ca blisko 4000 mieszka\u0144c\u00f3w. W okresie mi\u0119dzywojennym by\u0142o ich ponad dwa razy mniej, a cz\u0119\u015b\u0107 ludno\u015bci by\u0142a pochodzenia niemieckiego. O \u00f3wczesnej \u015bwiadomo\u015bci narodowej zdecydowanej wi\u0119kszo\u015bci...\" \/>\n<meta property=\"og:url\" content=\"http:\/\/ludzieikrajobrazy.muzeumleszno.pl\/?p=871\" \/>\n<meta property=\"og:site_name\" content=\"Ludzie i krajobrazy. Powiat Leszczy\u0144ski w ikonografii\" \/>\n<meta property=\"article:published_time\" content=\"2024-06-21T09:43:23+00:00\" \/>\n<meta property=\"article:modified_time\" content=\"2024-10-02T09:59:50+00:00\" \/>\n<meta property=\"og:image\" content=\"http:\/\/ludzieikrajobrazy.muzeumleszno.pl\/wp-content\/uploads\/2024\/07\/187_MLFa-3588-scaled.jpg\" \/>\n\t<meta property=\"og:image:width\" content=\"2560\" \/>\n\t<meta property=\"og:image:height\" content=\"1670\" \/>\n\t<meta property=\"og:image:type\" content=\"image\/jpeg\" \/>\n<meta name=\"author\" content=\"Pan_Admin\" \/>\n<meta name=\"twitter:card\" content=\"summary_large_image\" \/>\n<meta name=\"twitter:label1\" content=\"Napisane przez\" \/>\n\t<meta name=\"twitter:data1\" content=\"Pan_Admin\" \/>\n\t<meta name=\"twitter:label2\" content=\"Szacowany czas czytania\" \/>\n\t<meta name=\"twitter:data2\" content=\"2 minuty\" \/>\n<script type=\"application\/ld+json\" class=\"yoast-schema-graph\">{\"@context\":\"https:\\\/\\\/schema.org\",\"@graph\":[{\"@type\":\"Article\",\"@id\":\"http:\\\/\\\/ludzieikrajobrazy.muzeumleszno.pl\\\/?p=871#article\",\"isPartOf\":{\"@id\":\"http:\\\/\\\/ludzieikrajobrazy.muzeumleszno.pl\\\/?p=871\"},\"author\":{\"name\":\"Pan_Admin\",\"@id\":\"https:\\\/\\\/ludzieikrajobrazy.muzeumleszno.pl\\\/#\\\/schema\\\/person\\\/fc2bc20e2b51efc3202ac1f0cdcd06c0\"},\"headline\":\"W\u0142oszakowice. Portret rodziny Pytlik, przed 1938 rokiem\",\"datePublished\":\"2024-06-21T09:43:23+00:00\",\"dateModified\":\"2024-10-02T09:59:50+00:00\",\"mainEntityOfPage\":{\"@id\":\"http:\\\/\\\/ludzieikrajobrazy.muzeumleszno.pl\\\/?p=871\"},\"wordCount\":220,\"image\":{\"@id\":\"http:\\\/\\\/ludzieikrajobrazy.muzeumleszno.pl\\\/?p=871#primaryimage\"},\"thumbnailUrl\":\"http:\\\/\\\/ludzieikrajobrazy.muzeumleszno.pl\\\/wp-content\\\/uploads\\\/2024\\\/07\\\/187_MLFa-3588-scaled.jpg\",\"keywords\":[\"1938\",\"akuszerka\",\"architektura\",\"budownictwo murowane\",\"ceg\u0142a\",\"ciemna sukienka\",\"dokumentacja\",\"drzwi\",\"dziecko\",\"fotografia\",\"fotografia grupowa\",\"garnitur\",\"kobieta\",\"kobiety\",\"m\u0119\u017cczyzna\",\"m\u0119\u017cczy\u017ani\",\"mi\u0119dzywojnie\",\"mundur\",\"murarz\",\"plener\",\"podw\u00f3rko\",\"portret rodzinny\",\"powaga\",\"r\u00f3d\",\"rodzina mieszana\",\"Roman Pytlik\",\"Rozalia Dartsch\",\"Rozalia Pytlik\",\"senior rodu\",\"seniorka rodu\",\"str\u00f3j od\u015bwi\u0119tny\",\"tablica informacyjna\",\"u\u015bmiech\",\"wej\u015bcie\",\"Wielkopolska\",\"W\u0142oszakowice\"],\"articleSection\":[\"W\u0142oszakowice\"],\"inLanguage\":\"pl-PL\"},{\"@type\":\"WebPage\",\"@id\":\"http:\\\/\\\/ludzieikrajobrazy.muzeumleszno.pl\\\/?p=871\",\"url\":\"http:\\\/\\\/ludzieikrajobrazy.muzeumleszno.pl\\\/?p=871\",\"name\":\"W\u0142oszakowice. Portret rodziny Pytlik, przed 1938 rokiem - Ludzie i krajobrazy. Powiat Leszczy\u0144ski w ikonografii\",\"isPartOf\":{\"@id\":\"https:\\\/\\\/ludzieikrajobrazy.muzeumleszno.pl\\\/#website\"},\"primaryImageOfPage\":{\"@id\":\"http:\\\/\\\/ludzieikrajobrazy.muzeumleszno.pl\\\/?p=871#primaryimage\"},\"image\":{\"@id\":\"http:\\\/\\\/ludzieikrajobrazy.muzeumleszno.pl\\\/?p=871#primaryimage\"},\"thumbnailUrl\":\"http:\\\/\\\/ludzieikrajobrazy.muzeumleszno.pl\\\/wp-content\\\/uploads\\\/2024\\\/07\\\/187_MLFa-3588-scaled.jpg\",\"datePublished\":\"2024-06-21T09:43:23+00:00\",\"dateModified\":\"2024-10-02T09:59:50+00:00\",\"author\":{\"@id\":\"https:\\\/\\\/ludzieikrajobrazy.muzeumleszno.pl\\\/#\\\/schema\\\/person\\\/fc2bc20e2b51efc3202ac1f0cdcd06c0\"},\"breadcrumb\":{\"@id\":\"http:\\\/\\\/ludzieikrajobrazy.muzeumleszno.pl\\\/?p=871#breadcrumb\"},\"inLanguage\":\"pl-PL\",\"potentialAction\":[{\"@type\":\"ReadAction\",\"target\":[\"http:\\\/\\\/ludzieikrajobrazy.muzeumleszno.pl\\\/?p=871\"]}]},{\"@type\":\"ImageObject\",\"inLanguage\":\"pl-PL\",\"@id\":\"http:\\\/\\\/ludzieikrajobrazy.muzeumleszno.pl\\\/?p=871#primaryimage\",\"url\":\"http:\\\/\\\/ludzieikrajobrazy.muzeumleszno.pl\\\/wp-content\\\/uploads\\\/2024\\\/07\\\/187_MLFa-3588-scaled.jpg\",\"contentUrl\":\"http:\\\/\\\/ludzieikrajobrazy.muzeumleszno.pl\\\/wp-content\\\/uploads\\\/2024\\\/07\\\/187_MLFa-3588-scaled.jpg\",\"width\":2560,\"height\":1670,\"caption\":\"Rodzina Pytlik\u00f3w z W\u0142oszakowic, wys. 5,5 cm x szer. 9 cm; odbitka srebrowo-\u017celatynowa, papier fotograficzny, okres mi\u0119dzywojenny; Muzeum Okr\u0119gowe w Lesznie; MLFa3588\"},{\"@type\":\"BreadcrumbList\",\"@id\":\"http:\\\/\\\/ludzieikrajobrazy.muzeumleszno.pl\\\/?p=871#breadcrumb\",\"itemListElement\":[{\"@type\":\"ListItem\",\"position\":1,\"name\":\"Home\",\"item\":\"https:\\\/\\\/ludzieikrajobrazy.muzeumleszno.pl\\\/\"},{\"@type\":\"ListItem\",\"position\":2,\"name\":\"W\u0142oszakowice. Portret rodziny Pytlik, przed 1938 rokiem\"}]},{\"@type\":\"WebSite\",\"@id\":\"https:\\\/\\\/ludzieikrajobrazy.muzeumleszno.pl\\\/#website\",\"url\":\"https:\\\/\\\/ludzieikrajobrazy.muzeumleszno.pl\\\/\",\"name\":\"Ludzie i krajobrazy. Powiat Leszczy\u0144ski w ikonografii\",\"description\":\"Powiat Leszczy\u0144ski w ikonografii\",\"potentialAction\":[{\"@type\":\"SearchAction\",\"target\":{\"@type\":\"EntryPoint\",\"urlTemplate\":\"https:\\\/\\\/ludzieikrajobrazy.muzeumleszno.pl\\\/?s={search_term_string}\"},\"query-input\":{\"@type\":\"PropertyValueSpecification\",\"valueRequired\":true,\"valueName\":\"search_term_string\"}}],\"inLanguage\":\"pl-PL\"},{\"@type\":\"Person\",\"@id\":\"https:\\\/\\\/ludzieikrajobrazy.muzeumleszno.pl\\\/#\\\/schema\\\/person\\\/fc2bc20e2b51efc3202ac1f0cdcd06c0\",\"name\":\"Pan_Admin\",\"image\":{\"@type\":\"ImageObject\",\"inLanguage\":\"pl-PL\",\"@id\":\"https:\\\/\\\/secure.gravatar.com\\\/avatar\\\/d109d485abe889ecc32dbdb971b715ad9d4596bd0e2353626451db3e04099822?s=96&d=mm&r=g\",\"url\":\"https:\\\/\\\/secure.gravatar.com\\\/avatar\\\/d109d485abe889ecc32dbdb971b715ad9d4596bd0e2353626451db3e04099822?s=96&d=mm&r=g\",\"contentUrl\":\"https:\\\/\\\/secure.gravatar.com\\\/avatar\\\/d109d485abe889ecc32dbdb971b715ad9d4596bd0e2353626451db3e04099822?s=96&d=mm&r=g\",\"caption\":\"Pan_Admin\"},\"sameAs\":[\"http:\\\/\\\/ludzieikrajobrazy.muzeumleszno.pl\"],\"url\":\"http:\\\/\\\/ludzieikrajobrazy.muzeumleszno.pl\\\/?author=1\"}]}<\/script>\n<!-- \/ Yoast SEO plugin. -->","yoast_head_json":{"title":"W\u0142oszakowice. Portret rodziny Pytlik, przed 1938 rokiem - Ludzie i krajobrazy. Powiat Leszczy\u0144ski w ikonografii","robots":{"index":"index","follow":"follow","max-snippet":"max-snippet:-1","max-image-preview":"max-image-preview:large","max-video-preview":"max-video-preview:-1"},"canonical":"http:\/\/ludzieikrajobrazy.muzeumleszno.pl\/?p=871","og_locale":"pl_PL","og_type":"article","og_title":"W\u0142oszakowice. Portret rodziny Pytlik, przed 1938 rokiem - Ludzie i krajobrazy. Powiat Leszczy\u0144ski w ikonografii","og_description":"W\u0142oszakowice to miejscowo\u015b\u0107 licz\u0105ca blisko 4000 mieszka\u0144c\u00f3w. W okresie mi\u0119dzywojennym by\u0142o ich ponad dwa razy mniej, a cz\u0119\u015b\u0107 ludno\u015bci by\u0142a pochodzenia niemieckiego. O \u00f3wczesnej \u015bwiadomo\u015bci narodowej zdecydowanej wi\u0119kszo\u015bci...","og_url":"http:\/\/ludzieikrajobrazy.muzeumleszno.pl\/?p=871","og_site_name":"Ludzie i krajobrazy. Powiat Leszczy\u0144ski w ikonografii","article_published_time":"2024-06-21T09:43:23+00:00","article_modified_time":"2024-10-02T09:59:50+00:00","og_image":[{"width":2560,"height":1670,"url":"http:\/\/ludzieikrajobrazy.muzeumleszno.pl\/wp-content\/uploads\/2024\/07\/187_MLFa-3588-scaled.jpg","type":"image\/jpeg"}],"author":"Pan_Admin","twitter_card":"summary_large_image","twitter_misc":{"Napisane przez":"Pan_Admin","Szacowany czas czytania":"2 minuty"},"schema":{"@context":"https:\/\/schema.org","@graph":[{"@type":"Article","@id":"http:\/\/ludzieikrajobrazy.muzeumleszno.pl\/?p=871#article","isPartOf":{"@id":"http:\/\/ludzieikrajobrazy.muzeumleszno.pl\/?p=871"},"author":{"name":"Pan_Admin","@id":"https:\/\/ludzieikrajobrazy.muzeumleszno.pl\/#\/schema\/person\/fc2bc20e2b51efc3202ac1f0cdcd06c0"},"headline":"W\u0142oszakowice. Portret rodziny Pytlik, przed 1938 rokiem","datePublished":"2024-06-21T09:43:23+00:00","dateModified":"2024-10-02T09:59:50+00:00","mainEntityOfPage":{"@id":"http:\/\/ludzieikrajobrazy.muzeumleszno.pl\/?p=871"},"wordCount":220,"image":{"@id":"http:\/\/ludzieikrajobrazy.muzeumleszno.pl\/?p=871#primaryimage"},"thumbnailUrl":"http:\/\/ludzieikrajobrazy.muzeumleszno.pl\/wp-content\/uploads\/2024\/07\/187_MLFa-3588-scaled.jpg","keywords":["1938","akuszerka","architektura","budownictwo murowane","ceg\u0142a","ciemna sukienka","dokumentacja","drzwi","dziecko","fotografia","fotografia grupowa","garnitur","kobieta","kobiety","m\u0119\u017cczyzna","m\u0119\u017cczy\u017ani","mi\u0119dzywojnie","mundur","murarz","plener","podw\u00f3rko","portret rodzinny","powaga","r\u00f3d","rodzina mieszana","Roman Pytlik","Rozalia Dartsch","Rozalia Pytlik","senior rodu","seniorka rodu","str\u00f3j od\u015bwi\u0119tny","tablica informacyjna","u\u015bmiech","wej\u015bcie","Wielkopolska","W\u0142oszakowice"],"articleSection":["W\u0142oszakowice"],"inLanguage":"pl-PL"},{"@type":"WebPage","@id":"http:\/\/ludzieikrajobrazy.muzeumleszno.pl\/?p=871","url":"http:\/\/ludzieikrajobrazy.muzeumleszno.pl\/?p=871","name":"W\u0142oszakowice. Portret rodziny Pytlik, przed 1938 rokiem - Ludzie i krajobrazy. Powiat Leszczy\u0144ski w ikonografii","isPartOf":{"@id":"https:\/\/ludzieikrajobrazy.muzeumleszno.pl\/#website"},"primaryImageOfPage":{"@id":"http:\/\/ludzieikrajobrazy.muzeumleszno.pl\/?p=871#primaryimage"},"image":{"@id":"http:\/\/ludzieikrajobrazy.muzeumleszno.pl\/?p=871#primaryimage"},"thumbnailUrl":"http:\/\/ludzieikrajobrazy.muzeumleszno.pl\/wp-content\/uploads\/2024\/07\/187_MLFa-3588-scaled.jpg","datePublished":"2024-06-21T09:43:23+00:00","dateModified":"2024-10-02T09:59:50+00:00","author":{"@id":"https:\/\/ludzieikrajobrazy.muzeumleszno.pl\/#\/schema\/person\/fc2bc20e2b51efc3202ac1f0cdcd06c0"},"breadcrumb":{"@id":"http:\/\/ludzieikrajobrazy.muzeumleszno.pl\/?p=871#breadcrumb"},"inLanguage":"pl-PL","potentialAction":[{"@type":"ReadAction","target":["http:\/\/ludzieikrajobrazy.muzeumleszno.pl\/?p=871"]}]},{"@type":"ImageObject","inLanguage":"pl-PL","@id":"http:\/\/ludzieikrajobrazy.muzeumleszno.pl\/?p=871#primaryimage","url":"http:\/\/ludzieikrajobrazy.muzeumleszno.pl\/wp-content\/uploads\/2024\/07\/187_MLFa-3588-scaled.jpg","contentUrl":"http:\/\/ludzieikrajobrazy.muzeumleszno.pl\/wp-content\/uploads\/2024\/07\/187_MLFa-3588-scaled.jpg","width":2560,"height":1670,"caption":"Rodzina Pytlik\u00f3w z W\u0142oszakowic, wys. 5,5 cm x szer. 9 cm; odbitka srebrowo-\u017celatynowa, papier fotograficzny, okres mi\u0119dzywojenny; Muzeum Okr\u0119gowe w Lesznie; MLFa3588"},{"@type":"BreadcrumbList","@id":"http:\/\/ludzieikrajobrazy.muzeumleszno.pl\/?p=871#breadcrumb","itemListElement":[{"@type":"ListItem","position":1,"name":"Home","item":"https:\/\/ludzieikrajobrazy.muzeumleszno.pl\/"},{"@type":"ListItem","position":2,"name":"W\u0142oszakowice. Portret rodziny Pytlik, przed 1938 rokiem"}]},{"@type":"WebSite","@id":"https:\/\/ludzieikrajobrazy.muzeumleszno.pl\/#website","url":"https:\/\/ludzieikrajobrazy.muzeumleszno.pl\/","name":"Ludzie i krajobrazy. Powiat Leszczy\u0144ski w ikonografii","description":"Powiat Leszczy\u0144ski w ikonografii","potentialAction":[{"@type":"SearchAction","target":{"@type":"EntryPoint","urlTemplate":"https:\/\/ludzieikrajobrazy.muzeumleszno.pl\/?s={search_term_string}"},"query-input":{"@type":"PropertyValueSpecification","valueRequired":true,"valueName":"search_term_string"}}],"inLanguage":"pl-PL"},{"@type":"Person","@id":"https:\/\/ludzieikrajobrazy.muzeumleszno.pl\/#\/schema\/person\/fc2bc20e2b51efc3202ac1f0cdcd06c0","name":"Pan_Admin","image":{"@type":"ImageObject","inLanguage":"pl-PL","@id":"https:\/\/secure.gravatar.com\/avatar\/d109d485abe889ecc32dbdb971b715ad9d4596bd0e2353626451db3e04099822?s=96&d=mm&r=g","url":"https:\/\/secure.gravatar.com\/avatar\/d109d485abe889ecc32dbdb971b715ad9d4596bd0e2353626451db3e04099822?s=96&d=mm&r=g","contentUrl":"https:\/\/secure.gravatar.com\/avatar\/d109d485abe889ecc32dbdb971b715ad9d4596bd0e2353626451db3e04099822?s=96&d=mm&r=g","caption":"Pan_Admin"},"sameAs":["http:\/\/ludzieikrajobrazy.muzeumleszno.pl"],"url":"http:\/\/ludzieikrajobrazy.muzeumleszno.pl\/?author=1"}]}},"_links":{"self":[{"href":"http:\/\/ludzieikrajobrazy.muzeumleszno.pl\/index.php?rest_route=\/wp\/v2\/posts\/871","targetHints":{"allow":["GET"]}}],"collection":[{"href":"http:\/\/ludzieikrajobrazy.muzeumleszno.pl\/index.php?rest_route=\/wp\/v2\/posts"}],"about":[{"href":"http:\/\/ludzieikrajobrazy.muzeumleszno.pl\/index.php?rest_route=\/wp\/v2\/types\/post"}],"author":[{"embeddable":true,"href":"http:\/\/ludzieikrajobrazy.muzeumleszno.pl\/index.php?rest_route=\/wp\/v2\/users\/1"}],"replies":[{"embeddable":true,"href":"http:\/\/ludzieikrajobrazy.muzeumleszno.pl\/index.php?rest_route=%2Fwp%2Fv2%2Fcomments&post=871"}],"version-history":[{"count":2,"href":"http:\/\/ludzieikrajobrazy.muzeumleszno.pl\/index.php?rest_route=\/wp\/v2\/posts\/871\/revisions"}],"predecessor-version":[{"id":1387,"href":"http:\/\/ludzieikrajobrazy.muzeumleszno.pl\/index.php?rest_route=\/wp\/v2\/posts\/871\/revisions\/1387"}],"wp:featuredmedia":[{"embeddable":true,"href":"http:\/\/ludzieikrajobrazy.muzeumleszno.pl\/index.php?rest_route=\/wp\/v2\/media\/872"}],"wp:attachment":[{"href":"http:\/\/ludzieikrajobrazy.muzeumleszno.pl\/index.php?rest_route=%2Fwp%2Fv2%2Fmedia&parent=871"}],"wp:term":[{"taxonomy":"category","embeddable":true,"href":"http:\/\/ludzieikrajobrazy.muzeumleszno.pl\/index.php?rest_route=%2Fwp%2Fv2%2Fcategories&post=871"},{"taxonomy":"post_tag","embeddable":true,"href":"http:\/\/ludzieikrajobrazy.muzeumleszno.pl\/index.php?rest_route=%2Fwp%2Fv2%2Ftags&post=871"}],"curies":[{"name":"wp","href":"https:\/\/api.w.org\/{rel}","templated":true}]}}