{"id":874,"date":"2024-06-21T11:42:51","date_gmt":"2024-06-21T09:42:51","guid":{"rendered":"http:\/\/ludzieikrajobrazy.muzeumleszno.pl\/?p=874"},"modified":"2024-10-02T12:08:56","modified_gmt":"2024-10-02T10:08:56","slug":"wloszakowice-dozynki-1949-rok-mieczyslaw-kudella","status":"publish","type":"post","link":"http:\/\/ludzieikrajobrazy.muzeumleszno.pl\/?p=874","title":{"rendered":"W\u0142oszakowice. Do\u017cynki, 1949 rok, Mieczys\u0142aw Kudella"},"content":{"rendered":"\n<p><em>Niekt\u00f3re elementy stroju ludowego by\u0142y traktowane jak lokata kapita\u0142u. Dotyczy to zw\u0142aszcza bi\u017cuterii, bogato zdobionych czepc\u00f3w i okry\u0107 wierzchnich. Kosztowne cz\u0119\u015bci ubioru by\u0142y wyznacznikiem presti\u017cu, nie wszyscy cz\u0142onkowie spo\u0142eczno\u015bci mogli sobie na nie pozwoli\u0107. [\u2026] Zdarza\u0142o si\u0119, \u017ce jaka\u015b cz\u0119\u015b\u0107 garderoby by\u0142a noszona w jednej rodzinie przez kilka pokole\u0144. <\/em>(strojeludowe.net)<\/p>\n\n\n\n<p>Ludowe stroje wielkopolskie r\u00f3\u017cni\u0105 si\u0119 mi\u0119dzy sob\u0105 i wi\u0105za\u0107 je nale\u017cy z poszczeg\u00f3lnymi regionami. W\u015br\u00f3d najbardziej znanych wymienia si\u0119: bamberski, biskupia\u0144ski, bukowski, pozna\u0144ski i szamotulski. W okolicach W\u0142oszakowic i Buk\u00f3wca G\u00f3rnego, gdzie kultura ludowa silnie zaznaczy\u0142a swoje wp\u0142ywy, str\u00f3j ma charakter mieszany. W przypadku kobiet jego najbardziej charakterystycznym elementem pozostaje nakrycie g\u0142owy \u2013 tiulowy czepek wi\u0105zany pod brod\u0105, cz\u0119sto zdobiony barwnymi wst\u0105\u017ckami. Stroje m\u0119\u017cczyzn posiadaj\u0105 czarn\u0105 tonacj\u0119, a wysokie, \u015bwi\u0105teczne kapelusze r\u00f3wnie\u017c przystraja si\u0119 wst\u0105\u017ckami.<\/p>\n\n\n\n<p>Obraz namalowany przez Mieczys\u0142awa Kudell\u0119 (1900\u20131988) przedstawia \u015bwi\u0105teczn\u0105, do\u017cynkow\u0105 zabaw\u0119. Ta\u0144cz\u0105ce pary w ludowych strojach to element piel\u0119gnowanej od wiek\u00f3w tradycji. Artysta, b\u0119d\u0105cy tak\u017ce zawodowym \u015bpiewakiem operowym, kilkakrotnie si\u0119ga\u0142 w swojej tw\u00f3rczo\u015bci po tematy \u201emuzyczne\u201d, tak\u017ce te zwi\u0105zane z folklorem i obrz\u0119dowo\u015bci\u0105.<\/p>\n\n\n\n<figure data-wp-context=\"{&quot;imageId&quot;:&quot;69f1ccd13e4bf&quot;}\" data-wp-interactive=\"core\/image\" data-wp-key=\"69f1ccd13e4bf\" class=\"wp-block-image size-full wp-lightbox-container\"><img fetchpriority=\"high\" decoding=\"async\" width=\"1528\" height=\"2000\" data-wp-class--hide=\"state.isContentHidden\" data-wp-class--show=\"state.isContentVisible\" data-wp-init=\"callbacks.setButtonStyles\" data-wp-on--click=\"actions.showLightbox\" data-wp-on--load=\"callbacks.setButtonStyles\" data-wp-on-window--resize=\"callbacks.setButtonStyles\" src=\"http:\/\/ludzieikrajobrazy.muzeumleszno.pl\/wp-content\/uploads\/2024\/07\/188_ML-781.jpg\" alt=\"W\u0142oszakowice. Do\u017cynki, 1949 rok, Mieczys\u0142aw Kudella\" class=\"wp-image-875\" srcset=\"http:\/\/ludzieikrajobrazy.muzeumleszno.pl\/wp-content\/uploads\/2024\/07\/188_ML-781.jpg 1528w, http:\/\/ludzieikrajobrazy.muzeumleszno.pl\/wp-content\/uploads\/2024\/07\/188_ML-781-1174x1536.jpg 1174w, http:\/\/ludzieikrajobrazy.muzeumleszno.pl\/wp-content\/uploads\/2024\/07\/188_ML-781-200x262.jpg 200w, http:\/\/ludzieikrajobrazy.muzeumleszno.pl\/wp-content\/uploads\/2024\/07\/188_ML-781-973x1274.jpg 973w, http:\/\/ludzieikrajobrazy.muzeumleszno.pl\/wp-content\/uploads\/2024\/07\/188_ML-781-508x665.jpg 508w\" sizes=\"(max-width: 1528px) 100vw, 1528px\" \/><button\n\t\t\tclass=\"lightbox-trigger\"\n\t\t\ttype=\"button\"\n\t\t\taria-haspopup=\"dialog\"\n\t\t\taria-label=\"Powi\u0119ksz\"\n\t\t\tdata-wp-init=\"callbacks.initTriggerButton\"\n\t\t\tdata-wp-on--click=\"actions.showLightbox\"\n\t\t\tdata-wp-style--right=\"state.imageButtonRight\"\n\t\t\tdata-wp-style--top=\"state.imageButtonTop\"\n\t\t>\n\t\t\t<svg xmlns=\"http:\/\/www.w3.org\/2000\/svg\" width=\"12\" height=\"12\" fill=\"none\" viewBox=\"0 0 12 12\">\n\t\t\t\t<path fill=\"#fff\" d=\"M2 0a2 2 0 0 0-2 2v2h1.5V2a.5.5 0 0 1 .5-.5h2V0H2Zm2 10.5H2a.5.5 0 0 1-.5-.5V8H0v2a2 2 0 0 0 2 2h2v-1.5ZM8 12v-1.5h2a.5.5 0 0 0 .5-.5V8H12v2a2 2 0 0 1-2 2H8Zm2-12a2 2 0 0 1 2 2v2h-1.5V2a.5.5 0 0 0-.5-.5H8V0h2Z\" \/>\n\t\t\t<\/svg>\n\t\t<\/button><figcaption class=\"wp-element-caption\">W\u0142oszakowice. Do\u017cynki, 1949 rok, Mieczys\u0142aw Kudella\n<\/figcaption><\/figure>\n\n\n\n<p class=\"has-small-font-size\">nr inw. ML 781<br>w zbiorach Muzeum Okr\u0119gowego w Lesznie od 1982 roku, dar<\/p>\n\n\n\n<p>D.Cz.<\/p>\n\n\n\n<figure class=\"wp-block-embed is-type-video is-provider-youtube wp-block-embed-youtube wp-embed-aspect-16-9 wp-has-aspect-ratio\"><div class=\"wp-block-embed__wrapper\">\n<iframe title=\"W\u0142oszakowice  Do\u017cynki, 1949 rok, Mieczys\u0142aw Kudella\" width=\"620\" height=\"349\" src=\"https:\/\/www.youtube.com\/embed\/N2vTA-fATbg?feature=oembed\" frameborder=\"0\" allow=\"accelerometer; autoplay; clipboard-write; encrypted-media; gyroscope; picture-in-picture; web-share\" referrerpolicy=\"strict-origin-when-cross-origin\" allowfullscreen><\/iframe>\n<\/div><\/figure>\n","protected":false},"excerpt":{"rendered":"<p>Niekt\u00f3re elementy stroju ludowego by\u0142y traktowane jak lokata kapita\u0142u. Dotyczy to zw\u0142aszcza bi\u017cuterii, bogato zdobionych czepc\u00f3w i okry\u0107 wierzchnich. Kosztowne cz\u0119\u015bci ubioru by\u0142y wyznacznikiem presti\u017cu, nie wszyscy cz\u0142onkowie&#8230;<\/p>\n","protected":false},"author":1,"featured_media":875,"comment_status":"closed","ping_status":"closed","sticky":false,"template":"","format":"standard","meta":{"cybocfi_hide_featured_image":"yes","footnotes":""},"categories":[703],"tags":[1926,378,341,1934,1943,581,165,1941,1271,1273,807,1937,1940,1137,1289,1318,516,1079,796,1927,1679,648,1116,1944,1825,1715,1919,1682,1945,1928,1929,1930,1533,1931,1932,1935,1296,801,1939,1933,1169,250,1357,784,1938],"class_list":["post-874","post","type-post","status-publish","format-standard","has-post-thumbnail","hentry","category-wloszakowice","tag-1926","tag-architektura","tag-artysta","tag-barwna-wstazka","tag-blekitna-sukienka","tag-budownictwo-drewniane","tag-budownictwo-murowane","tag-czerowna-sukienka","tag-dach","tag-dozynki","tag-dynamika","tag-ekspresja","tag-folklor","tag-grupa-ludzi","tag-kobieta","tag-kobiety","tag-malarsto","tag-mezczyzna","tag-mezczyzni","tag-mieczyslaw-kudella","tag-nakrycie-glowy","tag-obraz","tag-obrzed","tag-okno","tag-plastyk","tag-plener","tag-podworko","tag-postac","tag-ruch","tag-stroj-bamberski","tag-stroj-biskupianski","tag-stroj-bukowski","tag-stroj-ludowy","tag-stroj-poznanski","tag-stroj-szamotulski","tag-swiateczny-kapelusz","tag-tance","tag-taniec","tag-temat-muzyczny","tag-tiulowy-czepek","tag-tradycja","tag-uroczystosc","tag-wloszakowice","tag-zabawa","tag-zawodowy-spiewak-operowy"],"yoast_head":"<!-- This site is optimized with the Yoast SEO plugin v27.5 - https:\/\/yoast.com\/product\/yoast-seo-wordpress\/ -->\n<title>W\u0142oszakowice. Do\u017cynki, 1949 rok, Mieczys\u0142aw Kudella - Ludzie i krajobrazy. Powiat Leszczy\u0144ski w ikonografii<\/title>\n<meta name=\"robots\" content=\"index, follow, max-snippet:-1, max-image-preview:large, max-video-preview:-1\" \/>\n<link rel=\"canonical\" href=\"http:\/\/ludzieikrajobrazy.muzeumleszno.pl\/?p=874\" \/>\n<meta property=\"og:locale\" content=\"pl_PL\" \/>\n<meta property=\"og:type\" content=\"article\" \/>\n<meta property=\"og:title\" content=\"W\u0142oszakowice. Do\u017cynki, 1949 rok, Mieczys\u0142aw Kudella - Ludzie i krajobrazy. Powiat Leszczy\u0144ski w ikonografii\" \/>\n<meta property=\"og:description\" content=\"Niekt\u00f3re elementy stroju ludowego by\u0142y traktowane jak lokata kapita\u0142u. Dotyczy to zw\u0142aszcza bi\u017cuterii, bogato zdobionych czepc\u00f3w i okry\u0107 wierzchnich. Kosztowne cz\u0119\u015bci ubioru by\u0142y wyznacznikiem presti\u017cu, nie wszyscy cz\u0142onkowie...\" \/>\n<meta property=\"og:url\" content=\"http:\/\/ludzieikrajobrazy.muzeumleszno.pl\/?p=874\" \/>\n<meta property=\"og:site_name\" content=\"Ludzie i krajobrazy. Powiat Leszczy\u0144ski w ikonografii\" \/>\n<meta property=\"article:published_time\" content=\"2024-06-21T09:42:51+00:00\" \/>\n<meta property=\"article:modified_time\" content=\"2024-10-02T10:08:56+00:00\" \/>\n<meta property=\"og:image\" content=\"http:\/\/ludzieikrajobrazy.muzeumleszno.pl\/wp-content\/uploads\/2024\/07\/188_ML-781.jpg\" \/>\n\t<meta property=\"og:image:width\" content=\"1528\" \/>\n\t<meta property=\"og:image:height\" content=\"2000\" \/>\n\t<meta property=\"og:image:type\" content=\"image\/jpeg\" \/>\n<meta name=\"author\" content=\"Pan_Admin\" \/>\n<meta name=\"twitter:card\" content=\"summary_large_image\" \/>\n<meta name=\"twitter:label1\" content=\"Napisane przez\" \/>\n\t<meta name=\"twitter:data1\" content=\"Pan_Admin\" \/>\n\t<meta name=\"twitter:label2\" content=\"Szacowany czas czytania\" \/>\n\t<meta name=\"twitter:data2\" content=\"2 minuty\" \/>\n<script type=\"application\/ld+json\" class=\"yoast-schema-graph\">{\"@context\":\"https:\\\/\\\/schema.org\",\"@graph\":[{\"@type\":\"Article\",\"@id\":\"http:\\\/\\\/ludzieikrajobrazy.muzeumleszno.pl\\\/?p=874#article\",\"isPartOf\":{\"@id\":\"http:\\\/\\\/ludzieikrajobrazy.muzeumleszno.pl\\\/?p=874\"},\"author\":{\"name\":\"Pan_Admin\",\"@id\":\"https:\\\/\\\/ludzieikrajobrazy.muzeumleszno.pl\\\/#\\\/schema\\\/person\\\/fc2bc20e2b51efc3202ac1f0cdcd06c0\"},\"headline\":\"W\u0142oszakowice. Do\u017cynki, 1949 rok, Mieczys\u0142aw Kudella\",\"datePublished\":\"2024-06-21T09:42:51+00:00\",\"dateModified\":\"2024-10-02T10:08:56+00:00\",\"mainEntityOfPage\":{\"@id\":\"http:\\\/\\\/ludzieikrajobrazy.muzeumleszno.pl\\\/?p=874\"},\"wordCount\":255,\"image\":{\"@id\":\"http:\\\/\\\/ludzieikrajobrazy.muzeumleszno.pl\\\/?p=874#primaryimage\"},\"thumbnailUrl\":\"http:\\\/\\\/ludzieikrajobrazy.muzeumleszno.pl\\\/wp-content\\\/uploads\\\/2024\\\/07\\\/188_ML-781.jpg\",\"keywords\":[\"1949\",\"architektura\",\"artysta\",\"barwna wst\u0105\u017cka\",\"b\u0142\u0119kitna sukienka\",\"budownictwo drewniane\",\"budownictwo murowane\",\"czerowna sukienka\",\"dach\",\"do\u017cynki\",\"dynamika\",\"ekspresja\",\"folklor\",\"grupa ludzi\",\"kobieta\",\"kobiety\",\"malarstwo\",\"m\u0119\u017cczyzna\",\"m\u0119\u017cczy\u017ani\",\"Mieczys\u0142aw Kudella\",\"nakrycie g\u0142owy\",\"obraz\",\"obrz\u0119d\",\"okno\",\"plastyk\",\"plener\",\"podw\u00f3rko\",\"posta\u0107\",\"ruch\",\"str\u00f3j bamberski\",\"str\u00f3j biskupia\u0144ski\",\"str\u00f3j bukowski\",\"str\u00f3j ludowy\",\"str\u00f3j pozna\u0144ski\",\"str\u00f3j szamotulski\",\"\u015bwi\u0105teczny kapelusz\",\"ta\u0144ce\",\"taniec\",\"temat muzyczny\",\"tiulowy czepek\",\"tradycja\",\"uroczysto\u015b\u0107\",\"W\u0142oszakowice\",\"zabawa\",\"zawodowy \u015bpiewak operowy\"],\"articleSection\":[\"W\u0142oszakowice\"],\"inLanguage\":\"pl-PL\"},{\"@type\":\"WebPage\",\"@id\":\"http:\\\/\\\/ludzieikrajobrazy.muzeumleszno.pl\\\/?p=874\",\"url\":\"http:\\\/\\\/ludzieikrajobrazy.muzeumleszno.pl\\\/?p=874\",\"name\":\"W\u0142oszakowice. Do\u017cynki, 1949 rok, Mieczys\u0142aw Kudella - Ludzie i krajobrazy. Powiat Leszczy\u0144ski w ikonografii\",\"isPartOf\":{\"@id\":\"https:\\\/\\\/ludzieikrajobrazy.muzeumleszno.pl\\\/#website\"},\"primaryImageOfPage\":{\"@id\":\"http:\\\/\\\/ludzieikrajobrazy.muzeumleszno.pl\\\/?p=874#primaryimage\"},\"image\":{\"@id\":\"http:\\\/\\\/ludzieikrajobrazy.muzeumleszno.pl\\\/?p=874#primaryimage\"},\"thumbnailUrl\":\"http:\\\/\\\/ludzieikrajobrazy.muzeumleszno.pl\\\/wp-content\\\/uploads\\\/2024\\\/07\\\/188_ML-781.jpg\",\"datePublished\":\"2024-06-21T09:42:51+00:00\",\"dateModified\":\"2024-10-02T10:08:56+00:00\",\"author\":{\"@id\":\"https:\\\/\\\/ludzieikrajobrazy.muzeumleszno.pl\\\/#\\\/schema\\\/person\\\/fc2bc20e2b51efc3202ac1f0cdcd06c0\"},\"breadcrumb\":{\"@id\":\"http:\\\/\\\/ludzieikrajobrazy.muzeumleszno.pl\\\/?p=874#breadcrumb\"},\"inLanguage\":\"pl-PL\",\"potentialAction\":[{\"@type\":\"ReadAction\",\"target\":[\"http:\\\/\\\/ludzieikrajobrazy.muzeumleszno.pl\\\/?p=874\"]}]},{\"@type\":\"BreadcrumbList\",\"@id\":\"http:\\\/\\\/ludzieikrajobrazy.muzeumleszno.pl\\\/?p=874#breadcrumb\",\"itemListElement\":[{\"@type\":\"ListItem\",\"position\":1,\"name\":\"Home\",\"item\":\"https:\\\/\\\/ludzieikrajobrazy.muzeumleszno.pl\\\/\"},{\"@type\":\"ListItem\",\"position\":2,\"name\":\"W\u0142oszakowice. Do\u017cynki, 1949 rok, Mieczys\u0142aw Kudella\"}]},{\"@type\":\"WebSite\",\"@id\":\"https:\\\/\\\/ludzieikrajobrazy.muzeumleszno.pl\\\/#website\",\"url\":\"https:\\\/\\\/ludzieikrajobrazy.muzeumleszno.pl\\\/\",\"name\":\"Ludzie i krajobrazy. Powiat Leszczy\u0144ski w ikonografii\",\"description\":\"Powiat Leszczy\u0144ski w ikonografii\",\"potentialAction\":[{\"@type\":\"SearchAction\",\"target\":{\"@type\":\"EntryPoint\",\"urlTemplate\":\"https:\\\/\\\/ludzieikrajobrazy.muzeumleszno.pl\\\/?s={search_term_string}\"},\"query-input\":{\"@type\":\"PropertyValueSpecification\",\"valueRequired\":true,\"valueName\":\"search_term_string\"}}],\"inLanguage\":\"pl-PL\"},{\"@type\":\"Person\",\"@id\":\"https:\\\/\\\/ludzieikrajobrazy.muzeumleszno.pl\\\/#\\\/schema\\\/person\\\/fc2bc20e2b51efc3202ac1f0cdcd06c0\",\"name\":\"Pan_Admin\",\"image\":{\"@type\":\"ImageObject\",\"inLanguage\":\"pl-PL\",\"@id\":\"https:\\\/\\\/secure.gravatar.com\\\/avatar\\\/d109d485abe889ecc32dbdb971b715ad9d4596bd0e2353626451db3e04099822?s=96&d=mm&r=g\",\"url\":\"https:\\\/\\\/secure.gravatar.com\\\/avatar\\\/d109d485abe889ecc32dbdb971b715ad9d4596bd0e2353626451db3e04099822?s=96&d=mm&r=g\",\"contentUrl\":\"https:\\\/\\\/secure.gravatar.com\\\/avatar\\\/d109d485abe889ecc32dbdb971b715ad9d4596bd0e2353626451db3e04099822?s=96&d=mm&r=g\",\"caption\":\"Pan_Admin\"},\"sameAs\":[\"http:\\\/\\\/ludzieikrajobrazy.muzeumleszno.pl\"],\"url\":\"http:\\\/\\\/ludzieikrajobrazy.muzeumleszno.pl\\\/?author=1\"}]}<\/script>\n<!-- \/ Yoast SEO plugin. -->","yoast_head_json":{"title":"W\u0142oszakowice. Do\u017cynki, 1949 rok, Mieczys\u0142aw Kudella - Ludzie i krajobrazy. Powiat Leszczy\u0144ski w ikonografii","robots":{"index":"index","follow":"follow","max-snippet":"max-snippet:-1","max-image-preview":"max-image-preview:large","max-video-preview":"max-video-preview:-1"},"canonical":"http:\/\/ludzieikrajobrazy.muzeumleszno.pl\/?p=874","og_locale":"pl_PL","og_type":"article","og_title":"W\u0142oszakowice. Do\u017cynki, 1949 rok, Mieczys\u0142aw Kudella - Ludzie i krajobrazy. Powiat Leszczy\u0144ski w ikonografii","og_description":"Niekt\u00f3re elementy stroju ludowego by\u0142y traktowane jak lokata kapita\u0142u. Dotyczy to zw\u0142aszcza bi\u017cuterii, bogato zdobionych czepc\u00f3w i okry\u0107 wierzchnich. Kosztowne cz\u0119\u015bci ubioru by\u0142y wyznacznikiem presti\u017cu, nie wszyscy cz\u0142onkowie...","og_url":"http:\/\/ludzieikrajobrazy.muzeumleszno.pl\/?p=874","og_site_name":"Ludzie i krajobrazy. Powiat Leszczy\u0144ski w ikonografii","article_published_time":"2024-06-21T09:42:51+00:00","article_modified_time":"2024-10-02T10:08:56+00:00","og_image":[{"width":1528,"height":2000,"url":"http:\/\/ludzieikrajobrazy.muzeumleszno.pl\/wp-content\/uploads\/2024\/07\/188_ML-781.jpg","type":"image\/jpeg"}],"author":"Pan_Admin","twitter_card":"summary_large_image","twitter_misc":{"Napisane przez":"Pan_Admin","Szacowany czas czytania":"2 minuty"},"schema":{"@context":"https:\/\/schema.org","@graph":[{"@type":"Article","@id":"http:\/\/ludzieikrajobrazy.muzeumleszno.pl\/?p=874#article","isPartOf":{"@id":"http:\/\/ludzieikrajobrazy.muzeumleszno.pl\/?p=874"},"author":{"name":"Pan_Admin","@id":"https:\/\/ludzieikrajobrazy.muzeumleszno.pl\/#\/schema\/person\/fc2bc20e2b51efc3202ac1f0cdcd06c0"},"headline":"W\u0142oszakowice. Do\u017cynki, 1949 rok, Mieczys\u0142aw Kudella","datePublished":"2024-06-21T09:42:51+00:00","dateModified":"2024-10-02T10:08:56+00:00","mainEntityOfPage":{"@id":"http:\/\/ludzieikrajobrazy.muzeumleszno.pl\/?p=874"},"wordCount":255,"image":{"@id":"http:\/\/ludzieikrajobrazy.muzeumleszno.pl\/?p=874#primaryimage"},"thumbnailUrl":"http:\/\/ludzieikrajobrazy.muzeumleszno.pl\/wp-content\/uploads\/2024\/07\/188_ML-781.jpg","keywords":["1949","architektura","artysta","barwna wst\u0105\u017cka","b\u0142\u0119kitna sukienka","budownictwo drewniane","budownictwo murowane","czerowna sukienka","dach","do\u017cynki","dynamika","ekspresja","folklor","grupa ludzi","kobieta","kobiety","malarstwo","m\u0119\u017cczyzna","m\u0119\u017cczy\u017ani","Mieczys\u0142aw Kudella","nakrycie g\u0142owy","obraz","obrz\u0119d","okno","plastyk","plener","podw\u00f3rko","posta\u0107","ruch","str\u00f3j bamberski","str\u00f3j biskupia\u0144ski","str\u00f3j bukowski","str\u00f3j ludowy","str\u00f3j pozna\u0144ski","str\u00f3j szamotulski","\u015bwi\u0105teczny kapelusz","ta\u0144ce","taniec","temat muzyczny","tiulowy czepek","tradycja","uroczysto\u015b\u0107","W\u0142oszakowice","zabawa","zawodowy \u015bpiewak operowy"],"articleSection":["W\u0142oszakowice"],"inLanguage":"pl-PL"},{"@type":"WebPage","@id":"http:\/\/ludzieikrajobrazy.muzeumleszno.pl\/?p=874","url":"http:\/\/ludzieikrajobrazy.muzeumleszno.pl\/?p=874","name":"W\u0142oszakowice. Do\u017cynki, 1949 rok, Mieczys\u0142aw Kudella - Ludzie i krajobrazy. Powiat Leszczy\u0144ski w ikonografii","isPartOf":{"@id":"https:\/\/ludzieikrajobrazy.muzeumleszno.pl\/#website"},"primaryImageOfPage":{"@id":"http:\/\/ludzieikrajobrazy.muzeumleszno.pl\/?p=874#primaryimage"},"image":{"@id":"http:\/\/ludzieikrajobrazy.muzeumleszno.pl\/?p=874#primaryimage"},"thumbnailUrl":"http:\/\/ludzieikrajobrazy.muzeumleszno.pl\/wp-content\/uploads\/2024\/07\/188_ML-781.jpg","datePublished":"2024-06-21T09:42:51+00:00","dateModified":"2024-10-02T10:08:56+00:00","author":{"@id":"https:\/\/ludzieikrajobrazy.muzeumleszno.pl\/#\/schema\/person\/fc2bc20e2b51efc3202ac1f0cdcd06c0"},"breadcrumb":{"@id":"http:\/\/ludzieikrajobrazy.muzeumleszno.pl\/?p=874#breadcrumb"},"inLanguage":"pl-PL","potentialAction":[{"@type":"ReadAction","target":["http:\/\/ludzieikrajobrazy.muzeumleszno.pl\/?p=874"]}]},{"@type":"BreadcrumbList","@id":"http:\/\/ludzieikrajobrazy.muzeumleszno.pl\/?p=874#breadcrumb","itemListElement":[{"@type":"ListItem","position":1,"name":"Home","item":"https:\/\/ludzieikrajobrazy.muzeumleszno.pl\/"},{"@type":"ListItem","position":2,"name":"W\u0142oszakowice. Do\u017cynki, 1949 rok, Mieczys\u0142aw Kudella"}]},{"@type":"WebSite","@id":"https:\/\/ludzieikrajobrazy.muzeumleszno.pl\/#website","url":"https:\/\/ludzieikrajobrazy.muzeumleszno.pl\/","name":"Ludzie i krajobrazy. Powiat Leszczy\u0144ski w ikonografii","description":"Powiat Leszczy\u0144ski w ikonografii","potentialAction":[{"@type":"SearchAction","target":{"@type":"EntryPoint","urlTemplate":"https:\/\/ludzieikrajobrazy.muzeumleszno.pl\/?s={search_term_string}"},"query-input":{"@type":"PropertyValueSpecification","valueRequired":true,"valueName":"search_term_string"}}],"inLanguage":"pl-PL"},{"@type":"Person","@id":"https:\/\/ludzieikrajobrazy.muzeumleszno.pl\/#\/schema\/person\/fc2bc20e2b51efc3202ac1f0cdcd06c0","name":"Pan_Admin","image":{"@type":"ImageObject","inLanguage":"pl-PL","@id":"https:\/\/secure.gravatar.com\/avatar\/d109d485abe889ecc32dbdb971b715ad9d4596bd0e2353626451db3e04099822?s=96&d=mm&r=g","url":"https:\/\/secure.gravatar.com\/avatar\/d109d485abe889ecc32dbdb971b715ad9d4596bd0e2353626451db3e04099822?s=96&d=mm&r=g","contentUrl":"https:\/\/secure.gravatar.com\/avatar\/d109d485abe889ecc32dbdb971b715ad9d4596bd0e2353626451db3e04099822?s=96&d=mm&r=g","caption":"Pan_Admin"},"sameAs":["http:\/\/ludzieikrajobrazy.muzeumleszno.pl"],"url":"http:\/\/ludzieikrajobrazy.muzeumleszno.pl\/?author=1"}]}},"_links":{"self":[{"href":"http:\/\/ludzieikrajobrazy.muzeumleszno.pl\/index.php?rest_route=\/wp\/v2\/posts\/874","targetHints":{"allow":["GET"]}}],"collection":[{"href":"http:\/\/ludzieikrajobrazy.muzeumleszno.pl\/index.php?rest_route=\/wp\/v2\/posts"}],"about":[{"href":"http:\/\/ludzieikrajobrazy.muzeumleszno.pl\/index.php?rest_route=\/wp\/v2\/types\/post"}],"author":[{"embeddable":true,"href":"http:\/\/ludzieikrajobrazy.muzeumleszno.pl\/index.php?rest_route=\/wp\/v2\/users\/1"}],"replies":[{"embeddable":true,"href":"http:\/\/ludzieikrajobrazy.muzeumleszno.pl\/index.php?rest_route=%2Fwp%2Fv2%2Fcomments&post=874"}],"version-history":[{"count":2,"href":"http:\/\/ludzieikrajobrazy.muzeumleszno.pl\/index.php?rest_route=\/wp\/v2\/posts\/874\/revisions"}],"predecessor-version":[{"id":1392,"href":"http:\/\/ludzieikrajobrazy.muzeumleszno.pl\/index.php?rest_route=\/wp\/v2\/posts\/874\/revisions\/1392"}],"wp:featuredmedia":[{"embeddable":true,"href":"http:\/\/ludzieikrajobrazy.muzeumleszno.pl\/index.php?rest_route=\/wp\/v2\/media\/875"}],"wp:attachment":[{"href":"http:\/\/ludzieikrajobrazy.muzeumleszno.pl\/index.php?rest_route=%2Fwp%2Fv2%2Fmedia&parent=874"}],"wp:term":[{"taxonomy":"category","embeddable":true,"href":"http:\/\/ludzieikrajobrazy.muzeumleszno.pl\/index.php?rest_route=%2Fwp%2Fv2%2Fcategories&post=874"},{"taxonomy":"post_tag","embeddable":true,"href":"http:\/\/ludzieikrajobrazy.muzeumleszno.pl\/index.php?rest_route=%2Fwp%2Fv2%2Ftags&post=874"}],"curies":[{"name":"wp","href":"https:\/\/api.w.org\/{rel}","templated":true}]}}