{"id":877,"date":"2024-06-20T12:00:40","date_gmt":"2024-06-20T10:00:40","guid":{"rendered":"http:\/\/ludzieikrajobrazy.muzeumleszno.pl\/?p=877"},"modified":"2024-10-02T12:14:25","modified_gmt":"2024-10-02T10:14:25","slug":"wyciazkowo-poswiecenie-obozu-cwiczebnego-1933-rok","status":"publish","type":"post","link":"http:\/\/ludzieikrajobrazy.muzeumleszno.pl\/?p=877","title":{"rendered":"Wyci\u0105\u017ckowo. Po\u015bwi\u0119cenie obozu \u0107wiczebnego, 1933 rok"},"content":{"rendered":"\n<p>W okresie dwudziestolecia mi\u0119dzywojennego leszczy\u0144ski garnizon liczy\u0142 kilka tysi\u0119cy \u017co\u0142nierzy. Stacjonuj\u0105ce w mie\u015bcie jednostki: 55 pu\u0142k piechoty i 17 pu\u0142k u\u0142an\u00f3w poza koszarami potrzebowa\u0142y du\u017co przestrzeni do prowadzenia \u0107wicze\u0144 i manewr\u00f3w. Aby poprawi\u0107 poziom wyszkolenia zdecydowano si\u0119 na budow\u0119 letniego ob\u00f3z w Wyci\u0105\u017ckowie. Wcze\u015bniej istnia\u0142a tam jedynie strzelnica szkolna, strzelnica bojowa i rzutnia granat\u00f3w. Po pozytywnych do\u015bwiadczeniach z 1932 roku z zakwaterowaniem \u017co\u0142nierzy w namiotach, za zgod\u0105 dow\u00f3dcy Okr\u0119gu Korpusu VII w Poznaniu, w roku nast\u0119pnym ob\u00f3z \u0107wiczebny rozbudowano. Od 1933 roku, po uroczystym otwarciu, sta\u0142 si\u0119 on wielkim poligonem, nazywanym niekiedy \u201ema\u0142ym Biedruskiem\u201d. W Wyci\u0105\u017ckowie stan\u0119\u0142y azbestowe baraki dla wojska, hotel i kasyno oficerskie oraz budynki zwi\u0105zane z obs\u0142ug\u0105 \u017co\u0142nierzy. Utworzono tam r\u00f3wnie\u017c sk\u0142adnic\u0119 wojskow\u0105.&nbsp;<\/p>\n\n\n\n<p>Fotografia dokumentuje moment oficjalnego otwarcia poligonu (obozu \u0107wiczebnego). Aktu po\u015bwi\u0119cenia przy bramie powitalnej dokona\u0142 ks. dziekan Pawe\u0142 Steinmetz (1876\u20131940) z Osiecznej. W gronie oficer\u00f3w i go\u015bci bior\u0105cych udzia\u0142 w inauguracji stoi dow\u00f3dca 55 pu\u0142ku piechoty pu\u0142kownik Stefan Rowecki \u201eGrot\u201d (1895\u20131944).<\/p>\n\n\n\n<figure data-wp-context=\"{&quot;imageId&quot;:&quot;69f1cdf2e26d7&quot;}\" data-wp-interactive=\"core\/image\" data-wp-key=\"69f1cdf2e26d7\" class=\"wp-block-image size-full wp-lightbox-container\"><img fetchpriority=\"high\" decoding=\"async\" width=\"2560\" height=\"1758\" data-wp-class--hide=\"state.isContentHidden\" data-wp-class--show=\"state.isContentVisible\" data-wp-init=\"callbacks.setButtonStyles\" data-wp-on--click=\"actions.showLightbox\" data-wp-on--load=\"callbacks.setButtonStyles\" data-wp-on-window--resize=\"callbacks.setButtonStyles\" src=\"http:\/\/ludzieikrajobrazy.muzeumleszno.pl\/wp-content\/uploads\/2024\/07\/189_MLFa-3539-scaled.jpg\" alt=\"Po\u015bwi\u0119cenie obozu \u0107wiczebnego 55 Pu\u0142ku Piechoty w Wyci\u0105\u017ckowie\" class=\"wp-image-878\" srcset=\"http:\/\/ludzieikrajobrazy.muzeumleszno.pl\/wp-content\/uploads\/2024\/07\/189_MLFa-3539-scaled.jpg 2560w, http:\/\/ludzieikrajobrazy.muzeumleszno.pl\/wp-content\/uploads\/2024\/07\/189_MLFa-3539-1536x1055.jpg 1536w, http:\/\/ludzieikrajobrazy.muzeumleszno.pl\/wp-content\/uploads\/2024\/07\/189_MLFa-3539-2048x1407.jpg 2048w, http:\/\/ludzieikrajobrazy.muzeumleszno.pl\/wp-content\/uploads\/2024\/07\/189_MLFa-3539-200x137.jpg 200w, http:\/\/ludzieikrajobrazy.muzeumleszno.pl\/wp-content\/uploads\/2024\/07\/189_MLFa-3539-973x668.jpg 973w, http:\/\/ludzieikrajobrazy.muzeumleszno.pl\/wp-content\/uploads\/2024\/07\/189_MLFa-3539-508x349.jpg 508w\" sizes=\"(max-width: 2560px) 100vw, 2560px\" \/><button\n\t\t\tclass=\"lightbox-trigger\"\n\t\t\ttype=\"button\"\n\t\t\taria-haspopup=\"dialog\"\n\t\t\taria-label=\"Powi\u0119ksz\"\n\t\t\tdata-wp-init=\"callbacks.initTriggerButton\"\n\t\t\tdata-wp-on--click=\"actions.showLightbox\"\n\t\t\tdata-wp-style--right=\"state.imageButtonRight\"\n\t\t\tdata-wp-style--top=\"state.imageButtonTop\"\n\t\t>\n\t\t\t<svg xmlns=\"http:\/\/www.w3.org\/2000\/svg\" width=\"12\" height=\"12\" fill=\"none\" viewBox=\"0 0 12 12\">\n\t\t\t\t<path fill=\"#fff\" d=\"M2 0a2 2 0 0 0-2 2v2h1.5V2a.5.5 0 0 1 .5-.5h2V0H2Zm2 10.5H2a.5.5 0 0 1-.5-.5V8H0v2a2 2 0 0 0 2 2h2v-1.5ZM8 12v-1.5h2a.5.5 0 0 0 .5-.5V8H12v2a2 2 0 0 1-2 2H8Zm2-12a2 2 0 0 1 2 2v2h-1.5V2a.5.5 0 0 0-.5-.5H8V0h2Z\" \/>\n\t\t\t<\/svg>\n\t\t<\/button><figcaption class=\"wp-element-caption\">Po\u015bwi\u0119cenie obozu \u0107wiczebnego 55 Pu\u0142ku Piechoty w Wyci\u0105\u017ckowie, wys. 13 cm x szer. 18 cm; odbitka srebrowo-\u017celatynowa, papier fotograficzny, oko\u0142o 1930 roku; Muzeum Okr\u0119gowe w Lesznie; MLFa3539<\/figcaption><\/figure>\n\n\n\n<p class=\"has-small-font-size\">nr inw. MLFa 3539<br>W zbiorach Muzeum Okr\u0119gowego w Lesznie od 2020 roku, dar<\/p>\n\n\n\n<p>D.Cz.&nbsp;<\/p>\n\n\n\n<figure class=\"wp-block-embed is-type-video is-provider-youtube wp-block-embed-youtube wp-embed-aspect-16-9 wp-has-aspect-ratio\"><div class=\"wp-block-embed__wrapper\">\n<iframe title=\"Wyci\u0105\u017ckowo  Po\u015bwi\u0119cenie obozu \u0107wiczebnego, 1933 rok\" width=\"620\" height=\"349\" src=\"https:\/\/www.youtube.com\/embed\/8RX6TP1mLlA?feature=oembed\" frameborder=\"0\" allow=\"accelerometer; autoplay; clipboard-write; encrypted-media; gyroscope; picture-in-picture; web-share\" referrerpolicy=\"strict-origin-when-cross-origin\" allowfullscreen><\/iframe>\n<\/div><\/figure>\n","protected":false},"excerpt":{"rendered":"<p>W okresie dwudziestolecia mi\u0119dzywojennego leszczy\u0144ski garnizon liczy\u0142 kilka tysi\u0119cy \u017co\u0142nierzy. Stacjonuj\u0105ce w mie\u015bcie jednostki: 55 pu\u0142k piechoty i 17 pu\u0142k u\u0142an\u00f3w poza koszarami potrzebowa\u0142y du\u017co przestrzeni do prowadzenia&#8230;<\/p>\n","protected":false},"author":1,"featured_media":878,"comment_status":"closed","ping_status":"closed","sticky":false,"template":"","format":"standard","meta":{"cybocfi_hide_featured_image":"yes","footnotes":""},"categories":[719],"tags":[1957,469,243,1949,1958,461,520,736,1525,1959,1289,1318,1950,407,893,1948,466,1079,796,215,1447,1679,1956,1951,1955,1715,465,1954,1960,1185,1953,1952,1038,1182,250,1946,1713],"class_list":["post-877","post","type-post","status-publish","format-standard","has-post-thumbnail","hentry","category-wyciazkowo","tag-maly-biedrusek","tag-17-pulk-ulanow","tag-243","tag-55-pulk-piechoty","tag-azbestowy-barak","tag-cwiczenia","tag-dokumentacja","tag-drzewa","tag-fotografia-okolicznosciowa","tag-kasyno-oficerskie","tag-kobieta","tag-kobiety","tag-koszary","tag-krajobraz","tag-ksiadz","tag-leszczynski-garnizon","tag-manewry","tag-mezczyzna","tag-mezczyzni","tag-miedzywojnie","tag-mundur","tag-nakrycie-glowy","tag-namiot","tag-oboz-letni","tag-okreg-korpusu-vii-w-poznaniu","tag-plener","tag-poligon","tag-rzutnia-granatow","tag-skladnica-wojskowa","tag-stroj-odswietny","tag-strzelnica-bojowa","tag-strzelnica-szkolna","tag-sukienka","tag-swiecenie","tag-uroczystosc","tag-wyciazkowo","tag-zolnierz"],"yoast_head":"<!-- This site is optimized with the Yoast SEO plugin v27.5 - https:\/\/yoast.com\/product\/yoast-seo-wordpress\/ -->\n<title>Wyci\u0105\u017ckowo. Po\u015bwi\u0119cenie obozu \u0107wiczebnego, 1933 rok - Ludzie i krajobrazy. Powiat Leszczy\u0144ski w ikonografii<\/title>\n<meta name=\"robots\" content=\"index, follow, max-snippet:-1, max-image-preview:large, max-video-preview:-1\" \/>\n<link rel=\"canonical\" href=\"http:\/\/ludzieikrajobrazy.muzeumleszno.pl\/?p=877\" \/>\n<meta property=\"og:locale\" content=\"pl_PL\" \/>\n<meta property=\"og:type\" content=\"article\" \/>\n<meta property=\"og:title\" content=\"Wyci\u0105\u017ckowo. Po\u015bwi\u0119cenie obozu \u0107wiczebnego, 1933 rok - Ludzie i krajobrazy. Powiat Leszczy\u0144ski w ikonografii\" \/>\n<meta property=\"og:description\" content=\"W okresie dwudziestolecia mi\u0119dzywojennego leszczy\u0144ski garnizon liczy\u0142 kilka tysi\u0119cy \u017co\u0142nierzy. Stacjonuj\u0105ce w mie\u015bcie jednostki: 55 pu\u0142k piechoty i 17 pu\u0142k u\u0142an\u00f3w poza koszarami potrzebowa\u0142y du\u017co przestrzeni do prowadzenia...\" \/>\n<meta property=\"og:url\" content=\"http:\/\/ludzieikrajobrazy.muzeumleszno.pl\/?p=877\" \/>\n<meta property=\"og:site_name\" content=\"Ludzie i krajobrazy. Powiat Leszczy\u0144ski w ikonografii\" \/>\n<meta property=\"article:published_time\" content=\"2024-06-20T10:00:40+00:00\" \/>\n<meta property=\"article:modified_time\" content=\"2024-10-02T10:14:25+00:00\" \/>\n<meta property=\"og:image\" content=\"http:\/\/ludzieikrajobrazy.muzeumleszno.pl\/wp-content\/uploads\/2024\/07\/189_MLFa-3539-scaled.jpg\" \/>\n\t<meta property=\"og:image:width\" content=\"2560\" \/>\n\t<meta property=\"og:image:height\" content=\"1758\" \/>\n\t<meta property=\"og:image:type\" content=\"image\/jpeg\" \/>\n<meta name=\"author\" content=\"Pan_Admin\" \/>\n<meta name=\"twitter:card\" content=\"summary_large_image\" \/>\n<meta name=\"twitter:label1\" content=\"Napisane przez\" \/>\n\t<meta name=\"twitter:data1\" content=\"Pan_Admin\" \/>\n\t<meta name=\"twitter:label2\" content=\"Szacowany czas czytania\" \/>\n\t<meta name=\"twitter:data2\" content=\"2 minuty\" \/>\n<script type=\"application\/ld+json\" class=\"yoast-schema-graph\">{\"@context\":\"https:\\\/\\\/schema.org\",\"@graph\":[{\"@type\":\"Article\",\"@id\":\"http:\\\/\\\/ludzieikrajobrazy.muzeumleszno.pl\\\/?p=877#article\",\"isPartOf\":{\"@id\":\"http:\\\/\\\/ludzieikrajobrazy.muzeumleszno.pl\\\/?p=877\"},\"author\":{\"name\":\"Pan_Admin\",\"@id\":\"https:\\\/\\\/ludzieikrajobrazy.muzeumleszno.pl\\\/#\\\/schema\\\/person\\\/fc2bc20e2b51efc3202ac1f0cdcd06c0\"},\"headline\":\"Wyci\u0105\u017ckowo. Po\u015bwi\u0119cenie obozu \u0107wiczebnego, 1933 rok\",\"datePublished\":\"2024-06-20T10:00:40+00:00\",\"dateModified\":\"2024-10-02T10:14:25+00:00\",\"mainEntityOfPage\":{\"@id\":\"http:\\\/\\\/ludzieikrajobrazy.muzeumleszno.pl\\\/?p=877\"},\"wordCount\":250,\"image\":{\"@id\":\"http:\\\/\\\/ludzieikrajobrazy.muzeumleszno.pl\\\/?p=877#primaryimage\"},\"thumbnailUrl\":\"http:\\\/\\\/ludzieikrajobrazy.muzeumleszno.pl\\\/wp-content\\\/uploads\\\/2024\\\/07\\\/189_MLFa-3539-scaled.jpg\",\"keywords\":[\"\\\"ma\u0142y Biedrusek\\\"\",\"17 pu\u0142k u\u0142an\u00f3w\",\"1933\",\"55 pu\u0142k piechoty\",\"azbestowy barak\",\"\u0107wiczenia\",\"dokumentacja\",\"drzewa\",\"fotografia okoliczno\u015bciowa\",\"kasyno oficerskie\",\"kobieta\",\"kobiety\",\"koszary\",\"krajobraz\",\"ksi\u0105dz\",\"leszczy\u0144ski garnizon\",\"manewry\",\"m\u0119\u017cczyzna\",\"m\u0119\u017cczy\u017ani\",\"mi\u0119dzywojnie\",\"mundur\",\"nakrycie g\u0142owy\",\"namiot\",\"ob\u00f3z letni\",\"Okr\u0119g Korpusu VII w Poznaniu\",\"plener\",\"poligon\",\"rzutnia granat\u00f3w\",\"sk\u0142adnica wojskowa\",\"str\u00f3j od\u015bwi\u0119tny\",\"strzelnica bojowa\",\"strzelnica szkolna\",\"sukienka\",\"\u015bwi\u0119cenie\",\"uroczysto\u015b\u0107\",\"Wyci\u0105\u017ckowo\",\"\u017co\u0142nierz\"],\"articleSection\":[\"Wyci\u0105\u017ckowo\"],\"inLanguage\":\"pl-PL\"},{\"@type\":\"WebPage\",\"@id\":\"http:\\\/\\\/ludzieikrajobrazy.muzeumleszno.pl\\\/?p=877\",\"url\":\"http:\\\/\\\/ludzieikrajobrazy.muzeumleszno.pl\\\/?p=877\",\"name\":\"Wyci\u0105\u017ckowo. Po\u015bwi\u0119cenie obozu \u0107wiczebnego, 1933 rok - Ludzie i krajobrazy. Powiat Leszczy\u0144ski w ikonografii\",\"isPartOf\":{\"@id\":\"https:\\\/\\\/ludzieikrajobrazy.muzeumleszno.pl\\\/#website\"},\"primaryImageOfPage\":{\"@id\":\"http:\\\/\\\/ludzieikrajobrazy.muzeumleszno.pl\\\/?p=877#primaryimage\"},\"image\":{\"@id\":\"http:\\\/\\\/ludzieikrajobrazy.muzeumleszno.pl\\\/?p=877#primaryimage\"},\"thumbnailUrl\":\"http:\\\/\\\/ludzieikrajobrazy.muzeumleszno.pl\\\/wp-content\\\/uploads\\\/2024\\\/07\\\/189_MLFa-3539-scaled.jpg\",\"datePublished\":\"2024-06-20T10:00:40+00:00\",\"dateModified\":\"2024-10-02T10:14:25+00:00\",\"author\":{\"@id\":\"https:\\\/\\\/ludzieikrajobrazy.muzeumleszno.pl\\\/#\\\/schema\\\/person\\\/fc2bc20e2b51efc3202ac1f0cdcd06c0\"},\"breadcrumb\":{\"@id\":\"http:\\\/\\\/ludzieikrajobrazy.muzeumleszno.pl\\\/?p=877#breadcrumb\"},\"inLanguage\":\"pl-PL\",\"potentialAction\":[{\"@type\":\"ReadAction\",\"target\":[\"http:\\\/\\\/ludzieikrajobrazy.muzeumleszno.pl\\\/?p=877\"]}]},{\"@type\":\"BreadcrumbList\",\"@id\":\"http:\\\/\\\/ludzieikrajobrazy.muzeumleszno.pl\\\/?p=877#breadcrumb\",\"itemListElement\":[{\"@type\":\"ListItem\",\"position\":1,\"name\":\"Home\",\"item\":\"https:\\\/\\\/ludzieikrajobrazy.muzeumleszno.pl\\\/\"},{\"@type\":\"ListItem\",\"position\":2,\"name\":\"Wyci\u0105\u017ckowo. Po\u015bwi\u0119cenie obozu \u0107wiczebnego, 1933 rok\"}]},{\"@type\":\"WebSite\",\"@id\":\"https:\\\/\\\/ludzieikrajobrazy.muzeumleszno.pl\\\/#website\",\"url\":\"https:\\\/\\\/ludzieikrajobrazy.muzeumleszno.pl\\\/\",\"name\":\"Ludzie i krajobrazy. Powiat Leszczy\u0144ski w ikonografii\",\"description\":\"Powiat Leszczy\u0144ski w ikonografii\",\"potentialAction\":[{\"@type\":\"SearchAction\",\"target\":{\"@type\":\"EntryPoint\",\"urlTemplate\":\"https:\\\/\\\/ludzieikrajobrazy.muzeumleszno.pl\\\/?s={search_term_string}\"},\"query-input\":{\"@type\":\"PropertyValueSpecification\",\"valueRequired\":true,\"valueName\":\"search_term_string\"}}],\"inLanguage\":\"pl-PL\"},{\"@type\":\"Person\",\"@id\":\"https:\\\/\\\/ludzieikrajobrazy.muzeumleszno.pl\\\/#\\\/schema\\\/person\\\/fc2bc20e2b51efc3202ac1f0cdcd06c0\",\"name\":\"Pan_Admin\",\"image\":{\"@type\":\"ImageObject\",\"inLanguage\":\"pl-PL\",\"@id\":\"https:\\\/\\\/secure.gravatar.com\\\/avatar\\\/d109d485abe889ecc32dbdb971b715ad9d4596bd0e2353626451db3e04099822?s=96&d=mm&r=g\",\"url\":\"https:\\\/\\\/secure.gravatar.com\\\/avatar\\\/d109d485abe889ecc32dbdb971b715ad9d4596bd0e2353626451db3e04099822?s=96&d=mm&r=g\",\"contentUrl\":\"https:\\\/\\\/secure.gravatar.com\\\/avatar\\\/d109d485abe889ecc32dbdb971b715ad9d4596bd0e2353626451db3e04099822?s=96&d=mm&r=g\",\"caption\":\"Pan_Admin\"},\"sameAs\":[\"http:\\\/\\\/ludzieikrajobrazy.muzeumleszno.pl\"],\"url\":\"http:\\\/\\\/ludzieikrajobrazy.muzeumleszno.pl\\\/?author=1\"}]}<\/script>\n<!-- \/ Yoast SEO plugin. -->","yoast_head_json":{"title":"Wyci\u0105\u017ckowo. Po\u015bwi\u0119cenie obozu \u0107wiczebnego, 1933 rok - Ludzie i krajobrazy. Powiat Leszczy\u0144ski w ikonografii","robots":{"index":"index","follow":"follow","max-snippet":"max-snippet:-1","max-image-preview":"max-image-preview:large","max-video-preview":"max-video-preview:-1"},"canonical":"http:\/\/ludzieikrajobrazy.muzeumleszno.pl\/?p=877","og_locale":"pl_PL","og_type":"article","og_title":"Wyci\u0105\u017ckowo. Po\u015bwi\u0119cenie obozu \u0107wiczebnego, 1933 rok - Ludzie i krajobrazy. Powiat Leszczy\u0144ski w ikonografii","og_description":"W okresie dwudziestolecia mi\u0119dzywojennego leszczy\u0144ski garnizon liczy\u0142 kilka tysi\u0119cy \u017co\u0142nierzy. Stacjonuj\u0105ce w mie\u015bcie jednostki: 55 pu\u0142k piechoty i 17 pu\u0142k u\u0142an\u00f3w poza koszarami potrzebowa\u0142y du\u017co przestrzeni do prowadzenia...","og_url":"http:\/\/ludzieikrajobrazy.muzeumleszno.pl\/?p=877","og_site_name":"Ludzie i krajobrazy. Powiat Leszczy\u0144ski w ikonografii","article_published_time":"2024-06-20T10:00:40+00:00","article_modified_time":"2024-10-02T10:14:25+00:00","og_image":[{"width":2560,"height":1758,"url":"http:\/\/ludzieikrajobrazy.muzeumleszno.pl\/wp-content\/uploads\/2024\/07\/189_MLFa-3539-scaled.jpg","type":"image\/jpeg"}],"author":"Pan_Admin","twitter_card":"summary_large_image","twitter_misc":{"Napisane przez":"Pan_Admin","Szacowany czas czytania":"2 minuty"},"schema":{"@context":"https:\/\/schema.org","@graph":[{"@type":"Article","@id":"http:\/\/ludzieikrajobrazy.muzeumleszno.pl\/?p=877#article","isPartOf":{"@id":"http:\/\/ludzieikrajobrazy.muzeumleszno.pl\/?p=877"},"author":{"name":"Pan_Admin","@id":"https:\/\/ludzieikrajobrazy.muzeumleszno.pl\/#\/schema\/person\/fc2bc20e2b51efc3202ac1f0cdcd06c0"},"headline":"Wyci\u0105\u017ckowo. Po\u015bwi\u0119cenie obozu \u0107wiczebnego, 1933 rok","datePublished":"2024-06-20T10:00:40+00:00","dateModified":"2024-10-02T10:14:25+00:00","mainEntityOfPage":{"@id":"http:\/\/ludzieikrajobrazy.muzeumleszno.pl\/?p=877"},"wordCount":250,"image":{"@id":"http:\/\/ludzieikrajobrazy.muzeumleszno.pl\/?p=877#primaryimage"},"thumbnailUrl":"http:\/\/ludzieikrajobrazy.muzeumleszno.pl\/wp-content\/uploads\/2024\/07\/189_MLFa-3539-scaled.jpg","keywords":["\"ma\u0142y Biedrusek\"","17 pu\u0142k u\u0142an\u00f3w","1933","55 pu\u0142k piechoty","azbestowy barak","\u0107wiczenia","dokumentacja","drzewa","fotografia okoliczno\u015bciowa","kasyno oficerskie","kobieta","kobiety","koszary","krajobraz","ksi\u0105dz","leszczy\u0144ski garnizon","manewry","m\u0119\u017cczyzna","m\u0119\u017cczy\u017ani","mi\u0119dzywojnie","mundur","nakrycie g\u0142owy","namiot","ob\u00f3z letni","Okr\u0119g Korpusu VII w Poznaniu","plener","poligon","rzutnia granat\u00f3w","sk\u0142adnica wojskowa","str\u00f3j od\u015bwi\u0119tny","strzelnica bojowa","strzelnica szkolna","sukienka","\u015bwi\u0119cenie","uroczysto\u015b\u0107","Wyci\u0105\u017ckowo","\u017co\u0142nierz"],"articleSection":["Wyci\u0105\u017ckowo"],"inLanguage":"pl-PL"},{"@type":"WebPage","@id":"http:\/\/ludzieikrajobrazy.muzeumleszno.pl\/?p=877","url":"http:\/\/ludzieikrajobrazy.muzeumleszno.pl\/?p=877","name":"Wyci\u0105\u017ckowo. Po\u015bwi\u0119cenie obozu \u0107wiczebnego, 1933 rok - Ludzie i krajobrazy. Powiat Leszczy\u0144ski w ikonografii","isPartOf":{"@id":"https:\/\/ludzieikrajobrazy.muzeumleszno.pl\/#website"},"primaryImageOfPage":{"@id":"http:\/\/ludzieikrajobrazy.muzeumleszno.pl\/?p=877#primaryimage"},"image":{"@id":"http:\/\/ludzieikrajobrazy.muzeumleszno.pl\/?p=877#primaryimage"},"thumbnailUrl":"http:\/\/ludzieikrajobrazy.muzeumleszno.pl\/wp-content\/uploads\/2024\/07\/189_MLFa-3539-scaled.jpg","datePublished":"2024-06-20T10:00:40+00:00","dateModified":"2024-10-02T10:14:25+00:00","author":{"@id":"https:\/\/ludzieikrajobrazy.muzeumleszno.pl\/#\/schema\/person\/fc2bc20e2b51efc3202ac1f0cdcd06c0"},"breadcrumb":{"@id":"http:\/\/ludzieikrajobrazy.muzeumleszno.pl\/?p=877#breadcrumb"},"inLanguage":"pl-PL","potentialAction":[{"@type":"ReadAction","target":["http:\/\/ludzieikrajobrazy.muzeumleszno.pl\/?p=877"]}]},{"@type":"BreadcrumbList","@id":"http:\/\/ludzieikrajobrazy.muzeumleszno.pl\/?p=877#breadcrumb","itemListElement":[{"@type":"ListItem","position":1,"name":"Home","item":"https:\/\/ludzieikrajobrazy.muzeumleszno.pl\/"},{"@type":"ListItem","position":2,"name":"Wyci\u0105\u017ckowo. Po\u015bwi\u0119cenie obozu \u0107wiczebnego, 1933 rok"}]},{"@type":"WebSite","@id":"https:\/\/ludzieikrajobrazy.muzeumleszno.pl\/#website","url":"https:\/\/ludzieikrajobrazy.muzeumleszno.pl\/","name":"Ludzie i krajobrazy. Powiat Leszczy\u0144ski w ikonografii","description":"Powiat Leszczy\u0144ski w ikonografii","potentialAction":[{"@type":"SearchAction","target":{"@type":"EntryPoint","urlTemplate":"https:\/\/ludzieikrajobrazy.muzeumleszno.pl\/?s={search_term_string}"},"query-input":{"@type":"PropertyValueSpecification","valueRequired":true,"valueName":"search_term_string"}}],"inLanguage":"pl-PL"},{"@type":"Person","@id":"https:\/\/ludzieikrajobrazy.muzeumleszno.pl\/#\/schema\/person\/fc2bc20e2b51efc3202ac1f0cdcd06c0","name":"Pan_Admin","image":{"@type":"ImageObject","inLanguage":"pl-PL","@id":"https:\/\/secure.gravatar.com\/avatar\/d109d485abe889ecc32dbdb971b715ad9d4596bd0e2353626451db3e04099822?s=96&d=mm&r=g","url":"https:\/\/secure.gravatar.com\/avatar\/d109d485abe889ecc32dbdb971b715ad9d4596bd0e2353626451db3e04099822?s=96&d=mm&r=g","contentUrl":"https:\/\/secure.gravatar.com\/avatar\/d109d485abe889ecc32dbdb971b715ad9d4596bd0e2353626451db3e04099822?s=96&d=mm&r=g","caption":"Pan_Admin"},"sameAs":["http:\/\/ludzieikrajobrazy.muzeumleszno.pl"],"url":"http:\/\/ludzieikrajobrazy.muzeumleszno.pl\/?author=1"}]}},"_links":{"self":[{"href":"http:\/\/ludzieikrajobrazy.muzeumleszno.pl\/index.php?rest_route=\/wp\/v2\/posts\/877","targetHints":{"allow":["GET"]}}],"collection":[{"href":"http:\/\/ludzieikrajobrazy.muzeumleszno.pl\/index.php?rest_route=\/wp\/v2\/posts"}],"about":[{"href":"http:\/\/ludzieikrajobrazy.muzeumleszno.pl\/index.php?rest_route=\/wp\/v2\/types\/post"}],"author":[{"embeddable":true,"href":"http:\/\/ludzieikrajobrazy.muzeumleszno.pl\/index.php?rest_route=\/wp\/v2\/users\/1"}],"replies":[{"embeddable":true,"href":"http:\/\/ludzieikrajobrazy.muzeumleszno.pl\/index.php?rest_route=%2Fwp%2Fv2%2Fcomments&post=877"}],"version-history":[{"count":2,"href":"http:\/\/ludzieikrajobrazy.muzeumleszno.pl\/index.php?rest_route=\/wp\/v2\/posts\/877\/revisions"}],"predecessor-version":[{"id":1395,"href":"http:\/\/ludzieikrajobrazy.muzeumleszno.pl\/index.php?rest_route=\/wp\/v2\/posts\/877\/revisions\/1395"}],"wp:featuredmedia":[{"embeddable":true,"href":"http:\/\/ludzieikrajobrazy.muzeumleszno.pl\/index.php?rest_route=\/wp\/v2\/media\/878"}],"wp:attachment":[{"href":"http:\/\/ludzieikrajobrazy.muzeumleszno.pl\/index.php?rest_route=%2Fwp%2Fv2%2Fmedia&parent=877"}],"wp:term":[{"taxonomy":"category","embeddable":true,"href":"http:\/\/ludzieikrajobrazy.muzeumleszno.pl\/index.php?rest_route=%2Fwp%2Fv2%2Fcategories&post=877"},{"taxonomy":"post_tag","embeddable":true,"href":"http:\/\/ludzieikrajobrazy.muzeumleszno.pl\/index.php?rest_route=%2Fwp%2Fv2%2Ftags&post=877"}],"curies":[{"name":"wp","href":"https:\/\/api.w.org\/{rel}","templated":true}]}}