{"id":880,"date":"2024-06-19T12:00:23","date_gmt":"2024-06-19T10:00:23","guid":{"rendered":"http:\/\/ludzieikrajobrazy.muzeumleszno.pl\/?p=880"},"modified":"2024-10-02T12:34:41","modified_gmt":"2024-10-02T10:34:41","slug":"zaborowo-granica-miejscowosci-lata-1939-1945-falkenberg-fot-kurt-elsner","status":"publish","type":"post","link":"http:\/\/ludzieikrajobrazy.muzeumleszno.pl\/?p=880","title":{"rendered":"Zaborowo, Granica miejscowo\u015bci, lata 1939\u20131945, Falkenberg, fot. Kurt Elsner"},"content":{"rendered":"\n<p>Zaborowo utraci\u0142o prawa miejskie w 1892 roku. Dawne granice miejscowo\u015bci przetrwa\u0142y jeszcze kilkadziesi\u0105t lat, do momentu w\u0142\u0105czenia Zaborowa do Leszna 1 sierpnia 1977 roku. Z XIX-wiecznych opis\u00f3w wynika, \u017ce granica ta obejmowa\u0142a miasto wraz nale\u017c\u0105cym do niego folwarkiem. Linia wyznaczaj\u0105ca obw\u00f3d miejscowo\u015bci zaczyna\u0142a si\u0119 na drodze leszczy\u0144skiej przy brzegu zagajnika brzozowego i prowadzi\u0142a do drogi ze Strzy\u017cewic, nast\u0119pnie naprzeciw wschowskiego wej\u015bcia do miasta post\u0119powa\u0142a w kierunku le\u015bnictwa i otaczaj\u0105c folwark ci\u0105gn\u0119\u0142a si\u0119 w stron\u0119 drogi do G\u00f3ry. Dalej, kieruj\u0105c si\u0119 na wsch\u00f3d, przecina\u0142a drog\u0119 prowadz\u0105c\u0105 do ba\u017cantarni i Rydzyny, a nast\u0119pnie wzd\u0142u\u017c tor\u00f3w kolei wroc\u0142awsko-pozna\u0144skiej bieg\u0142a na p\u00f3\u0142noc dochodz\u0105c do brzegu wspomnianego ju\u017c zagajnika. W opisie wymienia si\u0119 dwa wiatraki nale\u017c\u0105ce do Gottlieba Waltera i Gottlieba Tscheuschnera, by\u0107 mo\u017ce te same, kt\u00f3re wida\u0107 na fotografii.&nbsp;<\/p>\n\n\n\n<p>Zdj\u0119cie wykonano w okresie II wojny \u015bwiatowej. Nazw\u0119 miejscowo\u015bci zmieniono w\u00f3wczas na Dornfeld. Wzd\u0142u\u017c drogi wida\u0107 pryzmy kamieni. Nie wiadomo czy mia\u0142y pos\u0142u\u017cy\u0107 do brukowania, czy mo\u017ce zdj\u0119to je w zwi\u0105zku z planami po\u0142o\u017cenia nowej nawierzchni.&nbsp;<\/p>\n\n\n\n<figure data-wp-context=\"{&quot;imageId&quot;:&quot;69f1cdf2ee191&quot;}\" data-wp-interactive=\"core\/image\" data-wp-key=\"69f1cdf2ee191\" class=\"wp-block-image size-full wp-lightbox-container\"><img fetchpriority=\"high\" decoding=\"async\" width=\"2560\" height=\"1766\" data-wp-class--hide=\"state.isContentHidden\" data-wp-class--show=\"state.isContentVisible\" data-wp-init=\"callbacks.setButtonStyles\" data-wp-on--click=\"actions.showLightbox\" data-wp-on--load=\"callbacks.setButtonStyles\" data-wp-on-window--resize=\"callbacks.setButtonStyles\" src=\"http:\/\/ludzieikrajobrazy.muzeumleszno.pl\/wp-content\/uploads\/2024\/07\/190_MLFa-3559_186-scaled.jpg\" alt=\"Zaborowo - tablica\" class=\"wp-image-881\" srcset=\"http:\/\/ludzieikrajobrazy.muzeumleszno.pl\/wp-content\/uploads\/2024\/07\/190_MLFa-3559_186-scaled.jpg 2560w, http:\/\/ludzieikrajobrazy.muzeumleszno.pl\/wp-content\/uploads\/2024\/07\/190_MLFa-3559_186-1536x1059.jpg 1536w, http:\/\/ludzieikrajobrazy.muzeumleszno.pl\/wp-content\/uploads\/2024\/07\/190_MLFa-3559_186-2048x1412.jpg 2048w, http:\/\/ludzieikrajobrazy.muzeumleszno.pl\/wp-content\/uploads\/2024\/07\/190_MLFa-3559_186-200x138.jpg 200w, http:\/\/ludzieikrajobrazy.muzeumleszno.pl\/wp-content\/uploads\/2024\/07\/190_MLFa-3559_186-973x671.jpg 973w, http:\/\/ludzieikrajobrazy.muzeumleszno.pl\/wp-content\/uploads\/2024\/07\/190_MLFa-3559_186-508x350.jpg 508w\" sizes=\"(max-width: 2560px) 100vw, 2560px\" \/><button\n\t\t\tclass=\"lightbox-trigger\"\n\t\t\ttype=\"button\"\n\t\t\taria-haspopup=\"dialog\"\n\t\t\taria-label=\"Powi\u0119ksz\"\n\t\t\tdata-wp-init=\"callbacks.initTriggerButton\"\n\t\t\tdata-wp-on--click=\"actions.showLightbox\"\n\t\t\tdata-wp-style--right=\"state.imageButtonRight\"\n\t\t\tdata-wp-style--top=\"state.imageButtonTop\"\n\t\t>\n\t\t\t<svg xmlns=\"http:\/\/www.w3.org\/2000\/svg\" width=\"12\" height=\"12\" fill=\"none\" viewBox=\"0 0 12 12\">\n\t\t\t\t<path fill=\"#fff\" d=\"M2 0a2 2 0 0 0-2 2v2h1.5V2a.5.5 0 0 1 .5-.5h2V0H2Zm2 10.5H2a.5.5 0 0 1-.5-.5V8H0v2a2 2 0 0 0 2 2h2v-1.5ZM8 12v-1.5h2a.5.5 0 0 0 .5-.5V8H12v2a2 2 0 0 1-2 2H8Zm2-12a2 2 0 0 1 2 2v2h-1.5V2a.5.5 0 0 0-.5-.5H8V0h2Z\" \/>\n\t\t\t<\/svg>\n\t\t<\/button><figcaption class=\"wp-element-caption\">Zaborowo &#8211; tablica, wys.  6,5 cm x szer. 9,2 cm; papier fotograficzny, odbitka srebrowo &#8211; \u017celatynowa; XX wiek; Muzeum Okr\u0119gowe w Lesznie; MLFa3559\/186<\/figcaption><\/figure>\n\n\n\n<p class=\"has-small-font-size\">nr inw. MLFa 3559\/186<br>W zbiorach Muzeum Okr\u0119gowego w Lesznie od 2020 roku, dar<\/p>\n\n\n\n<p>D.Cz.<\/p>\n\n\n\n<figure class=\"wp-block-embed is-type-video is-provider-youtube wp-block-embed-youtube wp-embed-aspect-16-9 wp-has-aspect-ratio\"><div class=\"wp-block-embed__wrapper\">\n<iframe title=\"Zaborowo, Granica miejscowo\u015bci, lata 1939\u20131945, Falkenberg, fot  Kurt Elsner\" width=\"620\" height=\"349\" src=\"https:\/\/www.youtube.com\/embed\/WRhBQGUyjdQ?feature=oembed\" frameborder=\"0\" allow=\"accelerometer; autoplay; clipboard-write; encrypted-media; gyroscope; picture-in-picture; web-share\" referrerpolicy=\"strict-origin-when-cross-origin\" allowfullscreen><\/iframe>\n<\/div><\/figure>\n","protected":false},"excerpt":{"rendered":"<p>Zaborowo utraci\u0142o prawa miejskie w 1892 roku. Dawne granice miejscowo\u015bci przetrwa\u0142y jeszcze kilkadziesi\u0105t lat, do momentu w\u0142\u0105czenia Zaborowa do Leszna 1 sierpnia 1977 roku. Z XIX-wiecznych opis\u00f3w wynika,&#8230;<\/p>\n","protected":false},"author":1,"featured_media":881,"comment_status":"closed","ping_status":"closed","sticky":false,"template":"","format":"standard","meta":{"cybocfi_hide_featured_image":"yes","footnotes":""},"categories":[720],"tags":[419,1968,520,1973,1966,736,1963,991,417,1967,1972,1962,363,877,1974,1289,407,1964,357,1965,1715,984,1976,123,129,1913,1969,1248,1961],"class_list":["post-880","post","type-post","status-publish","format-standard","has-post-thumbnail","hentry","category-zaborowo","tag-419","tag-bazantarnia","tag-dokumentacja","tag-dornfeld","tag-droga-ze-strzyzewic","tag-drzewa","tag-falkenberg","tag-folwark","tag-fotografia","tag-gora","tag-gottlieb-tscheuschner","tag-granica-miejscowosci","tag-ii-wojna-swiatowa","tag-kamien","tag-kamienie","tag-kobieta","tag-krajobraz","tag-kurt-elsner","tag-leszno","tag-linia","tag-plener","tag-plot","tag-postac-2","tag-prawa-miejskie","tag-rydzyna","tag-sciezka","tag-strzyzewice","tag-tablica-informacyjna","tag-zaborowo"],"yoast_head":"<!-- This site is optimized with the Yoast SEO plugin v27.5 - https:\/\/yoast.com\/product\/yoast-seo-wordpress\/ -->\n<title>Zaborowo, Granica miejscowo\u015bci, lata 1939\u20131945, Falkenberg, fot. Kurt Elsner - Ludzie i krajobrazy. Powiat Leszczy\u0144ski w ikonografii<\/title>\n<meta name=\"robots\" content=\"index, follow, max-snippet:-1, max-image-preview:large, max-video-preview:-1\" \/>\n<link rel=\"canonical\" href=\"http:\/\/ludzieikrajobrazy.muzeumleszno.pl\/?p=880\" \/>\n<meta property=\"og:locale\" content=\"pl_PL\" \/>\n<meta property=\"og:type\" content=\"article\" \/>\n<meta property=\"og:title\" content=\"Zaborowo, Granica miejscowo\u015bci, lata 1939\u20131945, Falkenberg, fot. Kurt Elsner - Ludzie i krajobrazy. Powiat Leszczy\u0144ski w ikonografii\" \/>\n<meta property=\"og:description\" content=\"Zaborowo utraci\u0142o prawa miejskie w 1892 roku. Dawne granice miejscowo\u015bci przetrwa\u0142y jeszcze kilkadziesi\u0105t lat, do momentu w\u0142\u0105czenia Zaborowa do Leszna 1 sierpnia 1977 roku. Z XIX-wiecznych opis\u00f3w wynika,...\" \/>\n<meta property=\"og:url\" content=\"http:\/\/ludzieikrajobrazy.muzeumleszno.pl\/?p=880\" \/>\n<meta property=\"og:site_name\" content=\"Ludzie i krajobrazy. Powiat Leszczy\u0144ski w ikonografii\" \/>\n<meta property=\"article:published_time\" content=\"2024-06-19T10:00:23+00:00\" \/>\n<meta property=\"article:modified_time\" content=\"2024-10-02T10:34:41+00:00\" \/>\n<meta property=\"og:image\" content=\"http:\/\/ludzieikrajobrazy.muzeumleszno.pl\/wp-content\/uploads\/2024\/07\/190_MLFa-3559_186-scaled.jpg\" \/>\n\t<meta property=\"og:image:width\" content=\"2560\" \/>\n\t<meta property=\"og:image:height\" content=\"1766\" \/>\n\t<meta property=\"og:image:type\" content=\"image\/jpeg\" \/>\n<meta name=\"author\" content=\"Pan_Admin\" \/>\n<meta name=\"twitter:card\" content=\"summary_large_image\" \/>\n<meta name=\"twitter:label1\" content=\"Napisane przez\" \/>\n\t<meta name=\"twitter:data1\" content=\"Pan_Admin\" \/>\n\t<meta name=\"twitter:label2\" content=\"Szacowany czas czytania\" \/>\n\t<meta name=\"twitter:data2\" content=\"2 minuty\" \/>\n<script type=\"application\/ld+json\" class=\"yoast-schema-graph\">{\"@context\":\"https:\\\/\\\/schema.org\",\"@graph\":[{\"@type\":\"Article\",\"@id\":\"http:\\\/\\\/ludzieikrajobrazy.muzeumleszno.pl\\\/?p=880#article\",\"isPartOf\":{\"@id\":\"http:\\\/\\\/ludzieikrajobrazy.muzeumleszno.pl\\\/?p=880\"},\"author\":{\"name\":\"Pan_Admin\",\"@id\":\"https:\\\/\\\/ludzieikrajobrazy.muzeumleszno.pl\\\/#\\\/schema\\\/person\\\/fc2bc20e2b51efc3202ac1f0cdcd06c0\"},\"headline\":\"Zaborowo, Granica miejscowo\u015bci, lata 1939\u20131945, Falkenberg, fot. Kurt Elsner\",\"datePublished\":\"2024-06-19T10:00:23+00:00\",\"dateModified\":\"2024-10-02T10:34:41+00:00\",\"mainEntityOfPage\":{\"@id\":\"http:\\\/\\\/ludzieikrajobrazy.muzeumleszno.pl\\\/?p=880\"},\"wordCount\":262,\"image\":{\"@id\":\"http:\\\/\\\/ludzieikrajobrazy.muzeumleszno.pl\\\/?p=880#primaryimage\"},\"thumbnailUrl\":\"http:\\\/\\\/ludzieikrajobrazy.muzeumleszno.pl\\\/wp-content\\\/uploads\\\/2024\\\/07\\\/190_MLFa-3559_186-scaled.jpg\",\"keywords\":[\"1939\",\"ba\u017cantarnia\",\"dokumentacja\",\"Dornfeld\",\"droga ze Strzy\u017cewic\",\"drzewa\",\"Falkenberg\",\"folwark\",\"fotografia\",\"G\u00f3ra\",\"Gottlieb Tscheuschner\",\"granica miejscowo\u015bci\",\"II Wojna \u015awiatowa\",\"kamie\u0144\",\"kamienie\",\"kobieta\",\"krajobraz\",\"Kurt Elsner\",\"Leszno\",\"linia\",\"plener\",\"p\u0142ot\",\"postac\",\"prawa miejskie\",\"Rydzyna\",\"\u015bcie\u017cka\",\"Strzy\u017cewice\",\"tablica informacyjna\",\"Zaborowo\"],\"articleSection\":[\"Zaborowo\"],\"inLanguage\":\"pl-PL\"},{\"@type\":\"WebPage\",\"@id\":\"http:\\\/\\\/ludzieikrajobrazy.muzeumleszno.pl\\\/?p=880\",\"url\":\"http:\\\/\\\/ludzieikrajobrazy.muzeumleszno.pl\\\/?p=880\",\"name\":\"Zaborowo, Granica miejscowo\u015bci, lata 1939\u20131945, Falkenberg, fot. Kurt Elsner - Ludzie i krajobrazy. Powiat Leszczy\u0144ski w ikonografii\",\"isPartOf\":{\"@id\":\"https:\\\/\\\/ludzieikrajobrazy.muzeumleszno.pl\\\/#website\"},\"primaryImageOfPage\":{\"@id\":\"http:\\\/\\\/ludzieikrajobrazy.muzeumleszno.pl\\\/?p=880#primaryimage\"},\"image\":{\"@id\":\"http:\\\/\\\/ludzieikrajobrazy.muzeumleszno.pl\\\/?p=880#primaryimage\"},\"thumbnailUrl\":\"http:\\\/\\\/ludzieikrajobrazy.muzeumleszno.pl\\\/wp-content\\\/uploads\\\/2024\\\/07\\\/190_MLFa-3559_186-scaled.jpg\",\"datePublished\":\"2024-06-19T10:00:23+00:00\",\"dateModified\":\"2024-10-02T10:34:41+00:00\",\"author\":{\"@id\":\"https:\\\/\\\/ludzieikrajobrazy.muzeumleszno.pl\\\/#\\\/schema\\\/person\\\/fc2bc20e2b51efc3202ac1f0cdcd06c0\"},\"breadcrumb\":{\"@id\":\"http:\\\/\\\/ludzieikrajobrazy.muzeumleszno.pl\\\/?p=880#breadcrumb\"},\"inLanguage\":\"pl-PL\",\"potentialAction\":[{\"@type\":\"ReadAction\",\"target\":[\"http:\\\/\\\/ludzieikrajobrazy.muzeumleszno.pl\\\/?p=880\"]}]},{\"@type\":\"BreadcrumbList\",\"@id\":\"http:\\\/\\\/ludzieikrajobrazy.muzeumleszno.pl\\\/?p=880#breadcrumb\",\"itemListElement\":[{\"@type\":\"ListItem\",\"position\":1,\"name\":\"Home\",\"item\":\"https:\\\/\\\/ludzieikrajobrazy.muzeumleszno.pl\\\/\"},{\"@type\":\"ListItem\",\"position\":2,\"name\":\"Zaborowo, Granica miejscowo\u015bci, lata 1939\u20131945, Falkenberg, fot. Kurt Elsner\"}]},{\"@type\":\"WebSite\",\"@id\":\"https:\\\/\\\/ludzieikrajobrazy.muzeumleszno.pl\\\/#website\",\"url\":\"https:\\\/\\\/ludzieikrajobrazy.muzeumleszno.pl\\\/\",\"name\":\"Ludzie i krajobrazy. Powiat Leszczy\u0144ski w ikonografii\",\"description\":\"Powiat Leszczy\u0144ski w ikonografii\",\"potentialAction\":[{\"@type\":\"SearchAction\",\"target\":{\"@type\":\"EntryPoint\",\"urlTemplate\":\"https:\\\/\\\/ludzieikrajobrazy.muzeumleszno.pl\\\/?s={search_term_string}\"},\"query-input\":{\"@type\":\"PropertyValueSpecification\",\"valueRequired\":true,\"valueName\":\"search_term_string\"}}],\"inLanguage\":\"pl-PL\"},{\"@type\":\"Person\",\"@id\":\"https:\\\/\\\/ludzieikrajobrazy.muzeumleszno.pl\\\/#\\\/schema\\\/person\\\/fc2bc20e2b51efc3202ac1f0cdcd06c0\",\"name\":\"Pan_Admin\",\"image\":{\"@type\":\"ImageObject\",\"inLanguage\":\"pl-PL\",\"@id\":\"https:\\\/\\\/secure.gravatar.com\\\/avatar\\\/d109d485abe889ecc32dbdb971b715ad9d4596bd0e2353626451db3e04099822?s=96&d=mm&r=g\",\"url\":\"https:\\\/\\\/secure.gravatar.com\\\/avatar\\\/d109d485abe889ecc32dbdb971b715ad9d4596bd0e2353626451db3e04099822?s=96&d=mm&r=g\",\"contentUrl\":\"https:\\\/\\\/secure.gravatar.com\\\/avatar\\\/d109d485abe889ecc32dbdb971b715ad9d4596bd0e2353626451db3e04099822?s=96&d=mm&r=g\",\"caption\":\"Pan_Admin\"},\"sameAs\":[\"http:\\\/\\\/ludzieikrajobrazy.muzeumleszno.pl\"],\"url\":\"http:\\\/\\\/ludzieikrajobrazy.muzeumleszno.pl\\\/?author=1\"}]}<\/script>\n<!-- \/ Yoast SEO plugin. -->","yoast_head_json":{"title":"Zaborowo, Granica miejscowo\u015bci, lata 1939\u20131945, Falkenberg, fot. Kurt Elsner - Ludzie i krajobrazy. Powiat Leszczy\u0144ski w ikonografii","robots":{"index":"index","follow":"follow","max-snippet":"max-snippet:-1","max-image-preview":"max-image-preview:large","max-video-preview":"max-video-preview:-1"},"canonical":"http:\/\/ludzieikrajobrazy.muzeumleszno.pl\/?p=880","og_locale":"pl_PL","og_type":"article","og_title":"Zaborowo, Granica miejscowo\u015bci, lata 1939\u20131945, Falkenberg, fot. Kurt Elsner - Ludzie i krajobrazy. Powiat Leszczy\u0144ski w ikonografii","og_description":"Zaborowo utraci\u0142o prawa miejskie w 1892 roku. Dawne granice miejscowo\u015bci przetrwa\u0142y jeszcze kilkadziesi\u0105t lat, do momentu w\u0142\u0105czenia Zaborowa do Leszna 1 sierpnia 1977 roku. Z XIX-wiecznych opis\u00f3w wynika,...","og_url":"http:\/\/ludzieikrajobrazy.muzeumleszno.pl\/?p=880","og_site_name":"Ludzie i krajobrazy. Powiat Leszczy\u0144ski w ikonografii","article_published_time":"2024-06-19T10:00:23+00:00","article_modified_time":"2024-10-02T10:34:41+00:00","og_image":[{"width":2560,"height":1766,"url":"http:\/\/ludzieikrajobrazy.muzeumleszno.pl\/wp-content\/uploads\/2024\/07\/190_MLFa-3559_186-scaled.jpg","type":"image\/jpeg"}],"author":"Pan_Admin","twitter_card":"summary_large_image","twitter_misc":{"Napisane przez":"Pan_Admin","Szacowany czas czytania":"2 minuty"},"schema":{"@context":"https:\/\/schema.org","@graph":[{"@type":"Article","@id":"http:\/\/ludzieikrajobrazy.muzeumleszno.pl\/?p=880#article","isPartOf":{"@id":"http:\/\/ludzieikrajobrazy.muzeumleszno.pl\/?p=880"},"author":{"name":"Pan_Admin","@id":"https:\/\/ludzieikrajobrazy.muzeumleszno.pl\/#\/schema\/person\/fc2bc20e2b51efc3202ac1f0cdcd06c0"},"headline":"Zaborowo, Granica miejscowo\u015bci, lata 1939\u20131945, Falkenberg, fot. Kurt Elsner","datePublished":"2024-06-19T10:00:23+00:00","dateModified":"2024-10-02T10:34:41+00:00","mainEntityOfPage":{"@id":"http:\/\/ludzieikrajobrazy.muzeumleszno.pl\/?p=880"},"wordCount":262,"image":{"@id":"http:\/\/ludzieikrajobrazy.muzeumleszno.pl\/?p=880#primaryimage"},"thumbnailUrl":"http:\/\/ludzieikrajobrazy.muzeumleszno.pl\/wp-content\/uploads\/2024\/07\/190_MLFa-3559_186-scaled.jpg","keywords":["1939","ba\u017cantarnia","dokumentacja","Dornfeld","droga ze Strzy\u017cewic","drzewa","Falkenberg","folwark","fotografia","G\u00f3ra","Gottlieb Tscheuschner","granica miejscowo\u015bci","II Wojna \u015awiatowa","kamie\u0144","kamienie","kobieta","krajobraz","Kurt Elsner","Leszno","linia","plener","p\u0142ot","postac","prawa miejskie","Rydzyna","\u015bcie\u017cka","Strzy\u017cewice","tablica informacyjna","Zaborowo"],"articleSection":["Zaborowo"],"inLanguage":"pl-PL"},{"@type":"WebPage","@id":"http:\/\/ludzieikrajobrazy.muzeumleszno.pl\/?p=880","url":"http:\/\/ludzieikrajobrazy.muzeumleszno.pl\/?p=880","name":"Zaborowo, Granica miejscowo\u015bci, lata 1939\u20131945, Falkenberg, fot. Kurt Elsner - Ludzie i krajobrazy. Powiat Leszczy\u0144ski w ikonografii","isPartOf":{"@id":"https:\/\/ludzieikrajobrazy.muzeumleszno.pl\/#website"},"primaryImageOfPage":{"@id":"http:\/\/ludzieikrajobrazy.muzeumleszno.pl\/?p=880#primaryimage"},"image":{"@id":"http:\/\/ludzieikrajobrazy.muzeumleszno.pl\/?p=880#primaryimage"},"thumbnailUrl":"http:\/\/ludzieikrajobrazy.muzeumleszno.pl\/wp-content\/uploads\/2024\/07\/190_MLFa-3559_186-scaled.jpg","datePublished":"2024-06-19T10:00:23+00:00","dateModified":"2024-10-02T10:34:41+00:00","author":{"@id":"https:\/\/ludzieikrajobrazy.muzeumleszno.pl\/#\/schema\/person\/fc2bc20e2b51efc3202ac1f0cdcd06c0"},"breadcrumb":{"@id":"http:\/\/ludzieikrajobrazy.muzeumleszno.pl\/?p=880#breadcrumb"},"inLanguage":"pl-PL","potentialAction":[{"@type":"ReadAction","target":["http:\/\/ludzieikrajobrazy.muzeumleszno.pl\/?p=880"]}]},{"@type":"BreadcrumbList","@id":"http:\/\/ludzieikrajobrazy.muzeumleszno.pl\/?p=880#breadcrumb","itemListElement":[{"@type":"ListItem","position":1,"name":"Home","item":"https:\/\/ludzieikrajobrazy.muzeumleszno.pl\/"},{"@type":"ListItem","position":2,"name":"Zaborowo, Granica miejscowo\u015bci, lata 1939\u20131945, Falkenberg, fot. Kurt Elsner"}]},{"@type":"WebSite","@id":"https:\/\/ludzieikrajobrazy.muzeumleszno.pl\/#website","url":"https:\/\/ludzieikrajobrazy.muzeumleszno.pl\/","name":"Ludzie i krajobrazy. Powiat Leszczy\u0144ski w ikonografii","description":"Powiat Leszczy\u0144ski w ikonografii","potentialAction":[{"@type":"SearchAction","target":{"@type":"EntryPoint","urlTemplate":"https:\/\/ludzieikrajobrazy.muzeumleszno.pl\/?s={search_term_string}"},"query-input":{"@type":"PropertyValueSpecification","valueRequired":true,"valueName":"search_term_string"}}],"inLanguage":"pl-PL"},{"@type":"Person","@id":"https:\/\/ludzieikrajobrazy.muzeumleszno.pl\/#\/schema\/person\/fc2bc20e2b51efc3202ac1f0cdcd06c0","name":"Pan_Admin","image":{"@type":"ImageObject","inLanguage":"pl-PL","@id":"https:\/\/secure.gravatar.com\/avatar\/d109d485abe889ecc32dbdb971b715ad9d4596bd0e2353626451db3e04099822?s=96&d=mm&r=g","url":"https:\/\/secure.gravatar.com\/avatar\/d109d485abe889ecc32dbdb971b715ad9d4596bd0e2353626451db3e04099822?s=96&d=mm&r=g","contentUrl":"https:\/\/secure.gravatar.com\/avatar\/d109d485abe889ecc32dbdb971b715ad9d4596bd0e2353626451db3e04099822?s=96&d=mm&r=g","caption":"Pan_Admin"},"sameAs":["http:\/\/ludzieikrajobrazy.muzeumleszno.pl"],"url":"http:\/\/ludzieikrajobrazy.muzeumleszno.pl\/?author=1"}]}},"_links":{"self":[{"href":"http:\/\/ludzieikrajobrazy.muzeumleszno.pl\/index.php?rest_route=\/wp\/v2\/posts\/880","targetHints":{"allow":["GET"]}}],"collection":[{"href":"http:\/\/ludzieikrajobrazy.muzeumleszno.pl\/index.php?rest_route=\/wp\/v2\/posts"}],"about":[{"href":"http:\/\/ludzieikrajobrazy.muzeumleszno.pl\/index.php?rest_route=\/wp\/v2\/types\/post"}],"author":[{"embeddable":true,"href":"http:\/\/ludzieikrajobrazy.muzeumleszno.pl\/index.php?rest_route=\/wp\/v2\/users\/1"}],"replies":[{"embeddable":true,"href":"http:\/\/ludzieikrajobrazy.muzeumleszno.pl\/index.php?rest_route=%2Fwp%2Fv2%2Fcomments&post=880"}],"version-history":[{"count":2,"href":"http:\/\/ludzieikrajobrazy.muzeumleszno.pl\/index.php?rest_route=\/wp\/v2\/posts\/880\/revisions"}],"predecessor-version":[{"id":1406,"href":"http:\/\/ludzieikrajobrazy.muzeumleszno.pl\/index.php?rest_route=\/wp\/v2\/posts\/880\/revisions\/1406"}],"wp:featuredmedia":[{"embeddable":true,"href":"http:\/\/ludzieikrajobrazy.muzeumleszno.pl\/index.php?rest_route=\/wp\/v2\/media\/881"}],"wp:attachment":[{"href":"http:\/\/ludzieikrajobrazy.muzeumleszno.pl\/index.php?rest_route=%2Fwp%2Fv2%2Fmedia&parent=880"}],"wp:term":[{"taxonomy":"category","embeddable":true,"href":"http:\/\/ludzieikrajobrazy.muzeumleszno.pl\/index.php?rest_route=%2Fwp%2Fv2%2Fcategories&post=880"},{"taxonomy":"post_tag","embeddable":true,"href":"http:\/\/ludzieikrajobrazy.muzeumleszno.pl\/index.php?rest_route=%2Fwp%2Fv2%2Ftags&post=880"}],"curies":[{"name":"wp","href":"https:\/\/api.w.org\/{rel}","templated":true}]}}