{"id":883,"date":"2024-06-19T11:59:05","date_gmt":"2024-06-19T09:59:05","guid":{"rendered":"http:\/\/ludzieikrajobrazy.muzeumleszno.pl\/?p=883"},"modified":"2024-10-02T12:33:50","modified_gmt":"2024-10-02T10:33:50","slug":"zaborowo-kosciol-ewangelicki-lata-1939-1945-falkenberg-fot-kurt-elsner","status":"publish","type":"post","link":"http:\/\/ludzieikrajobrazy.muzeumleszno.pl\/?p=883","title":{"rendered":"Zaborowo, Ko\u015bci\u00f3\u0142 ewangelicki, lata 1939\u20131945, Falkenberg, fot. Kurt Elsner"},"content":{"rendered":"\n<p>W 1644 roku Wojciech z B\u0142ociszewa Gajewski (ok. 1610\u20131657), \u00f3wczesny dziedzic Czacza, otrzyma\u0142 od kr\u00f3la W\u0142adys\u0142awa IV Wazy (1595\u20131648) zgod\u0119 na za\u0142o\u017cenie Zaborowa. Miasto, podobnie jak Bojanowo, Rawicz i Szlichtyngowa powsta\u0142o dla ewangelickich uchod\u017ac\u00f3w ze \u015al\u0105ska. W czasie wojny 30-letniej protestanci masowo szukali w Polsce schronienia, uciekaj\u0105c przed prze\u015bladowaniami. Na ich potrzeby w 1645 roku wzniesiono ko\u015bci\u00f3\u0142, kt\u00f3ry kilkakrotnie potem p\u0142on\u0105\u0142.&nbsp;<\/p>\n\n\n\n<p>Formalne pozwolenie na budow\u0119 \u015bwi\u0105tyni Gajewski wystawi\u0142 dopiero w 1652 roku. Osadnicy otrzymali tak\u017ce gwarancje swob\u00f3d religijnych. Przywilej ten potwierdzali potem kolejni w\u0142a\u015bciciele Zaborowa: Leszczy\u0144scy i Su\u0142kowscy.&nbsp;<\/p>\n\n\n\n<p>Ko\u015bci\u00f3\u0142 stan\u0105\u0142 w centrum kompleksu osadniczego s\u0142u\u017c\u0105cego parafii ewangelickiej. Wok\u00f3\u0142 \u015bwi\u0105tyni za\u0142o\u017cono cmentarz, a w s\u0105siedztwie zbudowano dom pastora, dzwonnic\u0119 i szko\u0142\u0119. Ko\u015bci\u00f3\u0142 po raz pierwszy pad\u0142 pastw\u0105 p\u0142omieni w 1656 roku. Po odbudowie ponownie uleg\u0142 zniszczeniu i w latach 1669\u20131670 mieszczanie przyst\u0105pili do budowy po raz trzeci. W przywileju z 1670 roku mowa jest o prawie do wzniesienie ko\u015bcio\u0142a, wie\u017c i zawieszenia dzwon\u00f3w. Ostatni po\u017car mia\u0142 miejsce w 1792 roku. Dzisiaj \u015bwi\u0105tynia s\u0142u\u017cy wsp\u00f3lnocie katolickiej.&nbsp;<\/p>\n\n\n\n<figure data-wp-context=\"{&quot;imageId&quot;:&quot;69f1d2f28c433&quot;}\" data-wp-interactive=\"core\/image\" data-wp-key=\"69f1d2f28c433\" class=\"wp-block-image size-full is-style-default wp-lightbox-container\"><img fetchpriority=\"high\" decoding=\"async\" width=\"1339\" height=\"2000\" data-wp-class--hide=\"state.isContentHidden\" data-wp-class--show=\"state.isContentVisible\" data-wp-init=\"callbacks.setButtonStyles\" data-wp-on--click=\"actions.showLightbox\" data-wp-on--load=\"callbacks.setButtonStyles\" data-wp-on-window--resize=\"callbacks.setButtonStyles\" src=\"http:\/\/ludzieikrajobrazy.muzeumleszno.pl\/wp-content\/uploads\/2024\/07\/191_MLFa-3559_188.jpg\" alt=\"Ko\u015bci\u00f3\u0142 w Zaborowie\" class=\"wp-image-884\" srcset=\"http:\/\/ludzieikrajobrazy.muzeumleszno.pl\/wp-content\/uploads\/2024\/07\/191_MLFa-3559_188.jpg 1339w, http:\/\/ludzieikrajobrazy.muzeumleszno.pl\/wp-content\/uploads\/2024\/07\/191_MLFa-3559_188-1028x1536.jpg 1028w, http:\/\/ludzieikrajobrazy.muzeumleszno.pl\/wp-content\/uploads\/2024\/07\/191_MLFa-3559_188-200x299.jpg 200w, http:\/\/ludzieikrajobrazy.muzeumleszno.pl\/wp-content\/uploads\/2024\/07\/191_MLFa-3559_188-973x1453.jpg 973w, http:\/\/ludzieikrajobrazy.muzeumleszno.pl\/wp-content\/uploads\/2024\/07\/191_MLFa-3559_188-508x759.jpg 508w\" sizes=\"(max-width: 1339px) 100vw, 1339px\" \/><button\n\t\t\tclass=\"lightbox-trigger\"\n\t\t\ttype=\"button\"\n\t\t\taria-haspopup=\"dialog\"\n\t\t\taria-label=\"Powi\u0119ksz\"\n\t\t\tdata-wp-init=\"callbacks.initTriggerButton\"\n\t\t\tdata-wp-on--click=\"actions.showLightbox\"\n\t\t\tdata-wp-style--right=\"state.imageButtonRight\"\n\t\t\tdata-wp-style--top=\"state.imageButtonTop\"\n\t\t>\n\t\t\t<svg xmlns=\"http:\/\/www.w3.org\/2000\/svg\" width=\"12\" height=\"12\" fill=\"none\" viewBox=\"0 0 12 12\">\n\t\t\t\t<path fill=\"#fff\" d=\"M2 0a2 2 0 0 0-2 2v2h1.5V2a.5.5 0 0 1 .5-.5h2V0H2Zm2 10.5H2a.5.5 0 0 1-.5-.5V8H0v2a2 2 0 0 0 2 2h2v-1.5ZM8 12v-1.5h2a.5.5 0 0 0 .5-.5V8H12v2a2 2 0 0 1-2 2H8Zm2-12a2 2 0 0 1 2 2v2h-1.5V2a.5.5 0 0 0-.5-.5H8V0h2Z\" \/>\n\t\t\t<\/svg>\n\t\t<\/button><figcaption class=\"wp-element-caption\">Ko\u015bci\u00f3\u0142 w Zaborowie, wys.  9,1 cm x szer. 6,1 cm; papier fotograficzny, odbitka srebrowo &#8211; \u017celatynowa; XX wiek; Muzeum Okr\u0119gowe w Lesznie; MLFa3559\/188<\/figcaption><\/figure>\n\n\n\n<p class=\"has-small-font-size\">nr inw. MLFa 3559\/188<br>W zbiorach Muzeum Okr\u0119gowego w Lesznie od 2020 roku, dar<\/p>\n\n\n\n<p>D.Cz.<\/p>\n\n\n\n<figure class=\"wp-block-embed is-type-video is-provider-youtube wp-block-embed-youtube wp-embed-aspect-16-9 wp-has-aspect-ratio\"><div class=\"wp-block-embed__wrapper\">\n<iframe title=\"Zaborowo, Ko\u015bci\u00f3\u0142 ewangelicki, lata 1939\u20131945, Falkenberg, fot  Kurt Elsner\" width=\"620\" height=\"349\" src=\"https:\/\/www.youtube.com\/embed\/WCq3QgyXTmM?feature=oembed\" frameborder=\"0\" allow=\"accelerometer; autoplay; clipboard-write; encrypted-media; gyroscope; picture-in-picture; web-share\" referrerpolicy=\"strict-origin-when-cross-origin\" allowfullscreen><\/iframe>\n<\/div><\/figure>\n","protected":false},"excerpt":{"rendered":"<p>W 1644 roku Wojciech z B\u0142ociszewa Gajewski (ok. 1610\u20131657), \u00f3wczesny dziedzic Czacza, otrzyma\u0142 od kr\u00f3la W\u0142adys\u0142awa IV Wazy (1595\u20131648) zgod\u0119 na za\u0142o\u017cenie Zaborowa. Miasto, podobnie jak Bojanowo, Rawicz&#8230;<\/p>\n","protected":false},"author":1,"featured_media":884,"comment_status":"closed","ping_status":"closed","sticky":false,"template":"","format":"standard","meta":{"cybocfi_hide_featured_image":"yes","footnotes":""},"categories":[720],"tags":[419,378,165,1186,140,1187,392,1979,520,1989,598,736,1905,1980,1990,1963,417,88,407,1964,1773,1079,1418,1988,1715,1682,225,691,1986,1073,1985,1913,1983,499,818,1987,82,1982,1924,1981,1977,1978,1984,663,1961,1882],"class_list":["post-883","post","type-post","status-publish","format-standard","has-post-thumbnail","hentry","category-zaborowo","tag-419","tag-architektura","tag-budownictwo-murowane","tag-budynek-ceglany","tag-budynek-sakralny","tag-cegla","tag-cmentarz","tag-czacz","tag-dokumentacja","tag-dom-pastora","tag-droga","tag-drzewa","tag-drzwi","tag-dziedzic","tag-dzwonnica","tag-falkenberg","tag-fotografia","tag-kosciol-ewangelicki","tag-krajobraz","tag-kurt-elsner","tag-leszczynscy","tag-mezczyzna","tag-odbudowa","tag-parafia-ewangelicka","tag-plener","tag-postac","tag-pozar","tag-protestantyzm","tag-przesladowania","tag-przywilej","tag-schronienie","tag-sciezka","tag-slask","tag-sulkowscy","tag-swiatynia-2","tag-swoboda-religijna","tag-szkola","tag-uchodzccy","tag-wejscie","tag-wladyslaw-iv-waza","tag-wojciech-gajewski","tag-wojciech-z-blociszewa","tag-wojna-30-letnia","tag-wspolnota-katolicka","tag-zaborowo","tag-zniszczenie"],"yoast_head":"<!-- This site is optimized with the Yoast SEO plugin v27.5 - https:\/\/yoast.com\/product\/yoast-seo-wordpress\/ -->\n<title>Zaborowo, Ko\u015bci\u00f3\u0142 ewangelicki, lata 1939\u20131945, Falkenberg, fot. Kurt Elsner - Ludzie i krajobrazy. Powiat Leszczy\u0144ski w ikonografii<\/title>\n<meta name=\"robots\" content=\"index, follow, max-snippet:-1, max-image-preview:large, max-video-preview:-1\" \/>\n<link rel=\"canonical\" href=\"http:\/\/ludzieikrajobrazy.muzeumleszno.pl\/?p=883\" \/>\n<meta property=\"og:locale\" content=\"pl_PL\" \/>\n<meta property=\"og:type\" content=\"article\" \/>\n<meta property=\"og:title\" content=\"Zaborowo, Ko\u015bci\u00f3\u0142 ewangelicki, lata 1939\u20131945, Falkenberg, fot. Kurt Elsner - Ludzie i krajobrazy. Powiat Leszczy\u0144ski w ikonografii\" \/>\n<meta property=\"og:description\" content=\"W 1644 roku Wojciech z B\u0142ociszewa Gajewski (ok. 1610\u20131657), \u00f3wczesny dziedzic Czacza, otrzyma\u0142 od kr\u00f3la W\u0142adys\u0142awa IV Wazy (1595\u20131648) zgod\u0119 na za\u0142o\u017cenie Zaborowa. Miasto, podobnie jak Bojanowo, Rawicz...\" \/>\n<meta property=\"og:url\" content=\"http:\/\/ludzieikrajobrazy.muzeumleszno.pl\/?p=883\" \/>\n<meta property=\"og:site_name\" content=\"Ludzie i krajobrazy. Powiat Leszczy\u0144ski w ikonografii\" \/>\n<meta property=\"article:published_time\" content=\"2024-06-19T09:59:05+00:00\" \/>\n<meta property=\"article:modified_time\" content=\"2024-10-02T10:33:50+00:00\" \/>\n<meta property=\"og:image\" content=\"http:\/\/ludzieikrajobrazy.muzeumleszno.pl\/wp-content\/uploads\/2024\/07\/191_MLFa-3559_188.jpg\" \/>\n\t<meta property=\"og:image:width\" content=\"1339\" \/>\n\t<meta property=\"og:image:height\" content=\"2000\" \/>\n\t<meta property=\"og:image:type\" content=\"image\/jpeg\" \/>\n<meta name=\"author\" content=\"Pan_Admin\" \/>\n<meta name=\"twitter:card\" content=\"summary_large_image\" \/>\n<meta name=\"twitter:label1\" content=\"Napisane przez\" \/>\n\t<meta name=\"twitter:data1\" content=\"Pan_Admin\" \/>\n\t<meta name=\"twitter:label2\" content=\"Szacowany czas czytania\" \/>\n\t<meta name=\"twitter:data2\" content=\"2 minuty\" \/>\n<script type=\"application\/ld+json\" class=\"yoast-schema-graph\">{\"@context\":\"https:\\\/\\\/schema.org\",\"@graph\":[{\"@type\":\"Article\",\"@id\":\"http:\\\/\\\/ludzieikrajobrazy.muzeumleszno.pl\\\/?p=883#article\",\"isPartOf\":{\"@id\":\"http:\\\/\\\/ludzieikrajobrazy.muzeumleszno.pl\\\/?p=883\"},\"author\":{\"name\":\"Pan_Admin\",\"@id\":\"https:\\\/\\\/ludzieikrajobrazy.muzeumleszno.pl\\\/#\\\/schema\\\/person\\\/fc2bc20e2b51efc3202ac1f0cdcd06c0\"},\"headline\":\"Zaborowo, Ko\u015bci\u00f3\u0142 ewangelicki, lata 1939\u20131945, Falkenberg, fot. Kurt Elsner\",\"datePublished\":\"2024-06-19T09:59:05+00:00\",\"dateModified\":\"2024-10-02T10:33:50+00:00\",\"mainEntityOfPage\":{\"@id\":\"http:\\\/\\\/ludzieikrajobrazy.muzeumleszno.pl\\\/?p=883\"},\"wordCount\":250,\"image\":{\"@id\":\"http:\\\/\\\/ludzieikrajobrazy.muzeumleszno.pl\\\/?p=883#primaryimage\"},\"thumbnailUrl\":\"http:\\\/\\\/ludzieikrajobrazy.muzeumleszno.pl\\\/wp-content\\\/uploads\\\/2024\\\/07\\\/191_MLFa-3559_188.jpg\",\"keywords\":[\"1939\",\"architektura\",\"budownictwo murowane\",\"budynek ceglany\",\"budynek sakralny\",\"ceg\u0142a\",\"cmentarz\",\"Czacz\",\"dokumentacja\",\"dom pastora\",\"droga\",\"drzewa\",\"drzwi\",\"dziedzic\",\"dzwonnica\",\"Falkenberg\",\"fotografia\",\"Ko\u015bci\u00f3\u0142 ewangelicki\",\"krajobraz\",\"Kurt Elsner\",\"Leszczy\u0144scy\",\"m\u0119\u017cczyzna\",\"odbudowa\",\"parafia ewangelicka\",\"plener\",\"posta\u0107\",\"po\u017car\",\"protestantyzm\",\"prze\u015bladowania\",\"przywilej\",\"schronienie\",\"\u015bcie\u017cka\",\"\u015al\u0105sk\",\"Su\u0142kowscy\",\"\u015bwi\u0105tynia\",\"swoboda religijna\",\"szko\u0142a\",\"uchod\u017accy\",\"wej\u015bcie\",\"W\u0142adys\u0142aw IV Waza\",\"Wojciech Gajewski\",\"Wojciech z B\u0142ociszewa\",\"wojna 30-letnia\",\"wsp\u00f3lnota katolicka\",\"Zaborowo\",\"zniszczenie\"],\"articleSection\":[\"Zaborowo\"],\"inLanguage\":\"pl-PL\"},{\"@type\":\"WebPage\",\"@id\":\"http:\\\/\\\/ludzieikrajobrazy.muzeumleszno.pl\\\/?p=883\",\"url\":\"http:\\\/\\\/ludzieikrajobrazy.muzeumleszno.pl\\\/?p=883\",\"name\":\"Zaborowo, Ko\u015bci\u00f3\u0142 ewangelicki, lata 1939\u20131945, Falkenberg, fot. Kurt Elsner - Ludzie i krajobrazy. Powiat Leszczy\u0144ski w ikonografii\",\"isPartOf\":{\"@id\":\"https:\\\/\\\/ludzieikrajobrazy.muzeumleszno.pl\\\/#website\"},\"primaryImageOfPage\":{\"@id\":\"http:\\\/\\\/ludzieikrajobrazy.muzeumleszno.pl\\\/?p=883#primaryimage\"},\"image\":{\"@id\":\"http:\\\/\\\/ludzieikrajobrazy.muzeumleszno.pl\\\/?p=883#primaryimage\"},\"thumbnailUrl\":\"http:\\\/\\\/ludzieikrajobrazy.muzeumleszno.pl\\\/wp-content\\\/uploads\\\/2024\\\/07\\\/191_MLFa-3559_188.jpg\",\"datePublished\":\"2024-06-19T09:59:05+00:00\",\"dateModified\":\"2024-10-02T10:33:50+00:00\",\"author\":{\"@id\":\"https:\\\/\\\/ludzieikrajobrazy.muzeumleszno.pl\\\/#\\\/schema\\\/person\\\/fc2bc20e2b51efc3202ac1f0cdcd06c0\"},\"breadcrumb\":{\"@id\":\"http:\\\/\\\/ludzieikrajobrazy.muzeumleszno.pl\\\/?p=883#breadcrumb\"},\"inLanguage\":\"pl-PL\",\"potentialAction\":[{\"@type\":\"ReadAction\",\"target\":[\"http:\\\/\\\/ludzieikrajobrazy.muzeumleszno.pl\\\/?p=883\"]}]},{\"@type\":\"BreadcrumbList\",\"@id\":\"http:\\\/\\\/ludzieikrajobrazy.muzeumleszno.pl\\\/?p=883#breadcrumb\",\"itemListElement\":[{\"@type\":\"ListItem\",\"position\":1,\"name\":\"Home\",\"item\":\"https:\\\/\\\/ludzieikrajobrazy.muzeumleszno.pl\\\/\"},{\"@type\":\"ListItem\",\"position\":2,\"name\":\"Zaborowo, Ko\u015bci\u00f3\u0142 ewangelicki, lata 1939\u20131945, Falkenberg, fot. Kurt Elsner\"}]},{\"@type\":\"WebSite\",\"@id\":\"https:\\\/\\\/ludzieikrajobrazy.muzeumleszno.pl\\\/#website\",\"url\":\"https:\\\/\\\/ludzieikrajobrazy.muzeumleszno.pl\\\/\",\"name\":\"Ludzie i krajobrazy. Powiat Leszczy\u0144ski w ikonografii\",\"description\":\"Powiat Leszczy\u0144ski w ikonografii\",\"potentialAction\":[{\"@type\":\"SearchAction\",\"target\":{\"@type\":\"EntryPoint\",\"urlTemplate\":\"https:\\\/\\\/ludzieikrajobrazy.muzeumleszno.pl\\\/?s={search_term_string}\"},\"query-input\":{\"@type\":\"PropertyValueSpecification\",\"valueRequired\":true,\"valueName\":\"search_term_string\"}}],\"inLanguage\":\"pl-PL\"},{\"@type\":\"Person\",\"@id\":\"https:\\\/\\\/ludzieikrajobrazy.muzeumleszno.pl\\\/#\\\/schema\\\/person\\\/fc2bc20e2b51efc3202ac1f0cdcd06c0\",\"name\":\"Pan_Admin\",\"image\":{\"@type\":\"ImageObject\",\"inLanguage\":\"pl-PL\",\"@id\":\"https:\\\/\\\/secure.gravatar.com\\\/avatar\\\/d109d485abe889ecc32dbdb971b715ad9d4596bd0e2353626451db3e04099822?s=96&d=mm&r=g\",\"url\":\"https:\\\/\\\/secure.gravatar.com\\\/avatar\\\/d109d485abe889ecc32dbdb971b715ad9d4596bd0e2353626451db3e04099822?s=96&d=mm&r=g\",\"contentUrl\":\"https:\\\/\\\/secure.gravatar.com\\\/avatar\\\/d109d485abe889ecc32dbdb971b715ad9d4596bd0e2353626451db3e04099822?s=96&d=mm&r=g\",\"caption\":\"Pan_Admin\"},\"sameAs\":[\"http:\\\/\\\/ludzieikrajobrazy.muzeumleszno.pl\"],\"url\":\"http:\\\/\\\/ludzieikrajobrazy.muzeumleszno.pl\\\/?author=1\"}]}<\/script>\n<!-- \/ Yoast SEO plugin. -->","yoast_head_json":{"title":"Zaborowo, Ko\u015bci\u00f3\u0142 ewangelicki, lata 1939\u20131945, Falkenberg, fot. Kurt Elsner - Ludzie i krajobrazy. Powiat Leszczy\u0144ski w ikonografii","robots":{"index":"index","follow":"follow","max-snippet":"max-snippet:-1","max-image-preview":"max-image-preview:large","max-video-preview":"max-video-preview:-1"},"canonical":"http:\/\/ludzieikrajobrazy.muzeumleszno.pl\/?p=883","og_locale":"pl_PL","og_type":"article","og_title":"Zaborowo, Ko\u015bci\u00f3\u0142 ewangelicki, lata 1939\u20131945, Falkenberg, fot. Kurt Elsner - Ludzie i krajobrazy. Powiat Leszczy\u0144ski w ikonografii","og_description":"W 1644 roku Wojciech z B\u0142ociszewa Gajewski (ok. 1610\u20131657), \u00f3wczesny dziedzic Czacza, otrzyma\u0142 od kr\u00f3la W\u0142adys\u0142awa IV Wazy (1595\u20131648) zgod\u0119 na za\u0142o\u017cenie Zaborowa. Miasto, podobnie jak Bojanowo, Rawicz...","og_url":"http:\/\/ludzieikrajobrazy.muzeumleszno.pl\/?p=883","og_site_name":"Ludzie i krajobrazy. Powiat Leszczy\u0144ski w ikonografii","article_published_time":"2024-06-19T09:59:05+00:00","article_modified_time":"2024-10-02T10:33:50+00:00","og_image":[{"width":1339,"height":2000,"url":"http:\/\/ludzieikrajobrazy.muzeumleszno.pl\/wp-content\/uploads\/2024\/07\/191_MLFa-3559_188.jpg","type":"image\/jpeg"}],"author":"Pan_Admin","twitter_card":"summary_large_image","twitter_misc":{"Napisane przez":"Pan_Admin","Szacowany czas czytania":"2 minuty"},"schema":{"@context":"https:\/\/schema.org","@graph":[{"@type":"Article","@id":"http:\/\/ludzieikrajobrazy.muzeumleszno.pl\/?p=883#article","isPartOf":{"@id":"http:\/\/ludzieikrajobrazy.muzeumleszno.pl\/?p=883"},"author":{"name":"Pan_Admin","@id":"https:\/\/ludzieikrajobrazy.muzeumleszno.pl\/#\/schema\/person\/fc2bc20e2b51efc3202ac1f0cdcd06c0"},"headline":"Zaborowo, Ko\u015bci\u00f3\u0142 ewangelicki, lata 1939\u20131945, Falkenberg, fot. Kurt Elsner","datePublished":"2024-06-19T09:59:05+00:00","dateModified":"2024-10-02T10:33:50+00:00","mainEntityOfPage":{"@id":"http:\/\/ludzieikrajobrazy.muzeumleszno.pl\/?p=883"},"wordCount":250,"image":{"@id":"http:\/\/ludzieikrajobrazy.muzeumleszno.pl\/?p=883#primaryimage"},"thumbnailUrl":"http:\/\/ludzieikrajobrazy.muzeumleszno.pl\/wp-content\/uploads\/2024\/07\/191_MLFa-3559_188.jpg","keywords":["1939","architektura","budownictwo murowane","budynek ceglany","budynek sakralny","ceg\u0142a","cmentarz","Czacz","dokumentacja","dom pastora","droga","drzewa","drzwi","dziedzic","dzwonnica","Falkenberg","fotografia","Ko\u015bci\u00f3\u0142 ewangelicki","krajobraz","Kurt Elsner","Leszczy\u0144scy","m\u0119\u017cczyzna","odbudowa","parafia ewangelicka","plener","posta\u0107","po\u017car","protestantyzm","prze\u015bladowania","przywilej","schronienie","\u015bcie\u017cka","\u015al\u0105sk","Su\u0142kowscy","\u015bwi\u0105tynia","swoboda religijna","szko\u0142a","uchod\u017accy","wej\u015bcie","W\u0142adys\u0142aw IV Waza","Wojciech Gajewski","Wojciech z B\u0142ociszewa","wojna 30-letnia","wsp\u00f3lnota katolicka","Zaborowo","zniszczenie"],"articleSection":["Zaborowo"],"inLanguage":"pl-PL"},{"@type":"WebPage","@id":"http:\/\/ludzieikrajobrazy.muzeumleszno.pl\/?p=883","url":"http:\/\/ludzieikrajobrazy.muzeumleszno.pl\/?p=883","name":"Zaborowo, Ko\u015bci\u00f3\u0142 ewangelicki, lata 1939\u20131945, Falkenberg, fot. Kurt Elsner - Ludzie i krajobrazy. Powiat Leszczy\u0144ski w ikonografii","isPartOf":{"@id":"https:\/\/ludzieikrajobrazy.muzeumleszno.pl\/#website"},"primaryImageOfPage":{"@id":"http:\/\/ludzieikrajobrazy.muzeumleszno.pl\/?p=883#primaryimage"},"image":{"@id":"http:\/\/ludzieikrajobrazy.muzeumleszno.pl\/?p=883#primaryimage"},"thumbnailUrl":"http:\/\/ludzieikrajobrazy.muzeumleszno.pl\/wp-content\/uploads\/2024\/07\/191_MLFa-3559_188.jpg","datePublished":"2024-06-19T09:59:05+00:00","dateModified":"2024-10-02T10:33:50+00:00","author":{"@id":"https:\/\/ludzieikrajobrazy.muzeumleszno.pl\/#\/schema\/person\/fc2bc20e2b51efc3202ac1f0cdcd06c0"},"breadcrumb":{"@id":"http:\/\/ludzieikrajobrazy.muzeumleszno.pl\/?p=883#breadcrumb"},"inLanguage":"pl-PL","potentialAction":[{"@type":"ReadAction","target":["http:\/\/ludzieikrajobrazy.muzeumleszno.pl\/?p=883"]}]},{"@type":"BreadcrumbList","@id":"http:\/\/ludzieikrajobrazy.muzeumleszno.pl\/?p=883#breadcrumb","itemListElement":[{"@type":"ListItem","position":1,"name":"Home","item":"https:\/\/ludzieikrajobrazy.muzeumleszno.pl\/"},{"@type":"ListItem","position":2,"name":"Zaborowo, Ko\u015bci\u00f3\u0142 ewangelicki, lata 1939\u20131945, Falkenberg, fot. Kurt Elsner"}]},{"@type":"WebSite","@id":"https:\/\/ludzieikrajobrazy.muzeumleszno.pl\/#website","url":"https:\/\/ludzieikrajobrazy.muzeumleszno.pl\/","name":"Ludzie i krajobrazy. Powiat Leszczy\u0144ski w ikonografii","description":"Powiat Leszczy\u0144ski w ikonografii","potentialAction":[{"@type":"SearchAction","target":{"@type":"EntryPoint","urlTemplate":"https:\/\/ludzieikrajobrazy.muzeumleszno.pl\/?s={search_term_string}"},"query-input":{"@type":"PropertyValueSpecification","valueRequired":true,"valueName":"search_term_string"}}],"inLanguage":"pl-PL"},{"@type":"Person","@id":"https:\/\/ludzieikrajobrazy.muzeumleszno.pl\/#\/schema\/person\/fc2bc20e2b51efc3202ac1f0cdcd06c0","name":"Pan_Admin","image":{"@type":"ImageObject","inLanguage":"pl-PL","@id":"https:\/\/secure.gravatar.com\/avatar\/d109d485abe889ecc32dbdb971b715ad9d4596bd0e2353626451db3e04099822?s=96&d=mm&r=g","url":"https:\/\/secure.gravatar.com\/avatar\/d109d485abe889ecc32dbdb971b715ad9d4596bd0e2353626451db3e04099822?s=96&d=mm&r=g","contentUrl":"https:\/\/secure.gravatar.com\/avatar\/d109d485abe889ecc32dbdb971b715ad9d4596bd0e2353626451db3e04099822?s=96&d=mm&r=g","caption":"Pan_Admin"},"sameAs":["http:\/\/ludzieikrajobrazy.muzeumleszno.pl"],"url":"http:\/\/ludzieikrajobrazy.muzeumleszno.pl\/?author=1"}]}},"_links":{"self":[{"href":"http:\/\/ludzieikrajobrazy.muzeumleszno.pl\/index.php?rest_route=\/wp\/v2\/posts\/883","targetHints":{"allow":["GET"]}}],"collection":[{"href":"http:\/\/ludzieikrajobrazy.muzeumleszno.pl\/index.php?rest_route=\/wp\/v2\/posts"}],"about":[{"href":"http:\/\/ludzieikrajobrazy.muzeumleszno.pl\/index.php?rest_route=\/wp\/v2\/types\/post"}],"author":[{"embeddable":true,"href":"http:\/\/ludzieikrajobrazy.muzeumleszno.pl\/index.php?rest_route=\/wp\/v2\/users\/1"}],"replies":[{"embeddable":true,"href":"http:\/\/ludzieikrajobrazy.muzeumleszno.pl\/index.php?rest_route=%2Fwp%2Fv2%2Fcomments&post=883"}],"version-history":[{"count":2,"href":"http:\/\/ludzieikrajobrazy.muzeumleszno.pl\/index.php?rest_route=\/wp\/v2\/posts\/883\/revisions"}],"predecessor-version":[{"id":1405,"href":"http:\/\/ludzieikrajobrazy.muzeumleszno.pl\/index.php?rest_route=\/wp\/v2\/posts\/883\/revisions\/1405"}],"wp:featuredmedia":[{"embeddable":true,"href":"http:\/\/ludzieikrajobrazy.muzeumleszno.pl\/index.php?rest_route=\/wp\/v2\/media\/884"}],"wp:attachment":[{"href":"http:\/\/ludzieikrajobrazy.muzeumleszno.pl\/index.php?rest_route=%2Fwp%2Fv2%2Fmedia&parent=883"}],"wp:term":[{"taxonomy":"category","embeddable":true,"href":"http:\/\/ludzieikrajobrazy.muzeumleszno.pl\/index.php?rest_route=%2Fwp%2Fv2%2Fcategories&post=883"},{"taxonomy":"post_tag","embeddable":true,"href":"http:\/\/ludzieikrajobrazy.muzeumleszno.pl\/index.php?rest_route=%2Fwp%2Fv2%2Ftags&post=883"}],"curies":[{"name":"wp","href":"https:\/\/api.w.org\/{rel}","templated":true}]}}