{"id":889,"date":"2024-06-19T11:57:57","date_gmt":"2024-06-19T09:57:57","guid":{"rendered":"http:\/\/ludzieikrajobrazy.muzeumleszno.pl\/?p=889"},"modified":"2024-10-02T12:24:34","modified_gmt":"2024-10-02T10:24:34","slug":"zaborowo-wnetrze-kosciola-ewangelickiego-oltarz-ambonowy-lata-1939-1945-drezno-fot-kurt-mudrack","status":"publish","type":"post","link":"http:\/\/ludzieikrajobrazy.muzeumleszno.pl\/?p=889","title":{"rendered":"Zaborowo. Wn\u0119trze ko\u015bcio\u0142a ewangelickiego \u2013 o\u0142tarz ambonowy, lata 1939\u20131945, Drezno, fot. Kurt Mudrack"},"content":{"rendered":"\n<p><em>Ambona stanowi drog\u0119 do nieba, za\u015b bram\u0105 do niej jest sam Chrystus. Kaznodzieja jest kluczem, za pomoc\u0105 kt\u00f3rego Zbawiciel otwiera bram\u0119 prowadz\u0105c\u0105 do wiecznej szcz\u0119\u015bliwo\u015bci.<\/em> &nbsp;<\/p>\n\n\n\n<p>Wyposa\u017cenie by\u0142ego ko\u015bcio\u0142a ewangelickiego w Zaborowie pochodzi\u0142o z ko\u0144ca XVIII wieku, z okresu po jego ostatniej odbudowie. W\u00f3wczas to zapewne pojawi\u0142 si\u0119 w nim o\u0142tarz ambonowy widoczny na fotografii.&nbsp;<\/p>\n\n\n\n<p>Pierwsze o\u0142tarze ambonowe powsta\u0142y w Niemczech ju\u017c w XVII stuleciu. Stanowi\u0142y wa\u017cny element wystroju ko\u015bcio\u0142\u00f3w protestanckich w Saksonii, Brandenburgii, na Pomorzu i \u015al\u0105sku. Ambona w centrum o\u0142tarza mia\u0142a podkre\u015bla\u0107 znaczenie S\u0142owa Bo\u017cego i kazania w liturgii. W XVIII stuleciu rozwi\u0105zanie takie zyska\u0142o popularno\u015b\u0107 we wszystkich krajach protestanckich, a po zaborach tak\u017ce na ziemiach polskich w\u0142\u0105czonych do Kr\u00f3lestwa Prus. Podobne o\u0142tarze istnia\u0142y m.in. w ko\u015bcio\u0142ach w Przyczynie G\u00f3rnej ko\u0142o Wschowy, w nowomiejskim ko\u015bciele we Wschowie i w Rawiczu. W ca\u0142ej Wielkopolsce by\u0142o ich oko\u0142o 50, a w granicach historycznego \u015al\u0105ska przynajmniej 150. Po II wojnie \u015bwiatowej o\u0142tarze ambonowe by\u0142y usuwane lub zmieniano ich form\u0119 dostosowuj\u0105c je do liturgii Ko\u015bcio\u0142a katolickiego.&nbsp;<\/p>\n\n\n\n<figure data-wp-context=\"{&quot;imageId&quot;:&quot;69f4638231a7d&quot;}\" data-wp-interactive=\"core\/image\" data-wp-key=\"69f4638231a7d\" class=\"wp-block-image size-full wp-lightbox-container\"><img fetchpriority=\"high\" decoding=\"async\" width=\"1385\" height=\"2000\" data-wp-class--hide=\"state.isContentHidden\" data-wp-class--show=\"state.isContentVisible\" data-wp-init=\"callbacks.setButtonStyles\" data-wp-on--click=\"actions.showLightbox\" data-wp-on--load=\"callbacks.setButtonStyles\" data-wp-on-window--resize=\"callbacks.setButtonStyles\" src=\"http:\/\/ludzieikrajobrazy.muzeumleszno.pl\/wp-content\/uploads\/2024\/07\/193_MLFa-3559_189.jpg\" alt=\"Wn\u0119trze ko\u015bcio\u0142a w Zaborowie\" class=\"wp-image-890\" srcset=\"http:\/\/ludzieikrajobrazy.muzeumleszno.pl\/wp-content\/uploads\/2024\/07\/193_MLFa-3559_189.jpg 1385w, http:\/\/ludzieikrajobrazy.muzeumleszno.pl\/wp-content\/uploads\/2024\/07\/193_MLFa-3559_189-1064x1536.jpg 1064w, http:\/\/ludzieikrajobrazy.muzeumleszno.pl\/wp-content\/uploads\/2024\/07\/193_MLFa-3559_189-200x289.jpg 200w, http:\/\/ludzieikrajobrazy.muzeumleszno.pl\/wp-content\/uploads\/2024\/07\/193_MLFa-3559_189-973x1405.jpg 973w, http:\/\/ludzieikrajobrazy.muzeumleszno.pl\/wp-content\/uploads\/2024\/07\/193_MLFa-3559_189-508x734.jpg 508w\" sizes=\"(max-width: 1385px) 100vw, 1385px\" \/><button\n\t\t\tclass=\"lightbox-trigger\"\n\t\t\ttype=\"button\"\n\t\t\taria-haspopup=\"dialog\"\n\t\t\taria-label=\"Powi\u0119ksz\"\n\t\t\tdata-wp-init=\"callbacks.initTriggerButton\"\n\t\t\tdata-wp-on--click=\"actions.showLightbox\"\n\t\t\tdata-wp-style--right=\"state.imageButtonRight\"\n\t\t\tdata-wp-style--top=\"state.imageButtonTop\"\n\t\t>\n\t\t\t<svg xmlns=\"http:\/\/www.w3.org\/2000\/svg\" width=\"12\" height=\"12\" fill=\"none\" viewBox=\"0 0 12 12\">\n\t\t\t\t<path fill=\"#fff\" d=\"M2 0a2 2 0 0 0-2 2v2h1.5V2a.5.5 0 0 1 .5-.5h2V0H2Zm2 10.5H2a.5.5 0 0 1-.5-.5V8H0v2a2 2 0 0 0 2 2h2v-1.5ZM8 12v-1.5h2a.5.5 0 0 0 .5-.5V8H12v2a2 2 0 0 1-2 2H8Zm2-12a2 2 0 0 1 2 2v2h-1.5V2a.5.5 0 0 0-.5-.5H8V0h2Z\" \/>\n\t\t\t<\/svg>\n\t\t<\/button><figcaption class=\"wp-element-caption\">Wn\u0119trze ko\u015bcio\u0142a w Zaborowie, wys.  8,2 cm x szer. 5,7 cm; papier fotograficzny, odbitka srebrowo &#8211; \u017celatynowa; XX wiek; Muzeum Okr\u0119gowe w Lesznie; MLFa3559\/189<\/figcaption><\/figure>\n\n\n\n<p class=\"has-small-font-size\">nr inw. MLFa 3559\/189<br>W zbiorach Muzeum Okr\u0119gowego w Lesznie od 2020 roku, dar<\/p>\n\n\n\n<p>D.Cz.<\/p>\n\n\n\n<figure class=\"wp-block-embed is-type-video is-provider-youtube wp-block-embed-youtube wp-embed-aspect-16-9 wp-has-aspect-ratio\"><div class=\"wp-block-embed__wrapper\">\n<iframe title=\"Zaborowo  Wn\u0119trze ko\u015bcio\u0142a ewangelickiego \u2013 o\u0142tarz ambonowy, lata 1939\u20131945, Drezno, fot  Kurt Mudra\" width=\"620\" height=\"349\" src=\"https:\/\/www.youtube.com\/embed\/_-IA4XH05-Y?feature=oembed\" frameborder=\"0\" allow=\"accelerometer; autoplay; clipboard-write; encrypted-media; gyroscope; picture-in-picture; web-share\" referrerpolicy=\"strict-origin-when-cross-origin\" allowfullscreen><\/iframe>\n<\/div><\/figure>\n","protected":false},"excerpt":{"rendered":"<p>Ambona stanowi drog\u0119 do nieba, za\u015b bram\u0105 do niej jest sam Chrystus. Kaznodzieja jest kluczem, za pomoc\u0105 kt\u00f3rego Zbawiciel otwiera bram\u0119 prowadz\u0105c\u0105 do wiecznej szcz\u0119\u015bliwo\u015bci. &nbsp; Wyposa\u017cenie by\u0142ego&#8230;<\/p>\n","protected":false},"author":1,"featured_media":890,"comment_status":"closed","ping_status":"closed","sticky":false,"template":"","format":"standard","meta":{"cybocfi_hide_featured_image":"yes","footnotes":""},"categories":[720],"tags":[419,2016,2012,2019,88,2014,2021,2013,2020,1250,1418,2011,2017,2015,1983,2018,1851,2010,635,1961],"class_list":["post-889","post","type-post","status-publish","format-standard","has-post-thumbnail","hentry","category-zaborowo","tag-419","tag-brandenburgia","tag-drezno","tag-kazanie","tag-kosciol-ewangelicki","tag-kosciol-protestancki","tag-krolestwo-prus","tag-kurt-mudrack","tag-liturgia","tag-niemcy","tag-odbudowa","tag-oltarz-ambonowy","tag-pomorze","tag-saksonia","tag-slask","tag-slowo-boze","tag-wielkopolska","tag-wnetrz-kosciola","tag-wyposazenie","tag-zaborowo"],"yoast_head":"<!-- This site is optimized with the Yoast SEO plugin v27.5 - https:\/\/yoast.com\/product\/yoast-seo-wordpress\/ -->\n<title>Zaborowo. Wn\u0119trze ko\u015bcio\u0142a ewangelickiego \u2013 o\u0142tarz ambonowy, lata 1939\u20131945, Drezno, fot. Kurt Mudrack - Ludzie i krajobrazy. Powiat Leszczy\u0144ski w ikonografii<\/title>\n<meta name=\"robots\" content=\"index, follow, max-snippet:-1, max-image-preview:large, max-video-preview:-1\" \/>\n<link rel=\"canonical\" href=\"http:\/\/ludzieikrajobrazy.muzeumleszno.pl\/?p=889\" \/>\n<meta property=\"og:locale\" content=\"pl_PL\" \/>\n<meta property=\"og:type\" content=\"article\" \/>\n<meta property=\"og:title\" content=\"Zaborowo. Wn\u0119trze ko\u015bcio\u0142a ewangelickiego \u2013 o\u0142tarz ambonowy, lata 1939\u20131945, Drezno, fot. Kurt Mudrack - Ludzie i krajobrazy. Powiat Leszczy\u0144ski w ikonografii\" \/>\n<meta property=\"og:description\" content=\"Ambona stanowi drog\u0119 do nieba, za\u015b bram\u0105 do niej jest sam Chrystus. Kaznodzieja jest kluczem, za pomoc\u0105 kt\u00f3rego Zbawiciel otwiera bram\u0119 prowadz\u0105c\u0105 do wiecznej szcz\u0119\u015bliwo\u015bci. &nbsp; Wyposa\u017cenie by\u0142ego...\" \/>\n<meta property=\"og:url\" content=\"http:\/\/ludzieikrajobrazy.muzeumleszno.pl\/?p=889\" \/>\n<meta property=\"og:site_name\" content=\"Ludzie i krajobrazy. Powiat Leszczy\u0144ski w ikonografii\" \/>\n<meta property=\"article:published_time\" content=\"2024-06-19T09:57:57+00:00\" \/>\n<meta property=\"article:modified_time\" content=\"2024-10-02T10:24:34+00:00\" \/>\n<meta property=\"og:image\" content=\"http:\/\/ludzieikrajobrazy.muzeumleszno.pl\/wp-content\/uploads\/2024\/07\/193_MLFa-3559_189.jpg\" \/>\n\t<meta property=\"og:image:width\" content=\"1385\" \/>\n\t<meta property=\"og:image:height\" content=\"2000\" \/>\n\t<meta property=\"og:image:type\" content=\"image\/jpeg\" \/>\n<meta name=\"author\" content=\"Pan_Admin\" \/>\n<meta name=\"twitter:card\" content=\"summary_large_image\" \/>\n<meta name=\"twitter:label1\" content=\"Napisane przez\" \/>\n\t<meta name=\"twitter:data1\" content=\"Pan_Admin\" \/>\n\t<meta name=\"twitter:label2\" content=\"Szacowany czas czytania\" \/>\n\t<meta name=\"twitter:data2\" content=\"2 minuty\" \/>\n<script type=\"application\/ld+json\" class=\"yoast-schema-graph\">{\"@context\":\"https:\\\/\\\/schema.org\",\"@graph\":[{\"@type\":\"Article\",\"@id\":\"http:\\\/\\\/ludzieikrajobrazy.muzeumleszno.pl\\\/?p=889#article\",\"isPartOf\":{\"@id\":\"http:\\\/\\\/ludzieikrajobrazy.muzeumleszno.pl\\\/?p=889\"},\"author\":{\"name\":\"Pan_Admin\",\"@id\":\"http:\\\/\\\/ludzieikrajobrazy.muzeumleszno.pl\\\/#\\\/schema\\\/person\\\/fc2bc20e2b51efc3202ac1f0cdcd06c0\"},\"headline\":\"Zaborowo. Wn\u0119trze ko\u015bcio\u0142a ewangelickiego \u2013 o\u0142tarz ambonowy, lata 1939\u20131945, Drezno, fot. Kurt Mudrack\",\"datePublished\":\"2024-06-19T09:57:57+00:00\",\"dateModified\":\"2024-10-02T10:24:34+00:00\",\"mainEntityOfPage\":{\"@id\":\"http:\\\/\\\/ludzieikrajobrazy.muzeumleszno.pl\\\/?p=889\"},\"wordCount\":272,\"image\":{\"@id\":\"http:\\\/\\\/ludzieikrajobrazy.muzeumleszno.pl\\\/?p=889#primaryimage\"},\"thumbnailUrl\":\"http:\\\/\\\/ludzieikrajobrazy.muzeumleszno.pl\\\/wp-content\\\/uploads\\\/2024\\\/07\\\/193_MLFa-3559_189.jpg\",\"keywords\":[\"1939\",\"Brandenburgia\",\"Drezno\",\"kazanie\",\"Ko\u015bci\u00f3\u0142 ewangelicki\",\"ko\u015bci\u00f3\u0142 protestancki\",\"Kr\u00f3lestwo Prus\",\"Kurt Mudrack\",\"liturgia\",\"Niemcy\",\"odbudowa\",\"o\u0142tarz ambonowy\",\"Pomorze\",\"Saksonia\",\"\u015al\u0105sk\",\"S\u0142owo Bo\u017ce\",\"Wielkopolska\",\"wn\u0119trz ko\u015bcio\u0142a\",\"wyposa\u017cenie\",\"Zaborowo\"],\"articleSection\":[\"Zaborowo\"],\"inLanguage\":\"pl-PL\"},{\"@type\":\"WebPage\",\"@id\":\"http:\\\/\\\/ludzieikrajobrazy.muzeumleszno.pl\\\/?p=889\",\"url\":\"http:\\\/\\\/ludzieikrajobrazy.muzeumleszno.pl\\\/?p=889\",\"name\":\"Zaborowo. Wn\u0119trze ko\u015bcio\u0142a ewangelickiego \u2013 o\u0142tarz ambonowy, lata 1939\u20131945, Drezno, fot. Kurt Mudrack - Ludzie i krajobrazy. Powiat Leszczy\u0144ski w ikonografii\",\"isPartOf\":{\"@id\":\"http:\\\/\\\/ludzieikrajobrazy.muzeumleszno.pl\\\/#website\"},\"primaryImageOfPage\":{\"@id\":\"http:\\\/\\\/ludzieikrajobrazy.muzeumleszno.pl\\\/?p=889#primaryimage\"},\"image\":{\"@id\":\"http:\\\/\\\/ludzieikrajobrazy.muzeumleszno.pl\\\/?p=889#primaryimage\"},\"thumbnailUrl\":\"http:\\\/\\\/ludzieikrajobrazy.muzeumleszno.pl\\\/wp-content\\\/uploads\\\/2024\\\/07\\\/193_MLFa-3559_189.jpg\",\"datePublished\":\"2024-06-19T09:57:57+00:00\",\"dateModified\":\"2024-10-02T10:24:34+00:00\",\"author\":{\"@id\":\"http:\\\/\\\/ludzieikrajobrazy.muzeumleszno.pl\\\/#\\\/schema\\\/person\\\/fc2bc20e2b51efc3202ac1f0cdcd06c0\"},\"breadcrumb\":{\"@id\":\"http:\\\/\\\/ludzieikrajobrazy.muzeumleszno.pl\\\/?p=889#breadcrumb\"},\"inLanguage\":\"pl-PL\",\"potentialAction\":[{\"@type\":\"ReadAction\",\"target\":[\"http:\\\/\\\/ludzieikrajobrazy.muzeumleszno.pl\\\/?p=889\"]}]},{\"@type\":\"BreadcrumbList\",\"@id\":\"http:\\\/\\\/ludzieikrajobrazy.muzeumleszno.pl\\\/?p=889#breadcrumb\",\"itemListElement\":[{\"@type\":\"ListItem\",\"position\":1,\"name\":\"Home\",\"item\":\"http:\\\/\\\/ludzieikrajobrazy.muzeumleszno.pl\\\/\"},{\"@type\":\"ListItem\",\"position\":2,\"name\":\"Zaborowo. Wn\u0119trze ko\u015bcio\u0142a ewangelickiego \u2013 o\u0142tarz ambonowy, lata 1939\u20131945, Drezno, fot. Kurt Mudrack\"}]},{\"@type\":\"WebSite\",\"@id\":\"http:\\\/\\\/ludzieikrajobrazy.muzeumleszno.pl\\\/#website\",\"url\":\"http:\\\/\\\/ludzieikrajobrazy.muzeumleszno.pl\\\/\",\"name\":\"Ludzie i krajobrazy. Powiat Leszczy\u0144ski w ikonografii\",\"description\":\"Powiat Leszczy\u0144ski w ikonografii\",\"potentialAction\":[{\"@type\":\"SearchAction\",\"target\":{\"@type\":\"EntryPoint\",\"urlTemplate\":\"http:\\\/\\\/ludzieikrajobrazy.muzeumleszno.pl\\\/?s={search_term_string}\"},\"query-input\":{\"@type\":\"PropertyValueSpecification\",\"valueRequired\":true,\"valueName\":\"search_term_string\"}}],\"inLanguage\":\"pl-PL\"},{\"@type\":\"Person\",\"@id\":\"http:\\\/\\\/ludzieikrajobrazy.muzeumleszno.pl\\\/#\\\/schema\\\/person\\\/fc2bc20e2b51efc3202ac1f0cdcd06c0\",\"name\":\"Pan_Admin\",\"image\":{\"@type\":\"ImageObject\",\"inLanguage\":\"pl-PL\",\"@id\":\"https:\\\/\\\/secure.gravatar.com\\\/avatar\\\/d109d485abe889ecc32dbdb971b715ad9d4596bd0e2353626451db3e04099822?s=96&d=mm&r=g\",\"url\":\"https:\\\/\\\/secure.gravatar.com\\\/avatar\\\/d109d485abe889ecc32dbdb971b715ad9d4596bd0e2353626451db3e04099822?s=96&d=mm&r=g\",\"contentUrl\":\"https:\\\/\\\/secure.gravatar.com\\\/avatar\\\/d109d485abe889ecc32dbdb971b715ad9d4596bd0e2353626451db3e04099822?s=96&d=mm&r=g\",\"caption\":\"Pan_Admin\"},\"sameAs\":[\"http:\\\/\\\/ludzieikrajobrazy.muzeumleszno.pl\"],\"url\":\"http:\\\/\\\/ludzieikrajobrazy.muzeumleszno.pl\\\/?author=1\"}]}<\/script>\n<!-- \/ Yoast SEO plugin. -->","yoast_head_json":{"title":"Zaborowo. Wn\u0119trze ko\u015bcio\u0142a ewangelickiego \u2013 o\u0142tarz ambonowy, lata 1939\u20131945, Drezno, fot. Kurt Mudrack - Ludzie i krajobrazy. Powiat Leszczy\u0144ski w ikonografii","robots":{"index":"index","follow":"follow","max-snippet":"max-snippet:-1","max-image-preview":"max-image-preview:large","max-video-preview":"max-video-preview:-1"},"canonical":"http:\/\/ludzieikrajobrazy.muzeumleszno.pl\/?p=889","og_locale":"pl_PL","og_type":"article","og_title":"Zaborowo. Wn\u0119trze ko\u015bcio\u0142a ewangelickiego \u2013 o\u0142tarz ambonowy, lata 1939\u20131945, Drezno, fot. Kurt Mudrack - Ludzie i krajobrazy. Powiat Leszczy\u0144ski w ikonografii","og_description":"Ambona stanowi drog\u0119 do nieba, za\u015b bram\u0105 do niej jest sam Chrystus. Kaznodzieja jest kluczem, za pomoc\u0105 kt\u00f3rego Zbawiciel otwiera bram\u0119 prowadz\u0105c\u0105 do wiecznej szcz\u0119\u015bliwo\u015bci. &nbsp; Wyposa\u017cenie by\u0142ego...","og_url":"http:\/\/ludzieikrajobrazy.muzeumleszno.pl\/?p=889","og_site_name":"Ludzie i krajobrazy. Powiat Leszczy\u0144ski w ikonografii","article_published_time":"2024-06-19T09:57:57+00:00","article_modified_time":"2024-10-02T10:24:34+00:00","og_image":[{"width":1385,"height":2000,"url":"http:\/\/ludzieikrajobrazy.muzeumleszno.pl\/wp-content\/uploads\/2024\/07\/193_MLFa-3559_189.jpg","type":"image\/jpeg"}],"author":"Pan_Admin","twitter_card":"summary_large_image","twitter_misc":{"Napisane przez":"Pan_Admin","Szacowany czas czytania":"2 minuty"},"schema":{"@context":"https:\/\/schema.org","@graph":[{"@type":"Article","@id":"http:\/\/ludzieikrajobrazy.muzeumleszno.pl\/?p=889#article","isPartOf":{"@id":"http:\/\/ludzieikrajobrazy.muzeumleszno.pl\/?p=889"},"author":{"name":"Pan_Admin","@id":"http:\/\/ludzieikrajobrazy.muzeumleszno.pl\/#\/schema\/person\/fc2bc20e2b51efc3202ac1f0cdcd06c0"},"headline":"Zaborowo. Wn\u0119trze ko\u015bcio\u0142a ewangelickiego \u2013 o\u0142tarz ambonowy, lata 1939\u20131945, Drezno, fot. Kurt Mudrack","datePublished":"2024-06-19T09:57:57+00:00","dateModified":"2024-10-02T10:24:34+00:00","mainEntityOfPage":{"@id":"http:\/\/ludzieikrajobrazy.muzeumleszno.pl\/?p=889"},"wordCount":272,"image":{"@id":"http:\/\/ludzieikrajobrazy.muzeumleszno.pl\/?p=889#primaryimage"},"thumbnailUrl":"http:\/\/ludzieikrajobrazy.muzeumleszno.pl\/wp-content\/uploads\/2024\/07\/193_MLFa-3559_189.jpg","keywords":["1939","Brandenburgia","Drezno","kazanie","Ko\u015bci\u00f3\u0142 ewangelicki","ko\u015bci\u00f3\u0142 protestancki","Kr\u00f3lestwo Prus","Kurt Mudrack","liturgia","Niemcy","odbudowa","o\u0142tarz ambonowy","Pomorze","Saksonia","\u015al\u0105sk","S\u0142owo Bo\u017ce","Wielkopolska","wn\u0119trz ko\u015bcio\u0142a","wyposa\u017cenie","Zaborowo"],"articleSection":["Zaborowo"],"inLanguage":"pl-PL"},{"@type":"WebPage","@id":"http:\/\/ludzieikrajobrazy.muzeumleszno.pl\/?p=889","url":"http:\/\/ludzieikrajobrazy.muzeumleszno.pl\/?p=889","name":"Zaborowo. Wn\u0119trze ko\u015bcio\u0142a ewangelickiego \u2013 o\u0142tarz ambonowy, lata 1939\u20131945, Drezno, fot. Kurt Mudrack - Ludzie i krajobrazy. Powiat Leszczy\u0144ski w ikonografii","isPartOf":{"@id":"http:\/\/ludzieikrajobrazy.muzeumleszno.pl\/#website"},"primaryImageOfPage":{"@id":"http:\/\/ludzieikrajobrazy.muzeumleszno.pl\/?p=889#primaryimage"},"image":{"@id":"http:\/\/ludzieikrajobrazy.muzeumleszno.pl\/?p=889#primaryimage"},"thumbnailUrl":"http:\/\/ludzieikrajobrazy.muzeumleszno.pl\/wp-content\/uploads\/2024\/07\/193_MLFa-3559_189.jpg","datePublished":"2024-06-19T09:57:57+00:00","dateModified":"2024-10-02T10:24:34+00:00","author":{"@id":"http:\/\/ludzieikrajobrazy.muzeumleszno.pl\/#\/schema\/person\/fc2bc20e2b51efc3202ac1f0cdcd06c0"},"breadcrumb":{"@id":"http:\/\/ludzieikrajobrazy.muzeumleszno.pl\/?p=889#breadcrumb"},"inLanguage":"pl-PL","potentialAction":[{"@type":"ReadAction","target":["http:\/\/ludzieikrajobrazy.muzeumleszno.pl\/?p=889"]}]},{"@type":"BreadcrumbList","@id":"http:\/\/ludzieikrajobrazy.muzeumleszno.pl\/?p=889#breadcrumb","itemListElement":[{"@type":"ListItem","position":1,"name":"Home","item":"http:\/\/ludzieikrajobrazy.muzeumleszno.pl\/"},{"@type":"ListItem","position":2,"name":"Zaborowo. Wn\u0119trze ko\u015bcio\u0142a ewangelickiego \u2013 o\u0142tarz ambonowy, lata 1939\u20131945, Drezno, fot. Kurt Mudrack"}]},{"@type":"WebSite","@id":"http:\/\/ludzieikrajobrazy.muzeumleszno.pl\/#website","url":"http:\/\/ludzieikrajobrazy.muzeumleszno.pl\/","name":"Ludzie i krajobrazy. Powiat Leszczy\u0144ski w ikonografii","description":"Powiat Leszczy\u0144ski w ikonografii","potentialAction":[{"@type":"SearchAction","target":{"@type":"EntryPoint","urlTemplate":"http:\/\/ludzieikrajobrazy.muzeumleszno.pl\/?s={search_term_string}"},"query-input":{"@type":"PropertyValueSpecification","valueRequired":true,"valueName":"search_term_string"}}],"inLanguage":"pl-PL"},{"@type":"Person","@id":"http:\/\/ludzieikrajobrazy.muzeumleszno.pl\/#\/schema\/person\/fc2bc20e2b51efc3202ac1f0cdcd06c0","name":"Pan_Admin","image":{"@type":"ImageObject","inLanguage":"pl-PL","@id":"https:\/\/secure.gravatar.com\/avatar\/d109d485abe889ecc32dbdb971b715ad9d4596bd0e2353626451db3e04099822?s=96&d=mm&r=g","url":"https:\/\/secure.gravatar.com\/avatar\/d109d485abe889ecc32dbdb971b715ad9d4596bd0e2353626451db3e04099822?s=96&d=mm&r=g","contentUrl":"https:\/\/secure.gravatar.com\/avatar\/d109d485abe889ecc32dbdb971b715ad9d4596bd0e2353626451db3e04099822?s=96&d=mm&r=g","caption":"Pan_Admin"},"sameAs":["http:\/\/ludzieikrajobrazy.muzeumleszno.pl"],"url":"http:\/\/ludzieikrajobrazy.muzeumleszno.pl\/?author=1"}]}},"_links":{"self":[{"href":"http:\/\/ludzieikrajobrazy.muzeumleszno.pl\/index.php?rest_route=\/wp\/v2\/posts\/889","targetHints":{"allow":["GET"]}}],"collection":[{"href":"http:\/\/ludzieikrajobrazy.muzeumleszno.pl\/index.php?rest_route=\/wp\/v2\/posts"}],"about":[{"href":"http:\/\/ludzieikrajobrazy.muzeumleszno.pl\/index.php?rest_route=\/wp\/v2\/types\/post"}],"author":[{"embeddable":true,"href":"http:\/\/ludzieikrajobrazy.muzeumleszno.pl\/index.php?rest_route=\/wp\/v2\/users\/1"}],"replies":[{"embeddable":true,"href":"http:\/\/ludzieikrajobrazy.muzeumleszno.pl\/index.php?rest_route=%2Fwp%2Fv2%2Fcomments&post=889"}],"version-history":[{"count":2,"href":"http:\/\/ludzieikrajobrazy.muzeumleszno.pl\/index.php?rest_route=\/wp\/v2\/posts\/889\/revisions"}],"predecessor-version":[{"id":1396,"href":"http:\/\/ludzieikrajobrazy.muzeumleszno.pl\/index.php?rest_route=\/wp\/v2\/posts\/889\/revisions\/1396"}],"wp:featuredmedia":[{"embeddable":true,"href":"http:\/\/ludzieikrajobrazy.muzeumleszno.pl\/index.php?rest_route=\/wp\/v2\/media\/890"}],"wp:attachment":[{"href":"http:\/\/ludzieikrajobrazy.muzeumleszno.pl\/index.php?rest_route=%2Fwp%2Fv2%2Fmedia&parent=889"}],"wp:term":[{"taxonomy":"category","embeddable":true,"href":"http:\/\/ludzieikrajobrazy.muzeumleszno.pl\/index.php?rest_route=%2Fwp%2Fv2%2Fcategories&post=889"},{"taxonomy":"post_tag","embeddable":true,"href":"http:\/\/ludzieikrajobrazy.muzeumleszno.pl\/index.php?rest_route=%2Fwp%2Fv2%2Ftags&post=889"}],"curies":[{"name":"wp","href":"https:\/\/api.w.org\/{rel}","templated":true}]}}