{"id":898,"date":"2024-06-19T11:54:16","date_gmt":"2024-06-19T09:54:16","guid":{"rendered":"http:\/\/ludzieikrajobrazy.muzeumleszno.pl\/?p=898"},"modified":"2024-10-02T12:32:08","modified_gmt":"2024-10-02T10:32:08","slug":"zaborowo-dom-rodziny-heckel-lata-1939-1945","status":"publish","type":"post","link":"http:\/\/ludzieikrajobrazy.muzeumleszno.pl\/?p=898","title":{"rendered":"Zaborowo. Dom rodziny Heckel, lata 1939\u20131945"},"content":{"rendered":"\n<p>Po\u0142o\u017cony przy Rynku Zaborowskim dom oznaczony numerem 31 do ko\u0144ca II wojny \u015bwiatowej nale\u017ca\u0142 do rodziny Heckel. Po\u015brednio zwi\u0105zany jest z histori\u0105 miejscowej parafii ewangelickiej. Jego w\u0142a\u015bciciel, Robert Heckel, by\u0142 bowiem zakrystianem przy miejscowym ko\u015bciele lutera\u0144skim.&nbsp;<\/p>\n\n\n\n<p>Niski, parterowy budynek jest charakterystycznym przyk\u0142adem zabudowy dawnego miasteczka. Zaborowo, po\u0142o\u017cone w bezpo\u015brednim s\u0105siedztwie Leszna, zawsze mia\u0142o ograniczone mo\u017cliwo\u015bci rozwoju i trudno by\u0142o mu rywalizowa\u0107 z wi\u0119kszymi o\u015brodkami. Znalaz\u0142o to potwierdzenie m.in. w realizowanych tam inwestycjach budowlanych. Wszystkie domy mieszkalne by\u0142y jedno-, rzadziej dwukondygnacyjne. Stan ten utrzyma\u0142 si\u0119 do dzisiaj.&nbsp;<\/p>\n\n\n\n<figure data-wp-context=\"{&quot;imageId&quot;:&quot;69f1cde17b0bb&quot;}\" data-wp-interactive=\"core\/image\" data-wp-key=\"69f1cde17b0bb\" class=\"wp-block-image size-full wp-lightbox-container\"><img fetchpriority=\"high\" decoding=\"async\" width=\"2560\" height=\"1728\" data-wp-class--hide=\"state.isContentHidden\" data-wp-class--show=\"state.isContentVisible\" data-wp-init=\"callbacks.setButtonStyles\" data-wp-on--click=\"actions.showLightbox\" data-wp-on--load=\"callbacks.setButtonStyles\" data-wp-on-window--resize=\"callbacks.setButtonStyles\" src=\"http:\/\/ludzieikrajobrazy.muzeumleszno.pl\/wp-content\/uploads\/2024\/07\/196_MLFa-3559_195-scaled.jpg\" alt=\"Dom rodziny Heckel w Zaborowie\" class=\"wp-image-899\" srcset=\"http:\/\/ludzieikrajobrazy.muzeumleszno.pl\/wp-content\/uploads\/2024\/07\/196_MLFa-3559_195-scaled.jpg 2560w, http:\/\/ludzieikrajobrazy.muzeumleszno.pl\/wp-content\/uploads\/2024\/07\/196_MLFa-3559_195-1536x1037.jpg 1536w, http:\/\/ludzieikrajobrazy.muzeumleszno.pl\/wp-content\/uploads\/2024\/07\/196_MLFa-3559_195-2048x1382.jpg 2048w, http:\/\/ludzieikrajobrazy.muzeumleszno.pl\/wp-content\/uploads\/2024\/07\/196_MLFa-3559_195-200x135.jpg 200w, http:\/\/ludzieikrajobrazy.muzeumleszno.pl\/wp-content\/uploads\/2024\/07\/196_MLFa-3559_195-973x657.jpg 973w, http:\/\/ludzieikrajobrazy.muzeumleszno.pl\/wp-content\/uploads\/2024\/07\/196_MLFa-3559_195-508x343.jpg 508w\" sizes=\"(max-width: 2560px) 100vw, 2560px\" \/><button\n\t\t\tclass=\"lightbox-trigger\"\n\t\t\ttype=\"button\"\n\t\t\taria-haspopup=\"dialog\"\n\t\t\taria-label=\"Powi\u0119ksz\"\n\t\t\tdata-wp-init=\"callbacks.initTriggerButton\"\n\t\t\tdata-wp-on--click=\"actions.showLightbox\"\n\t\t\tdata-wp-style--right=\"state.imageButtonRight\"\n\t\t\tdata-wp-style--top=\"state.imageButtonTop\"\n\t\t>\n\t\t\t<svg xmlns=\"http:\/\/www.w3.org\/2000\/svg\" width=\"12\" height=\"12\" fill=\"none\" viewBox=\"0 0 12 12\">\n\t\t\t\t<path fill=\"#fff\" d=\"M2 0a2 2 0 0 0-2 2v2h1.5V2a.5.5 0 0 1 .5-.5h2V0H2Zm2 10.5H2a.5.5 0 0 1-.5-.5V8H0v2a2 2 0 0 0 2 2h2v-1.5ZM8 12v-1.5h2a.5.5 0 0 0 .5-.5V8H12v2a2 2 0 0 1-2 2H8Zm2-12a2 2 0 0 1 2 2v2h-1.5V2a.5.5 0 0 0-.5-.5H8V0h2Z\" \/>\n\t\t\t<\/svg>\n\t\t<\/button><figcaption class=\"wp-element-caption\">Dom rodziny Heckel w Zaborowie, wys. 8,6 cm x szer. 13 cm; papier fotograficzny, odbitka srebrowo &#8211; \u017celatynowa; XX wiek; Muzeum Okr\u0119gowe w Lesznie; MLFa3559\/195<\/figcaption><\/figure>\n\n\n\n<p class=\"has-small-font-size\">nr inw. MLFa 3559\/195<br>W zbiorach Muzeum Okr\u0119gowego w Lesznie od 2020 roku, dar<\/p>\n\n\n\n<p>D.Cz.<\/p>\n\n\n\n<figure class=\"wp-block-embed is-type-video is-provider-youtube wp-block-embed-youtube wp-embed-aspect-16-9 wp-has-aspect-ratio\"><div class=\"wp-block-embed__wrapper\">\n<iframe title=\"Zaborowo  Dom rodziny Heckel, lata 1939\u20131945\" width=\"620\" height=\"349\" src=\"https:\/\/www.youtube.com\/embed\/Ob38-NlQkpQ?feature=oembed\" frameborder=\"0\" allow=\"accelerometer; autoplay; clipboard-write; encrypted-media; gyroscope; picture-in-picture; web-share\" referrerpolicy=\"strict-origin-when-cross-origin\" allowfullscreen><\/iframe>\n<\/div><\/figure>\n","protected":false},"excerpt":{"rendered":"<p>Po\u0142o\u017cony przy Rynku Zaborowskim dom oznaczony numerem 31 do ko\u0144ca II wojny \u015bwiatowej nale\u017ca\u0142 do rodziny Heckel. Po\u015brednio zwi\u0105zany jest z histori\u0105 miejscowej parafii ewangelickiej. Jego w\u0142a\u015bciciel, Robert&#8230;<\/p>\n","protected":false},"author":1,"featured_media":899,"comment_status":"closed","ping_status":"closed","sticky":false,"template":"","format":"standard","meta":{"cybocfi_hide_featured_image":"yes","footnotes":""},"categories":[720],"tags":[419,378,165,2581,1271,520,2575,736,1905,2585,417,2576,363,2584,2583,2580,407,357,2582,705,1944,1988,2578,2577,1924,1961,2579],"class_list":["post-898","post","type-post","status-publish","format-standard","has-post-thumbnail","hentry","category-zaborowo","tag-419","tag-architektura","tag-budownictwo-murowane","tag-budynek-parterowy","tag-dach","tag-dokumentacja","tag-dom-rodzinny","tag-drzewa","tag-drzwi","tag-dwukondygnacyjny-budynek","tag-fotografia","tag-heckel","tag-ii-wojna-swiatowa","tag-jednokondygnacyjny-budynek","tag-kondygnacja","tag-kosciol-luteranski","tag-krajobraz","tag-leszno","tag-miasteczko","tag-okiennice","tag-okno","tag-parafia-ewangelicka","tag-robert-heckel","tag-rynek-zaborowski","tag-wejscie","tag-zaborowo","tag-zakrystian"],"yoast_head":"<!-- This site is optimized with the Yoast SEO plugin v27.5 - https:\/\/yoast.com\/product\/yoast-seo-wordpress\/ -->\n<title>Zaborowo. Dom rodziny Heckel, lata 1939\u20131945 - Ludzie i krajobrazy. Powiat Leszczy\u0144ski w ikonografii<\/title>\n<meta name=\"robots\" content=\"index, follow, max-snippet:-1, max-image-preview:large, max-video-preview:-1\" \/>\n<link rel=\"canonical\" href=\"http:\/\/ludzieikrajobrazy.muzeumleszno.pl\/?p=898\" \/>\n<meta property=\"og:locale\" content=\"pl_PL\" \/>\n<meta property=\"og:type\" content=\"article\" \/>\n<meta property=\"og:title\" content=\"Zaborowo. Dom rodziny Heckel, lata 1939\u20131945 - Ludzie i krajobrazy. Powiat Leszczy\u0144ski w ikonografii\" \/>\n<meta property=\"og:description\" content=\"Po\u0142o\u017cony przy Rynku Zaborowskim dom oznaczony numerem 31 do ko\u0144ca II wojny \u015bwiatowej nale\u017ca\u0142 do rodziny Heckel. Po\u015brednio zwi\u0105zany jest z histori\u0105 miejscowej parafii ewangelickiej. Jego w\u0142a\u015bciciel, Robert...\" \/>\n<meta property=\"og:url\" content=\"http:\/\/ludzieikrajobrazy.muzeumleszno.pl\/?p=898\" \/>\n<meta property=\"og:site_name\" content=\"Ludzie i krajobrazy. Powiat Leszczy\u0144ski w ikonografii\" \/>\n<meta property=\"article:published_time\" content=\"2024-06-19T09:54:16+00:00\" \/>\n<meta property=\"article:modified_time\" content=\"2024-10-02T10:32:08+00:00\" \/>\n<meta property=\"og:image\" content=\"http:\/\/ludzieikrajobrazy.muzeumleszno.pl\/wp-content\/uploads\/2024\/07\/196_MLFa-3559_195-scaled.jpg\" \/>\n\t<meta property=\"og:image:width\" content=\"2560\" \/>\n\t<meta property=\"og:image:height\" content=\"1728\" \/>\n\t<meta property=\"og:image:type\" content=\"image\/jpeg\" \/>\n<meta name=\"author\" content=\"Pan_Admin\" \/>\n<meta name=\"twitter:card\" content=\"summary_large_image\" \/>\n<meta name=\"twitter:label1\" content=\"Napisane przez\" \/>\n\t<meta name=\"twitter:data1\" content=\"Pan_Admin\" \/>\n\t<meta name=\"twitter:label2\" content=\"Szacowany czas czytania\" \/>\n\t<meta name=\"twitter:data2\" content=\"2 minuty\" \/>\n<script type=\"application\/ld+json\" class=\"yoast-schema-graph\">{\"@context\":\"https:\\\/\\\/schema.org\",\"@graph\":[{\"@type\":\"Article\",\"@id\":\"http:\\\/\\\/ludzieikrajobrazy.muzeumleszno.pl\\\/?p=898#article\",\"isPartOf\":{\"@id\":\"http:\\\/\\\/ludzieikrajobrazy.muzeumleszno.pl\\\/?p=898\"},\"author\":{\"name\":\"Pan_Admin\",\"@id\":\"https:\\\/\\\/ludzieikrajobrazy.muzeumleszno.pl\\\/#\\\/schema\\\/person\\\/fc2bc20e2b51efc3202ac1f0cdcd06c0\"},\"headline\":\"Zaborowo. Dom rodziny Heckel, lata 1939\u20131945\",\"datePublished\":\"2024-06-19T09:54:16+00:00\",\"dateModified\":\"2024-10-02T10:32:08+00:00\",\"mainEntityOfPage\":{\"@id\":\"http:\\\/\\\/ludzieikrajobrazy.muzeumleszno.pl\\\/?p=898\"},\"wordCount\":160,\"image\":{\"@id\":\"http:\\\/\\\/ludzieikrajobrazy.muzeumleszno.pl\\\/?p=898#primaryimage\"},\"thumbnailUrl\":\"http:\\\/\\\/ludzieikrajobrazy.muzeumleszno.pl\\\/wp-content\\\/uploads\\\/2024\\\/07\\\/196_MLFa-3559_195-scaled.jpg\",\"keywords\":[\"1939\",\"architektura\",\"budownictwo murowane\",\"budynek parterowy\",\"dach\",\"dokumentacja\",\"dom rodzinny\",\"drzewa\",\"drzwi\",\"dwukondygnacyjny budynek\",\"fotografia\",\"Heckel\",\"II Wojna \u015awiatowa\",\"jednokondygnacyjny budynek\",\"kondygnacja\",\"ko\u015bci\u00f3\u0142 lutera\u0144ski\",\"krajobraz\",\"Leszno\",\"miasteczko\",\"okiennice\",\"okno\",\"parafia ewangelicka\",\"Robert Heckel\",\"Rynek Zaborowski\",\"wej\u015bcie\",\"Zaborowo\",\"zakrystian\"],\"articleSection\":[\"Zaborowo\"],\"inLanguage\":\"pl-PL\"},{\"@type\":\"WebPage\",\"@id\":\"http:\\\/\\\/ludzieikrajobrazy.muzeumleszno.pl\\\/?p=898\",\"url\":\"http:\\\/\\\/ludzieikrajobrazy.muzeumleszno.pl\\\/?p=898\",\"name\":\"Zaborowo. Dom rodziny Heckel, lata 1939\u20131945 - Ludzie i krajobrazy. Powiat Leszczy\u0144ski w ikonografii\",\"isPartOf\":{\"@id\":\"https:\\\/\\\/ludzieikrajobrazy.muzeumleszno.pl\\\/#website\"},\"primaryImageOfPage\":{\"@id\":\"http:\\\/\\\/ludzieikrajobrazy.muzeumleszno.pl\\\/?p=898#primaryimage\"},\"image\":{\"@id\":\"http:\\\/\\\/ludzieikrajobrazy.muzeumleszno.pl\\\/?p=898#primaryimage\"},\"thumbnailUrl\":\"http:\\\/\\\/ludzieikrajobrazy.muzeumleszno.pl\\\/wp-content\\\/uploads\\\/2024\\\/07\\\/196_MLFa-3559_195-scaled.jpg\",\"datePublished\":\"2024-06-19T09:54:16+00:00\",\"dateModified\":\"2024-10-02T10:32:08+00:00\",\"author\":{\"@id\":\"https:\\\/\\\/ludzieikrajobrazy.muzeumleszno.pl\\\/#\\\/schema\\\/person\\\/fc2bc20e2b51efc3202ac1f0cdcd06c0\"},\"breadcrumb\":{\"@id\":\"http:\\\/\\\/ludzieikrajobrazy.muzeumleszno.pl\\\/?p=898#breadcrumb\"},\"inLanguage\":\"pl-PL\",\"potentialAction\":[{\"@type\":\"ReadAction\",\"target\":[\"http:\\\/\\\/ludzieikrajobrazy.muzeumleszno.pl\\\/?p=898\"]}]},{\"@type\":\"BreadcrumbList\",\"@id\":\"http:\\\/\\\/ludzieikrajobrazy.muzeumleszno.pl\\\/?p=898#breadcrumb\",\"itemListElement\":[{\"@type\":\"ListItem\",\"position\":1,\"name\":\"Home\",\"item\":\"https:\\\/\\\/ludzieikrajobrazy.muzeumleszno.pl\\\/\"},{\"@type\":\"ListItem\",\"position\":2,\"name\":\"Zaborowo. Dom rodziny Heckel, lata 1939\u20131945\"}]},{\"@type\":\"WebSite\",\"@id\":\"https:\\\/\\\/ludzieikrajobrazy.muzeumleszno.pl\\\/#website\",\"url\":\"https:\\\/\\\/ludzieikrajobrazy.muzeumleszno.pl\\\/\",\"name\":\"Ludzie i krajobrazy. Powiat Leszczy\u0144ski w ikonografii\",\"description\":\"Powiat Leszczy\u0144ski w ikonografii\",\"potentialAction\":[{\"@type\":\"SearchAction\",\"target\":{\"@type\":\"EntryPoint\",\"urlTemplate\":\"https:\\\/\\\/ludzieikrajobrazy.muzeumleszno.pl\\\/?s={search_term_string}\"},\"query-input\":{\"@type\":\"PropertyValueSpecification\",\"valueRequired\":true,\"valueName\":\"search_term_string\"}}],\"inLanguage\":\"pl-PL\"},{\"@type\":\"Person\",\"@id\":\"https:\\\/\\\/ludzieikrajobrazy.muzeumleszno.pl\\\/#\\\/schema\\\/person\\\/fc2bc20e2b51efc3202ac1f0cdcd06c0\",\"name\":\"Pan_Admin\",\"image\":{\"@type\":\"ImageObject\",\"inLanguage\":\"pl-PL\",\"@id\":\"https:\\\/\\\/secure.gravatar.com\\\/avatar\\\/d109d485abe889ecc32dbdb971b715ad9d4596bd0e2353626451db3e04099822?s=96&d=mm&r=g\",\"url\":\"https:\\\/\\\/secure.gravatar.com\\\/avatar\\\/d109d485abe889ecc32dbdb971b715ad9d4596bd0e2353626451db3e04099822?s=96&d=mm&r=g\",\"contentUrl\":\"https:\\\/\\\/secure.gravatar.com\\\/avatar\\\/d109d485abe889ecc32dbdb971b715ad9d4596bd0e2353626451db3e04099822?s=96&d=mm&r=g\",\"caption\":\"Pan_Admin\"},\"sameAs\":[\"http:\\\/\\\/ludzieikrajobrazy.muzeumleszno.pl\"],\"url\":\"http:\\\/\\\/ludzieikrajobrazy.muzeumleszno.pl\\\/?author=1\"}]}<\/script>\n<!-- \/ Yoast SEO plugin. -->","yoast_head_json":{"title":"Zaborowo. Dom rodziny Heckel, lata 1939\u20131945 - Ludzie i krajobrazy. Powiat Leszczy\u0144ski w ikonografii","robots":{"index":"index","follow":"follow","max-snippet":"max-snippet:-1","max-image-preview":"max-image-preview:large","max-video-preview":"max-video-preview:-1"},"canonical":"http:\/\/ludzieikrajobrazy.muzeumleszno.pl\/?p=898","og_locale":"pl_PL","og_type":"article","og_title":"Zaborowo. Dom rodziny Heckel, lata 1939\u20131945 - Ludzie i krajobrazy. Powiat Leszczy\u0144ski w ikonografii","og_description":"Po\u0142o\u017cony przy Rynku Zaborowskim dom oznaczony numerem 31 do ko\u0144ca II wojny \u015bwiatowej nale\u017ca\u0142 do rodziny Heckel. Po\u015brednio zwi\u0105zany jest z histori\u0105 miejscowej parafii ewangelickiej. Jego w\u0142a\u015bciciel, Robert...","og_url":"http:\/\/ludzieikrajobrazy.muzeumleszno.pl\/?p=898","og_site_name":"Ludzie i krajobrazy. Powiat Leszczy\u0144ski w ikonografii","article_published_time":"2024-06-19T09:54:16+00:00","article_modified_time":"2024-10-02T10:32:08+00:00","og_image":[{"width":2560,"height":1728,"url":"http:\/\/ludzieikrajobrazy.muzeumleszno.pl\/wp-content\/uploads\/2024\/07\/196_MLFa-3559_195-scaled.jpg","type":"image\/jpeg"}],"author":"Pan_Admin","twitter_card":"summary_large_image","twitter_misc":{"Napisane przez":"Pan_Admin","Szacowany czas czytania":"2 minuty"},"schema":{"@context":"https:\/\/schema.org","@graph":[{"@type":"Article","@id":"http:\/\/ludzieikrajobrazy.muzeumleszno.pl\/?p=898#article","isPartOf":{"@id":"http:\/\/ludzieikrajobrazy.muzeumleszno.pl\/?p=898"},"author":{"name":"Pan_Admin","@id":"https:\/\/ludzieikrajobrazy.muzeumleszno.pl\/#\/schema\/person\/fc2bc20e2b51efc3202ac1f0cdcd06c0"},"headline":"Zaborowo. Dom rodziny Heckel, lata 1939\u20131945","datePublished":"2024-06-19T09:54:16+00:00","dateModified":"2024-10-02T10:32:08+00:00","mainEntityOfPage":{"@id":"http:\/\/ludzieikrajobrazy.muzeumleszno.pl\/?p=898"},"wordCount":160,"image":{"@id":"http:\/\/ludzieikrajobrazy.muzeumleszno.pl\/?p=898#primaryimage"},"thumbnailUrl":"http:\/\/ludzieikrajobrazy.muzeumleszno.pl\/wp-content\/uploads\/2024\/07\/196_MLFa-3559_195-scaled.jpg","keywords":["1939","architektura","budownictwo murowane","budynek parterowy","dach","dokumentacja","dom rodzinny","drzewa","drzwi","dwukondygnacyjny budynek","fotografia","Heckel","II Wojna \u015awiatowa","jednokondygnacyjny budynek","kondygnacja","ko\u015bci\u00f3\u0142 lutera\u0144ski","krajobraz","Leszno","miasteczko","okiennice","okno","parafia ewangelicka","Robert Heckel","Rynek Zaborowski","wej\u015bcie","Zaborowo","zakrystian"],"articleSection":["Zaborowo"],"inLanguage":"pl-PL"},{"@type":"WebPage","@id":"http:\/\/ludzieikrajobrazy.muzeumleszno.pl\/?p=898","url":"http:\/\/ludzieikrajobrazy.muzeumleszno.pl\/?p=898","name":"Zaborowo. Dom rodziny Heckel, lata 1939\u20131945 - Ludzie i krajobrazy. Powiat Leszczy\u0144ski w ikonografii","isPartOf":{"@id":"https:\/\/ludzieikrajobrazy.muzeumleszno.pl\/#website"},"primaryImageOfPage":{"@id":"http:\/\/ludzieikrajobrazy.muzeumleszno.pl\/?p=898#primaryimage"},"image":{"@id":"http:\/\/ludzieikrajobrazy.muzeumleszno.pl\/?p=898#primaryimage"},"thumbnailUrl":"http:\/\/ludzieikrajobrazy.muzeumleszno.pl\/wp-content\/uploads\/2024\/07\/196_MLFa-3559_195-scaled.jpg","datePublished":"2024-06-19T09:54:16+00:00","dateModified":"2024-10-02T10:32:08+00:00","author":{"@id":"https:\/\/ludzieikrajobrazy.muzeumleszno.pl\/#\/schema\/person\/fc2bc20e2b51efc3202ac1f0cdcd06c0"},"breadcrumb":{"@id":"http:\/\/ludzieikrajobrazy.muzeumleszno.pl\/?p=898#breadcrumb"},"inLanguage":"pl-PL","potentialAction":[{"@type":"ReadAction","target":["http:\/\/ludzieikrajobrazy.muzeumleszno.pl\/?p=898"]}]},{"@type":"BreadcrumbList","@id":"http:\/\/ludzieikrajobrazy.muzeumleszno.pl\/?p=898#breadcrumb","itemListElement":[{"@type":"ListItem","position":1,"name":"Home","item":"https:\/\/ludzieikrajobrazy.muzeumleszno.pl\/"},{"@type":"ListItem","position":2,"name":"Zaborowo. Dom rodziny Heckel, lata 1939\u20131945"}]},{"@type":"WebSite","@id":"https:\/\/ludzieikrajobrazy.muzeumleszno.pl\/#website","url":"https:\/\/ludzieikrajobrazy.muzeumleszno.pl\/","name":"Ludzie i krajobrazy. Powiat Leszczy\u0144ski w ikonografii","description":"Powiat Leszczy\u0144ski w ikonografii","potentialAction":[{"@type":"SearchAction","target":{"@type":"EntryPoint","urlTemplate":"https:\/\/ludzieikrajobrazy.muzeumleszno.pl\/?s={search_term_string}"},"query-input":{"@type":"PropertyValueSpecification","valueRequired":true,"valueName":"search_term_string"}}],"inLanguage":"pl-PL"},{"@type":"Person","@id":"https:\/\/ludzieikrajobrazy.muzeumleszno.pl\/#\/schema\/person\/fc2bc20e2b51efc3202ac1f0cdcd06c0","name":"Pan_Admin","image":{"@type":"ImageObject","inLanguage":"pl-PL","@id":"https:\/\/secure.gravatar.com\/avatar\/d109d485abe889ecc32dbdb971b715ad9d4596bd0e2353626451db3e04099822?s=96&d=mm&r=g","url":"https:\/\/secure.gravatar.com\/avatar\/d109d485abe889ecc32dbdb971b715ad9d4596bd0e2353626451db3e04099822?s=96&d=mm&r=g","contentUrl":"https:\/\/secure.gravatar.com\/avatar\/d109d485abe889ecc32dbdb971b715ad9d4596bd0e2353626451db3e04099822?s=96&d=mm&r=g","caption":"Pan_Admin"},"sameAs":["http:\/\/ludzieikrajobrazy.muzeumleszno.pl"],"url":"http:\/\/ludzieikrajobrazy.muzeumleszno.pl\/?author=1"}]}},"_links":{"self":[{"href":"http:\/\/ludzieikrajobrazy.muzeumleszno.pl\/index.php?rest_route=\/wp\/v2\/posts\/898","targetHints":{"allow":["GET"]}}],"collection":[{"href":"http:\/\/ludzieikrajobrazy.muzeumleszno.pl\/index.php?rest_route=\/wp\/v2\/posts"}],"about":[{"href":"http:\/\/ludzieikrajobrazy.muzeumleszno.pl\/index.php?rest_route=\/wp\/v2\/types\/post"}],"author":[{"embeddable":true,"href":"http:\/\/ludzieikrajobrazy.muzeumleszno.pl\/index.php?rest_route=\/wp\/v2\/users\/1"}],"replies":[{"embeddable":true,"href":"http:\/\/ludzieikrajobrazy.muzeumleszno.pl\/index.php?rest_route=%2Fwp%2Fv2%2Fcomments&post=898"}],"version-history":[{"count":2,"href":"http:\/\/ludzieikrajobrazy.muzeumleszno.pl\/index.php?rest_route=\/wp\/v2\/posts\/898\/revisions"}],"predecessor-version":[{"id":1404,"href":"http:\/\/ludzieikrajobrazy.muzeumleszno.pl\/index.php?rest_route=\/wp\/v2\/posts\/898\/revisions\/1404"}],"wp:featuredmedia":[{"embeddable":true,"href":"http:\/\/ludzieikrajobrazy.muzeumleszno.pl\/index.php?rest_route=\/wp\/v2\/media\/899"}],"wp:attachment":[{"href":"http:\/\/ludzieikrajobrazy.muzeumleszno.pl\/index.php?rest_route=%2Fwp%2Fv2%2Fmedia&parent=898"}],"wp:term":[{"taxonomy":"category","embeddable":true,"href":"http:\/\/ludzieikrajobrazy.muzeumleszno.pl\/index.php?rest_route=%2Fwp%2Fv2%2Fcategories&post=898"},{"taxonomy":"post_tag","embeddable":true,"href":"http:\/\/ludzieikrajobrazy.muzeumleszno.pl\/index.php?rest_route=%2Fwp%2Fv2%2Ftags&post=898"}],"curies":[{"name":"wp","href":"https:\/\/api.w.org\/{rel}","templated":true}]}}