{"id":901,"date":"2024-06-19T11:53:06","date_gmt":"2024-06-19T09:53:06","guid":{"rendered":"http:\/\/ludzieikrajobrazy.muzeumleszno.pl\/?p=901"},"modified":"2024-10-02T12:31:15","modified_gmt":"2024-10-02T10:31:15","slug":"zaborowo-ewangelicka-szkolka-niedzielna-przed-1945-rokiem","status":"publish","type":"post","link":"http:\/\/ludzieikrajobrazy.muzeumleszno.pl\/?p=901","title":{"rendered":"Zaborowo. Ewangelicka szk\u00f3\u0142ka niedzielna, przed 1945 rokiem"},"content":{"rendered":"\n<p>Szk\u00f3\u0142ki niedzielne w parafiach ewangelickich prowadzone s\u0105 w trakcie roku szkolnego w sali parafialnej r\u00f3wnolegle do nabo\u017ce\u0144stwa. Dzieci wsp\u00f3lnie ucz\u0105 si\u0119 modlitw, s\u0142uchaj\u0105 historii biblijnych, \u015bpiewaj\u0105 i poznaj\u0105 wersety biblijne. Jest to czas zarezerwowany na \u201enabo\u017ce\u0144stwo\u201d dostosowane do wieku najm\u0142odszych. Rozmawia si\u0119 z nimi o Bogu w spos\u00f3b im przyst\u0119pny, umo\u017cliwiaj\u0105cy zrozumienie przes\u0142ania Pisma \u015awi\u0119tego.&nbsp;<\/p>\n\n\n\n<p>Jednym z pierwszych impuls\u00f3w do organizowania zaj\u0119\u0107 szko\u0142y niedzielnej na ziemiach polskich by\u0142 rozwijaj\u0105cy si\u0119 w XIX wieku ruch przebudzeniowy. Anga\u017cowa\u0142 on cz\u0142onk\u00f3w wsp\u00f3lnot protestanckich m.in. do pracy z dzie\u0107mi i prowadzenia dla nich specjalnych nabo\u017ce\u0144stw. Podobne zjawisko obserwowano w Ko\u015bciele Unijnym w monarchii pruskiej. Na fotografii wida\u0107 grup\u0119 dzieci z parafii w Zaborowie z ich opiekunkami. Jedn\u0105 z nich jest Christel Heckel (stoi trzecia z prawej strony), c\u00f3rka wieloletniego ko\u015bcielnego zaborowskiej \u015bwi\u0105tyni.&nbsp;<\/p>\n\n\n\n<figure data-wp-context=\"{&quot;imageId&quot;:&quot;69f1ccd0ee7cd&quot;}\" data-wp-interactive=\"core\/image\" data-wp-key=\"69f1ccd0ee7cd\" class=\"wp-block-image size-full wp-lightbox-container\"><img fetchpriority=\"high\" decoding=\"async\" width=\"2560\" height=\"1839\" data-wp-class--hide=\"state.isContentHidden\" data-wp-class--show=\"state.isContentVisible\" data-wp-init=\"callbacks.setButtonStyles\" data-wp-on--click=\"actions.showLightbox\" data-wp-on--load=\"callbacks.setButtonStyles\" data-wp-on-window--resize=\"callbacks.setButtonStyles\" src=\"http:\/\/ludzieikrajobrazy.muzeumleszno.pl\/wp-content\/uploads\/2024\/07\/197_MLFa-3559_194-scaled.jpg\" alt=\"Christel Heckel\" class=\"wp-image-902\" srcset=\"http:\/\/ludzieikrajobrazy.muzeumleszno.pl\/wp-content\/uploads\/2024\/07\/197_MLFa-3559_194-scaled.jpg 2560w, http:\/\/ludzieikrajobrazy.muzeumleszno.pl\/wp-content\/uploads\/2024\/07\/197_MLFa-3559_194-1536x1103.jpg 1536w, http:\/\/ludzieikrajobrazy.muzeumleszno.pl\/wp-content\/uploads\/2024\/07\/197_MLFa-3559_194-2048x1471.jpg 2048w, http:\/\/ludzieikrajobrazy.muzeumleszno.pl\/wp-content\/uploads\/2024\/07\/197_MLFa-3559_194-200x144.jpg 200w, http:\/\/ludzieikrajobrazy.muzeumleszno.pl\/wp-content\/uploads\/2024\/07\/197_MLFa-3559_194-973x699.jpg 973w, http:\/\/ludzieikrajobrazy.muzeumleszno.pl\/wp-content\/uploads\/2024\/07\/197_MLFa-3559_194-508x365.jpg 508w\" sizes=\"(max-width: 2560px) 100vw, 2560px\" \/><button\n\t\t\tclass=\"lightbox-trigger\"\n\t\t\ttype=\"button\"\n\t\t\taria-haspopup=\"dialog\"\n\t\t\taria-label=\"Powi\u0119ksz\"\n\t\t\tdata-wp-init=\"callbacks.initTriggerButton\"\n\t\t\tdata-wp-on--click=\"actions.showLightbox\"\n\t\t\tdata-wp-style--right=\"state.imageButtonRight\"\n\t\t\tdata-wp-style--top=\"state.imageButtonTop\"\n\t\t>\n\t\t\t<svg xmlns=\"http:\/\/www.w3.org\/2000\/svg\" width=\"12\" height=\"12\" fill=\"none\" viewBox=\"0 0 12 12\">\n\t\t\t\t<path fill=\"#fff\" d=\"M2 0a2 2 0 0 0-2 2v2h1.5V2a.5.5 0 0 1 .5-.5h2V0H2Zm2 10.5H2a.5.5 0 0 1-.5-.5V8H0v2a2 2 0 0 0 2 2h2v-1.5ZM8 12v-1.5h2a.5.5 0 0 0 .5-.5V8H12v2a2 2 0 0 1-2 2H8Zm2-12a2 2 0 0 1 2 2v2h-1.5V2a.5.5 0 0 0-.5-.5H8V0h2Z\" \/>\n\t\t\t<\/svg>\n\t\t<\/button><figcaption class=\"wp-element-caption\">Zaborowo. Ewangelicka szk\u00f3\u0142ka niedzielna, wys.  6 cm x szer. 8,2 cm; papier fotograficzny, odbitka srebrowo &#8211; \u017celatynowa; XX wiek; Muzeum Okr\u0119gowe w Lesznie; MLFa3559\/194<\/figcaption><\/figure>\n\n\n\n<p class=\"has-small-font-size\">nr inw. MLFa 3559\/194<br>2020 roku, dar<\/p>\n\n\n\n<p>D.Cz.<\/p>\n\n\n\n<figure class=\"wp-block-embed is-type-video is-provider-youtube wp-block-embed-youtube wp-embed-aspect-16-9 wp-has-aspect-ratio\"><div class=\"wp-block-embed__wrapper\">\n<iframe title=\"Zaborowo  Ewangelicka szk\u00f3\u0142ka niedzielna, przed 1945 rokiem\" width=\"620\" height=\"349\" src=\"https:\/\/www.youtube.com\/embed\/qB5gtVdDM5g?feature=oembed\" frameborder=\"0\" allow=\"accelerometer; autoplay; clipboard-write; encrypted-media; gyroscope; picture-in-picture; web-share\" referrerpolicy=\"strict-origin-when-cross-origin\" allowfullscreen><\/iframe>\n<\/div><\/figure>\n","protected":false},"excerpt":{"rendered":"<p>Szk\u00f3\u0142ki niedzielne w parafiach ewangelickich prowadzone s\u0105 w trakcie roku szkolnego w sali parafialnej r\u00f3wnolegle do nabo\u017ce\u0144stwa. Dzieci wsp\u00f3lnie ucz\u0105 si\u0119 modlitw, s\u0142uchaj\u0105 historii biblijnych, \u015bpiewaj\u0105 i poznaj\u0105&#8230;<\/p>\n","protected":false},"author":1,"featured_media":902,"comment_status":"closed","ping_status":"closed","sticky":false,"template":"","format":"standard","meta":{"cybocfi_hide_featured_image":"yes","footnotes":""},"categories":[720],"tags":[127,2534,2590,2592,1421,1032,851,852,855,447,2587,417,201,1137,2589,1289,1318,2595,2470,2596,2132,1944,1988,2593,1715,1336,691,1396,2591,1945,2588,1165,2594,2586,2597,1213,1961],"class_list":["post-901","post","type-post","status-publish","format-standard","has-post-thumbnail","hentry","category-zaborowo","tag-127","tag-architekrura","tag-biblia","tag-boh","tag-budynek","tag-chlopiec","tag-dzieci","tag-dziecko","tag-dziewczynka","tag-edukacja","tag-ewangelicka-szkola","tag-fotografia","tag-fotografia-grupowa","tag-grupa-ludzi","tag-historia-biblijna","tag-kobieta","tag-kobiety","tag-kosciol-unijny","tag-modlitwa","tag-monarchia-pruska","tag-nabozenstwo","tag-okno","tag-parafia-ewangelicka","tag-pismo-swiete","tag-plener","tag-protestanci","tag-protestantyzm","tag-religia","tag-rozmowa","tag-ruch","tag-sala-parafialna","tag-spiew","tag-szkola-niedzielna","tag-szkolka-niedzielna","tag-uczniowie","tag-wiara","tag-zaborowo"],"yoast_head":"<!-- This site is optimized with the Yoast SEO plugin v27.5 - https:\/\/yoast.com\/product\/yoast-seo-wordpress\/ -->\n<title>Zaborowo. Ewangelicka szk\u00f3\u0142ka niedzielna, przed 1945 rokiem - Ludzie i krajobrazy. Powiat Leszczy\u0144ski w ikonografii<\/title>\n<meta name=\"robots\" content=\"index, follow, max-snippet:-1, max-image-preview:large, max-video-preview:-1\" \/>\n<link rel=\"canonical\" href=\"http:\/\/ludzieikrajobrazy.muzeumleszno.pl\/?p=901\" \/>\n<meta property=\"og:locale\" content=\"pl_PL\" \/>\n<meta property=\"og:type\" content=\"article\" \/>\n<meta property=\"og:title\" content=\"Zaborowo. Ewangelicka szk\u00f3\u0142ka niedzielna, przed 1945 rokiem - Ludzie i krajobrazy. Powiat Leszczy\u0144ski w ikonografii\" \/>\n<meta property=\"og:description\" content=\"Szk\u00f3\u0142ki niedzielne w parafiach ewangelickich prowadzone s\u0105 w trakcie roku szkolnego w sali parafialnej r\u00f3wnolegle do nabo\u017ce\u0144stwa. Dzieci wsp\u00f3lnie ucz\u0105 si\u0119 modlitw, s\u0142uchaj\u0105 historii biblijnych, \u015bpiewaj\u0105 i poznaj\u0105...\" \/>\n<meta property=\"og:url\" content=\"http:\/\/ludzieikrajobrazy.muzeumleszno.pl\/?p=901\" \/>\n<meta property=\"og:site_name\" content=\"Ludzie i krajobrazy. Powiat Leszczy\u0144ski w ikonografii\" \/>\n<meta property=\"article:published_time\" content=\"2024-06-19T09:53:06+00:00\" \/>\n<meta property=\"article:modified_time\" content=\"2024-10-02T10:31:15+00:00\" \/>\n<meta property=\"og:image\" content=\"http:\/\/ludzieikrajobrazy.muzeumleszno.pl\/wp-content\/uploads\/2024\/07\/197_MLFa-3559_194-scaled.jpg\" \/>\n\t<meta property=\"og:image:width\" content=\"2560\" \/>\n\t<meta property=\"og:image:height\" content=\"1839\" \/>\n\t<meta property=\"og:image:type\" content=\"image\/jpeg\" \/>\n<meta name=\"author\" content=\"Pan_Admin\" \/>\n<meta name=\"twitter:card\" content=\"summary_large_image\" \/>\n<meta name=\"twitter:label1\" content=\"Napisane przez\" \/>\n\t<meta name=\"twitter:data1\" content=\"Pan_Admin\" \/>\n\t<meta name=\"twitter:label2\" content=\"Szacowany czas czytania\" \/>\n\t<meta name=\"twitter:data2\" content=\"2 minuty\" \/>\n<script type=\"application\/ld+json\" class=\"yoast-schema-graph\">{\"@context\":\"https:\\\/\\\/schema.org\",\"@graph\":[{\"@type\":\"Article\",\"@id\":\"http:\\\/\\\/ludzieikrajobrazy.muzeumleszno.pl\\\/?p=901#article\",\"isPartOf\":{\"@id\":\"http:\\\/\\\/ludzieikrajobrazy.muzeumleszno.pl\\\/?p=901\"},\"author\":{\"name\":\"Pan_Admin\",\"@id\":\"https:\\\/\\\/ludzieikrajobrazy.muzeumleszno.pl\\\/#\\\/schema\\\/person\\\/fc2bc20e2b51efc3202ac1f0cdcd06c0\"},\"headline\":\"Zaborowo. Ewangelicka szk\u00f3\u0142ka niedzielna, przed 1945 rokiem\",\"datePublished\":\"2024-06-19T09:53:06+00:00\",\"dateModified\":\"2024-10-02T10:31:15+00:00\",\"mainEntityOfPage\":{\"@id\":\"http:\\\/\\\/ludzieikrajobrazy.muzeumleszno.pl\\\/?p=901\"},\"wordCount\":204,\"image\":{\"@id\":\"http:\\\/\\\/ludzieikrajobrazy.muzeumleszno.pl\\\/?p=901#primaryimage\"},\"thumbnailUrl\":\"http:\\\/\\\/ludzieikrajobrazy.muzeumleszno.pl\\\/wp-content\\\/uploads\\\/2024\\\/07\\\/197_MLFa-3559_194-scaled.jpg\",\"keywords\":[\"1945\",\"architekrura\",\"Biblia\",\"B\u00f3h\",\"budynek\",\"ch\u0142opiec\",\"dzieci\",\"dziecko\",\"dziewczynka\",\"edukacja\",\"ewangelicka szko\u0142a\",\"fotografia\",\"fotografia grupowa\",\"grupa ludzi\",\"historia biblijna\",\"kobieta\",\"kobiety\",\"Ko\u015bci\u00f3\u0142 Unijny\",\"modlitwa\",\"monarchia pruska\",\"nabo\u017ce\u0144stwo\",\"okno\",\"parafia ewangelicka\",\"Pismo \u015awi\u0119te\",\"plener\",\"protestanci\",\"protestantyzm\",\"religia\",\"rozmowa\",\"ruch\",\"sala parafialna\",\"\u015bpiew\",\"szko\u0142a niedzielna\",\"szk\u00f3\u0142ka niedzielna\",\"uczniowie\",\"wiara\",\"Zaborowo\"],\"articleSection\":[\"Zaborowo\"],\"inLanguage\":\"pl-PL\"},{\"@type\":\"WebPage\",\"@id\":\"http:\\\/\\\/ludzieikrajobrazy.muzeumleszno.pl\\\/?p=901\",\"url\":\"http:\\\/\\\/ludzieikrajobrazy.muzeumleszno.pl\\\/?p=901\",\"name\":\"Zaborowo. Ewangelicka szk\u00f3\u0142ka niedzielna, przed 1945 rokiem - Ludzie i krajobrazy. Powiat Leszczy\u0144ski w ikonografii\",\"isPartOf\":{\"@id\":\"https:\\\/\\\/ludzieikrajobrazy.muzeumleszno.pl\\\/#website\"},\"primaryImageOfPage\":{\"@id\":\"http:\\\/\\\/ludzieikrajobrazy.muzeumleszno.pl\\\/?p=901#primaryimage\"},\"image\":{\"@id\":\"http:\\\/\\\/ludzieikrajobrazy.muzeumleszno.pl\\\/?p=901#primaryimage\"},\"thumbnailUrl\":\"http:\\\/\\\/ludzieikrajobrazy.muzeumleszno.pl\\\/wp-content\\\/uploads\\\/2024\\\/07\\\/197_MLFa-3559_194-scaled.jpg\",\"datePublished\":\"2024-06-19T09:53:06+00:00\",\"dateModified\":\"2024-10-02T10:31:15+00:00\",\"author\":{\"@id\":\"https:\\\/\\\/ludzieikrajobrazy.muzeumleszno.pl\\\/#\\\/schema\\\/person\\\/fc2bc20e2b51efc3202ac1f0cdcd06c0\"},\"breadcrumb\":{\"@id\":\"http:\\\/\\\/ludzieikrajobrazy.muzeumleszno.pl\\\/?p=901#breadcrumb\"},\"inLanguage\":\"pl-PL\",\"potentialAction\":[{\"@type\":\"ReadAction\",\"target\":[\"http:\\\/\\\/ludzieikrajobrazy.muzeumleszno.pl\\\/?p=901\"]}]},{\"@type\":\"BreadcrumbList\",\"@id\":\"http:\\\/\\\/ludzieikrajobrazy.muzeumleszno.pl\\\/?p=901#breadcrumb\",\"itemListElement\":[{\"@type\":\"ListItem\",\"position\":1,\"name\":\"Home\",\"item\":\"https:\\\/\\\/ludzieikrajobrazy.muzeumleszno.pl\\\/\"},{\"@type\":\"ListItem\",\"position\":2,\"name\":\"Zaborowo. Ewangelicka szk\u00f3\u0142ka niedzielna, przed 1945 rokiem\"}]},{\"@type\":\"WebSite\",\"@id\":\"https:\\\/\\\/ludzieikrajobrazy.muzeumleszno.pl\\\/#website\",\"url\":\"https:\\\/\\\/ludzieikrajobrazy.muzeumleszno.pl\\\/\",\"name\":\"Ludzie i krajobrazy. Powiat Leszczy\u0144ski w ikonografii\",\"description\":\"Powiat Leszczy\u0144ski w ikonografii\",\"potentialAction\":[{\"@type\":\"SearchAction\",\"target\":{\"@type\":\"EntryPoint\",\"urlTemplate\":\"https:\\\/\\\/ludzieikrajobrazy.muzeumleszno.pl\\\/?s={search_term_string}\"},\"query-input\":{\"@type\":\"PropertyValueSpecification\",\"valueRequired\":true,\"valueName\":\"search_term_string\"}}],\"inLanguage\":\"pl-PL\"},{\"@type\":\"Person\",\"@id\":\"https:\\\/\\\/ludzieikrajobrazy.muzeumleszno.pl\\\/#\\\/schema\\\/person\\\/fc2bc20e2b51efc3202ac1f0cdcd06c0\",\"name\":\"Pan_Admin\",\"image\":{\"@type\":\"ImageObject\",\"inLanguage\":\"pl-PL\",\"@id\":\"https:\\\/\\\/secure.gravatar.com\\\/avatar\\\/d109d485abe889ecc32dbdb971b715ad9d4596bd0e2353626451db3e04099822?s=96&d=mm&r=g\",\"url\":\"https:\\\/\\\/secure.gravatar.com\\\/avatar\\\/d109d485abe889ecc32dbdb971b715ad9d4596bd0e2353626451db3e04099822?s=96&d=mm&r=g\",\"contentUrl\":\"https:\\\/\\\/secure.gravatar.com\\\/avatar\\\/d109d485abe889ecc32dbdb971b715ad9d4596bd0e2353626451db3e04099822?s=96&d=mm&r=g\",\"caption\":\"Pan_Admin\"},\"sameAs\":[\"http:\\\/\\\/ludzieikrajobrazy.muzeumleszno.pl\"],\"url\":\"http:\\\/\\\/ludzieikrajobrazy.muzeumleszno.pl\\\/?author=1\"}]}<\/script>\n<!-- \/ Yoast SEO plugin. -->","yoast_head_json":{"title":"Zaborowo. Ewangelicka szk\u00f3\u0142ka niedzielna, przed 1945 rokiem - Ludzie i krajobrazy. Powiat Leszczy\u0144ski w ikonografii","robots":{"index":"index","follow":"follow","max-snippet":"max-snippet:-1","max-image-preview":"max-image-preview:large","max-video-preview":"max-video-preview:-1"},"canonical":"http:\/\/ludzieikrajobrazy.muzeumleszno.pl\/?p=901","og_locale":"pl_PL","og_type":"article","og_title":"Zaborowo. Ewangelicka szk\u00f3\u0142ka niedzielna, przed 1945 rokiem - Ludzie i krajobrazy. Powiat Leszczy\u0144ski w ikonografii","og_description":"Szk\u00f3\u0142ki niedzielne w parafiach ewangelickich prowadzone s\u0105 w trakcie roku szkolnego w sali parafialnej r\u00f3wnolegle do nabo\u017ce\u0144stwa. Dzieci wsp\u00f3lnie ucz\u0105 si\u0119 modlitw, s\u0142uchaj\u0105 historii biblijnych, \u015bpiewaj\u0105 i poznaj\u0105...","og_url":"http:\/\/ludzieikrajobrazy.muzeumleszno.pl\/?p=901","og_site_name":"Ludzie i krajobrazy. Powiat Leszczy\u0144ski w ikonografii","article_published_time":"2024-06-19T09:53:06+00:00","article_modified_time":"2024-10-02T10:31:15+00:00","og_image":[{"width":2560,"height":1839,"url":"http:\/\/ludzieikrajobrazy.muzeumleszno.pl\/wp-content\/uploads\/2024\/07\/197_MLFa-3559_194-scaled.jpg","type":"image\/jpeg"}],"author":"Pan_Admin","twitter_card":"summary_large_image","twitter_misc":{"Napisane przez":"Pan_Admin","Szacowany czas czytania":"2 minuty"},"schema":{"@context":"https:\/\/schema.org","@graph":[{"@type":"Article","@id":"http:\/\/ludzieikrajobrazy.muzeumleszno.pl\/?p=901#article","isPartOf":{"@id":"http:\/\/ludzieikrajobrazy.muzeumleszno.pl\/?p=901"},"author":{"name":"Pan_Admin","@id":"https:\/\/ludzieikrajobrazy.muzeumleszno.pl\/#\/schema\/person\/fc2bc20e2b51efc3202ac1f0cdcd06c0"},"headline":"Zaborowo. Ewangelicka szk\u00f3\u0142ka niedzielna, przed 1945 rokiem","datePublished":"2024-06-19T09:53:06+00:00","dateModified":"2024-10-02T10:31:15+00:00","mainEntityOfPage":{"@id":"http:\/\/ludzieikrajobrazy.muzeumleszno.pl\/?p=901"},"wordCount":204,"image":{"@id":"http:\/\/ludzieikrajobrazy.muzeumleszno.pl\/?p=901#primaryimage"},"thumbnailUrl":"http:\/\/ludzieikrajobrazy.muzeumleszno.pl\/wp-content\/uploads\/2024\/07\/197_MLFa-3559_194-scaled.jpg","keywords":["1945","architekrura","Biblia","B\u00f3h","budynek","ch\u0142opiec","dzieci","dziecko","dziewczynka","edukacja","ewangelicka szko\u0142a","fotografia","fotografia grupowa","grupa ludzi","historia biblijna","kobieta","kobiety","Ko\u015bci\u00f3\u0142 Unijny","modlitwa","monarchia pruska","nabo\u017ce\u0144stwo","okno","parafia ewangelicka","Pismo \u015awi\u0119te","plener","protestanci","protestantyzm","religia","rozmowa","ruch","sala parafialna","\u015bpiew","szko\u0142a niedzielna","szk\u00f3\u0142ka niedzielna","uczniowie","wiara","Zaborowo"],"articleSection":["Zaborowo"],"inLanguage":"pl-PL"},{"@type":"WebPage","@id":"http:\/\/ludzieikrajobrazy.muzeumleszno.pl\/?p=901","url":"http:\/\/ludzieikrajobrazy.muzeumleszno.pl\/?p=901","name":"Zaborowo. Ewangelicka szk\u00f3\u0142ka niedzielna, przed 1945 rokiem - Ludzie i krajobrazy. Powiat Leszczy\u0144ski w ikonografii","isPartOf":{"@id":"https:\/\/ludzieikrajobrazy.muzeumleszno.pl\/#website"},"primaryImageOfPage":{"@id":"http:\/\/ludzieikrajobrazy.muzeumleszno.pl\/?p=901#primaryimage"},"image":{"@id":"http:\/\/ludzieikrajobrazy.muzeumleszno.pl\/?p=901#primaryimage"},"thumbnailUrl":"http:\/\/ludzieikrajobrazy.muzeumleszno.pl\/wp-content\/uploads\/2024\/07\/197_MLFa-3559_194-scaled.jpg","datePublished":"2024-06-19T09:53:06+00:00","dateModified":"2024-10-02T10:31:15+00:00","author":{"@id":"https:\/\/ludzieikrajobrazy.muzeumleszno.pl\/#\/schema\/person\/fc2bc20e2b51efc3202ac1f0cdcd06c0"},"breadcrumb":{"@id":"http:\/\/ludzieikrajobrazy.muzeumleszno.pl\/?p=901#breadcrumb"},"inLanguage":"pl-PL","potentialAction":[{"@type":"ReadAction","target":["http:\/\/ludzieikrajobrazy.muzeumleszno.pl\/?p=901"]}]},{"@type":"BreadcrumbList","@id":"http:\/\/ludzieikrajobrazy.muzeumleszno.pl\/?p=901#breadcrumb","itemListElement":[{"@type":"ListItem","position":1,"name":"Home","item":"https:\/\/ludzieikrajobrazy.muzeumleszno.pl\/"},{"@type":"ListItem","position":2,"name":"Zaborowo. Ewangelicka szk\u00f3\u0142ka niedzielna, przed 1945 rokiem"}]},{"@type":"WebSite","@id":"https:\/\/ludzieikrajobrazy.muzeumleszno.pl\/#website","url":"https:\/\/ludzieikrajobrazy.muzeumleszno.pl\/","name":"Ludzie i krajobrazy. Powiat Leszczy\u0144ski w ikonografii","description":"Powiat Leszczy\u0144ski w ikonografii","potentialAction":[{"@type":"SearchAction","target":{"@type":"EntryPoint","urlTemplate":"https:\/\/ludzieikrajobrazy.muzeumleszno.pl\/?s={search_term_string}"},"query-input":{"@type":"PropertyValueSpecification","valueRequired":true,"valueName":"search_term_string"}}],"inLanguage":"pl-PL"},{"@type":"Person","@id":"https:\/\/ludzieikrajobrazy.muzeumleszno.pl\/#\/schema\/person\/fc2bc20e2b51efc3202ac1f0cdcd06c0","name":"Pan_Admin","image":{"@type":"ImageObject","inLanguage":"pl-PL","@id":"https:\/\/secure.gravatar.com\/avatar\/d109d485abe889ecc32dbdb971b715ad9d4596bd0e2353626451db3e04099822?s=96&d=mm&r=g","url":"https:\/\/secure.gravatar.com\/avatar\/d109d485abe889ecc32dbdb971b715ad9d4596bd0e2353626451db3e04099822?s=96&d=mm&r=g","contentUrl":"https:\/\/secure.gravatar.com\/avatar\/d109d485abe889ecc32dbdb971b715ad9d4596bd0e2353626451db3e04099822?s=96&d=mm&r=g","caption":"Pan_Admin"},"sameAs":["http:\/\/ludzieikrajobrazy.muzeumleszno.pl"],"url":"http:\/\/ludzieikrajobrazy.muzeumleszno.pl\/?author=1"}]}},"_links":{"self":[{"href":"http:\/\/ludzieikrajobrazy.muzeumleszno.pl\/index.php?rest_route=\/wp\/v2\/posts\/901","targetHints":{"allow":["GET"]}}],"collection":[{"href":"http:\/\/ludzieikrajobrazy.muzeumleszno.pl\/index.php?rest_route=\/wp\/v2\/posts"}],"about":[{"href":"http:\/\/ludzieikrajobrazy.muzeumleszno.pl\/index.php?rest_route=\/wp\/v2\/types\/post"}],"author":[{"embeddable":true,"href":"http:\/\/ludzieikrajobrazy.muzeumleszno.pl\/index.php?rest_route=\/wp\/v2\/users\/1"}],"replies":[{"embeddable":true,"href":"http:\/\/ludzieikrajobrazy.muzeumleszno.pl\/index.php?rest_route=%2Fwp%2Fv2%2Fcomments&post=901"}],"version-history":[{"count":2,"href":"http:\/\/ludzieikrajobrazy.muzeumleszno.pl\/index.php?rest_route=\/wp\/v2\/posts\/901\/revisions"}],"predecessor-version":[{"id":1403,"href":"http:\/\/ludzieikrajobrazy.muzeumleszno.pl\/index.php?rest_route=\/wp\/v2\/posts\/901\/revisions\/1403"}],"wp:featuredmedia":[{"embeddable":true,"href":"http:\/\/ludzieikrajobrazy.muzeumleszno.pl\/index.php?rest_route=\/wp\/v2\/media\/902"}],"wp:attachment":[{"href":"http:\/\/ludzieikrajobrazy.muzeumleszno.pl\/index.php?rest_route=%2Fwp%2Fv2%2Fmedia&parent=901"}],"wp:term":[{"taxonomy":"category","embeddable":true,"href":"http:\/\/ludzieikrajobrazy.muzeumleszno.pl\/index.php?rest_route=%2Fwp%2Fv2%2Fcategories&post=901"},{"taxonomy":"post_tag","embeddable":true,"href":"http:\/\/ludzieikrajobrazy.muzeumleszno.pl\/index.php?rest_route=%2Fwp%2Fv2%2Ftags&post=901"}],"curies":[{"name":"wp","href":"https:\/\/api.w.org\/{rel}","templated":true}]}}