{"id":904,"date":"2024-06-19T11:52:23","date_gmt":"2024-06-19T09:52:23","guid":{"rendered":"http:\/\/ludzieikrajobrazy.muzeumleszno.pl\/?p=904"},"modified":"2024-10-02T12:27:22","modified_gmt":"2024-10-02T10:27:22","slug":"zaborowo-orkiestra-deta-lata-1925-1935","status":"publish","type":"post","link":"http:\/\/ludzieikrajobrazy.muzeumleszno.pl\/?p=904","title":{"rendered":"Zaborowo. Orkiestra d\u0119ta, lata 1925\u20131935"},"content":{"rendered":"\n<p>Podej\u015bcie do muzyki w protestanckiej tradycji mocno r\u00f3\u017cni\u0142o si\u0119 w zale\u017cno\u015bci od postawy g\u0142\u00f3wnych reformator\u00f3w: Marcina Lutra (1483\u20131546) i Jana Kalwina (1509\u20131564). \u015apiew i akompaniament mia\u0142y do spe\u0142nienia r\u00f3\u017cne funkcje w za\u0142o\u017conych przez nich ko\u015bcio\u0142ach. W opinii Kalwina muzyka nie mia\u0142a wielkiego znaczenia. Dopuszcza\u0142 \u015bpiew, ale bez organ\u00f3w. Wykonywanie muzyki instrumentalnej w ko\u015bciele uwa\u017ca\u0142 za niewskazane. Luter przeciwnie, chcia\u0142 aby muzyka by\u0142a wsz\u0119dzie. Twierdzi\u0142, \u017ce powinna towarzyszy\u0107 nie tylko zwiastowaniu Ewangelii, ale by\u0107 obecna we wszystkich ewangelickich domach i w szko\u0142ach podczas nauczania religii.&nbsp;<\/p>\n\n\n\n<p>Takie podej\u015bcie niemieckiego reformatora zaowocowa\u0142o wielkimi osi\u0105gni\u0119ciami muzyki ewangelickiej (Sch\u00fctz, Bach, Haendel) oraz powstaniem tysi\u0119cy przyko\u015bcielnych ch\u00f3r\u00f3w i orkiestr wykonuj\u0105cych muzyk\u0119 sakraln\u0105. Muzyka ta towarzyszy\u0142a r\u00f3wnie\u017c mieszka\u0144com Zaborowa. Dzia\u0142aj\u0105ca przy parafii orkiestra d\u0119ta (<em>Posaunenchor<\/em>), stanowi\u0142a jedno z wielu ogniw \u0142\u0105cz\u0105cych lokaln\u0105 wsp\u00f3lnot\u0119. Na fotografii muzycy prezentuj\u0105 si\u0119 na tle budynku ko\u015bcio\u0142a wraz z cz\u0142onkami zarz\u0105du parafii. W \u015brodku siedzi pastor Friedrich Schmidt (1892-1961), pierwszy kierownik alumnatu ewangelickiego w Lesznie.&nbsp;<\/p>\n\n\n\n<figure data-wp-context=\"{&quot;imageId&quot;:&quot;69f1c689659a6&quot;}\" data-wp-interactive=\"core\/image\" data-wp-key=\"69f1c689659a6\" class=\"wp-block-image size-full wp-lightbox-container\"><img fetchpriority=\"high\" decoding=\"async\" width=\"2560\" height=\"1888\" data-wp-class--hide=\"state.isContentHidden\" data-wp-class--show=\"state.isContentVisible\" data-wp-init=\"callbacks.setButtonStyles\" data-wp-on--click=\"actions.showLightbox\" data-wp-on--load=\"callbacks.setButtonStyles\" data-wp-on-window--resize=\"callbacks.setButtonStyles\" src=\"http:\/\/ludzieikrajobrazy.muzeumleszno.pl\/wp-content\/uploads\/2024\/07\/198_MLFa-3559_191-scaled.jpg\" alt=\"Orkiestra z Zaborowa\" class=\"wp-image-905\" srcset=\"http:\/\/ludzieikrajobrazy.muzeumleszno.pl\/wp-content\/uploads\/2024\/07\/198_MLFa-3559_191-scaled.jpg 2560w, http:\/\/ludzieikrajobrazy.muzeumleszno.pl\/wp-content\/uploads\/2024\/07\/198_MLFa-3559_191-1536x1133.jpg 1536w, http:\/\/ludzieikrajobrazy.muzeumleszno.pl\/wp-content\/uploads\/2024\/07\/198_MLFa-3559_191-2048x1510.jpg 2048w, http:\/\/ludzieikrajobrazy.muzeumleszno.pl\/wp-content\/uploads\/2024\/07\/198_MLFa-3559_191-200x147.jpg 200w, http:\/\/ludzieikrajobrazy.muzeumleszno.pl\/wp-content\/uploads\/2024\/07\/198_MLFa-3559_191-973x718.jpg 973w, http:\/\/ludzieikrajobrazy.muzeumleszno.pl\/wp-content\/uploads\/2024\/07\/198_MLFa-3559_191-508x375.jpg 508w\" sizes=\"(max-width: 2560px) 100vw, 2560px\" \/><button\n\t\t\tclass=\"lightbox-trigger\"\n\t\t\ttype=\"button\"\n\t\t\taria-haspopup=\"dialog\"\n\t\t\taria-label=\"Powi\u0119ksz\"\n\t\t\tdata-wp-init=\"callbacks.initTriggerButton\"\n\t\t\tdata-wp-on--click=\"actions.showLightbox\"\n\t\t\tdata-wp-style--right=\"state.imageButtonRight\"\n\t\t\tdata-wp-style--top=\"state.imageButtonTop\"\n\t\t>\n\t\t\t<svg xmlns=\"http:\/\/www.w3.org\/2000\/svg\" width=\"12\" height=\"12\" fill=\"none\" viewBox=\"0 0 12 12\">\n\t\t\t\t<path fill=\"#fff\" d=\"M2 0a2 2 0 0 0-2 2v2h1.5V2a.5.5 0 0 1 .5-.5h2V0H2Zm2 10.5H2a.5.5 0 0 1-.5-.5V8H0v2a2 2 0 0 0 2 2h2v-1.5ZM8 12v-1.5h2a.5.5 0 0 0 .5-.5V8H12v2a2 2 0 0 1-2 2H8Zm2-12a2 2 0 0 1 2 2v2h-1.5V2a.5.5 0 0 0-.5-.5H8V0h2Z\" \/>\n\t\t\t<\/svg>\n\t\t<\/button><figcaption class=\"wp-element-caption\">Orkiestra z Zaborowa, wys.  8,2 cm x szer. 11,2 cm; papier fotograficzny, odbitka srebrowo &#8211; \u017celatynowa; XX wiek; Muzeum Okr\u0119gowe w Lesznie; MLFa3559\/191<\/figcaption><\/figure>\n\n\n\n<p class=\"has-small-font-size\">nr inw. MLFa 3559\/191<br>W zbiorach Muzeum Okr\u0119gowego w Lesznie od 2020 roku, dar<\/p>\n\n\n\n<p>D.Cz.<\/p>\n\n\n\n<figure class=\"wp-block-embed is-type-video is-provider-youtube wp-block-embed-youtube wp-embed-aspect-16-9 wp-has-aspect-ratio\"><div class=\"wp-block-embed__wrapper\">\n<iframe title=\"Zaborowo  Orkiestra d\u0119ta, lata 1925\u20131935\" width=\"620\" height=\"349\" src=\"https:\/\/www.youtube.com\/embed\/8KqhqNp2jl0?feature=oembed\" frameborder=\"0\" allow=\"accelerometer; autoplay; clipboard-write; encrypted-media; gyroscope; picture-in-picture; web-share\" referrerpolicy=\"strict-origin-when-cross-origin\" allowfullscreen><\/iframe>\n<\/div><\/figure>\n","protected":false},"excerpt":{"rendered":"<p>Podej\u015bcie do muzyki w protestanckiej tradycji mocno r\u00f3\u017cni\u0142o si\u0119 w zale\u017cno\u015bci od postawy g\u0142\u00f3wnych reformator\u00f3w: Marcina Lutra (1483\u20131546) i Jana Kalwina (1509\u20131564). \u015apiew i akompaniament mia\u0142y do spe\u0142nienia&#8230;<\/p>\n","protected":false},"author":1,"featured_media":905,"comment_status":"closed","ping_status":"closed","sticky":false,"template":"","format":"standard","meta":{"cybocfi_hide_featured_image":"yes","footnotes":""},"categories":[720],"tags":[907,2602,378,1186,638,520,1202,144,417,201,247,779,2601,209,575,2600,1079,796,783,1447,1464,2612,2605,2613,1679,2609,1944,2607,2604,1609,2598,1492,1715,2611,2610,1336,691,2608,1335,2599,1396,1165,2606,1185,210,82,1621,1169,785,1446,1213,1961,2603],"class_list":["post-904","post","type-post","status-publish","format-standard","has-post-thumbnail","hentry","category-zaborowo","tag-907","tag-akompaniament","tag-architektura","tag-budynek-ceglany","tag-chor","tag-dokumentacja","tag-dom","tag-ewangelia","tag-fotografia","tag-fotografia-grupowa","tag-garnitur","tag-instrument","tag-jan-kalwin","tag-kapelusz","tag-kosciol","tag-marcin-luter","tag-mezczyzna","tag-mezczyzni","tag-mucha","tag-mundur","tag-muzyka","tag-muzyka-ewangelicka","tag-muzyka-instrumentalna","tag-muzyka-sakralna","tag-nakrycie-glowy","tag-nauczanie","tag-okno","tag-opinia","tag-organy","tag-orkiestra","tag-orkiestra-deta","tag-plaszcz","tag-plener","tag-podejscie","tag-podnioslosc","tag-protestanci","tag-protestantyzm","tag-przeciwienstwo","tag-reformacja","tag-reformator","tag-religia","tag-spiew","tag-spor","tag-stroj-odswietny","tag-surdut","tag-szkola","tag-trabka","tag-tradycja","tag-usmiech","tag-was","tag-wiara","tag-zaborowo","tag-znaczenie"],"yoast_head":"<!-- This site is optimized with the Yoast SEO plugin v27.5 - https:\/\/yoast.com\/product\/yoast-seo-wordpress\/ -->\n<title>Zaborowo. Orkiestra d\u0119ta, lata 1925\u20131935 - Ludzie i krajobrazy. Powiat Leszczy\u0144ski w ikonografii<\/title>\n<meta name=\"robots\" content=\"index, follow, max-snippet:-1, max-image-preview:large, max-video-preview:-1\" \/>\n<link rel=\"canonical\" href=\"http:\/\/ludzieikrajobrazy.muzeumleszno.pl\/?p=904\" \/>\n<meta property=\"og:locale\" content=\"pl_PL\" \/>\n<meta property=\"og:type\" content=\"article\" \/>\n<meta property=\"og:title\" content=\"Zaborowo. Orkiestra d\u0119ta, lata 1925\u20131935 - Ludzie i krajobrazy. Powiat Leszczy\u0144ski w ikonografii\" \/>\n<meta property=\"og:description\" content=\"Podej\u015bcie do muzyki w protestanckiej tradycji mocno r\u00f3\u017cni\u0142o si\u0119 w zale\u017cno\u015bci od postawy g\u0142\u00f3wnych reformator\u00f3w: Marcina Lutra (1483\u20131546) i Jana Kalwina (1509\u20131564). \u015apiew i akompaniament mia\u0142y do spe\u0142nienia...\" \/>\n<meta property=\"og:url\" content=\"http:\/\/ludzieikrajobrazy.muzeumleszno.pl\/?p=904\" \/>\n<meta property=\"og:site_name\" content=\"Ludzie i krajobrazy. Powiat Leszczy\u0144ski w ikonografii\" \/>\n<meta property=\"article:published_time\" content=\"2024-06-19T09:52:23+00:00\" \/>\n<meta property=\"article:modified_time\" content=\"2024-10-02T10:27:22+00:00\" \/>\n<meta property=\"og:image\" content=\"http:\/\/ludzieikrajobrazy.muzeumleszno.pl\/wp-content\/uploads\/2024\/07\/198_MLFa-3559_191-scaled.jpg\" \/>\n\t<meta property=\"og:image:width\" content=\"2560\" \/>\n\t<meta property=\"og:image:height\" content=\"1888\" \/>\n\t<meta property=\"og:image:type\" content=\"image\/jpeg\" \/>\n<meta name=\"author\" content=\"Pan_Admin\" \/>\n<meta name=\"twitter:card\" content=\"summary_large_image\" \/>\n<meta name=\"twitter:label1\" content=\"Napisane przez\" \/>\n\t<meta name=\"twitter:data1\" content=\"Pan_Admin\" \/>\n\t<meta name=\"twitter:label2\" content=\"Szacowany czas czytania\" \/>\n\t<meta name=\"twitter:data2\" content=\"2 minuty\" \/>\n<script type=\"application\/ld+json\" class=\"yoast-schema-graph\">{\"@context\":\"https:\\\/\\\/schema.org\",\"@graph\":[{\"@type\":\"Article\",\"@id\":\"http:\\\/\\\/ludzieikrajobrazy.muzeumleszno.pl\\\/?p=904#article\",\"isPartOf\":{\"@id\":\"http:\\\/\\\/ludzieikrajobrazy.muzeumleszno.pl\\\/?p=904\"},\"author\":{\"name\":\"Pan_Admin\",\"@id\":\"https:\\\/\\\/ludzieikrajobrazy.muzeumleszno.pl\\\/#\\\/schema\\\/person\\\/fc2bc20e2b51efc3202ac1f0cdcd06c0\"},\"headline\":\"Zaborowo. Orkiestra d\u0119ta, lata 1925\u20131935\",\"datePublished\":\"2024-06-19T09:52:23+00:00\",\"dateModified\":\"2024-10-02T10:27:22+00:00\",\"mainEntityOfPage\":{\"@id\":\"http:\\\/\\\/ludzieikrajobrazy.muzeumleszno.pl\\\/?p=904\"},\"wordCount\":244,\"image\":{\"@id\":\"http:\\\/\\\/ludzieikrajobrazy.muzeumleszno.pl\\\/?p=904#primaryimage\"},\"thumbnailUrl\":\"http:\\\/\\\/ludzieikrajobrazy.muzeumleszno.pl\\\/wp-content\\\/uploads\\\/2024\\\/07\\\/198_MLFa-3559_191-scaled.jpg\",\"keywords\":[\"1925\",\"akompaniament\",\"architektura\",\"budynek ceglany\",\"ch\u00f3r\",\"dokumentacja\",\"dom\",\"Ewangelia\",\"fotografia\",\"fotografia grupowa\",\"garnitur\",\"instrument\",\"Jan Kalwin\",\"kapelusz\",\"ko\u015bci\u00f3\u0142\",\"Marcin Luter\",\"m\u0119\u017cczyzna\",\"m\u0119\u017cczy\u017ani\",\"mucha\",\"mundur\",\"muzyka\",\"muzyka ewangelicka\",\"muzyka instrumentalna\",\"muzyka sakralna\",\"nakrycie g\u0142owy\",\"nauczanie\",\"okno\",\"opinia\",\"organy\",\"orkiestra\",\"orkiestra d\u0119ta\",\"p\u0142aszcz\",\"plener\",\"podej\u015bcie\",\"podnios\u0142o\u015b\u0107\",\"protestanci\",\"protestantyzm\",\"przeciwie\u0144stwo\",\"reformacja\",\"reformator\",\"religia\",\"\u015bpiew\",\"sp\u00f3r\",\"str\u00f3j od\u015bwi\u0119tny\",\"surdut\",\"szko\u0142a\",\"tr\u0105bka\",\"tradycja\",\"u\u015bmiech\",\"w\u0105s\",\"wiara\",\"Zaborowo\",\"znaczenie\"],\"articleSection\":[\"Zaborowo\"],\"inLanguage\":\"pl-PL\"},{\"@type\":\"WebPage\",\"@id\":\"http:\\\/\\\/ludzieikrajobrazy.muzeumleszno.pl\\\/?p=904\",\"url\":\"http:\\\/\\\/ludzieikrajobrazy.muzeumleszno.pl\\\/?p=904\",\"name\":\"Zaborowo. Orkiestra d\u0119ta, lata 1925\u20131935 - Ludzie i krajobrazy. Powiat Leszczy\u0144ski w ikonografii\",\"isPartOf\":{\"@id\":\"https:\\\/\\\/ludzieikrajobrazy.muzeumleszno.pl\\\/#website\"},\"primaryImageOfPage\":{\"@id\":\"http:\\\/\\\/ludzieikrajobrazy.muzeumleszno.pl\\\/?p=904#primaryimage\"},\"image\":{\"@id\":\"http:\\\/\\\/ludzieikrajobrazy.muzeumleszno.pl\\\/?p=904#primaryimage\"},\"thumbnailUrl\":\"http:\\\/\\\/ludzieikrajobrazy.muzeumleszno.pl\\\/wp-content\\\/uploads\\\/2024\\\/07\\\/198_MLFa-3559_191-scaled.jpg\",\"datePublished\":\"2024-06-19T09:52:23+00:00\",\"dateModified\":\"2024-10-02T10:27:22+00:00\",\"author\":{\"@id\":\"https:\\\/\\\/ludzieikrajobrazy.muzeumleszno.pl\\\/#\\\/schema\\\/person\\\/fc2bc20e2b51efc3202ac1f0cdcd06c0\"},\"breadcrumb\":{\"@id\":\"http:\\\/\\\/ludzieikrajobrazy.muzeumleszno.pl\\\/?p=904#breadcrumb\"},\"inLanguage\":\"pl-PL\",\"potentialAction\":[{\"@type\":\"ReadAction\",\"target\":[\"http:\\\/\\\/ludzieikrajobrazy.muzeumleszno.pl\\\/?p=904\"]}]},{\"@type\":\"BreadcrumbList\",\"@id\":\"http:\\\/\\\/ludzieikrajobrazy.muzeumleszno.pl\\\/?p=904#breadcrumb\",\"itemListElement\":[{\"@type\":\"ListItem\",\"position\":1,\"name\":\"Home\",\"item\":\"https:\\\/\\\/ludzieikrajobrazy.muzeumleszno.pl\\\/\"},{\"@type\":\"ListItem\",\"position\":2,\"name\":\"Zaborowo. Orkiestra d\u0119ta, lata 1925\u20131935\"}]},{\"@type\":\"WebSite\",\"@id\":\"https:\\\/\\\/ludzieikrajobrazy.muzeumleszno.pl\\\/#website\",\"url\":\"https:\\\/\\\/ludzieikrajobrazy.muzeumleszno.pl\\\/\",\"name\":\"Ludzie i krajobrazy. Powiat Leszczy\u0144ski w ikonografii\",\"description\":\"Powiat Leszczy\u0144ski w ikonografii\",\"potentialAction\":[{\"@type\":\"SearchAction\",\"target\":{\"@type\":\"EntryPoint\",\"urlTemplate\":\"https:\\\/\\\/ludzieikrajobrazy.muzeumleszno.pl\\\/?s={search_term_string}\"},\"query-input\":{\"@type\":\"PropertyValueSpecification\",\"valueRequired\":true,\"valueName\":\"search_term_string\"}}],\"inLanguage\":\"pl-PL\"},{\"@type\":\"Person\",\"@id\":\"https:\\\/\\\/ludzieikrajobrazy.muzeumleszno.pl\\\/#\\\/schema\\\/person\\\/fc2bc20e2b51efc3202ac1f0cdcd06c0\",\"name\":\"Pan_Admin\",\"image\":{\"@type\":\"ImageObject\",\"inLanguage\":\"pl-PL\",\"@id\":\"https:\\\/\\\/secure.gravatar.com\\\/avatar\\\/d109d485abe889ecc32dbdb971b715ad9d4596bd0e2353626451db3e04099822?s=96&d=mm&r=g\",\"url\":\"https:\\\/\\\/secure.gravatar.com\\\/avatar\\\/d109d485abe889ecc32dbdb971b715ad9d4596bd0e2353626451db3e04099822?s=96&d=mm&r=g\",\"contentUrl\":\"https:\\\/\\\/secure.gravatar.com\\\/avatar\\\/d109d485abe889ecc32dbdb971b715ad9d4596bd0e2353626451db3e04099822?s=96&d=mm&r=g\",\"caption\":\"Pan_Admin\"},\"sameAs\":[\"http:\\\/\\\/ludzieikrajobrazy.muzeumleszno.pl\"],\"url\":\"http:\\\/\\\/ludzieikrajobrazy.muzeumleszno.pl\\\/?author=1\"}]}<\/script>\n<!-- \/ Yoast SEO plugin. -->","yoast_head_json":{"title":"Zaborowo. Orkiestra d\u0119ta, lata 1925\u20131935 - Ludzie i krajobrazy. Powiat Leszczy\u0144ski w ikonografii","robots":{"index":"index","follow":"follow","max-snippet":"max-snippet:-1","max-image-preview":"max-image-preview:large","max-video-preview":"max-video-preview:-1"},"canonical":"http:\/\/ludzieikrajobrazy.muzeumleszno.pl\/?p=904","og_locale":"pl_PL","og_type":"article","og_title":"Zaborowo. Orkiestra d\u0119ta, lata 1925\u20131935 - Ludzie i krajobrazy. Powiat Leszczy\u0144ski w ikonografii","og_description":"Podej\u015bcie do muzyki w protestanckiej tradycji mocno r\u00f3\u017cni\u0142o si\u0119 w zale\u017cno\u015bci od postawy g\u0142\u00f3wnych reformator\u00f3w: Marcina Lutra (1483\u20131546) i Jana Kalwina (1509\u20131564). \u015apiew i akompaniament mia\u0142y do spe\u0142nienia...","og_url":"http:\/\/ludzieikrajobrazy.muzeumleszno.pl\/?p=904","og_site_name":"Ludzie i krajobrazy. Powiat Leszczy\u0144ski w ikonografii","article_published_time":"2024-06-19T09:52:23+00:00","article_modified_time":"2024-10-02T10:27:22+00:00","og_image":[{"width":2560,"height":1888,"url":"http:\/\/ludzieikrajobrazy.muzeumleszno.pl\/wp-content\/uploads\/2024\/07\/198_MLFa-3559_191-scaled.jpg","type":"image\/jpeg"}],"author":"Pan_Admin","twitter_card":"summary_large_image","twitter_misc":{"Napisane przez":"Pan_Admin","Szacowany czas czytania":"2 minuty"},"schema":{"@context":"https:\/\/schema.org","@graph":[{"@type":"Article","@id":"http:\/\/ludzieikrajobrazy.muzeumleszno.pl\/?p=904#article","isPartOf":{"@id":"http:\/\/ludzieikrajobrazy.muzeumleszno.pl\/?p=904"},"author":{"name":"Pan_Admin","@id":"https:\/\/ludzieikrajobrazy.muzeumleszno.pl\/#\/schema\/person\/fc2bc20e2b51efc3202ac1f0cdcd06c0"},"headline":"Zaborowo. Orkiestra d\u0119ta, lata 1925\u20131935","datePublished":"2024-06-19T09:52:23+00:00","dateModified":"2024-10-02T10:27:22+00:00","mainEntityOfPage":{"@id":"http:\/\/ludzieikrajobrazy.muzeumleszno.pl\/?p=904"},"wordCount":244,"image":{"@id":"http:\/\/ludzieikrajobrazy.muzeumleszno.pl\/?p=904#primaryimage"},"thumbnailUrl":"http:\/\/ludzieikrajobrazy.muzeumleszno.pl\/wp-content\/uploads\/2024\/07\/198_MLFa-3559_191-scaled.jpg","keywords":["1925","akompaniament","architektura","budynek ceglany","ch\u00f3r","dokumentacja","dom","Ewangelia","fotografia","fotografia grupowa","garnitur","instrument","Jan Kalwin","kapelusz","ko\u015bci\u00f3\u0142","Marcin Luter","m\u0119\u017cczyzna","m\u0119\u017cczy\u017ani","mucha","mundur","muzyka","muzyka ewangelicka","muzyka instrumentalna","muzyka sakralna","nakrycie g\u0142owy","nauczanie","okno","opinia","organy","orkiestra","orkiestra d\u0119ta","p\u0142aszcz","plener","podej\u015bcie","podnios\u0142o\u015b\u0107","protestanci","protestantyzm","przeciwie\u0144stwo","reformacja","reformator","religia","\u015bpiew","sp\u00f3r","str\u00f3j od\u015bwi\u0119tny","surdut","szko\u0142a","tr\u0105bka","tradycja","u\u015bmiech","w\u0105s","wiara","Zaborowo","znaczenie"],"articleSection":["Zaborowo"],"inLanguage":"pl-PL"},{"@type":"WebPage","@id":"http:\/\/ludzieikrajobrazy.muzeumleszno.pl\/?p=904","url":"http:\/\/ludzieikrajobrazy.muzeumleszno.pl\/?p=904","name":"Zaborowo. Orkiestra d\u0119ta, lata 1925\u20131935 - Ludzie i krajobrazy. Powiat Leszczy\u0144ski w ikonografii","isPartOf":{"@id":"https:\/\/ludzieikrajobrazy.muzeumleszno.pl\/#website"},"primaryImageOfPage":{"@id":"http:\/\/ludzieikrajobrazy.muzeumleszno.pl\/?p=904#primaryimage"},"image":{"@id":"http:\/\/ludzieikrajobrazy.muzeumleszno.pl\/?p=904#primaryimage"},"thumbnailUrl":"http:\/\/ludzieikrajobrazy.muzeumleszno.pl\/wp-content\/uploads\/2024\/07\/198_MLFa-3559_191-scaled.jpg","datePublished":"2024-06-19T09:52:23+00:00","dateModified":"2024-10-02T10:27:22+00:00","author":{"@id":"https:\/\/ludzieikrajobrazy.muzeumleszno.pl\/#\/schema\/person\/fc2bc20e2b51efc3202ac1f0cdcd06c0"},"breadcrumb":{"@id":"http:\/\/ludzieikrajobrazy.muzeumleszno.pl\/?p=904#breadcrumb"},"inLanguage":"pl-PL","potentialAction":[{"@type":"ReadAction","target":["http:\/\/ludzieikrajobrazy.muzeumleszno.pl\/?p=904"]}]},{"@type":"BreadcrumbList","@id":"http:\/\/ludzieikrajobrazy.muzeumleszno.pl\/?p=904#breadcrumb","itemListElement":[{"@type":"ListItem","position":1,"name":"Home","item":"https:\/\/ludzieikrajobrazy.muzeumleszno.pl\/"},{"@type":"ListItem","position":2,"name":"Zaborowo. Orkiestra d\u0119ta, lata 1925\u20131935"}]},{"@type":"WebSite","@id":"https:\/\/ludzieikrajobrazy.muzeumleszno.pl\/#website","url":"https:\/\/ludzieikrajobrazy.muzeumleszno.pl\/","name":"Ludzie i krajobrazy. Powiat Leszczy\u0144ski w ikonografii","description":"Powiat Leszczy\u0144ski w ikonografii","potentialAction":[{"@type":"SearchAction","target":{"@type":"EntryPoint","urlTemplate":"https:\/\/ludzieikrajobrazy.muzeumleszno.pl\/?s={search_term_string}"},"query-input":{"@type":"PropertyValueSpecification","valueRequired":true,"valueName":"search_term_string"}}],"inLanguage":"pl-PL"},{"@type":"Person","@id":"https:\/\/ludzieikrajobrazy.muzeumleszno.pl\/#\/schema\/person\/fc2bc20e2b51efc3202ac1f0cdcd06c0","name":"Pan_Admin","image":{"@type":"ImageObject","inLanguage":"pl-PL","@id":"https:\/\/secure.gravatar.com\/avatar\/d109d485abe889ecc32dbdb971b715ad9d4596bd0e2353626451db3e04099822?s=96&d=mm&r=g","url":"https:\/\/secure.gravatar.com\/avatar\/d109d485abe889ecc32dbdb971b715ad9d4596bd0e2353626451db3e04099822?s=96&d=mm&r=g","contentUrl":"https:\/\/secure.gravatar.com\/avatar\/d109d485abe889ecc32dbdb971b715ad9d4596bd0e2353626451db3e04099822?s=96&d=mm&r=g","caption":"Pan_Admin"},"sameAs":["http:\/\/ludzieikrajobrazy.muzeumleszno.pl"],"url":"http:\/\/ludzieikrajobrazy.muzeumleszno.pl\/?author=1"}]}},"_links":{"self":[{"href":"http:\/\/ludzieikrajobrazy.muzeumleszno.pl\/index.php?rest_route=\/wp\/v2\/posts\/904","targetHints":{"allow":["GET"]}}],"collection":[{"href":"http:\/\/ludzieikrajobrazy.muzeumleszno.pl\/index.php?rest_route=\/wp\/v2\/posts"}],"about":[{"href":"http:\/\/ludzieikrajobrazy.muzeumleszno.pl\/index.php?rest_route=\/wp\/v2\/types\/post"}],"author":[{"embeddable":true,"href":"http:\/\/ludzieikrajobrazy.muzeumleszno.pl\/index.php?rest_route=\/wp\/v2\/users\/1"}],"replies":[{"embeddable":true,"href":"http:\/\/ludzieikrajobrazy.muzeumleszno.pl\/index.php?rest_route=%2Fwp%2Fv2%2Fcomments&post=904"}],"version-history":[{"count":2,"href":"http:\/\/ludzieikrajobrazy.muzeumleszno.pl\/index.php?rest_route=\/wp\/v2\/posts\/904\/revisions"}],"predecessor-version":[{"id":1399,"href":"http:\/\/ludzieikrajobrazy.muzeumleszno.pl\/index.php?rest_route=\/wp\/v2\/posts\/904\/revisions\/1399"}],"wp:featuredmedia":[{"embeddable":true,"href":"http:\/\/ludzieikrajobrazy.muzeumleszno.pl\/index.php?rest_route=\/wp\/v2\/media\/905"}],"wp:attachment":[{"href":"http:\/\/ludzieikrajobrazy.muzeumleszno.pl\/index.php?rest_route=%2Fwp%2Fv2%2Fmedia&parent=904"}],"wp:term":[{"taxonomy":"category","embeddable":true,"href":"http:\/\/ludzieikrajobrazy.muzeumleszno.pl\/index.php?rest_route=%2Fwp%2Fv2%2Fcategories&post=904"},{"taxonomy":"post_tag","embeddable":true,"href":"http:\/\/ludzieikrajobrazy.muzeumleszno.pl\/index.php?rest_route=%2Fwp%2Fv2%2Ftags&post=904"}],"curies":[{"name":"wp","href":"https:\/\/api.w.org\/{rel}","templated":true}]}}