{"id":910,"date":"2024-06-19T11:50:04","date_gmt":"2024-06-19T09:50:04","guid":{"rendered":"http:\/\/ludzieikrajobrazy.muzeumleszno.pl\/?p=910"},"modified":"2024-10-02T12:26:34","modified_gmt":"2024-10-02T10:26:34","slug":"zaborowo-robert-i-anna-heckel-przed-1939-rokiem","status":"publish","type":"post","link":"http:\/\/ludzieikrajobrazy.muzeumleszno.pl\/?p=910","title":{"rendered":"Zaborowo. Robert i Anna Heckel, przed 1939 rokiem"},"content":{"rendered":"\n<p>Rola ko\u015bcielnego (zakrystiana) \u2013 niezale\u017cnie od konfesji \u2013 we wszystkich ko\u015bcio\u0142ach chrze\u015bcija\u0144skich jest taka sama. Ko\u015bcielny ma do spe\u0142nienia liczne obowi\u0105zki usprawniaj\u0105ce prace zwi\u0105zane z funkcjonowaniem wsp\u00f3lnoty religijnej. Pomaga w sprawach porz\u0105dkowych i organizacyjnych, troszcz\u0105c si\u0119 o wsp\u00f3lne dobro. Nale\u017cy przy tym&nbsp; podkre\u015bli\u0107, \u017ce jest to osoba wykonuj\u0105ca nie tylko okre\u015blone zadania w ko\u015bciele, ale tak\u017ce chrze\u015bcijanin mocno zaanga\u017cowany w \u017cycie religijne. Do g\u0142\u00f3wnych obowi\u0105zk\u00f3w ko\u015bcielnego nale\u017cy: przygotowanie ko\u015bcio\u0142a do nabo\u017ce\u0144stwa, zapewnienie porz\u0105dku, udzielanie pomocy wiernym, wspieranie duchownych w codziennej pracy i asystowanie im podczas liturgii.&nbsp;<\/p>\n\n\n\n<p>Wieloletnim, i jak si\u0119 wydaje ostatnim zakrystianem przy ko\u015bciele ewangelickim w Zaborowie by\u0142 Robert Heckel. Z zawodu mistrz szewski, a jednocze\u015bnie osoba zatrudniona przez parafi\u0119 w charakterze \u201estra\u017cnika ko\u015bcio\u0142a\u201d. Na zdj\u0119ciu pozuje wraz z \u017cona Ann\u0105.&nbsp;<\/p>\n\n\n\n<figure class=\"wp-block-image size-large\"><img fetchpriority=\"high\" decoding=\"async\" width=\"1024\" height=\"1024\" src=\"http:\/\/ludzieikrajobrazy.muzeumleszno.pl\/wp-content\/uploads\/2024\/06\/200_MLFa-3559-1024x1024.jpg\" alt=\"wys.  6,8 cm x szer. 9,8 cm; papier fotograficzny, odbitka srebrowo - \u017celatynowa; XX wiek; Muzeum Okr\u0119gowe w Lesznie; MLFa3559\/193\" class=\"wp-image-1251\" srcset=\"http:\/\/ludzieikrajobrazy.muzeumleszno.pl\/wp-content\/uploads\/2024\/06\/200_MLFa-3559-1024x1024.jpg 1024w, http:\/\/ludzieikrajobrazy.muzeumleszno.pl\/wp-content\/uploads\/2024\/06\/200_MLFa-3559-300x300.jpg 300w, http:\/\/ludzieikrajobrazy.muzeumleszno.pl\/wp-content\/uploads\/2024\/06\/200_MLFa-3559-150x150.jpg 150w, http:\/\/ludzieikrajobrazy.muzeumleszno.pl\/wp-content\/uploads\/2024\/06\/200_MLFa-3559-768x768.jpg 768w, http:\/\/ludzieikrajobrazy.muzeumleszno.pl\/wp-content\/uploads\/2024\/06\/200_MLFa-3559-88x88.jpg 88w\" sizes=\"(max-width: 1024px) 100vw, 1024px\" \/><figcaption class=\"wp-element-caption\">wys.  6,8 cm x szer. 9,8 cm; papier fotograficzny, odbitka srebrowo &#8211; \u017celatynowa; XX wiek; Muzeum Okr\u0119gowe w Lesznie; MLFa3559\/193<\/figcaption><\/figure>\n\n\n\n<p class=\"has-small-font-size\">nr inw. MLFa 3559\/193<br>W zbiorach Muzeum Okr\u0119gowego w Lesznie od 2020 roku, dar<\/p>\n\n\n\n<p>D.Cz.<\/p>\n\n\n\n<figure class=\"wp-block-embed is-type-video is-provider-youtube wp-block-embed-youtube wp-embed-aspect-16-9 wp-has-aspect-ratio\"><div class=\"wp-block-embed__wrapper\">\n<iframe title=\"Zaborowo  Robert i Anna Heckel, przed 1939 rokiem\" width=\"620\" height=\"349\" src=\"https:\/\/www.youtube.com\/embed\/YWfsteFAq_A?feature=oembed\" frameborder=\"0\" allow=\"accelerometer; autoplay; clipboard-write; encrypted-media; gyroscope; picture-in-picture; web-share\" referrerpolicy=\"strict-origin-when-cross-origin\" allowfullscreen><\/iframe>\n<\/div><\/figure>\n","protected":false},"excerpt":{"rendered":"<p>Rola ko\u015bcielnego (zakrystiana) \u2013 niezale\u017cnie od konfesji \u2013 we wszystkich ko\u015bcio\u0142ach chrze\u015bcija\u0144skich jest taka sama. Ko\u015bcielny ma do spe\u0142nienia liczne obowi\u0105zki usprawniaj\u0105ce prace zwi\u0105zane z funkcjonowaniem wsp\u00f3lnoty religijnej&#8230;.<\/p>\n","protected":false},"author":1,"featured_media":1251,"comment_status":"closed","ping_status":"closed","sticky":false,"template":"","format":"standard","meta":{"cybocfi_hide_featured_image":"","footnotes":""},"categories":[720],"tags":[2634,419,2624,417,1289,2625,2626,88,2020,1528,1079,2633,2132,1072,2631,2630,1672,1661,2578,2632,2628,1961,2627,2579,350,2629],"class_list":["post-910","post","type-post","status-publish","format-standard","has-post-thumbnail","hentry","category-zaborowo","tag-straznik-kosciola","tag-419","tag-anna-heckel","tag-fotografia","tag-kobieta","tag-konfesja","tag-kosciol-chrzescijanski","tag-kosciol-ewangelicki","tag-liturgia","tag-maz","tag-mezczyzna","tag-mistrz-szewski","tag-nabozenstwo","tag-obowiazek","tag-pomoc","tag-porzadek","tag-praca","tag-przygotowanie","tag-robert-heckel","tag-wsparcie-duchowne","tag-wspolnota-religijna","tag-zaborowo","tag-zadanie","tag-zakrystian","tag-zona","tag-zycie-religijne"],"yoast_head":"<!-- This site is optimized with the Yoast SEO plugin v27.5 - https:\/\/yoast.com\/product\/yoast-seo-wordpress\/ -->\n<title>Zaborowo. Robert i Anna Heckel, przed 1939 rokiem - Ludzie i krajobrazy. Powiat Leszczy\u0144ski w ikonografii<\/title>\n<meta name=\"robots\" content=\"index, follow, max-snippet:-1, max-image-preview:large, max-video-preview:-1\" \/>\n<link rel=\"canonical\" href=\"https:\/\/ludzieikrajobrazy.muzeumleszno.pl\/?p=910\" \/>\n<meta property=\"og:locale\" content=\"pl_PL\" \/>\n<meta property=\"og:type\" content=\"article\" \/>\n<meta property=\"og:title\" content=\"Zaborowo. Robert i Anna Heckel, przed 1939 rokiem - Ludzie i krajobrazy. Powiat Leszczy\u0144ski w ikonografii\" \/>\n<meta property=\"og:description\" content=\"Rola ko\u015bcielnego (zakrystiana) \u2013 niezale\u017cnie od konfesji \u2013 we wszystkich ko\u015bcio\u0142ach chrze\u015bcija\u0144skich jest taka sama. Ko\u015bcielny ma do spe\u0142nienia liczne obowi\u0105zki usprawniaj\u0105ce prace zwi\u0105zane z funkcjonowaniem wsp\u00f3lnoty religijnej....\" \/>\n<meta property=\"og:url\" content=\"https:\/\/ludzieikrajobrazy.muzeumleszno.pl\/?p=910\" \/>\n<meta property=\"og:site_name\" content=\"Ludzie i krajobrazy. Powiat Leszczy\u0144ski w ikonografii\" \/>\n<meta property=\"article:published_time\" content=\"2024-06-19T09:50:04+00:00\" \/>\n<meta property=\"article:modified_time\" content=\"2024-10-02T10:26:34+00:00\" \/>\n<meta property=\"og:image\" content=\"https:\/\/ludzieikrajobrazy.muzeumleszno.pl\/wp-content\/uploads\/2024\/06\/200_MLFa-3559-scaled.jpg\" \/>\n\t<meta property=\"og:image:width\" content=\"2560\" \/>\n\t<meta property=\"og:image:height\" content=\"1821\" \/>\n\t<meta property=\"og:image:type\" content=\"image\/jpeg\" \/>\n<meta name=\"author\" content=\"Pan_Admin\" \/>\n<meta name=\"twitter:card\" content=\"summary_large_image\" \/>\n<meta name=\"twitter:label1\" content=\"Napisane przez\" \/>\n\t<meta name=\"twitter:data1\" content=\"Pan_Admin\" \/>\n\t<meta name=\"twitter:label2\" content=\"Szacowany czas czytania\" \/>\n\t<meta name=\"twitter:data2\" content=\"2 minuty\" \/>\n<script type=\"application\/ld+json\" class=\"yoast-schema-graph\">{\"@context\":\"https:\\\/\\\/schema.org\",\"@graph\":[{\"@type\":\"Article\",\"@id\":\"https:\\\/\\\/ludzieikrajobrazy.muzeumleszno.pl\\\/?p=910#article\",\"isPartOf\":{\"@id\":\"https:\\\/\\\/ludzieikrajobrazy.muzeumleszno.pl\\\/?p=910\"},\"author\":{\"name\":\"Pan_Admin\",\"@id\":\"https:\\\/\\\/ludzieikrajobrazy.muzeumleszno.pl\\\/#\\\/schema\\\/person\\\/fc2bc20e2b51efc3202ac1f0cdcd06c0\"},\"headline\":\"Zaborowo. Robert i Anna Heckel, przed 1939 rokiem\",\"datePublished\":\"2024-06-19T09:50:04+00:00\",\"dateModified\":\"2024-10-02T10:26:34+00:00\",\"mainEntityOfPage\":{\"@id\":\"https:\\\/\\\/ludzieikrajobrazy.muzeumleszno.pl\\\/?p=910\"},\"wordCount\":208,\"image\":{\"@id\":\"https:\\\/\\\/ludzieikrajobrazy.muzeumleszno.pl\\\/?p=910#primaryimage\"},\"thumbnailUrl\":\"http:\\\/\\\/ludzieikrajobrazy.muzeumleszno.pl\\\/wp-content\\\/uploads\\\/2024\\\/06\\\/200_MLFa-3559-scaled.jpg\",\"keywords\":[\"\\\"stra\u017cnik ko\u015bcio\u0142a\\\"\",\"1939\",\"Anna Heckel\",\"fotografia\",\"kobieta\",\"konfesja\",\"ko\u015bci\u00f3\u0142 chrze\u015bcija\u0144ski\",\"Ko\u015bci\u00f3\u0142 ewangelicki\",\"liturgia\",\"m\u0105\u017c\",\"m\u0119\u017cczyzna\",\"mistrz szewski\",\"nabo\u017ce\u0144stwo\",\"obowi\u0105zek\",\"pomoc\",\"porz\u0105dek\",\"praca\",\"przygotowanie\",\"Robert Heckel\",\"wsparcie duchowne\",\"wsp\u00f3lnota religijna\",\"Zaborowo\",\"zadanie\",\"zakrystian\",\"\u017cona\",\"\u017cycie religijne\"],\"articleSection\":[\"Zaborowo\"],\"inLanguage\":\"pl-PL\"},{\"@type\":\"WebPage\",\"@id\":\"https:\\\/\\\/ludzieikrajobrazy.muzeumleszno.pl\\\/?p=910\",\"url\":\"https:\\\/\\\/ludzieikrajobrazy.muzeumleszno.pl\\\/?p=910\",\"name\":\"Zaborowo. Robert i Anna Heckel, przed 1939 rokiem - Ludzie i krajobrazy. Powiat Leszczy\u0144ski w ikonografii\",\"isPartOf\":{\"@id\":\"https:\\\/\\\/ludzieikrajobrazy.muzeumleszno.pl\\\/#website\"},\"primaryImageOfPage\":{\"@id\":\"https:\\\/\\\/ludzieikrajobrazy.muzeumleszno.pl\\\/?p=910#primaryimage\"},\"image\":{\"@id\":\"https:\\\/\\\/ludzieikrajobrazy.muzeumleszno.pl\\\/?p=910#primaryimage\"},\"thumbnailUrl\":\"http:\\\/\\\/ludzieikrajobrazy.muzeumleszno.pl\\\/wp-content\\\/uploads\\\/2024\\\/06\\\/200_MLFa-3559-scaled.jpg\",\"datePublished\":\"2024-06-19T09:50:04+00:00\",\"dateModified\":\"2024-10-02T10:26:34+00:00\",\"author\":{\"@id\":\"https:\\\/\\\/ludzieikrajobrazy.muzeumleszno.pl\\\/#\\\/schema\\\/person\\\/fc2bc20e2b51efc3202ac1f0cdcd06c0\"},\"breadcrumb\":{\"@id\":\"https:\\\/\\\/ludzieikrajobrazy.muzeumleszno.pl\\\/?p=910#breadcrumb\"},\"inLanguage\":\"pl-PL\",\"potentialAction\":[{\"@type\":\"ReadAction\",\"target\":[\"https:\\\/\\\/ludzieikrajobrazy.muzeumleszno.pl\\\/?p=910\"]}]},{\"@type\":\"ImageObject\",\"inLanguage\":\"pl-PL\",\"@id\":\"https:\\\/\\\/ludzieikrajobrazy.muzeumleszno.pl\\\/?p=910#primaryimage\",\"url\":\"http:\\\/\\\/ludzieikrajobrazy.muzeumleszno.pl\\\/wp-content\\\/uploads\\\/2024\\\/06\\\/200_MLFa-3559-scaled.jpg\",\"contentUrl\":\"http:\\\/\\\/ludzieikrajobrazy.muzeumleszno.pl\\\/wp-content\\\/uploads\\\/2024\\\/06\\\/200_MLFa-3559-scaled.jpg\",\"width\":2560,\"height\":1821,\"caption\":\"wys. 6,8 cm x szer. 9,8 cm; papier fotograficzny, odbitka srebrowo - \u017celatynowa; XX wiek; Muzeum Okr\u0119gowe w Lesznie; MLFa3559\\\/193\"},{\"@type\":\"BreadcrumbList\",\"@id\":\"https:\\\/\\\/ludzieikrajobrazy.muzeumleszno.pl\\\/?p=910#breadcrumb\",\"itemListElement\":[{\"@type\":\"ListItem\",\"position\":1,\"name\":\"Home\",\"item\":\"https:\\\/\\\/ludzieikrajobrazy.muzeumleszno.pl\\\/\"},{\"@type\":\"ListItem\",\"position\":2,\"name\":\"Zaborowo. Robert i Anna Heckel, przed 1939 rokiem\"}]},{\"@type\":\"WebSite\",\"@id\":\"https:\\\/\\\/ludzieikrajobrazy.muzeumleszno.pl\\\/#website\",\"url\":\"https:\\\/\\\/ludzieikrajobrazy.muzeumleszno.pl\\\/\",\"name\":\"Ludzie i krajobrazy. Powiat Leszczy\u0144ski w ikonografii\",\"description\":\"Powiat Leszczy\u0144ski w ikonografii\",\"potentialAction\":[{\"@type\":\"SearchAction\",\"target\":{\"@type\":\"EntryPoint\",\"urlTemplate\":\"https:\\\/\\\/ludzieikrajobrazy.muzeumleszno.pl\\\/?s={search_term_string}\"},\"query-input\":{\"@type\":\"PropertyValueSpecification\",\"valueRequired\":true,\"valueName\":\"search_term_string\"}}],\"inLanguage\":\"pl-PL\"},{\"@type\":\"Person\",\"@id\":\"https:\\\/\\\/ludzieikrajobrazy.muzeumleszno.pl\\\/#\\\/schema\\\/person\\\/fc2bc20e2b51efc3202ac1f0cdcd06c0\",\"name\":\"Pan_Admin\",\"image\":{\"@type\":\"ImageObject\",\"inLanguage\":\"pl-PL\",\"@id\":\"https:\\\/\\\/secure.gravatar.com\\\/avatar\\\/d109d485abe889ecc32dbdb971b715ad9d4596bd0e2353626451db3e04099822?s=96&d=mm&r=g\",\"url\":\"https:\\\/\\\/secure.gravatar.com\\\/avatar\\\/d109d485abe889ecc32dbdb971b715ad9d4596bd0e2353626451db3e04099822?s=96&d=mm&r=g\",\"contentUrl\":\"https:\\\/\\\/secure.gravatar.com\\\/avatar\\\/d109d485abe889ecc32dbdb971b715ad9d4596bd0e2353626451db3e04099822?s=96&d=mm&r=g\",\"caption\":\"Pan_Admin\"},\"sameAs\":[\"http:\\\/\\\/ludzieikrajobrazy.muzeumleszno.pl\"],\"url\":\"http:\\\/\\\/ludzieikrajobrazy.muzeumleszno.pl\\\/?author=1\"}]}<\/script>\n<!-- \/ Yoast SEO plugin. -->","yoast_head_json":{"title":"Zaborowo. Robert i Anna Heckel, przed 1939 rokiem - Ludzie i krajobrazy. Powiat Leszczy\u0144ski w ikonografii","robots":{"index":"index","follow":"follow","max-snippet":"max-snippet:-1","max-image-preview":"max-image-preview:large","max-video-preview":"max-video-preview:-1"},"canonical":"https:\/\/ludzieikrajobrazy.muzeumleszno.pl\/?p=910","og_locale":"pl_PL","og_type":"article","og_title":"Zaborowo. Robert i Anna Heckel, przed 1939 rokiem - Ludzie i krajobrazy. Powiat Leszczy\u0144ski w ikonografii","og_description":"Rola ko\u015bcielnego (zakrystiana) \u2013 niezale\u017cnie od konfesji \u2013 we wszystkich ko\u015bcio\u0142ach chrze\u015bcija\u0144skich jest taka sama. Ko\u015bcielny ma do spe\u0142nienia liczne obowi\u0105zki usprawniaj\u0105ce prace zwi\u0105zane z funkcjonowaniem wsp\u00f3lnoty religijnej....","og_url":"https:\/\/ludzieikrajobrazy.muzeumleszno.pl\/?p=910","og_site_name":"Ludzie i krajobrazy. Powiat Leszczy\u0144ski w ikonografii","article_published_time":"2024-06-19T09:50:04+00:00","article_modified_time":"2024-10-02T10:26:34+00:00","og_image":[{"width":2560,"height":1821,"url":"https:\/\/ludzieikrajobrazy.muzeumleszno.pl\/wp-content\/uploads\/2024\/06\/200_MLFa-3559-scaled.jpg","type":"image\/jpeg"}],"author":"Pan_Admin","twitter_card":"summary_large_image","twitter_misc":{"Napisane przez":"Pan_Admin","Szacowany czas czytania":"2 minuty"},"schema":{"@context":"https:\/\/schema.org","@graph":[{"@type":"Article","@id":"https:\/\/ludzieikrajobrazy.muzeumleszno.pl\/?p=910#article","isPartOf":{"@id":"https:\/\/ludzieikrajobrazy.muzeumleszno.pl\/?p=910"},"author":{"name":"Pan_Admin","@id":"https:\/\/ludzieikrajobrazy.muzeumleszno.pl\/#\/schema\/person\/fc2bc20e2b51efc3202ac1f0cdcd06c0"},"headline":"Zaborowo. Robert i Anna Heckel, przed 1939 rokiem","datePublished":"2024-06-19T09:50:04+00:00","dateModified":"2024-10-02T10:26:34+00:00","mainEntityOfPage":{"@id":"https:\/\/ludzieikrajobrazy.muzeumleszno.pl\/?p=910"},"wordCount":208,"image":{"@id":"https:\/\/ludzieikrajobrazy.muzeumleszno.pl\/?p=910#primaryimage"},"thumbnailUrl":"http:\/\/ludzieikrajobrazy.muzeumleszno.pl\/wp-content\/uploads\/2024\/06\/200_MLFa-3559-scaled.jpg","keywords":["\"stra\u017cnik ko\u015bcio\u0142a\"","1939","Anna Heckel","fotografia","kobieta","konfesja","ko\u015bci\u00f3\u0142 chrze\u015bcija\u0144ski","Ko\u015bci\u00f3\u0142 ewangelicki","liturgia","m\u0105\u017c","m\u0119\u017cczyzna","mistrz szewski","nabo\u017ce\u0144stwo","obowi\u0105zek","pomoc","porz\u0105dek","praca","przygotowanie","Robert Heckel","wsparcie duchowne","wsp\u00f3lnota religijna","Zaborowo","zadanie","zakrystian","\u017cona","\u017cycie religijne"],"articleSection":["Zaborowo"],"inLanguage":"pl-PL"},{"@type":"WebPage","@id":"https:\/\/ludzieikrajobrazy.muzeumleszno.pl\/?p=910","url":"https:\/\/ludzieikrajobrazy.muzeumleszno.pl\/?p=910","name":"Zaborowo. Robert i Anna Heckel, przed 1939 rokiem - Ludzie i krajobrazy. Powiat Leszczy\u0144ski w ikonografii","isPartOf":{"@id":"https:\/\/ludzieikrajobrazy.muzeumleszno.pl\/#website"},"primaryImageOfPage":{"@id":"https:\/\/ludzieikrajobrazy.muzeumleszno.pl\/?p=910#primaryimage"},"image":{"@id":"https:\/\/ludzieikrajobrazy.muzeumleszno.pl\/?p=910#primaryimage"},"thumbnailUrl":"http:\/\/ludzieikrajobrazy.muzeumleszno.pl\/wp-content\/uploads\/2024\/06\/200_MLFa-3559-scaled.jpg","datePublished":"2024-06-19T09:50:04+00:00","dateModified":"2024-10-02T10:26:34+00:00","author":{"@id":"https:\/\/ludzieikrajobrazy.muzeumleszno.pl\/#\/schema\/person\/fc2bc20e2b51efc3202ac1f0cdcd06c0"},"breadcrumb":{"@id":"https:\/\/ludzieikrajobrazy.muzeumleszno.pl\/?p=910#breadcrumb"},"inLanguage":"pl-PL","potentialAction":[{"@type":"ReadAction","target":["https:\/\/ludzieikrajobrazy.muzeumleszno.pl\/?p=910"]}]},{"@type":"ImageObject","inLanguage":"pl-PL","@id":"https:\/\/ludzieikrajobrazy.muzeumleszno.pl\/?p=910#primaryimage","url":"http:\/\/ludzieikrajobrazy.muzeumleszno.pl\/wp-content\/uploads\/2024\/06\/200_MLFa-3559-scaled.jpg","contentUrl":"http:\/\/ludzieikrajobrazy.muzeumleszno.pl\/wp-content\/uploads\/2024\/06\/200_MLFa-3559-scaled.jpg","width":2560,"height":1821,"caption":"wys. 6,8 cm x szer. 9,8 cm; papier fotograficzny, odbitka srebrowo - \u017celatynowa; XX wiek; Muzeum Okr\u0119gowe w Lesznie; MLFa3559\/193"},{"@type":"BreadcrumbList","@id":"https:\/\/ludzieikrajobrazy.muzeumleszno.pl\/?p=910#breadcrumb","itemListElement":[{"@type":"ListItem","position":1,"name":"Home","item":"https:\/\/ludzieikrajobrazy.muzeumleszno.pl\/"},{"@type":"ListItem","position":2,"name":"Zaborowo. Robert i Anna Heckel, przed 1939 rokiem"}]},{"@type":"WebSite","@id":"https:\/\/ludzieikrajobrazy.muzeumleszno.pl\/#website","url":"https:\/\/ludzieikrajobrazy.muzeumleszno.pl\/","name":"Ludzie i krajobrazy. Powiat Leszczy\u0144ski w ikonografii","description":"Powiat Leszczy\u0144ski w ikonografii","potentialAction":[{"@type":"SearchAction","target":{"@type":"EntryPoint","urlTemplate":"https:\/\/ludzieikrajobrazy.muzeumleszno.pl\/?s={search_term_string}"},"query-input":{"@type":"PropertyValueSpecification","valueRequired":true,"valueName":"search_term_string"}}],"inLanguage":"pl-PL"},{"@type":"Person","@id":"https:\/\/ludzieikrajobrazy.muzeumleszno.pl\/#\/schema\/person\/fc2bc20e2b51efc3202ac1f0cdcd06c0","name":"Pan_Admin","image":{"@type":"ImageObject","inLanguage":"pl-PL","@id":"https:\/\/secure.gravatar.com\/avatar\/d109d485abe889ecc32dbdb971b715ad9d4596bd0e2353626451db3e04099822?s=96&d=mm&r=g","url":"https:\/\/secure.gravatar.com\/avatar\/d109d485abe889ecc32dbdb971b715ad9d4596bd0e2353626451db3e04099822?s=96&d=mm&r=g","contentUrl":"https:\/\/secure.gravatar.com\/avatar\/d109d485abe889ecc32dbdb971b715ad9d4596bd0e2353626451db3e04099822?s=96&d=mm&r=g","caption":"Pan_Admin"},"sameAs":["http:\/\/ludzieikrajobrazy.muzeumleszno.pl"],"url":"http:\/\/ludzieikrajobrazy.muzeumleszno.pl\/?author=1"}]}},"_links":{"self":[{"href":"http:\/\/ludzieikrajobrazy.muzeumleszno.pl\/index.php?rest_route=\/wp\/v2\/posts\/910","targetHints":{"allow":["GET"]}}],"collection":[{"href":"http:\/\/ludzieikrajobrazy.muzeumleszno.pl\/index.php?rest_route=\/wp\/v2\/posts"}],"about":[{"href":"http:\/\/ludzieikrajobrazy.muzeumleszno.pl\/index.php?rest_route=\/wp\/v2\/types\/post"}],"author":[{"embeddable":true,"href":"http:\/\/ludzieikrajobrazy.muzeumleszno.pl\/index.php?rest_route=\/wp\/v2\/users\/1"}],"replies":[{"embeddable":true,"href":"http:\/\/ludzieikrajobrazy.muzeumleszno.pl\/index.php?rest_route=%2Fwp%2Fv2%2Fcomments&post=910"}],"version-history":[{"count":3,"href":"http:\/\/ludzieikrajobrazy.muzeumleszno.pl\/index.php?rest_route=\/wp\/v2\/posts\/910\/revisions"}],"predecessor-version":[{"id":1398,"href":"http:\/\/ludzieikrajobrazy.muzeumleszno.pl\/index.php?rest_route=\/wp\/v2\/posts\/910\/revisions\/1398"}],"wp:featuredmedia":[{"embeddable":true,"href":"http:\/\/ludzieikrajobrazy.muzeumleszno.pl\/index.php?rest_route=\/wp\/v2\/media\/1251"}],"wp:attachment":[{"href":"http:\/\/ludzieikrajobrazy.muzeumleszno.pl\/index.php?rest_route=%2Fwp%2Fv2%2Fmedia&parent=910"}],"wp:term":[{"taxonomy":"category","embeddable":true,"href":"http:\/\/ludzieikrajobrazy.muzeumleszno.pl\/index.php?rest_route=%2Fwp%2Fv2%2Fcategories&post=910"},{"taxonomy":"post_tag","embeddable":true,"href":"http:\/\/ludzieikrajobrazy.muzeumleszno.pl\/index.php?rest_route=%2Fwp%2Fv2%2Ftags&post=910"}],"curies":[{"name":"wp","href":"https:\/\/api.w.org\/{rel}","templated":true}]}}