{"id":913,"date":"2024-06-18T12:00:53","date_gmt":"2024-06-18T10:00:53","guid":{"rendered":"http:\/\/ludzieikrajobrazy.muzeumleszno.pl\/?p=913"},"modified":"2024-10-02T15:10:46","modified_gmt":"2024-10-02T13:10:46","slug":"zaborowiec-romuald-bogaczyk-kapliczka-przydrozna-1934-rok","status":"publish","type":"post","link":"http:\/\/ludzieikrajobrazy.muzeumleszno.pl\/?p=913","title":{"rendered":"Zabor\u00f3wiec. Romuald Bogaczyk, Kapliczka przydro\u017cna, 1934 rok"},"content":{"rendered":"\n<p>Kapliczki przydro\u017cne mia\u0142y chroni\u0107 przed chorob\u0105, po\u017carem i powodzi\u0105. Powstawa\u0142y przewa\u017cnie w wieku XIX \u2013 w latach wojen, g\u0142od\u00f3w i epidemii, kt\u00f3re co jaki\u015b czas dziesi\u0105tkowa\u0142y ludno\u015b\u0107. By\u0142y dzi\u0119kczynieniem za bosk\u0105 pomoc czy jako wotum w wa\u017cnej dla rodziny lub spo\u0142eczno\u015bci sprawie. Ich najbli\u017csze otoczenie s\u0142u\u017cy\u0142o jako miejsce spotka\u0144 okolicznej ludno\u015bci, a same obiekty stanowi\u0142y znaki drogowe i graniczne. Mia\u0142y odstrasza\u0107 z\u0142e duchy i otacza\u0107 wsie opiek\u0105. Kapliczka w Zabor\u00f3wcu powsta\u0142a ku czci Matki Boskiej w II po\u0142owie XIX wieku. Zbudowana w kszta\u0142cie czterocz\u0119\u015bciowego s\u0142upa, zwie\u0144czonego krzy\u017cem. Od frontu cztery wn\u0119ki powt\u00f3rzone r\u00f3wnie\u017c z prawej strony. Nakryta dwuspadowym daszkiem. Ogrodzona niskim p\u0142otkiem sztachetowym, w obr\u0119bie kt\u00f3rego rosn\u0105 krzewy. W maju podczas nabo\u017ce\u0144stw po\u015bwi\u0119conych Marii, dzwon umieszczony we wn\u0119ce na szczycie, wzywa\u0142 wiernych na modlitw\u0119. Kapliczka stoi na skrzy\u017cowaniu ulic: Powsta\u0144c\u00f3w Wielkopolskich i Wczasowej.&nbsp;<\/p>\n\n\n\n<figure data-wp-context=\"{&quot;imageId&quot;:&quot;69f1ccd120a45&quot;}\" data-wp-interactive=\"core\/image\" data-wp-key=\"69f1ccd120a45\" class=\"wp-block-image size-full wp-lightbox-container\"><img fetchpriority=\"high\" decoding=\"async\" width=\"1505\" height=\"2000\" data-wp-class--hide=\"state.isContentHidden\" data-wp-class--show=\"state.isContentVisible\" data-wp-init=\"callbacks.setButtonStyles\" data-wp-on--click=\"actions.showLightbox\" data-wp-on--load=\"callbacks.setButtonStyles\" data-wp-on-window--resize=\"callbacks.setButtonStyles\" src=\"http:\/\/ludzieikrajobrazy.muzeumleszno.pl\/wp-content\/uploads\/2024\/08\/201a_Zaborowiec-ML-506.jpg\" alt=\"Kapliczka przydro\u017cna w Zaborowcu\" class=\"wp-image-914\" srcset=\"http:\/\/ludzieikrajobrazy.muzeumleszno.pl\/wp-content\/uploads\/2024\/08\/201a_Zaborowiec-ML-506.jpg 1505w, http:\/\/ludzieikrajobrazy.muzeumleszno.pl\/wp-content\/uploads\/2024\/08\/201a_Zaborowiec-ML-506-1156x1536.jpg 1156w, http:\/\/ludzieikrajobrazy.muzeumleszno.pl\/wp-content\/uploads\/2024\/08\/201a_Zaborowiec-ML-506-200x266.jpg 200w, http:\/\/ludzieikrajobrazy.muzeumleszno.pl\/wp-content\/uploads\/2024\/08\/201a_Zaborowiec-ML-506-973x1293.jpg 973w, http:\/\/ludzieikrajobrazy.muzeumleszno.pl\/wp-content\/uploads\/2024\/08\/201a_Zaborowiec-ML-506-508x675.jpg 508w\" sizes=\"(max-width: 1505px) 100vw, 1505px\" \/><button\n\t\t\tclass=\"lightbox-trigger\"\n\t\t\ttype=\"button\"\n\t\t\taria-haspopup=\"dialog\"\n\t\t\taria-label=\"Powi\u0119ksz\"\n\t\t\tdata-wp-init=\"callbacks.initTriggerButton\"\n\t\t\tdata-wp-on--click=\"actions.showLightbox\"\n\t\t\tdata-wp-style--right=\"state.imageButtonRight\"\n\t\t\tdata-wp-style--top=\"state.imageButtonTop\"\n\t\t>\n\t\t\t<svg xmlns=\"http:\/\/www.w3.org\/2000\/svg\" width=\"12\" height=\"12\" fill=\"none\" viewBox=\"0 0 12 12\">\n\t\t\t\t<path fill=\"#fff\" d=\"M2 0a2 2 0 0 0-2 2v2h1.5V2a.5.5 0 0 1 .5-.5h2V0H2Zm2 10.5H2a.5.5 0 0 1-.5-.5V8H0v2a2 2 0 0 0 2 2h2v-1.5ZM8 12v-1.5h2a.5.5 0 0 0 .5-.5V8H12v2a2 2 0 0 1-2 2H8Zm2-12a2 2 0 0 1 2 2v2h-1.5V2a.5.5 0 0 0-.5-.5H8V0h2Z\" \/>\n\t\t\t<\/svg>\n\t\t<\/button><figcaption class=\"wp-element-caption\">Kapliczka przydro\u017cna w Zaborowcu, Romuald Bogaczyk; papier, kredka; wys. 35,6, szer. 26,7 cm; Muzeum Okr\u0119gowe w Lesznie; ML506<\/figcaption><\/figure>\n\n\n\n<p class=\"has-small-font-size\">nr inw. ML 506<br>W zbiorach Muzeum Okr\u0119gowego w Lesznie od 1978 roku, zakup &nbsp;<\/p>\n\n\n\n<p class=\"has-normal-font-size\">Zabor\u00f3wiec. Romuald Bogaczyk, Kapliczka przydro\u017cna, 1934 rok<br><\/p>\n\n\n\n<figure data-wp-context=\"{&quot;imageId&quot;:&quot;69f1ccd1211f2&quot;}\" data-wp-interactive=\"core\/image\" data-wp-key=\"69f1ccd1211f2\" class=\"wp-block-image size-full wp-lightbox-container\"><img decoding=\"async\" width=\"1494\" height=\"2000\" data-wp-class--hide=\"state.isContentHidden\" data-wp-class--show=\"state.isContentVisible\" data-wp-init=\"callbacks.setButtonStyles\" data-wp-on--click=\"actions.showLightbox\" data-wp-on--load=\"callbacks.setButtonStyles\" data-wp-on-window--resize=\"callbacks.setButtonStyles\" src=\"http:\/\/ludzieikrajobrazy.muzeumleszno.pl\/wp-content\/uploads\/2024\/08\/201b_Zaborowiec-ML-512.jpg\" alt=\"Kapliczka przydro\u017cna w Zaborowcu\" class=\"wp-image-915\" srcset=\"http:\/\/ludzieikrajobrazy.muzeumleszno.pl\/wp-content\/uploads\/2024\/08\/201b_Zaborowiec-ML-512.jpg 1494w, http:\/\/ludzieikrajobrazy.muzeumleszno.pl\/wp-content\/uploads\/2024\/08\/201b_Zaborowiec-ML-512-1147x1536.jpg 1147w, http:\/\/ludzieikrajobrazy.muzeumleszno.pl\/wp-content\/uploads\/2024\/08\/201b_Zaborowiec-ML-512-200x268.jpg 200w, http:\/\/ludzieikrajobrazy.muzeumleszno.pl\/wp-content\/uploads\/2024\/08\/201b_Zaborowiec-ML-512-973x1303.jpg 973w, http:\/\/ludzieikrajobrazy.muzeumleszno.pl\/wp-content\/uploads\/2024\/08\/201b_Zaborowiec-ML-512-508x680.jpg 508w\" sizes=\"(max-width: 1494px) 100vw, 1494px\" \/><button\n\t\t\tclass=\"lightbox-trigger\"\n\t\t\ttype=\"button\"\n\t\t\taria-haspopup=\"dialog\"\n\t\t\taria-label=\"Powi\u0119ksz\"\n\t\t\tdata-wp-init=\"callbacks.initTriggerButton\"\n\t\t\tdata-wp-on--click=\"actions.showLightbox\"\n\t\t\tdata-wp-style--right=\"state.imageButtonRight\"\n\t\t\tdata-wp-style--top=\"state.imageButtonTop\"\n\t\t>\n\t\t\t<svg xmlns=\"http:\/\/www.w3.org\/2000\/svg\" width=\"12\" height=\"12\" fill=\"none\" viewBox=\"0 0 12 12\">\n\t\t\t\t<path fill=\"#fff\" d=\"M2 0a2 2 0 0 0-2 2v2h1.5V2a.5.5 0 0 1 .5-.5h2V0H2Zm2 10.5H2a.5.5 0 0 1-.5-.5V8H0v2a2 2 0 0 0 2 2h2v-1.5ZM8 12v-1.5h2a.5.5 0 0 0 .5-.5V8H12v2a2 2 0 0 1-2 2H8Zm2-12a2 2 0 0 1 2 2v2h-1.5V2a.5.5 0 0 0-.5-.5H8V0h2Z\" \/>\n\t\t\t<\/svg>\n\t\t<\/button><figcaption class=\"wp-element-caption\">Kapliczka przydro\u017cna w Zaborowcu, Romuald Bogaczyk; 1934 r.; papier, kredka; wys. 35,3, szer. 26,5 cm; Muzeum Okr\u0119gowe w Lesznie; ML512<\/figcaption><\/figure>\n\n\n\n<p class=\"has-small-font-size\">nr inw. ML 512<br>W zbiorach Muzeum Okr\u0119gowego w Lesznie od 1978 roku, zakup &nbsp;<\/p>\n\n\n\n<p>A.M.<\/p>\n\n\n\n<figure class=\"wp-block-embed is-type-video is-provider-youtube wp-block-embed-youtube wp-embed-aspect-16-9 wp-has-aspect-ratio\"><div class=\"wp-block-embed__wrapper\">\n<iframe title=\"Zabor\u00f3wiec  Romuald Bogaczyk, Kapliczka przydro\u017cna, 1934 rok\" width=\"620\" height=\"349\" src=\"https:\/\/www.youtube.com\/embed\/1XGGFj7GLRE?feature=oembed\" frameborder=\"0\" allow=\"accelerometer; autoplay; clipboard-write; encrypted-media; gyroscope; picture-in-picture; web-share\" referrerpolicy=\"strict-origin-when-cross-origin\" allowfullscreen><\/iframe>\n<\/div><\/figure>\n","protected":false},"excerpt":{"rendered":"<p>Kapliczki przydro\u017cne mia\u0142y chroni\u0107 przed chorob\u0105, po\u017carem i powodzi\u0105. Powstawa\u0142y przewa\u017cnie w wieku XIX \u2013 w latach wojen, g\u0142od\u00f3w i epidemii, kt\u00f3re co jaki\u015b czas dziesi\u0105tkowa\u0142y ludno\u015b\u0107. By\u0142y&#8230;<\/p>\n","protected":false},"author":1,"featured_media":914,"comment_status":"closed","ping_status":"closed","sticky":false,"template":"","format":"standard","meta":{"cybocfi_hide_featured_image":"yes","footnotes":""},"categories":[721],"tags":[933,1105,1109,1110,1104,563,932,939,998,828,873,1102,1111,1101,517,1112,1103,854,1113,1114,1106,1100,1107,1108],"class_list":["post-913","post","type-post","status-publish","format-standard","has-post-thumbnail","hentry","category-zaborowiec","tag-933","tag-boska-pomoc","tag-czteroczesciowy-slup","tag-dwuspadowy-daszek","tag-dziekczynienie","tag-dzwon","tag-kapliczka-przydrozna","tag-kredka","tag-krzewy","tag-krzyz","tag-matka-boska","tag-ochrona","tag-plt-sztchetowy","tag-romual-bogaczyk","tag-rysunek","tag-skrzyzowanie-ulic","tag-symbol","tag-sztuka","tag-ulica-powstancow-wielkopolskich","tag-ulica-wczasowa","tag-wotum","tag-zaborowiec","tag-znak-drogowy","tag-znak-graniczny"],"yoast_head":"<!-- This site is optimized with the Yoast SEO plugin v27.5 - https:\/\/yoast.com\/product\/yoast-seo-wordpress\/ -->\n<title>Zabor\u00f3wiec. Romuald Bogaczyk, Kapliczka przydro\u017cna, 1934 rok - Ludzie i krajobrazy. Powiat Leszczy\u0144ski w ikonografii<\/title>\n<meta name=\"robots\" content=\"index, follow, max-snippet:-1, max-image-preview:large, max-video-preview:-1\" \/>\n<link rel=\"canonical\" href=\"http:\/\/ludzieikrajobrazy.muzeumleszno.pl\/?p=913\" \/>\n<meta property=\"og:locale\" content=\"pl_PL\" \/>\n<meta property=\"og:type\" content=\"article\" \/>\n<meta property=\"og:title\" content=\"Zabor\u00f3wiec. Romuald Bogaczyk, Kapliczka przydro\u017cna, 1934 rok - Ludzie i krajobrazy. Powiat Leszczy\u0144ski w ikonografii\" \/>\n<meta property=\"og:description\" content=\"Kapliczki przydro\u017cne mia\u0142y chroni\u0107 przed chorob\u0105, po\u017carem i powodzi\u0105. Powstawa\u0142y przewa\u017cnie w wieku XIX \u2013 w latach wojen, g\u0142od\u00f3w i epidemii, kt\u00f3re co jaki\u015b czas dziesi\u0105tkowa\u0142y ludno\u015b\u0107. By\u0142y...\" \/>\n<meta property=\"og:url\" content=\"http:\/\/ludzieikrajobrazy.muzeumleszno.pl\/?p=913\" \/>\n<meta property=\"og:site_name\" content=\"Ludzie i krajobrazy. Powiat Leszczy\u0144ski w ikonografii\" \/>\n<meta property=\"article:published_time\" content=\"2024-06-18T10:00:53+00:00\" \/>\n<meta property=\"article:modified_time\" content=\"2024-10-02T13:10:46+00:00\" \/>\n<meta property=\"og:image\" content=\"http:\/\/ludzieikrajobrazy.muzeumleszno.pl\/wp-content\/uploads\/2024\/08\/201a_Zaborowiec-ML-506.jpg\" \/>\n\t<meta property=\"og:image:width\" content=\"1505\" \/>\n\t<meta property=\"og:image:height\" content=\"2000\" \/>\n\t<meta property=\"og:image:type\" content=\"image\/jpeg\" \/>\n<meta name=\"author\" content=\"Pan_Admin\" \/>\n<meta name=\"twitter:card\" content=\"summary_large_image\" \/>\n<meta name=\"twitter:label1\" content=\"Napisane przez\" \/>\n\t<meta name=\"twitter:data1\" content=\"Pan_Admin\" \/>\n\t<meta name=\"twitter:label2\" content=\"Szacowany czas czytania\" \/>\n\t<meta name=\"twitter:data2\" content=\"2 minuty\" \/>\n<script type=\"application\/ld+json\" class=\"yoast-schema-graph\">{\"@context\":\"https:\\\/\\\/schema.org\",\"@graph\":[{\"@type\":\"Article\",\"@id\":\"http:\\\/\\\/ludzieikrajobrazy.muzeumleszno.pl\\\/?p=913#article\",\"isPartOf\":{\"@id\":\"http:\\\/\\\/ludzieikrajobrazy.muzeumleszno.pl\\\/?p=913\"},\"author\":{\"name\":\"Pan_Admin\",\"@id\":\"https:\\\/\\\/ludzieikrajobrazy.muzeumleszno.pl\\\/#\\\/schema\\\/person\\\/fc2bc20e2b51efc3202ac1f0cdcd06c0\"},\"headline\":\"Zabor\u00f3wiec. Romuald Bogaczyk, Kapliczka przydro\u017cna, 1934 rok\",\"datePublished\":\"2024-06-18T10:00:53+00:00\",\"dateModified\":\"2024-10-02T13:10:46+00:00\",\"mainEntityOfPage\":{\"@id\":\"http:\\\/\\\/ludzieikrajobrazy.muzeumleszno.pl\\\/?p=913\"},\"wordCount\":266,\"image\":{\"@id\":\"http:\\\/\\\/ludzieikrajobrazy.muzeumleszno.pl\\\/?p=913#primaryimage\"},\"thumbnailUrl\":\"http:\\\/\\\/ludzieikrajobrazy.muzeumleszno.pl\\\/wp-content\\\/uploads\\\/2024\\\/08\\\/201a_Zaborowiec-ML-506.jpg\",\"keywords\":[\"1934\",\"boska pomoc\",\"czterocz\u0119\u015bciowy s\u0142up\",\"dwuspadowy daszek\",\"dzi\u0119kczynienie\",\"dzwon\",\"kapliczka przydro\u017cna\",\"kredka\",\"krzewy\",\"krzy\u017c\",\"Matka Boska\",\"ochrona\",\"p\u0142t sztchetowy\",\"Romual Bogaczyk\",\"rysunek\",\"skrzy\u017cowanie ulic\",\"symbol\",\"sztuka\",\"ulica Powsta\u0144c\u00f3w Wielkopolskich\",\"ulica Wczasowa\",\"wotum\",\"Zabor\u00f3wiec\",\"znak drogowy\",\"znak graniczny\"],\"articleSection\":[\"Zabor\u00f3wiec\"],\"inLanguage\":\"pl-PL\"},{\"@type\":\"WebPage\",\"@id\":\"http:\\\/\\\/ludzieikrajobrazy.muzeumleszno.pl\\\/?p=913\",\"url\":\"http:\\\/\\\/ludzieikrajobrazy.muzeumleszno.pl\\\/?p=913\",\"name\":\"Zabor\u00f3wiec. Romuald Bogaczyk, Kapliczka przydro\u017cna, 1934 rok - Ludzie i krajobrazy. Powiat Leszczy\u0144ski w ikonografii\",\"isPartOf\":{\"@id\":\"https:\\\/\\\/ludzieikrajobrazy.muzeumleszno.pl\\\/#website\"},\"primaryImageOfPage\":{\"@id\":\"http:\\\/\\\/ludzieikrajobrazy.muzeumleszno.pl\\\/?p=913#primaryimage\"},\"image\":{\"@id\":\"http:\\\/\\\/ludzieikrajobrazy.muzeumleszno.pl\\\/?p=913#primaryimage\"},\"thumbnailUrl\":\"http:\\\/\\\/ludzieikrajobrazy.muzeumleszno.pl\\\/wp-content\\\/uploads\\\/2024\\\/08\\\/201a_Zaborowiec-ML-506.jpg\",\"datePublished\":\"2024-06-18T10:00:53+00:00\",\"dateModified\":\"2024-10-02T13:10:46+00:00\",\"author\":{\"@id\":\"https:\\\/\\\/ludzieikrajobrazy.muzeumleszno.pl\\\/#\\\/schema\\\/person\\\/fc2bc20e2b51efc3202ac1f0cdcd06c0\"},\"breadcrumb\":{\"@id\":\"http:\\\/\\\/ludzieikrajobrazy.muzeumleszno.pl\\\/?p=913#breadcrumb\"},\"inLanguage\":\"pl-PL\",\"potentialAction\":[{\"@type\":\"ReadAction\",\"target\":[\"http:\\\/\\\/ludzieikrajobrazy.muzeumleszno.pl\\\/?p=913\"]}]},{\"@type\":\"BreadcrumbList\",\"@id\":\"http:\\\/\\\/ludzieikrajobrazy.muzeumleszno.pl\\\/?p=913#breadcrumb\",\"itemListElement\":[{\"@type\":\"ListItem\",\"position\":1,\"name\":\"Home\",\"item\":\"https:\\\/\\\/ludzieikrajobrazy.muzeumleszno.pl\\\/\"},{\"@type\":\"ListItem\",\"position\":2,\"name\":\"Zabor\u00f3wiec. Romuald Bogaczyk, Kapliczka przydro\u017cna, 1934 rok\"}]},{\"@type\":\"WebSite\",\"@id\":\"https:\\\/\\\/ludzieikrajobrazy.muzeumleszno.pl\\\/#website\",\"url\":\"https:\\\/\\\/ludzieikrajobrazy.muzeumleszno.pl\\\/\",\"name\":\"Ludzie i krajobrazy. Powiat Leszczy\u0144ski w ikonografii\",\"description\":\"Powiat Leszczy\u0144ski w ikonografii\",\"potentialAction\":[{\"@type\":\"SearchAction\",\"target\":{\"@type\":\"EntryPoint\",\"urlTemplate\":\"https:\\\/\\\/ludzieikrajobrazy.muzeumleszno.pl\\\/?s={search_term_string}\"},\"query-input\":{\"@type\":\"PropertyValueSpecification\",\"valueRequired\":true,\"valueName\":\"search_term_string\"}}],\"inLanguage\":\"pl-PL\"},{\"@type\":\"Person\",\"@id\":\"https:\\\/\\\/ludzieikrajobrazy.muzeumleszno.pl\\\/#\\\/schema\\\/person\\\/fc2bc20e2b51efc3202ac1f0cdcd06c0\",\"name\":\"Pan_Admin\",\"image\":{\"@type\":\"ImageObject\",\"inLanguage\":\"pl-PL\",\"@id\":\"https:\\\/\\\/secure.gravatar.com\\\/avatar\\\/d109d485abe889ecc32dbdb971b715ad9d4596bd0e2353626451db3e04099822?s=96&d=mm&r=g\",\"url\":\"https:\\\/\\\/secure.gravatar.com\\\/avatar\\\/d109d485abe889ecc32dbdb971b715ad9d4596bd0e2353626451db3e04099822?s=96&d=mm&r=g\",\"contentUrl\":\"https:\\\/\\\/secure.gravatar.com\\\/avatar\\\/d109d485abe889ecc32dbdb971b715ad9d4596bd0e2353626451db3e04099822?s=96&d=mm&r=g\",\"caption\":\"Pan_Admin\"},\"sameAs\":[\"http:\\\/\\\/ludzieikrajobrazy.muzeumleszno.pl\"],\"url\":\"http:\\\/\\\/ludzieikrajobrazy.muzeumleszno.pl\\\/?author=1\"}]}<\/script>\n<!-- \/ Yoast SEO plugin. -->","yoast_head_json":{"title":"Zabor\u00f3wiec. Romuald Bogaczyk, Kapliczka przydro\u017cna, 1934 rok - Ludzie i krajobrazy. Powiat Leszczy\u0144ski w ikonografii","robots":{"index":"index","follow":"follow","max-snippet":"max-snippet:-1","max-image-preview":"max-image-preview:large","max-video-preview":"max-video-preview:-1"},"canonical":"http:\/\/ludzieikrajobrazy.muzeumleszno.pl\/?p=913","og_locale":"pl_PL","og_type":"article","og_title":"Zabor\u00f3wiec. Romuald Bogaczyk, Kapliczka przydro\u017cna, 1934 rok - Ludzie i krajobrazy. Powiat Leszczy\u0144ski w ikonografii","og_description":"Kapliczki przydro\u017cne mia\u0142y chroni\u0107 przed chorob\u0105, po\u017carem i powodzi\u0105. Powstawa\u0142y przewa\u017cnie w wieku XIX \u2013 w latach wojen, g\u0142od\u00f3w i epidemii, kt\u00f3re co jaki\u015b czas dziesi\u0105tkowa\u0142y ludno\u015b\u0107. By\u0142y...","og_url":"http:\/\/ludzieikrajobrazy.muzeumleszno.pl\/?p=913","og_site_name":"Ludzie i krajobrazy. Powiat Leszczy\u0144ski w ikonografii","article_published_time":"2024-06-18T10:00:53+00:00","article_modified_time":"2024-10-02T13:10:46+00:00","og_image":[{"width":1505,"height":2000,"url":"http:\/\/ludzieikrajobrazy.muzeumleszno.pl\/wp-content\/uploads\/2024\/08\/201a_Zaborowiec-ML-506.jpg","type":"image\/jpeg"}],"author":"Pan_Admin","twitter_card":"summary_large_image","twitter_misc":{"Napisane przez":"Pan_Admin","Szacowany czas czytania":"2 minuty"},"schema":{"@context":"https:\/\/schema.org","@graph":[{"@type":"Article","@id":"http:\/\/ludzieikrajobrazy.muzeumleszno.pl\/?p=913#article","isPartOf":{"@id":"http:\/\/ludzieikrajobrazy.muzeumleszno.pl\/?p=913"},"author":{"name":"Pan_Admin","@id":"https:\/\/ludzieikrajobrazy.muzeumleszno.pl\/#\/schema\/person\/fc2bc20e2b51efc3202ac1f0cdcd06c0"},"headline":"Zabor\u00f3wiec. Romuald Bogaczyk, Kapliczka przydro\u017cna, 1934 rok","datePublished":"2024-06-18T10:00:53+00:00","dateModified":"2024-10-02T13:10:46+00:00","mainEntityOfPage":{"@id":"http:\/\/ludzieikrajobrazy.muzeumleszno.pl\/?p=913"},"wordCount":266,"image":{"@id":"http:\/\/ludzieikrajobrazy.muzeumleszno.pl\/?p=913#primaryimage"},"thumbnailUrl":"http:\/\/ludzieikrajobrazy.muzeumleszno.pl\/wp-content\/uploads\/2024\/08\/201a_Zaborowiec-ML-506.jpg","keywords":["1934","boska pomoc","czterocz\u0119\u015bciowy s\u0142up","dwuspadowy daszek","dzi\u0119kczynienie","dzwon","kapliczka przydro\u017cna","kredka","krzewy","krzy\u017c","Matka Boska","ochrona","p\u0142t sztchetowy","Romual Bogaczyk","rysunek","skrzy\u017cowanie ulic","symbol","sztuka","ulica Powsta\u0144c\u00f3w Wielkopolskich","ulica Wczasowa","wotum","Zabor\u00f3wiec","znak drogowy","znak graniczny"],"articleSection":["Zabor\u00f3wiec"],"inLanguage":"pl-PL"},{"@type":"WebPage","@id":"http:\/\/ludzieikrajobrazy.muzeumleszno.pl\/?p=913","url":"http:\/\/ludzieikrajobrazy.muzeumleszno.pl\/?p=913","name":"Zabor\u00f3wiec. Romuald Bogaczyk, Kapliczka przydro\u017cna, 1934 rok - Ludzie i krajobrazy. Powiat Leszczy\u0144ski w ikonografii","isPartOf":{"@id":"https:\/\/ludzieikrajobrazy.muzeumleszno.pl\/#website"},"primaryImageOfPage":{"@id":"http:\/\/ludzieikrajobrazy.muzeumleszno.pl\/?p=913#primaryimage"},"image":{"@id":"http:\/\/ludzieikrajobrazy.muzeumleszno.pl\/?p=913#primaryimage"},"thumbnailUrl":"http:\/\/ludzieikrajobrazy.muzeumleszno.pl\/wp-content\/uploads\/2024\/08\/201a_Zaborowiec-ML-506.jpg","datePublished":"2024-06-18T10:00:53+00:00","dateModified":"2024-10-02T13:10:46+00:00","author":{"@id":"https:\/\/ludzieikrajobrazy.muzeumleszno.pl\/#\/schema\/person\/fc2bc20e2b51efc3202ac1f0cdcd06c0"},"breadcrumb":{"@id":"http:\/\/ludzieikrajobrazy.muzeumleszno.pl\/?p=913#breadcrumb"},"inLanguage":"pl-PL","potentialAction":[{"@type":"ReadAction","target":["http:\/\/ludzieikrajobrazy.muzeumleszno.pl\/?p=913"]}]},{"@type":"BreadcrumbList","@id":"http:\/\/ludzieikrajobrazy.muzeumleszno.pl\/?p=913#breadcrumb","itemListElement":[{"@type":"ListItem","position":1,"name":"Home","item":"https:\/\/ludzieikrajobrazy.muzeumleszno.pl\/"},{"@type":"ListItem","position":2,"name":"Zabor\u00f3wiec. Romuald Bogaczyk, Kapliczka przydro\u017cna, 1934 rok"}]},{"@type":"WebSite","@id":"https:\/\/ludzieikrajobrazy.muzeumleszno.pl\/#website","url":"https:\/\/ludzieikrajobrazy.muzeumleszno.pl\/","name":"Ludzie i krajobrazy. Powiat Leszczy\u0144ski w ikonografii","description":"Powiat Leszczy\u0144ski w ikonografii","potentialAction":[{"@type":"SearchAction","target":{"@type":"EntryPoint","urlTemplate":"https:\/\/ludzieikrajobrazy.muzeumleszno.pl\/?s={search_term_string}"},"query-input":{"@type":"PropertyValueSpecification","valueRequired":true,"valueName":"search_term_string"}}],"inLanguage":"pl-PL"},{"@type":"Person","@id":"https:\/\/ludzieikrajobrazy.muzeumleszno.pl\/#\/schema\/person\/fc2bc20e2b51efc3202ac1f0cdcd06c0","name":"Pan_Admin","image":{"@type":"ImageObject","inLanguage":"pl-PL","@id":"https:\/\/secure.gravatar.com\/avatar\/d109d485abe889ecc32dbdb971b715ad9d4596bd0e2353626451db3e04099822?s=96&d=mm&r=g","url":"https:\/\/secure.gravatar.com\/avatar\/d109d485abe889ecc32dbdb971b715ad9d4596bd0e2353626451db3e04099822?s=96&d=mm&r=g","contentUrl":"https:\/\/secure.gravatar.com\/avatar\/d109d485abe889ecc32dbdb971b715ad9d4596bd0e2353626451db3e04099822?s=96&d=mm&r=g","caption":"Pan_Admin"},"sameAs":["http:\/\/ludzieikrajobrazy.muzeumleszno.pl"],"url":"http:\/\/ludzieikrajobrazy.muzeumleszno.pl\/?author=1"}]}},"_links":{"self":[{"href":"http:\/\/ludzieikrajobrazy.muzeumleszno.pl\/index.php?rest_route=\/wp\/v2\/posts\/913","targetHints":{"allow":["GET"]}}],"collection":[{"href":"http:\/\/ludzieikrajobrazy.muzeumleszno.pl\/index.php?rest_route=\/wp\/v2\/posts"}],"about":[{"href":"http:\/\/ludzieikrajobrazy.muzeumleszno.pl\/index.php?rest_route=\/wp\/v2\/types\/post"}],"author":[{"embeddable":true,"href":"http:\/\/ludzieikrajobrazy.muzeumleszno.pl\/index.php?rest_route=\/wp\/v2\/users\/1"}],"replies":[{"embeddable":true,"href":"http:\/\/ludzieikrajobrazy.muzeumleszno.pl\/index.php?rest_route=%2Fwp%2Fv2%2Fcomments&post=913"}],"version-history":[{"count":2,"href":"http:\/\/ludzieikrajobrazy.muzeumleszno.pl\/index.php?rest_route=\/wp\/v2\/posts\/913\/revisions"}],"predecessor-version":[{"id":1411,"href":"http:\/\/ludzieikrajobrazy.muzeumleszno.pl\/index.php?rest_route=\/wp\/v2\/posts\/913\/revisions\/1411"}],"wp:featuredmedia":[{"embeddable":true,"href":"http:\/\/ludzieikrajobrazy.muzeumleszno.pl\/index.php?rest_route=\/wp\/v2\/media\/914"}],"wp:attachment":[{"href":"http:\/\/ludzieikrajobrazy.muzeumleszno.pl\/index.php?rest_route=%2Fwp%2Fv2%2Fmedia&parent=913"}],"wp:term":[{"taxonomy":"category","embeddable":true,"href":"http:\/\/ludzieikrajobrazy.muzeumleszno.pl\/index.php?rest_route=%2Fwp%2Fv2%2Fcategories&post=913"},{"taxonomy":"post_tag","embeddable":true,"href":"http:\/\/ludzieikrajobrazy.muzeumleszno.pl\/index.php?rest_route=%2Fwp%2Fv2%2Ftags&post=913"}],"curies":[{"name":"wp","href":"https:\/\/api.w.org\/{rel}","templated":true}]}}