{"id":933,"date":"2024-06-17T12:00:13","date_gmt":"2024-06-17T10:00:13","guid":{"rendered":"http:\/\/ludzieikrajobrazy.muzeumleszno.pl\/?p=933"},"modified":"2024-10-02T15:12:06","modified_gmt":"2024-10-02T13:12:06","slug":"zbarzewo-pocztowka-wielotematyczna-okolo-1905-roku-bleicherode-c-c-becke","status":"publish","type":"post","link":"http:\/\/ludzieikrajobrazy.muzeumleszno.pl\/?p=933","title":{"rendered":"Zbarzewo. Poczt\u00f3wka wielotematyczna, oko\u0142o 1905 roku, Bleicherode, C.C. Becke"},"content":{"rendered":"\n<p>Poczt\u00f3wka adresowana do panny Klary Hube z F\u00fcrth w Bawarii. Wys\u0142ana przez Ann\u0119 Fluche.&nbsp;<\/p>\n\n\n\n<p><em>By\u0142am w domu na Bo\u017ce Narodzenie. Mam nadziej\u0119, \u017ce z Twoim zdrowiem wszystko dobrze. Mo\u017ce napiszesz do mnie od razu. Serdeczne pozdrowienia przesy\u0142a kochanej cioci siostrzenica.<\/em><\/p>\n\n\n\n<p>Miejscowo\u015b\u0107 po raz pierwszy wymieniono w dokumencie z 1425 roku. Wie\u015b nale\u017ca\u0142a w\u00f3wczas do Zbarzewskich i Kotwicz\u00f3w. W p\u00f3\u017aniejszym okresie cz\u0119sto zmienia\u0142a w\u0142a\u015bcicieli, ale do ko\u0144ca XIX wieku by\u0142a w posiadaniu polskich rod\u00f3w szlacheckich, m.in. Nie\u017cychowskich, Kierskich i Miel\u0119ckich. Na wizerunku umieszczonym w lewym g\u00f3rnym rogu wida\u0107 eklektyczny pa\u0142acu wzniesionego w 1902 roku dla ostatniego w\u0142a\u015bciciela maj\u0105tku Aleksandra H\u00f6richa. Po 1920 roku dobra przesz\u0142y na w\u0142asno\u015b\u0107 Skarbu Pa\u0144stwa.&nbsp;<\/p>\n\n\n\n<p>P\u00f3\u017anogotycki, jednonawowy ko\u015bci\u00f3\u0142 pw. Naj\u015bwi\u0119tszej Marii Panny zbudowano w 1470 roku z fundacji \u00f3wczesnych w\u0142a\u015bcicieli wsi Rotenburg\u00f3w-Zbarzewskich. W okresie reformacji \u015bwi\u0105tynia na kr\u00f3tko przesz\u0142a w r\u0119ce protestant\u00f3w. Pocz\u0105tkowo parafia nosi\u0142a wezwanie Matki Boskiej, zmiana nast\u0105pi\u0142a w XVIII wieku.&nbsp;<\/p>\n\n\n\n<p>Ober\u017ca i agencja pocztowa sta\u0142a przy skrzy\u017cowaniu z szos\u0105 w kierunku Wschowy. Na elewacji zawieszona jest tabliczka z god\u0142em Prus, a powy\u017cej namalowany szyld w j\u0119zyku niemieckim: <em>Altwasser\u2019s Gasthof<\/em> (Ober\u017ca Altwassera). W parterowej cz\u0119\u015bci budynku mie\u015bci\u0142a si\u0119 wiejska sala zabaw. Kilka lat temu obiekty wyburzono.<\/p>\n\n\n\n<p>Poczt\u00f3wk\u0119 dope\u0142nia wizerunek znajduj\u0105cej si\u0119 w s\u0105siedztwie ko\u015bcio\u0142a plebanii. Wszystkie prezentowane budynki ukazane zosta\u0142y w szacie zimowej.&nbsp;<\/p>\n\n\n\n<figure data-wp-context=\"{&quot;imageId&quot;:&quot;69f1bf31c8577&quot;}\" data-wp-interactive=\"core\/image\" data-wp-key=\"69f1bf31c8577\" class=\"wp-block-image size-full wp-lightbox-container\"><img fetchpriority=\"high\" decoding=\"async\" width=\"2560\" height=\"1674\" data-wp-class--hide=\"state.isContentHidden\" data-wp-class--show=\"state.isContentVisible\" data-wp-init=\"callbacks.setButtonStyles\" data-wp-on--click=\"actions.showLightbox\" data-wp-on--load=\"callbacks.setButtonStyles\" data-wp-on-window--resize=\"callbacks.setButtonStyles\" src=\"http:\/\/ludzieikrajobrazy.muzeumleszno.pl\/wp-content\/uploads\/2024\/08\/206_MLH-4538-scaled.jpg\" alt=\"Zbarzewo. Poczt\u00f3wka wielotematyczna, oko\u0142o 1905 roku, Bleicherode, C.C. Becke\" class=\"wp-image-934\" srcset=\"http:\/\/ludzieikrajobrazy.muzeumleszno.pl\/wp-content\/uploads\/2024\/08\/206_MLH-4538-scaled.jpg 2560w, http:\/\/ludzieikrajobrazy.muzeumleszno.pl\/wp-content\/uploads\/2024\/08\/206_MLH-4538-1536x1005.jpg 1536w, http:\/\/ludzieikrajobrazy.muzeumleszno.pl\/wp-content\/uploads\/2024\/08\/206_MLH-4538-2048x1339.jpg 2048w, http:\/\/ludzieikrajobrazy.muzeumleszno.pl\/wp-content\/uploads\/2024\/08\/206_MLH-4538-200x131.jpg 200w, http:\/\/ludzieikrajobrazy.muzeumleszno.pl\/wp-content\/uploads\/2024\/08\/206_MLH-4538-973x636.jpg 973w, http:\/\/ludzieikrajobrazy.muzeumleszno.pl\/wp-content\/uploads\/2024\/08\/206_MLH-4538-508x332.jpg 508w\" sizes=\"(max-width: 2560px) 100vw, 2560px\" \/><button\n\t\t\tclass=\"lightbox-trigger\"\n\t\t\ttype=\"button\"\n\t\t\taria-haspopup=\"dialog\"\n\t\t\taria-label=\"Powi\u0119ksz\"\n\t\t\tdata-wp-init=\"callbacks.initTriggerButton\"\n\t\t\tdata-wp-on--click=\"actions.showLightbox\"\n\t\t\tdata-wp-style--right=\"state.imageButtonRight\"\n\t\t\tdata-wp-style--top=\"state.imageButtonTop\"\n\t\t>\n\t\t\t<svg xmlns=\"http:\/\/www.w3.org\/2000\/svg\" width=\"12\" height=\"12\" fill=\"none\" viewBox=\"0 0 12 12\">\n\t\t\t\t<path fill=\"#fff\" d=\"M2 0a2 2 0 0 0-2 2v2h1.5V2a.5.5 0 0 1 .5-.5h2V0H2Zm2 10.5H2a.5.5 0 0 1-.5-.5V8H0v2a2 2 0 0 0 2 2h2v-1.5ZM8 12v-1.5h2a.5.5 0 0 0 .5-.5V8H12v2a2 2 0 0 1-2 2H8Zm2-12a2 2 0 0 1 2 2v2h-1.5V2a.5.5 0 0 0-.5-.5H8V0h2Z\" \/>\n\t\t\t<\/svg>\n\t\t<\/button><figcaption class=\"wp-element-caption\">Zbarzewo. Poczt\u00f3wka wielotematyczna, oko\u0142o 1905 roku, Bleicherode, C.C. Becke<\/figcaption><\/figure>\n\n\n\n<p class=\"has-small-font-size\">nr inw. MLH 4538<br>W zbiorach Muzeum Okr\u0119gowego w Lesznie od 2005 roku, zakup<\/p>\n\n\n\n<p>D.Cz.<\/p>\n\n\n\n<figure class=\"wp-block-embed is-type-video is-provider-youtube wp-block-embed-youtube wp-embed-aspect-16-9 wp-has-aspect-ratio\"><div class=\"wp-block-embed__wrapper\">\n<iframe title=\"Zbarzewo  Poczt\u00f3wka wielotematyczna, oko\u0142o 1905 roku, Bleicherode, C C  Becke\" width=\"620\" height=\"349\" src=\"https:\/\/www.youtube.com\/embed\/uHzZTjAFI6A?feature=oembed\" frameborder=\"0\" allow=\"accelerometer; autoplay; clipboard-write; encrypted-media; gyroscope; picture-in-picture; web-share\" referrerpolicy=\"strict-origin-when-cross-origin\" allowfullscreen><\/iframe>\n<\/div><\/figure>\n","protected":false},"excerpt":{"rendered":"<p>Poczt\u00f3wka adresowana do panny Klary Hube z F\u00fcrth w Bawarii. Wys\u0142ana przez Ann\u0119 Fluche.&nbsp; By\u0142am w domu na Bo\u017ce Narodzenie. Mam nadziej\u0119, \u017ce z Twoim zdrowiem wszystko dobrze&#8230;.<\/p>\n","protected":false},"author":1,"featured_media":934,"comment_status":"closed","ping_status":"closed","sticky":false,"template":"","format":"standard","meta":{"cybocfi_hide_featured_image":"yes","footnotes":""},"categories":[737],"tags":[471,1338,1330,1341,1323,378,1320,165,140,1321,520,736,987,760,1339,1328,1322,1333,940,407,1340,873,1337,1329,986,1346,1327,619,1342,380,1344,984,77,365,1326,1332,1336,691,1335,1325,1334,1331,1347,818,1345,1343,1319,1324,1115,1140],"class_list":["post-933","post","type-post","status-publish","format-standard","has-post-thumbnail","hentry","category-zbarzewo","tag-471","tag-agencja-pocztowa","tag-aleksander-horich","tag-altwassers-gasthof","tag-anna-fluche","tag-architektura","tag-bleicherode","tag-budownictwo-murowane","tag-budynek-sakralny","tag-c-c-becke","tag-dokumentacja","tag-drzewa","tag-eklektyzm","tag-elewacja","tag-godlo-prus","tag-kierscy","tag-klara-hube","tag-kosciol-pod-wezwaniem-najswietszej-marii-panny","tag-kotwicze","tag-krajobraz","tag-malowany-szyld","tag-matka-boska","tag-matki-boskiej","tag-mieleccy","tag-mur","tag-murek","tag-niezychowscy","tag-oberza","tag-oberza-altwassera","tag-palac","tag-plebania","tag-plot","tag-pocztowka","tag-pocztowka-wielotematyczna","tag-polski-rod-strzelecki","tag-pozny-gotyk","tag-protestanci","tag-protestantyzm","tag-reformacja","tag-rod-strzelecki","tag-rotenburgowie-zbarzewscy","tag-skarb-panstwa","tag-snieg","tag-swiatynia-2","tag-szata-zimowa","tag-wiejska-sala-zabaw","tag-zbarzewo","tag-zbarzewscy","tag-zespol-zabudowan","tag-zima"],"yoast_head":"<!-- This site is optimized with the Yoast SEO plugin v27.5 - https:\/\/yoast.com\/product\/yoast-seo-wordpress\/ -->\n<title>Zbarzewo. Poczt\u00f3wka wielotematyczna, oko\u0142o 1905 roku, Bleicherode, C.C. Becke - Ludzie i krajobrazy. Powiat Leszczy\u0144ski w ikonografii<\/title>\n<meta name=\"robots\" content=\"index, follow, max-snippet:-1, max-image-preview:large, max-video-preview:-1\" \/>\n<link rel=\"canonical\" href=\"http:\/\/ludzieikrajobrazy.muzeumleszno.pl\/?p=933\" \/>\n<meta property=\"og:locale\" content=\"pl_PL\" \/>\n<meta property=\"og:type\" content=\"article\" \/>\n<meta property=\"og:title\" content=\"Zbarzewo. Poczt\u00f3wka wielotematyczna, oko\u0142o 1905 roku, Bleicherode, C.C. Becke - Ludzie i krajobrazy. Powiat Leszczy\u0144ski w ikonografii\" \/>\n<meta property=\"og:description\" content=\"Poczt\u00f3wka adresowana do panny Klary Hube z F\u00fcrth w Bawarii. Wys\u0142ana przez Ann\u0119 Fluche.&nbsp; By\u0142am w domu na Bo\u017ce Narodzenie. Mam nadziej\u0119, \u017ce z Twoim zdrowiem wszystko dobrze....\" \/>\n<meta property=\"og:url\" content=\"http:\/\/ludzieikrajobrazy.muzeumleszno.pl\/?p=933\" \/>\n<meta property=\"og:site_name\" content=\"Ludzie i krajobrazy. Powiat Leszczy\u0144ski w ikonografii\" \/>\n<meta property=\"article:published_time\" content=\"2024-06-17T10:00:13+00:00\" \/>\n<meta property=\"article:modified_time\" content=\"2024-10-02T13:12:06+00:00\" \/>\n<meta property=\"og:image\" content=\"http:\/\/ludzieikrajobrazy.muzeumleszno.pl\/wp-content\/uploads\/2024\/08\/206_MLH-4538-scaled.jpg\" \/>\n\t<meta property=\"og:image:width\" content=\"2560\" \/>\n\t<meta property=\"og:image:height\" content=\"1674\" \/>\n\t<meta property=\"og:image:type\" content=\"image\/jpeg\" \/>\n<meta name=\"author\" content=\"Pan_Admin\" \/>\n<meta name=\"twitter:card\" content=\"summary_large_image\" \/>\n<meta name=\"twitter:label1\" content=\"Napisane przez\" \/>\n\t<meta name=\"twitter:data1\" content=\"Pan_Admin\" \/>\n\t<meta name=\"twitter:label2\" content=\"Szacowany czas czytania\" \/>\n\t<meta name=\"twitter:data2\" content=\"2 minuty\" \/>\n<script type=\"application\/ld+json\" class=\"yoast-schema-graph\">{\"@context\":\"https:\\\/\\\/schema.org\",\"@graph\":[{\"@type\":\"Article\",\"@id\":\"http:\\\/\\\/ludzieikrajobrazy.muzeumleszno.pl\\\/?p=933#article\",\"isPartOf\":{\"@id\":\"http:\\\/\\\/ludzieikrajobrazy.muzeumleszno.pl\\\/?p=933\"},\"author\":{\"name\":\"Pan_Admin\",\"@id\":\"https:\\\/\\\/ludzieikrajobrazy.muzeumleszno.pl\\\/#\\\/schema\\\/person\\\/fc2bc20e2b51efc3202ac1f0cdcd06c0\"},\"headline\":\"Zbarzewo. Poczt\u00f3wka wielotematyczna, oko\u0142o 1905 roku, Bleicherode, C.C. Becke\",\"datePublished\":\"2024-06-17T10:00:13+00:00\",\"dateModified\":\"2024-10-02T13:12:06+00:00\",\"mainEntityOfPage\":{\"@id\":\"http:\\\/\\\/ludzieikrajobrazy.muzeumleszno.pl\\\/?p=933\"},\"wordCount\":315,\"image\":{\"@id\":\"http:\\\/\\\/ludzieikrajobrazy.muzeumleszno.pl\\\/?p=933#primaryimage\"},\"thumbnailUrl\":\"http:\\\/\\\/ludzieikrajobrazy.muzeumleszno.pl\\\/wp-content\\\/uploads\\\/2024\\\/08\\\/206_MLH-4538-scaled.jpg\",\"keywords\":[\"1905\",\"agencja pocztowa\",\"Aleksander H\u00f6rich\",\"Altwasser\u2019s Gasthof\",\"Anna Fluche\",\"architektura\",\"Bleicherode\",\"budownictwo murowane\",\"budynek sakralny\",\"C.C. Becke\",\"dokumentacja\",\"drzewa\",\"eklektyzm\",\"elewacja\",\"god\u0142o Prus\",\"Kierscy\",\"Klara Hube\",\"ko\u015bci\u00f3\u0142 pod wezwaniem Naj\u015bwi\u0119tszej Marii Panny\",\"Kotwicze\",\"krajobraz\",\"malowany szyld\",\"Matka Boska\",\"Matki Boskiej\",\"Miel\u0119ccy\",\"mur\",\"murek\",\"Nie\u017cychowscy\",\"ober\u017ca\",\"Ober\u017ca Altwassera\",\"pa\u0142ac\",\"plebania\",\"p\u0142ot\",\"poczt\u00f3wka\",\"poczt\u00f3wka wielotematyczna\",\"polski r\u00f3d strzelecki\",\"p\u00f3\u017any gotyk\",\"protestanci\",\"protestantyzm\",\"reformacja\",\"r\u00f3d strzelecki\",\"Rotenburgowie-Zbarzewscy\",\"Skarb Pa\u0144stwa\",\"\u015bnieg\",\"\u015bwi\u0105tynia\",\"szata zimowa\",\"wiejska sala zabaw\",\"Zbarzewo\",\"Zbarzewscy\",\"zesp\u00f3\u0142 zabudowa\u0144\",\"zima\"],\"articleSection\":[\"Zbarzewo\"],\"inLanguage\":\"pl-PL\"},{\"@type\":\"WebPage\",\"@id\":\"http:\\\/\\\/ludzieikrajobrazy.muzeumleszno.pl\\\/?p=933\",\"url\":\"http:\\\/\\\/ludzieikrajobrazy.muzeumleszno.pl\\\/?p=933\",\"name\":\"Zbarzewo. Poczt\u00f3wka wielotematyczna, oko\u0142o 1905 roku, Bleicherode, C.C. Becke - Ludzie i krajobrazy. Powiat Leszczy\u0144ski w ikonografii\",\"isPartOf\":{\"@id\":\"https:\\\/\\\/ludzieikrajobrazy.muzeumleszno.pl\\\/#website\"},\"primaryImageOfPage\":{\"@id\":\"http:\\\/\\\/ludzieikrajobrazy.muzeumleszno.pl\\\/?p=933#primaryimage\"},\"image\":{\"@id\":\"http:\\\/\\\/ludzieikrajobrazy.muzeumleszno.pl\\\/?p=933#primaryimage\"},\"thumbnailUrl\":\"http:\\\/\\\/ludzieikrajobrazy.muzeumleszno.pl\\\/wp-content\\\/uploads\\\/2024\\\/08\\\/206_MLH-4538-scaled.jpg\",\"datePublished\":\"2024-06-17T10:00:13+00:00\",\"dateModified\":\"2024-10-02T13:12:06+00:00\",\"author\":{\"@id\":\"https:\\\/\\\/ludzieikrajobrazy.muzeumleszno.pl\\\/#\\\/schema\\\/person\\\/fc2bc20e2b51efc3202ac1f0cdcd06c0\"},\"breadcrumb\":{\"@id\":\"http:\\\/\\\/ludzieikrajobrazy.muzeumleszno.pl\\\/?p=933#breadcrumb\"},\"inLanguage\":\"pl-PL\",\"potentialAction\":[{\"@type\":\"ReadAction\",\"target\":[\"http:\\\/\\\/ludzieikrajobrazy.muzeumleszno.pl\\\/?p=933\"]}]},{\"@type\":\"BreadcrumbList\",\"@id\":\"http:\\\/\\\/ludzieikrajobrazy.muzeumleszno.pl\\\/?p=933#breadcrumb\",\"itemListElement\":[{\"@type\":\"ListItem\",\"position\":1,\"name\":\"Home\",\"item\":\"https:\\\/\\\/ludzieikrajobrazy.muzeumleszno.pl\\\/\"},{\"@type\":\"ListItem\",\"position\":2,\"name\":\"Zbarzewo. Poczt\u00f3wka wielotematyczna, oko\u0142o 1905 roku, Bleicherode, C.C. Becke\"}]},{\"@type\":\"WebSite\",\"@id\":\"https:\\\/\\\/ludzieikrajobrazy.muzeumleszno.pl\\\/#website\",\"url\":\"https:\\\/\\\/ludzieikrajobrazy.muzeumleszno.pl\\\/\",\"name\":\"Ludzie i krajobrazy. Powiat Leszczy\u0144ski w ikonografii\",\"description\":\"Powiat Leszczy\u0144ski w ikonografii\",\"potentialAction\":[{\"@type\":\"SearchAction\",\"target\":{\"@type\":\"EntryPoint\",\"urlTemplate\":\"https:\\\/\\\/ludzieikrajobrazy.muzeumleszno.pl\\\/?s={search_term_string}\"},\"query-input\":{\"@type\":\"PropertyValueSpecification\",\"valueRequired\":true,\"valueName\":\"search_term_string\"}}],\"inLanguage\":\"pl-PL\"},{\"@type\":\"Person\",\"@id\":\"https:\\\/\\\/ludzieikrajobrazy.muzeumleszno.pl\\\/#\\\/schema\\\/person\\\/fc2bc20e2b51efc3202ac1f0cdcd06c0\",\"name\":\"Pan_Admin\",\"image\":{\"@type\":\"ImageObject\",\"inLanguage\":\"pl-PL\",\"@id\":\"https:\\\/\\\/secure.gravatar.com\\\/avatar\\\/d109d485abe889ecc32dbdb971b715ad9d4596bd0e2353626451db3e04099822?s=96&d=mm&r=g\",\"url\":\"https:\\\/\\\/secure.gravatar.com\\\/avatar\\\/d109d485abe889ecc32dbdb971b715ad9d4596bd0e2353626451db3e04099822?s=96&d=mm&r=g\",\"contentUrl\":\"https:\\\/\\\/secure.gravatar.com\\\/avatar\\\/d109d485abe889ecc32dbdb971b715ad9d4596bd0e2353626451db3e04099822?s=96&d=mm&r=g\",\"caption\":\"Pan_Admin\"},\"sameAs\":[\"http:\\\/\\\/ludzieikrajobrazy.muzeumleszno.pl\"],\"url\":\"http:\\\/\\\/ludzieikrajobrazy.muzeumleszno.pl\\\/?author=1\"}]}<\/script>\n<!-- \/ Yoast SEO plugin. -->","yoast_head_json":{"title":"Zbarzewo. Poczt\u00f3wka wielotematyczna, oko\u0142o 1905 roku, Bleicherode, C.C. Becke - Ludzie i krajobrazy. Powiat Leszczy\u0144ski w ikonografii","robots":{"index":"index","follow":"follow","max-snippet":"max-snippet:-1","max-image-preview":"max-image-preview:large","max-video-preview":"max-video-preview:-1"},"canonical":"http:\/\/ludzieikrajobrazy.muzeumleszno.pl\/?p=933","og_locale":"pl_PL","og_type":"article","og_title":"Zbarzewo. Poczt\u00f3wka wielotematyczna, oko\u0142o 1905 roku, Bleicherode, C.C. Becke - Ludzie i krajobrazy. Powiat Leszczy\u0144ski w ikonografii","og_description":"Poczt\u00f3wka adresowana do panny Klary Hube z F\u00fcrth w Bawarii. Wys\u0142ana przez Ann\u0119 Fluche.&nbsp; By\u0142am w domu na Bo\u017ce Narodzenie. Mam nadziej\u0119, \u017ce z Twoim zdrowiem wszystko dobrze....","og_url":"http:\/\/ludzieikrajobrazy.muzeumleszno.pl\/?p=933","og_site_name":"Ludzie i krajobrazy. Powiat Leszczy\u0144ski w ikonografii","article_published_time":"2024-06-17T10:00:13+00:00","article_modified_time":"2024-10-02T13:12:06+00:00","og_image":[{"width":2560,"height":1674,"url":"http:\/\/ludzieikrajobrazy.muzeumleszno.pl\/wp-content\/uploads\/2024\/08\/206_MLH-4538-scaled.jpg","type":"image\/jpeg"}],"author":"Pan_Admin","twitter_card":"summary_large_image","twitter_misc":{"Napisane przez":"Pan_Admin","Szacowany czas czytania":"2 minuty"},"schema":{"@context":"https:\/\/schema.org","@graph":[{"@type":"Article","@id":"http:\/\/ludzieikrajobrazy.muzeumleszno.pl\/?p=933#article","isPartOf":{"@id":"http:\/\/ludzieikrajobrazy.muzeumleszno.pl\/?p=933"},"author":{"name":"Pan_Admin","@id":"https:\/\/ludzieikrajobrazy.muzeumleszno.pl\/#\/schema\/person\/fc2bc20e2b51efc3202ac1f0cdcd06c0"},"headline":"Zbarzewo. Poczt\u00f3wka wielotematyczna, oko\u0142o 1905 roku, Bleicherode, C.C. Becke","datePublished":"2024-06-17T10:00:13+00:00","dateModified":"2024-10-02T13:12:06+00:00","mainEntityOfPage":{"@id":"http:\/\/ludzieikrajobrazy.muzeumleszno.pl\/?p=933"},"wordCount":315,"image":{"@id":"http:\/\/ludzieikrajobrazy.muzeumleszno.pl\/?p=933#primaryimage"},"thumbnailUrl":"http:\/\/ludzieikrajobrazy.muzeumleszno.pl\/wp-content\/uploads\/2024\/08\/206_MLH-4538-scaled.jpg","keywords":["1905","agencja pocztowa","Aleksander H\u00f6rich","Altwasser\u2019s Gasthof","Anna Fluche","architektura","Bleicherode","budownictwo murowane","budynek sakralny","C.C. Becke","dokumentacja","drzewa","eklektyzm","elewacja","god\u0142o Prus","Kierscy","Klara Hube","ko\u015bci\u00f3\u0142 pod wezwaniem Naj\u015bwi\u0119tszej Marii Panny","Kotwicze","krajobraz","malowany szyld","Matka Boska","Matki Boskiej","Miel\u0119ccy","mur","murek","Nie\u017cychowscy","ober\u017ca","Ober\u017ca Altwassera","pa\u0142ac","plebania","p\u0142ot","poczt\u00f3wka","poczt\u00f3wka wielotematyczna","polski r\u00f3d strzelecki","p\u00f3\u017any gotyk","protestanci","protestantyzm","reformacja","r\u00f3d strzelecki","Rotenburgowie-Zbarzewscy","Skarb Pa\u0144stwa","\u015bnieg","\u015bwi\u0105tynia","szata zimowa","wiejska sala zabaw","Zbarzewo","Zbarzewscy","zesp\u00f3\u0142 zabudowa\u0144","zima"],"articleSection":["Zbarzewo"],"inLanguage":"pl-PL"},{"@type":"WebPage","@id":"http:\/\/ludzieikrajobrazy.muzeumleszno.pl\/?p=933","url":"http:\/\/ludzieikrajobrazy.muzeumleszno.pl\/?p=933","name":"Zbarzewo. Poczt\u00f3wka wielotematyczna, oko\u0142o 1905 roku, Bleicherode, C.C. Becke - Ludzie i krajobrazy. Powiat Leszczy\u0144ski w ikonografii","isPartOf":{"@id":"https:\/\/ludzieikrajobrazy.muzeumleszno.pl\/#website"},"primaryImageOfPage":{"@id":"http:\/\/ludzieikrajobrazy.muzeumleszno.pl\/?p=933#primaryimage"},"image":{"@id":"http:\/\/ludzieikrajobrazy.muzeumleszno.pl\/?p=933#primaryimage"},"thumbnailUrl":"http:\/\/ludzieikrajobrazy.muzeumleszno.pl\/wp-content\/uploads\/2024\/08\/206_MLH-4538-scaled.jpg","datePublished":"2024-06-17T10:00:13+00:00","dateModified":"2024-10-02T13:12:06+00:00","author":{"@id":"https:\/\/ludzieikrajobrazy.muzeumleszno.pl\/#\/schema\/person\/fc2bc20e2b51efc3202ac1f0cdcd06c0"},"breadcrumb":{"@id":"http:\/\/ludzieikrajobrazy.muzeumleszno.pl\/?p=933#breadcrumb"},"inLanguage":"pl-PL","potentialAction":[{"@type":"ReadAction","target":["http:\/\/ludzieikrajobrazy.muzeumleszno.pl\/?p=933"]}]},{"@type":"BreadcrumbList","@id":"http:\/\/ludzieikrajobrazy.muzeumleszno.pl\/?p=933#breadcrumb","itemListElement":[{"@type":"ListItem","position":1,"name":"Home","item":"https:\/\/ludzieikrajobrazy.muzeumleszno.pl\/"},{"@type":"ListItem","position":2,"name":"Zbarzewo. Poczt\u00f3wka wielotematyczna, oko\u0142o 1905 roku, Bleicherode, C.C. Becke"}]},{"@type":"WebSite","@id":"https:\/\/ludzieikrajobrazy.muzeumleszno.pl\/#website","url":"https:\/\/ludzieikrajobrazy.muzeumleszno.pl\/","name":"Ludzie i krajobrazy. Powiat Leszczy\u0144ski w ikonografii","description":"Powiat Leszczy\u0144ski w ikonografii","potentialAction":[{"@type":"SearchAction","target":{"@type":"EntryPoint","urlTemplate":"https:\/\/ludzieikrajobrazy.muzeumleszno.pl\/?s={search_term_string}"},"query-input":{"@type":"PropertyValueSpecification","valueRequired":true,"valueName":"search_term_string"}}],"inLanguage":"pl-PL"},{"@type":"Person","@id":"https:\/\/ludzieikrajobrazy.muzeumleszno.pl\/#\/schema\/person\/fc2bc20e2b51efc3202ac1f0cdcd06c0","name":"Pan_Admin","image":{"@type":"ImageObject","inLanguage":"pl-PL","@id":"https:\/\/secure.gravatar.com\/avatar\/d109d485abe889ecc32dbdb971b715ad9d4596bd0e2353626451db3e04099822?s=96&d=mm&r=g","url":"https:\/\/secure.gravatar.com\/avatar\/d109d485abe889ecc32dbdb971b715ad9d4596bd0e2353626451db3e04099822?s=96&d=mm&r=g","contentUrl":"https:\/\/secure.gravatar.com\/avatar\/d109d485abe889ecc32dbdb971b715ad9d4596bd0e2353626451db3e04099822?s=96&d=mm&r=g","caption":"Pan_Admin"},"sameAs":["http:\/\/ludzieikrajobrazy.muzeumleszno.pl"],"url":"http:\/\/ludzieikrajobrazy.muzeumleszno.pl\/?author=1"}]}},"_links":{"self":[{"href":"http:\/\/ludzieikrajobrazy.muzeumleszno.pl\/index.php?rest_route=\/wp\/v2\/posts\/933","targetHints":{"allow":["GET"]}}],"collection":[{"href":"http:\/\/ludzieikrajobrazy.muzeumleszno.pl\/index.php?rest_route=\/wp\/v2\/posts"}],"about":[{"href":"http:\/\/ludzieikrajobrazy.muzeumleszno.pl\/index.php?rest_route=\/wp\/v2\/types\/post"}],"author":[{"embeddable":true,"href":"http:\/\/ludzieikrajobrazy.muzeumleszno.pl\/index.php?rest_route=\/wp\/v2\/users\/1"}],"replies":[{"embeddable":true,"href":"http:\/\/ludzieikrajobrazy.muzeumleszno.pl\/index.php?rest_route=%2Fwp%2Fv2%2Fcomments&post=933"}],"version-history":[{"count":2,"href":"http:\/\/ludzieikrajobrazy.muzeumleszno.pl\/index.php?rest_route=\/wp\/v2\/posts\/933\/revisions"}],"predecessor-version":[{"id":1412,"href":"http:\/\/ludzieikrajobrazy.muzeumleszno.pl\/index.php?rest_route=\/wp\/v2\/posts\/933\/revisions\/1412"}],"wp:featuredmedia":[{"embeddable":true,"href":"http:\/\/ludzieikrajobrazy.muzeumleszno.pl\/index.php?rest_route=\/wp\/v2\/media\/934"}],"wp:attachment":[{"href":"http:\/\/ludzieikrajobrazy.muzeumleszno.pl\/index.php?rest_route=%2Fwp%2Fv2%2Fmedia&parent=933"}],"wp:term":[{"taxonomy":"category","embeddable":true,"href":"http:\/\/ludzieikrajobrazy.muzeumleszno.pl\/index.php?rest_route=%2Fwp%2Fv2%2Fcategories&post=933"},{"taxonomy":"post_tag","embeddable":true,"href":"http:\/\/ludzieikrajobrazy.muzeumleszno.pl\/index.php?rest_route=%2Fwp%2Fv2%2Ftags&post=933"}],"curies":[{"name":"wp","href":"https:\/\/api.w.org\/{rel}","templated":true}]}}