{"id":936,"date":"2024-06-17T11:59:37","date_gmt":"2024-06-17T09:59:37","guid":{"rendered":"http:\/\/ludzieikrajobrazy.muzeumleszno.pl\/?p=936"},"modified":"2024-10-02T15:13:51","modified_gmt":"2024-10-02T13:13:51","slug":"zbarzewo-wizytacja-ks-biskupa-walentego-dymka-1932-rok-leszno-foto-studjo","status":"publish","type":"post","link":"http:\/\/ludzieikrajobrazy.muzeumleszno.pl\/?p=936","title":{"rendered":"Zbarzewo. Wizytacja ks. biskupa Walentego Dymka, 1932 rok, Leszno, Foto \u201eStudjo\u201d"},"content":{"rendered":"\n<p>W 1932 roku ks. biskup sufragan pozna\u0144ski Walenty Dymek (1888\u20131956) odby\u0142 wizytacje w trzech dekanatach archidiecezji pozna\u0144skiej. W maju odwiedzi\u0142 dekanat gosty\u0144ski, w czerwcu dekanat go\u015bli\u0144ski, a w sierpniu i we wrze\u015bniu dekanat leszczy\u0144ski. Parafia w Zbarzewie podejmowa\u0142a go w dniach 7 i 8 wrze\u015bnia. Uroczyste powitanie dostojnego go\u015bcia mia\u0142o miejsce przed plebani\u0105, a w wydarzeniu uczestniczy\u0142 m.in. ks. dziekan Pawe\u0142 Steinmetz z Osiecznej (1876\u20131940) \u2013 stoi z lewej strony i proboszcz miejscowej parafii ks. Roman Stepczy\u0144ski (1893\u20131940). O charakterze wizyty \u015bwiadczy napis umieszczony pod fotografi\u0105: <em>7.IX.32. Wizytacja J.E. Ks. Biskupa Dymka w Zbarzewie<\/em>.<\/p>\n\n\n\n<p>Ks. biskup Dymek, przysz\u0142y arcybiskup i metropolita pozna\u0144ski, wielokrotnie, jako biskup pomocniczy, zast\u0119powa\u0142&nbsp; biskupa diecezjalnego w wype\u0142nianiu tak wa\u017cnego dla Ko\u015bcio\u0142a obowi\u0105zku. Pozwala\u0142o mu to na bliski kontakt z wiernymi i nawi\u0105zywanie serdecznych relacji z proboszczami i administratorami poszczeg\u00f3lnych parafii. Po wyje\u017adzie ze Zbarzewa biskup na kilka dni zatrzyma\u0142 si\u0119 jeszcze w Lesznie.&nbsp;<\/p>\n\n\n\n<figure data-wp-context=\"{&quot;imageId&quot;:&quot;69f1cb8387646&quot;}\" data-wp-interactive=\"core\/image\" data-wp-key=\"69f1cb8387646\" class=\"wp-block-image size-full wp-lightbox-container\"><img fetchpriority=\"high\" decoding=\"async\" width=\"2560\" height=\"1660\" data-wp-class--hide=\"state.isContentHidden\" data-wp-class--show=\"state.isContentVisible\" data-wp-init=\"callbacks.setButtonStyles\" data-wp-on--click=\"actions.showLightbox\" data-wp-on--load=\"callbacks.setButtonStyles\" data-wp-on-window--resize=\"callbacks.setButtonStyles\" src=\"http:\/\/ludzieikrajobrazy.muzeumleszno.pl\/wp-content\/uploads\/2024\/08\/207_MLFa-2177-scaled.jpg\" alt=\"Wizyta biskupa Walentego Dymka w Zbarzewie\" class=\"wp-image-937\" srcset=\"http:\/\/ludzieikrajobrazy.muzeumleszno.pl\/wp-content\/uploads\/2024\/08\/207_MLFa-2177-scaled.jpg 2560w, http:\/\/ludzieikrajobrazy.muzeumleszno.pl\/wp-content\/uploads\/2024\/08\/207_MLFa-2177-1536x996.jpg 1536w, http:\/\/ludzieikrajobrazy.muzeumleszno.pl\/wp-content\/uploads\/2024\/08\/207_MLFa-2177-2048x1328.jpg 2048w, http:\/\/ludzieikrajobrazy.muzeumleszno.pl\/wp-content\/uploads\/2024\/08\/207_MLFa-2177-200x130.jpg 200w, http:\/\/ludzieikrajobrazy.muzeumleszno.pl\/wp-content\/uploads\/2024\/08\/207_MLFa-2177-973x631.jpg 973w, http:\/\/ludzieikrajobrazy.muzeumleszno.pl\/wp-content\/uploads\/2024\/08\/207_MLFa-2177-508x329.jpg 508w\" sizes=\"(max-width: 2560px) 100vw, 2560px\" \/><button\n\t\t\tclass=\"lightbox-trigger\"\n\t\t\ttype=\"button\"\n\t\t\taria-haspopup=\"dialog\"\n\t\t\taria-label=\"Powi\u0119ksz\"\n\t\t\tdata-wp-init=\"callbacks.initTriggerButton\"\n\t\t\tdata-wp-on--click=\"actions.showLightbox\"\n\t\t\tdata-wp-style--right=\"state.imageButtonRight\"\n\t\t\tdata-wp-style--top=\"state.imageButtonTop\"\n\t\t>\n\t\t\t<svg xmlns=\"http:\/\/www.w3.org\/2000\/svg\" width=\"12\" height=\"12\" fill=\"none\" viewBox=\"0 0 12 12\">\n\t\t\t\t<path fill=\"#fff\" d=\"M2 0a2 2 0 0 0-2 2v2h1.5V2a.5.5 0 0 1 .5-.5h2V0H2Zm2 10.5H2a.5.5 0 0 1-.5-.5V8H0v2a2 2 0 0 0 2 2h2v-1.5ZM8 12v-1.5h2a.5.5 0 0 0 .5-.5V8H12v2a2 2 0 0 1-2 2H8Zm2-12a2 2 0 0 1 2 2v2h-1.5V2a.5.5 0 0 0-.5-.5H8V0h2Z\" \/>\n\t\t\t<\/svg>\n\t\t<\/button><figcaption class=\"wp-element-caption\">Wizyta biskupa Walentego Dymka w Zbarzewie, wys. 8,7 cm x szer. 13,8 cm; odbitka srebrowo-\u017celatynowa, papier fotograficzny, 1932 rok; Muzeum Okr\u0119gowe w Lesznie; MLFa2177<\/figcaption><\/figure>\n\n\n\n<p class=\"has-small-font-size\">nr inw. MLFa 2177<br>W zbiorach Muzeum Okr\u0119gowego w Lesznie od 2010 roku, zakup<\/p>\n\n\n\n<p>D.Cz.<\/p>\n\n\n\n<figure class=\"wp-block-embed is-type-video is-provider-youtube wp-block-embed-youtube wp-embed-aspect-16-9 wp-has-aspect-ratio\"><div class=\"wp-block-embed__wrapper\">\n<iframe title=\"Zbarzewo  Wizytacja ks  biskupa Walentego Dymka, 1932 rok, Leszno, Foto \u201eStudjo\u201d\" width=\"620\" height=\"349\" src=\"https:\/\/www.youtube.com\/embed\/cjoNHF_PsSo?feature=oembed\" frameborder=\"0\" allow=\"accelerometer; autoplay; clipboard-write; encrypted-media; gyroscope; picture-in-picture; web-share\" referrerpolicy=\"strict-origin-when-cross-origin\" allowfullscreen><\/iframe>\n<\/div><\/figure>\n","protected":false},"excerpt":{"rendered":"<p>W 1932 roku ks. biskup sufragan pozna\u0144ski Walenty Dymek (1888\u20131956) odby\u0142 wizytacje w trzech dekanatach archidiecezji pozna\u0144skiej. W maju odwiedzi\u0142 dekanat gosty\u0144ski, w czerwcu dekanat go\u015bli\u0144ski, a w&#8230;<\/p>\n","protected":false},"author":1,"featured_media":937,"comment_status":"closed","ping_status":"closed","sticky":false,"template":"","format":"standard","meta":{"cybocfi_hide_featured_image":"yes","footnotes":""},"categories":[737],"tags":[762,1351,1355,165,1187,1353,1352,1354,1350,417,1189,1289,690,893,357,1356,796,811,200,1251,141,1069,1348,1203,1349,1319],"class_list":["post-936","post","type-post","status-publish","format-standard","has-post-thumbnail","hentry","category-zbarzewo","tag-762","tag-archidiecezja-poznanska","tag-biskup","tag-budownictwo-murowane","tag-cegla","tag-dekanat-goslinski","tag-dekanat-gostynski","tag-dekanat-leszczynski","tag-foto-studjo","tag-fotografia","tag-grupa-osob","tag-kobieta","tag-kosciol-katolicki","tag-ksiadz","tag-leszno","tag-metropolita","tag-mezczyzni","tag-parafia","tag-pawel-steinmetz","tag-powaga","tag-roman-stepczynski","tag-uroczystosc-2","tag-walenty-dymek","tag-wizyta","tag-wizytacja","tag-zbarzewo"],"yoast_head":"<!-- This site is optimized with the Yoast SEO plugin v27.5 - https:\/\/yoast.com\/product\/yoast-seo-wordpress\/ -->\n<title>Zbarzewo. Wizytacja ks. biskupa Walentego Dymka, 1932 rok, Leszno, Foto \u201eStudjo\u201d - Ludzie i krajobrazy. Powiat Leszczy\u0144ski w ikonografii<\/title>\n<meta name=\"robots\" content=\"index, follow, max-snippet:-1, max-image-preview:large, max-video-preview:-1\" \/>\n<link rel=\"canonical\" href=\"http:\/\/ludzieikrajobrazy.muzeumleszno.pl\/?p=936\" \/>\n<meta property=\"og:locale\" content=\"pl_PL\" \/>\n<meta property=\"og:type\" content=\"article\" \/>\n<meta property=\"og:title\" content=\"Zbarzewo. Wizytacja ks. biskupa Walentego Dymka, 1932 rok, Leszno, Foto \u201eStudjo\u201d - Ludzie i krajobrazy. Powiat Leszczy\u0144ski w ikonografii\" \/>\n<meta property=\"og:description\" content=\"W 1932 roku ks. biskup sufragan pozna\u0144ski Walenty Dymek (1888\u20131956) odby\u0142 wizytacje w trzech dekanatach archidiecezji pozna\u0144skiej. W maju odwiedzi\u0142 dekanat gosty\u0144ski, w czerwcu dekanat go\u015bli\u0144ski, a w...\" \/>\n<meta property=\"og:url\" content=\"http:\/\/ludzieikrajobrazy.muzeumleszno.pl\/?p=936\" \/>\n<meta property=\"og:site_name\" content=\"Ludzie i krajobrazy. Powiat Leszczy\u0144ski w ikonografii\" \/>\n<meta property=\"article:published_time\" content=\"2024-06-17T09:59:37+00:00\" \/>\n<meta property=\"article:modified_time\" content=\"2024-10-02T13:13:51+00:00\" \/>\n<meta property=\"og:image\" content=\"http:\/\/ludzieikrajobrazy.muzeumleszno.pl\/wp-content\/uploads\/2024\/08\/207_MLFa-2177-scaled.jpg\" \/>\n\t<meta property=\"og:image:width\" content=\"2560\" \/>\n\t<meta property=\"og:image:height\" content=\"1660\" \/>\n\t<meta property=\"og:image:type\" content=\"image\/jpeg\" \/>\n<meta name=\"author\" content=\"Pan_Admin\" \/>\n<meta name=\"twitter:card\" content=\"summary_large_image\" \/>\n<meta name=\"twitter:label1\" content=\"Napisane przez\" \/>\n\t<meta name=\"twitter:data1\" content=\"Pan_Admin\" \/>\n\t<meta name=\"twitter:label2\" content=\"Szacowany czas czytania\" \/>\n\t<meta name=\"twitter:data2\" content=\"2 minuty\" \/>\n<script type=\"application\/ld+json\" class=\"yoast-schema-graph\">{\"@context\":\"https:\\\/\\\/schema.org\",\"@graph\":[{\"@type\":\"Article\",\"@id\":\"http:\\\/\\\/ludzieikrajobrazy.muzeumleszno.pl\\\/?p=936#article\",\"isPartOf\":{\"@id\":\"http:\\\/\\\/ludzieikrajobrazy.muzeumleszno.pl\\\/?p=936\"},\"author\":{\"name\":\"Pan_Admin\",\"@id\":\"https:\\\/\\\/ludzieikrajobrazy.muzeumleszno.pl\\\/#\\\/schema\\\/person\\\/fc2bc20e2b51efc3202ac1f0cdcd06c0\"},\"headline\":\"Zbarzewo. Wizytacja ks. biskupa Walentego Dymka, 1932 rok, Leszno, Foto \u201eStudjo\u201d\",\"datePublished\":\"2024-06-17T09:59:37+00:00\",\"dateModified\":\"2024-10-02T13:13:51+00:00\",\"mainEntityOfPage\":{\"@id\":\"http:\\\/\\\/ludzieikrajobrazy.muzeumleszno.pl\\\/?p=936\"},\"wordCount\":221,\"image\":{\"@id\":\"http:\\\/\\\/ludzieikrajobrazy.muzeumleszno.pl\\\/?p=936#primaryimage\"},\"thumbnailUrl\":\"http:\\\/\\\/ludzieikrajobrazy.muzeumleszno.pl\\\/wp-content\\\/uploads\\\/2024\\\/08\\\/207_MLFa-2177-scaled.jpg\",\"keywords\":[\"1932\",\"archidiecezja pozna\u0144ska\",\"biskup\",\"budownictwo murowane\",\"ceg\u0142a\",\"dekanat go\u015bli\u0144ski\",\"dekanat gosty\u0144ski\",\"dekanat leszczy\u0144ski\",\"Foto \u201eStudjo\u201d\",\"fotografia\",\"grupa os\u00f3b\",\"kobieta\",\"Ko\u015bci\u00f3\u0142 Katolicki\",\"ksi\u0105dz\",\"Leszno\",\"metropolita\",\"m\u0119\u017cczy\u017ani\",\"parafia\",\"Pawe\u0142 Steinmetz\",\"powaga\",\"Roman Stepczy\u0144ski\",\"uroczysto\u015bc\",\"Walenty Dymek\",\"wizyta\",\"wizytacja\",\"Zbarzewo\"],\"articleSection\":[\"Zbarzewo\"],\"inLanguage\":\"pl-PL\"},{\"@type\":\"WebPage\",\"@id\":\"http:\\\/\\\/ludzieikrajobrazy.muzeumleszno.pl\\\/?p=936\",\"url\":\"http:\\\/\\\/ludzieikrajobrazy.muzeumleszno.pl\\\/?p=936\",\"name\":\"Zbarzewo. Wizytacja ks. biskupa Walentego Dymka, 1932 rok, Leszno, Foto \u201eStudjo\u201d - Ludzie i krajobrazy. Powiat Leszczy\u0144ski w ikonografii\",\"isPartOf\":{\"@id\":\"https:\\\/\\\/ludzieikrajobrazy.muzeumleszno.pl\\\/#website\"},\"primaryImageOfPage\":{\"@id\":\"http:\\\/\\\/ludzieikrajobrazy.muzeumleszno.pl\\\/?p=936#primaryimage\"},\"image\":{\"@id\":\"http:\\\/\\\/ludzieikrajobrazy.muzeumleszno.pl\\\/?p=936#primaryimage\"},\"thumbnailUrl\":\"http:\\\/\\\/ludzieikrajobrazy.muzeumleszno.pl\\\/wp-content\\\/uploads\\\/2024\\\/08\\\/207_MLFa-2177-scaled.jpg\",\"datePublished\":\"2024-06-17T09:59:37+00:00\",\"dateModified\":\"2024-10-02T13:13:51+00:00\",\"author\":{\"@id\":\"https:\\\/\\\/ludzieikrajobrazy.muzeumleszno.pl\\\/#\\\/schema\\\/person\\\/fc2bc20e2b51efc3202ac1f0cdcd06c0\"},\"breadcrumb\":{\"@id\":\"http:\\\/\\\/ludzieikrajobrazy.muzeumleszno.pl\\\/?p=936#breadcrumb\"},\"inLanguage\":\"pl-PL\",\"potentialAction\":[{\"@type\":\"ReadAction\",\"target\":[\"http:\\\/\\\/ludzieikrajobrazy.muzeumleszno.pl\\\/?p=936\"]}]},{\"@type\":\"BreadcrumbList\",\"@id\":\"http:\\\/\\\/ludzieikrajobrazy.muzeumleszno.pl\\\/?p=936#breadcrumb\",\"itemListElement\":[{\"@type\":\"ListItem\",\"position\":1,\"name\":\"Home\",\"item\":\"https:\\\/\\\/ludzieikrajobrazy.muzeumleszno.pl\\\/\"},{\"@type\":\"ListItem\",\"position\":2,\"name\":\"Zbarzewo. Wizytacja ks. biskupa Walentego Dymka, 1932 rok, Leszno, Foto \u201eStudjo\u201d\"}]},{\"@type\":\"WebSite\",\"@id\":\"https:\\\/\\\/ludzieikrajobrazy.muzeumleszno.pl\\\/#website\",\"url\":\"https:\\\/\\\/ludzieikrajobrazy.muzeumleszno.pl\\\/\",\"name\":\"Ludzie i krajobrazy. Powiat Leszczy\u0144ski w ikonografii\",\"description\":\"Powiat Leszczy\u0144ski w ikonografii\",\"potentialAction\":[{\"@type\":\"SearchAction\",\"target\":{\"@type\":\"EntryPoint\",\"urlTemplate\":\"https:\\\/\\\/ludzieikrajobrazy.muzeumleszno.pl\\\/?s={search_term_string}\"},\"query-input\":{\"@type\":\"PropertyValueSpecification\",\"valueRequired\":true,\"valueName\":\"search_term_string\"}}],\"inLanguage\":\"pl-PL\"},{\"@type\":\"Person\",\"@id\":\"https:\\\/\\\/ludzieikrajobrazy.muzeumleszno.pl\\\/#\\\/schema\\\/person\\\/fc2bc20e2b51efc3202ac1f0cdcd06c0\",\"name\":\"Pan_Admin\",\"image\":{\"@type\":\"ImageObject\",\"inLanguage\":\"pl-PL\",\"@id\":\"https:\\\/\\\/secure.gravatar.com\\\/avatar\\\/d109d485abe889ecc32dbdb971b715ad9d4596bd0e2353626451db3e04099822?s=96&d=mm&r=g\",\"url\":\"https:\\\/\\\/secure.gravatar.com\\\/avatar\\\/d109d485abe889ecc32dbdb971b715ad9d4596bd0e2353626451db3e04099822?s=96&d=mm&r=g\",\"contentUrl\":\"https:\\\/\\\/secure.gravatar.com\\\/avatar\\\/d109d485abe889ecc32dbdb971b715ad9d4596bd0e2353626451db3e04099822?s=96&d=mm&r=g\",\"caption\":\"Pan_Admin\"},\"sameAs\":[\"http:\\\/\\\/ludzieikrajobrazy.muzeumleszno.pl\"],\"url\":\"http:\\\/\\\/ludzieikrajobrazy.muzeumleszno.pl\\\/?author=1\"}]}<\/script>\n<!-- \/ Yoast SEO plugin. -->","yoast_head_json":{"title":"Zbarzewo. Wizytacja ks. biskupa Walentego Dymka, 1932 rok, Leszno, Foto \u201eStudjo\u201d - Ludzie i krajobrazy. Powiat Leszczy\u0144ski w ikonografii","robots":{"index":"index","follow":"follow","max-snippet":"max-snippet:-1","max-image-preview":"max-image-preview:large","max-video-preview":"max-video-preview:-1"},"canonical":"http:\/\/ludzieikrajobrazy.muzeumleszno.pl\/?p=936","og_locale":"pl_PL","og_type":"article","og_title":"Zbarzewo. Wizytacja ks. biskupa Walentego Dymka, 1932 rok, Leszno, Foto \u201eStudjo\u201d - Ludzie i krajobrazy. Powiat Leszczy\u0144ski w ikonografii","og_description":"W 1932 roku ks. biskup sufragan pozna\u0144ski Walenty Dymek (1888\u20131956) odby\u0142 wizytacje w trzech dekanatach archidiecezji pozna\u0144skiej. W maju odwiedzi\u0142 dekanat gosty\u0144ski, w czerwcu dekanat go\u015bli\u0144ski, a w...","og_url":"http:\/\/ludzieikrajobrazy.muzeumleszno.pl\/?p=936","og_site_name":"Ludzie i krajobrazy. Powiat Leszczy\u0144ski w ikonografii","article_published_time":"2024-06-17T09:59:37+00:00","article_modified_time":"2024-10-02T13:13:51+00:00","og_image":[{"width":2560,"height":1660,"url":"http:\/\/ludzieikrajobrazy.muzeumleszno.pl\/wp-content\/uploads\/2024\/08\/207_MLFa-2177-scaled.jpg","type":"image\/jpeg"}],"author":"Pan_Admin","twitter_card":"summary_large_image","twitter_misc":{"Napisane przez":"Pan_Admin","Szacowany czas czytania":"2 minuty"},"schema":{"@context":"https:\/\/schema.org","@graph":[{"@type":"Article","@id":"http:\/\/ludzieikrajobrazy.muzeumleszno.pl\/?p=936#article","isPartOf":{"@id":"http:\/\/ludzieikrajobrazy.muzeumleszno.pl\/?p=936"},"author":{"name":"Pan_Admin","@id":"https:\/\/ludzieikrajobrazy.muzeumleszno.pl\/#\/schema\/person\/fc2bc20e2b51efc3202ac1f0cdcd06c0"},"headline":"Zbarzewo. Wizytacja ks. biskupa Walentego Dymka, 1932 rok, Leszno, Foto \u201eStudjo\u201d","datePublished":"2024-06-17T09:59:37+00:00","dateModified":"2024-10-02T13:13:51+00:00","mainEntityOfPage":{"@id":"http:\/\/ludzieikrajobrazy.muzeumleszno.pl\/?p=936"},"wordCount":221,"image":{"@id":"http:\/\/ludzieikrajobrazy.muzeumleszno.pl\/?p=936#primaryimage"},"thumbnailUrl":"http:\/\/ludzieikrajobrazy.muzeumleszno.pl\/wp-content\/uploads\/2024\/08\/207_MLFa-2177-scaled.jpg","keywords":["1932","archidiecezja pozna\u0144ska","biskup","budownictwo murowane","ceg\u0142a","dekanat go\u015bli\u0144ski","dekanat gosty\u0144ski","dekanat leszczy\u0144ski","Foto \u201eStudjo\u201d","fotografia","grupa os\u00f3b","kobieta","Ko\u015bci\u00f3\u0142 Katolicki","ksi\u0105dz","Leszno","metropolita","m\u0119\u017cczy\u017ani","parafia","Pawe\u0142 Steinmetz","powaga","Roman Stepczy\u0144ski","uroczysto\u015bc","Walenty Dymek","wizyta","wizytacja","Zbarzewo"],"articleSection":["Zbarzewo"],"inLanguage":"pl-PL"},{"@type":"WebPage","@id":"http:\/\/ludzieikrajobrazy.muzeumleszno.pl\/?p=936","url":"http:\/\/ludzieikrajobrazy.muzeumleszno.pl\/?p=936","name":"Zbarzewo. Wizytacja ks. biskupa Walentego Dymka, 1932 rok, Leszno, Foto \u201eStudjo\u201d - Ludzie i krajobrazy. Powiat Leszczy\u0144ski w ikonografii","isPartOf":{"@id":"https:\/\/ludzieikrajobrazy.muzeumleszno.pl\/#website"},"primaryImageOfPage":{"@id":"http:\/\/ludzieikrajobrazy.muzeumleszno.pl\/?p=936#primaryimage"},"image":{"@id":"http:\/\/ludzieikrajobrazy.muzeumleszno.pl\/?p=936#primaryimage"},"thumbnailUrl":"http:\/\/ludzieikrajobrazy.muzeumleszno.pl\/wp-content\/uploads\/2024\/08\/207_MLFa-2177-scaled.jpg","datePublished":"2024-06-17T09:59:37+00:00","dateModified":"2024-10-02T13:13:51+00:00","author":{"@id":"https:\/\/ludzieikrajobrazy.muzeumleszno.pl\/#\/schema\/person\/fc2bc20e2b51efc3202ac1f0cdcd06c0"},"breadcrumb":{"@id":"http:\/\/ludzieikrajobrazy.muzeumleszno.pl\/?p=936#breadcrumb"},"inLanguage":"pl-PL","potentialAction":[{"@type":"ReadAction","target":["http:\/\/ludzieikrajobrazy.muzeumleszno.pl\/?p=936"]}]},{"@type":"BreadcrumbList","@id":"http:\/\/ludzieikrajobrazy.muzeumleszno.pl\/?p=936#breadcrumb","itemListElement":[{"@type":"ListItem","position":1,"name":"Home","item":"https:\/\/ludzieikrajobrazy.muzeumleszno.pl\/"},{"@type":"ListItem","position":2,"name":"Zbarzewo. Wizytacja ks. biskupa Walentego Dymka, 1932 rok, Leszno, Foto \u201eStudjo\u201d"}]},{"@type":"WebSite","@id":"https:\/\/ludzieikrajobrazy.muzeumleszno.pl\/#website","url":"https:\/\/ludzieikrajobrazy.muzeumleszno.pl\/","name":"Ludzie i krajobrazy. Powiat Leszczy\u0144ski w ikonografii","description":"Powiat Leszczy\u0144ski w ikonografii","potentialAction":[{"@type":"SearchAction","target":{"@type":"EntryPoint","urlTemplate":"https:\/\/ludzieikrajobrazy.muzeumleszno.pl\/?s={search_term_string}"},"query-input":{"@type":"PropertyValueSpecification","valueRequired":true,"valueName":"search_term_string"}}],"inLanguage":"pl-PL"},{"@type":"Person","@id":"https:\/\/ludzieikrajobrazy.muzeumleszno.pl\/#\/schema\/person\/fc2bc20e2b51efc3202ac1f0cdcd06c0","name":"Pan_Admin","image":{"@type":"ImageObject","inLanguage":"pl-PL","@id":"https:\/\/secure.gravatar.com\/avatar\/d109d485abe889ecc32dbdb971b715ad9d4596bd0e2353626451db3e04099822?s=96&d=mm&r=g","url":"https:\/\/secure.gravatar.com\/avatar\/d109d485abe889ecc32dbdb971b715ad9d4596bd0e2353626451db3e04099822?s=96&d=mm&r=g","contentUrl":"https:\/\/secure.gravatar.com\/avatar\/d109d485abe889ecc32dbdb971b715ad9d4596bd0e2353626451db3e04099822?s=96&d=mm&r=g","caption":"Pan_Admin"},"sameAs":["http:\/\/ludzieikrajobrazy.muzeumleszno.pl"],"url":"http:\/\/ludzieikrajobrazy.muzeumleszno.pl\/?author=1"}]}},"_links":{"self":[{"href":"http:\/\/ludzieikrajobrazy.muzeumleszno.pl\/index.php?rest_route=\/wp\/v2\/posts\/936","targetHints":{"allow":["GET"]}}],"collection":[{"href":"http:\/\/ludzieikrajobrazy.muzeumleszno.pl\/index.php?rest_route=\/wp\/v2\/posts"}],"about":[{"href":"http:\/\/ludzieikrajobrazy.muzeumleszno.pl\/index.php?rest_route=\/wp\/v2\/types\/post"}],"author":[{"embeddable":true,"href":"http:\/\/ludzieikrajobrazy.muzeumleszno.pl\/index.php?rest_route=\/wp\/v2\/users\/1"}],"replies":[{"embeddable":true,"href":"http:\/\/ludzieikrajobrazy.muzeumleszno.pl\/index.php?rest_route=%2Fwp%2Fv2%2Fcomments&post=936"}],"version-history":[{"count":2,"href":"http:\/\/ludzieikrajobrazy.muzeumleszno.pl\/index.php?rest_route=\/wp\/v2\/posts\/936\/revisions"}],"predecessor-version":[{"id":1413,"href":"http:\/\/ludzieikrajobrazy.muzeumleszno.pl\/index.php?rest_route=\/wp\/v2\/posts\/936\/revisions\/1413"}],"wp:featuredmedia":[{"embeddable":true,"href":"http:\/\/ludzieikrajobrazy.muzeumleszno.pl\/index.php?rest_route=\/wp\/v2\/media\/937"}],"wp:attachment":[{"href":"http:\/\/ludzieikrajobrazy.muzeumleszno.pl\/index.php?rest_route=%2Fwp%2Fv2%2Fmedia&parent=936"}],"wp:term":[{"taxonomy":"category","embeddable":true,"href":"http:\/\/ludzieikrajobrazy.muzeumleszno.pl\/index.php?rest_route=%2Fwp%2Fv2%2Fcategories&post=936"},{"taxonomy":"post_tag","embeddable":true,"href":"http:\/\/ludzieikrajobrazy.muzeumleszno.pl\/index.php?rest_route=%2Fwp%2Fv2%2Ftags&post=936"}],"curies":[{"name":"wp","href":"https:\/\/api.w.org\/{rel}","templated":true}]}}